{"id":1158,"date":"2019-03-23T19:24:38","date_gmt":"2019-03-23T18:24:38","guid":{"rendered":"http:\/\/tiberiades.org\/?p=1158"},"modified":"2019-03-24T19:45:29","modified_gmt":"2019-03-24T18:45:29","slug":"marcelo-gatica","status":"publish","type":"post","link":"https:\/\/tiberiades.org\/?p=1158","title":{"rendered":"Marcelo Gatica"},"content":{"rendered":"<h3 style=\"padding-left: 40px;\"><strong>La luz del desierto<\/strong><\/h3>\n<p style=\"padding-left: 40px;\">Al principio busc\u00f3 el silencio.<br>Inadvertido desapareci\u00f3 durante algunas semanas.<br>Inadvertido lleg\u00f3 en condici\u00f3n de cad\u00e1ver;<br>su cuerpo estaba vaciado<br>como la debilidad de un ni\u00f1o reci\u00e9n nacido.<\/p>\n<p style=\"padding-left: 40px;\">Pero el brillo de sus ojos.<br>Nunca olvidar\u00e9 ese brillo de sus ojos;<br>parec\u00eda que hab\u00eda recogido toda la luz en el desierto.<\/p>\n<p style=\"padding-left: 40px;\">De <em>La Hora sagrada<\/em> (2010)<\/p>\n<h3 style=\"padding-left: 40px;\"><strong>Fragmentos de NOTAS A PIE DE \u00c9FESO<\/strong><\/h3>\n<p style=\"padding-left: 40px;\"><strong>Fragmento I<\/strong><\/p>\n<p style=\"padding-left: 40px;\">Y Dios nombra la luz, y forma p\u00e1ginas humanas.<br>Ad\u00e1n se encuentra con una p\u00e1gina blanca y nombra<br>hasta donde llegan sus ojos. Y la luz se hace carpintero,<br>se hace hombre camina como hombre,<br>sue\u00f1a como hombre, muere como hombre.<\/p>\n<p style=\"padding-left: 40px;\"><strong><br>Fragmento XVI<\/strong><\/p>\n<p style=\"padding-left: 40px;\">La fe posee una misteriosa naturaleza l\u00edquida<br>que en ocasiones evaporamos<br>pero que emerge con tanta fuerza<br>que con s\u00f3lo una gota apaga cualquier intento de infierno.<\/p>\n<p style=\"padding-left: 40px;\">Los ojos tienen la man\u00eda de embriagarse al contacto de la imagen;<br>se distancian del o\u00eddo,<br>del coraz\u00f3n<br>que ya no late con ciertas palabras vitales.<\/p>\n<p style=\"padding-left: 40px;\"><strong><br>Fragmento XVI <\/strong><\/p>\n<p style=\"padding-left: 40px;\">Hay palabras<br>que con s\u00f3lo pronunciarlas trastocan la materia,<br>completan la escena;<br>de alg\u00fan modo<br>el sonido que producen<br>e devuelve a la realidad parte de su origen.<\/p>\n<p style=\"padding-left: 40px;\">De <em>La Hora sagrada<\/em> (2010)<\/p>\n<figure id=\"attachment_1160\" aria-describedby=\"caption-attachment-1160\" style=\"width: 640px\" class=\"wp-caption aligncenter\"><img loading=\"lazy\" decoding=\"async\" width=\"640\" height=\"341\" class=\"wp-image-1160 size-large\" alt=\"\" src=\"https:\/\/tiberiades.org\/wp-content\/uploads\/2019\/03\/2-Familia-Gatica-Aulis-en-Luxemburgo-1024x546.jpg\" srcset=\"https:\/\/tiberiades.org\/wp-content\/uploads\/2019\/03\/2-Familia-Gatica-Aulis-en-Luxemburgo-1024x546.jpg 1024w, https:\/\/tiberiades.org\/wp-content\/uploads\/2019\/03\/2-Familia-Gatica-Aulis-en-Luxemburgo-300x160.jpg 300w, https:\/\/tiberiades.org\/wp-content\/uploads\/2019\/03\/2-Familia-Gatica-Aulis-en-Luxemburgo-768x409.jpg 768w\" sizes=\"auto, (max-width: 640px) 100vw, 640px\" \/><figcaption id=\"caption-attachment-1160\" class=\"wp-caption-text\">Familia Gatica-Aulis en Luxemburgo<\/figcaption><\/figure>\n<p><\/p>\n<h3 style=\"padding-left: 40px;\"><strong>Crucial<\/strong><\/h3>\n<p style=\"padding-left: 40px;\"><strong><br><\/strong>Sin la cruz Jes\u00fas<br>ser\u00eda un bello astronauta en tiempos<br>de tierras planas.<\/p>\n<p style=\"padding-left: 40px;\">Con la cruz<br>abri\u00f3 la b\u00f3veda celeste<br>de nuestros corazones en tiempos<br>de maquinarias y espejismos.<\/p>\n<p style=\"padding-left: 40px;\">De <em>Crucial<\/em> (2015)<\/p>\n<p style=\"padding-left: 40px;\">&nbsp;<\/p>\n<h3 style=\"padding-left: 40px;\"><strong>Domingo&nbsp;<\/strong><\/h3>\n<p style=\"padding-left: 40px;\"><strong><br><\/strong><em><br>A Juan \u00c1ngel Torres Rechy<\/em><em><br><\/em><\/p>\n<p style=\"padding-left: 40px;\"><strong>T<\/strong>ras la piedra del sepulcro gravita una extensi\u00f3n de oscuridad oce\u00e1nica. Descendi\u00f3 al abismo, a las profundidades oce\u00e1nicas de la nada, aterrizando en el ojo del infierno. Librando la m\u00e1s grande guerra por la eternidad, en un tr\u00e1nsito silencioso. Su presencia desintegr\u00f3 todo el oleaje des\u00e9rtico, evaporando la muerte.<br>Los cementerios son solo espejismos, ahora se extiende un arca, quise decir la vida, por sobre cualquier turbulencia.<\/p>\n<p style=\"padding-left: 40px;\">De <em>Anclado al pescador de mares <\/em>(2017)<\/p>\n<figure id=\"attachment_1161\" aria-describedby=\"caption-attachment-1161\" style=\"width: 594px\" class=\"wp-caption aligncenter\"><img loading=\"lazy\" decoding=\"async\" width=\"594\" height=\"315\" class=\"size-full wp-image-1161\" alt=\"\" src=\"https:\/\/tiberiades.org\/wp-content\/uploads\/2019\/03\/3-Gatica-el-d\u00eda-de-su-boda-Tallin-Estonia.jpeg\" srcset=\"https:\/\/tiberiades.org\/wp-content\/uploads\/2019\/03\/3-Gatica-el-d\u00eda-de-su-boda-Tallin-Estonia.jpeg 594w, https:\/\/tiberiades.org\/wp-content\/uploads\/2019\/03\/3-Gatica-el-d\u00eda-de-su-boda-Tallin-Estonia-300x159.jpeg 300w\" sizes=\"auto, (max-width: 594px) 100vw, 594px\" \/><figcaption id=\"caption-attachment-1161\" class=\"wp-caption-text\">Gatica, el d\u00eda de su boda (Tallin-Estonia)<\/figcaption><\/figure>\n<p><\/p>\n<h3 style=\"padding-left: 40px;\"><strong>&nbsp;Grano de mostaza<\/strong><\/h3>\n<p style=\"padding-left: 40px;\"><strong>(A- \u03c9)<\/strong><\/p>\n<p style=\"padding-left: 40px;\"><em>A Pablo Guti\u00e9rrez<\/em><em><br><\/em><\/p>\n<p style=\"padding-left: 40px;\">Creer es lanzar<br>una espada<br>al centro de la nada<br>sin fondo,<br>morir cual<br>grano de mostaza<br>en tierra y emerger<br>cual monta\u00f1a<br>en el centro<br>de un tornado<br>de mares.<\/p>\n<p style=\"padding-left: 40px;\">De <em>Anclado al pescador de mares <\/em>(2017)<\/p>\n<p><\/p>\n<h3 style=\"padding-left: 40px;\"><strong>&nbsp;<\/strong><strong>(A- <\/strong><strong>\u03c9<\/strong><strong>)&nbsp;&nbsp;&nbsp;&nbsp;&nbsp;&nbsp;&nbsp; &nbsp;&nbsp;&nbsp;&nbsp;&nbsp;&nbsp;&nbsp;&nbsp;&nbsp;&nbsp;&nbsp;&nbsp;&nbsp;&nbsp;&nbsp;&nbsp;&nbsp;&nbsp;&nbsp;&nbsp;&nbsp;&nbsp;&nbsp;&nbsp;&nbsp;&nbsp;&nbsp;&nbsp;&nbsp;&nbsp;&nbsp;&nbsp;&nbsp;&nbsp;&nbsp;Cristos ap\u00f3crifos<\/strong><\/h3>\n<p style=\"padding-left: 40px;\"><strong><em><br><\/em><\/strong><em>A Cris Elwin Tuto Ramson<br><\/em><\/p>\n<p style=\"padding-left: 40px;\"><em>Paren de sufrir<\/em> (Primer verso tomado<br>de un letrero de una iglesia que fue<br>cine o viceversa).<\/p>\n<p style=\"padding-left: 40px;\">El espejismo hipn\u00f3tico<br>de ciertas bandas sonoras,<br>desplegando radiaciones<br>en abismos de ensue\u00f1o<br>creyendo que los milagros se consumen como<br>como <em>likes<\/em> en los perfiles de Facebook.<\/p>\n<p style=\"padding-left: 40px;\">El auditorio esperando el golpe de rock<br>para relajar el esp\u00edritu de un d\u00eda fotocopiado.<br>Mientras el vendedor instala<br>en los corazones \u201c<em>Cristos\u201d<\/em> de pl\u00e1stico dise\u00f1ados<br>en una f\u00e1brica lejana<br>donde es imposible la devoluci\u00f3n del producto.<\/p>\n<p style=\"padding-left: 40px;\">De <em>Anclado al pescador de mares <\/em>(2017)<\/p>\n<p><\/p>\n<figure id=\"attachment_1162\" aria-describedby=\"caption-attachment-1162\" style=\"width: 370px\" class=\"wp-caption aligncenter\"><a href=\"https:\/\/tiberiades.org\/wp-content\/uploads\/2019\/02\/ANCLADO-AL-PESCADOR-DE-MARES-MGB-1.pdf\" target=\"_blank\" rel=\"noopener noreferrer\"><img loading=\"lazy\" decoding=\"async\" width=\"370\" height=\"570\" class=\"wp-image-1162 size-full\" alt=\"\" src=\"https:\/\/tiberiades.org\/wp-content\/uploads\/2019\/03\/4marcelo.jpg\" srcset=\"https:\/\/tiberiades.org\/wp-content\/uploads\/2019\/03\/4marcelo.jpg 370w, https:\/\/tiberiades.org\/wp-content\/uploads\/2019\/03\/4marcelo-195x300.jpg 195w\" sizes=\"auto, (max-width: 370px) 100vw, 370px\" \/><\/a><figcaption id=\"caption-attachment-1162\" class=\"wp-caption-text\">Pulsa sobre la imagen para descargar el libro<\/figcaption><\/figure>\n<h3>&nbsp;<\/h3>\n<h3 style=\"padding-left: 40px;\"><strong>(\u03a9- \u03b1)&nbsp;&nbsp;&nbsp;&nbsp;&nbsp;&nbsp;&nbsp;&nbsp;&nbsp;&nbsp;&nbsp;&nbsp;&nbsp;&nbsp;&nbsp;&nbsp;&nbsp;&nbsp;&nbsp;&nbsp;&nbsp;&nbsp;&nbsp;&nbsp;&nbsp;&nbsp;&nbsp;&nbsp;&nbsp;&nbsp;&nbsp;&nbsp;&nbsp;&nbsp;&nbsp;&nbsp;&nbsp;&nbsp;&nbsp;&nbsp;&nbsp;&nbsp;&nbsp;&nbsp; Estelas del Reino&nbsp;<\/strong><\/h3>\n<p style=\"padding-left: 40px;\">&nbsp;<\/p>\n<p style=\"padding-left: 40px;\"><em>A Helina Aulis<\/em><em><br><\/em><\/p>\n<p style=\"padding-left: 40px;\">En la turba los corazones se desnudan.<br>La levedad de ocultarse<br>en la masa y gritar &#8211; \u00a1M\u00e1tadle!<\/p>\n<p style=\"padding-left: 40px;\">La turba pensaba cumplir<br>al pie de la letra el texto.<br>Ella no pod\u00eda levantar<br>sus ojos que se extend\u00edan<br>al suelo a la muerte.<\/p>\n<p style=\"padding-left: 40px;\">Mientras, el carpintero<br>tatuaba el m\u00e1s bello poema de amor<br>jam\u00e1s traducido a lengua humana.<\/p>\n<p style=\"padding-left: 40px;\">La turba comenz\u00f3 evaporarse<br>como las piedras<br>como el dolor,<br>como el infierno.<\/p>\n<p style=\"padding-left: 40px;\">Y germin\u00f3 una nueva flor,<br>quise decir, una nueva mujer.<\/p>\n<p style=\"padding-left: 40px;\">De <em>Anclado al pescador de mares <\/em>(2017)<\/p>\n<h3>&nbsp;<\/h3>\n<h3 style=\"padding-left: 40px;\"><strong>La tierra de lo pen\u00faltimo<\/strong><strong> (\u03a9- \u03b1) <\/strong><strong>(A- \u03c9) <\/strong><\/h3>\n<p style=\"padding-left: 40px;\"><strong><br><\/strong><em>A Jaqueline Alencar<\/em><em><br><\/em><\/p>\n<p style=\"padding-left: 40px;\"><em>El reino de lo \u00faltimo ha dejado <\/em><br>devastado al hombre<br>a la espera de ciertas ficciones.<\/p>\n<p style=\"padding-left: 40px;\">Cotidianos llueven jinetes<br>que cabalgan en la penumbra,<br>aquel miedo placentero de las estad\u00edsticas:<br><em>tras la guerra del oro negro vendr\u00e1 la del agua dicen<\/em><br><em>que dicen-.<\/em><\/p>\n<p style=\"padding-left: 40px;\">Cuando aparecen los predicadores del fin del mundo<br>me sumerjo en el ojo de Dios<br>para refrescarme porque<br>en pleno naufragio del mundo<br>planea intacta la esperanza.<br><strong><br><\/strong><br>De <em>Anclado al pescador de mares<\/em> (2017)<\/p>\n<figure id=\"attachment_1163\" aria-describedby=\"caption-attachment-1163\" style=\"width: 640px\" class=\"wp-caption aligncenter\"><img loading=\"lazy\" decoding=\"async\" width=\"640\" height=\"360\" class=\"size-large wp-image-1163\" alt=\"\" src=\"https:\/\/tiberiades.org\/wp-content\/uploads\/2019\/03\/5-Los-poetas-Marcelo-Gatica-A.-P.-Alencart-y-Carlos-Nejar-en-la-Iglesia-Cristiana-Evang\u00e9lica-de-Salamanca-foto-de-J.-Alencar-1024x576.jpg\" srcset=\"https:\/\/tiberiades.org\/wp-content\/uploads\/2019\/03\/5-Los-poetas-Marcelo-Gatica-A.-P.-Alencart-y-Carlos-Nejar-en-la-Iglesia-Cristiana-Evang\u00e9lica-de-Salamanca-foto-de-J.-Alencar-1024x576.jpg 1024w, https:\/\/tiberiades.org\/wp-content\/uploads\/2019\/03\/5-Los-poetas-Marcelo-Gatica-A.-P.-Alencart-y-Carlos-Nejar-en-la-Iglesia-Cristiana-Evang\u00e9lica-de-Salamanca-foto-de-J.-Alencar-300x169.jpg 300w, https:\/\/tiberiades.org\/wp-content\/uploads\/2019\/03\/5-Los-poetas-Marcelo-Gatica-A.-P.-Alencart-y-Carlos-Nejar-en-la-Iglesia-Cristiana-Evang\u00e9lica-de-Salamanca-foto-de-J.-Alencar-768x432.jpg 768w, https:\/\/tiberiades.org\/wp-content\/uploads\/2019\/03\/5-Los-poetas-Marcelo-Gatica-A.-P.-Alencart-y-Carlos-Nejar-en-la-Iglesia-Cristiana-Evang\u00e9lica-de-Salamanca-foto-de-J.-Alencar.jpg 1920w\" sizes=\"auto, (max-width: 640px) 100vw, 640px\" \/><figcaption id=\"caption-attachment-1163\" class=\"wp-caption-text\">Los poetas Marcelo Gatica, A. P. Alencart y Carlos Nejar, en la Iglesia Cristiana Evang\u00e9lica de Salamanca (foto de J. Alencar)<\/figcaption><\/figure>\n\n\n<p class=\"wp-block-paragraph\"><em>Marcelo Gatica (Cauquenes, Chile, 1976), poeta y\nDoctor en Literatura Hispanoamericana por la Universidad de Salamanca, con una\ntesis titulada titulada: \u201cRodrigo Lira Canguilhem: Una propuesta po\u00e9tica en\ntiempos dedesolaci\u00f3n\u201d,dirigida por Carmen Ruiz Barrionuevo. Ha publicado los\npoemarios<\/em><em>&nbsp;<\/em><em>\u2018El extramuro \/V\u00e4ljaspool-m\u00fc\u00fcre\u2019 (Estonia,\n2018),<\/em><em>&nbsp;<\/em><em>\u2018Anclado al Pescador de Mares\u2019 (2016),\n\u2018Crucial\u2019 (con Pablo Guti\u00e9rrez, 2014), \u2018Portafolio. Poemas a Pie de P\u00e1gina\u2019\n(Con Camilo Cantillana, 2014). En Chile public\u00f3 Barios buelos: boladas\nboludas\u2019, del chileno Rodrigo Lira Canguilhem (Pi\u00e9lago Casa Editorial, Santiago\nde Chile, 2016), y en Estonia \u2018Vientos del sur \/ Lounatuuled\u2019, antolog\u00eda de\npoes\u00eda chilena seleccionada e introducida por \u00e9l, con traducci\u00f3n de Carolina\nPihelgas, Mariliin Vassenin y Helina Aulis. Tallin, 2015). En su pa\u00eds tambi\u00e9n\npublic\u00f3 el poemario colectivo Taller Literario (2001), el libro de poes\u00eda a\ntres manos A-Trio Po\u00e9tico (2003) y poemas varios en Cal\u00edope, revista de poes\u00eda\n(2000-2003), obteniendo el Premio de Poes\u00eda de la UMCE (2003). En Espa\u00f1a y\nPortugal ha publicado en las antolog\u00edas \u2018Poes\u00eda para un existir\u2019 (2010), \u2018La\nhora sagrada\u2019 (2010), \u2018El paisaje prometido\u2019 (2010), \u2018O Divino\u2019 (Portugal,\n2011), \u2018Poemas identificados\u2019 (2013), \u2018Arca de los afectos\u2019 (2013), \u2018He muerto\u2026\ny he resucitado (2015), \u2018Umbrales de la memoria\u2019 (2015), \u2018Un extenso continente\n(Castelo Blanco, Portugal), Salamanca, ra\u00edz de piedra y letras (2017), \u2018Explicaci\u00f3n\nde la derrota (2017), \u2018Das \u00c1guas \u00c1 Dan\u00e7a das Folhas\u201d (2018, Editoria Labirinto,\nPortugal). Ha recibido el Acc\u00e9sit del Premio Internacional de Poes\u00eda \u201cLuis\nL\u00f3pez Anglada\u201d (Burgohondo, \u00c1vila, 2008) y el primer acc\u00e9sit del Premio\nGonz\u00e1lez-Warris de Poes\u00eda (Barcelona, 2012). Es sudirector de TIBER\u00cdADES.<\/em><\/p>\n\n\n\n<div class=\"wp-block-image\"><figure class=\"aligncenter is-resized\"><img loading=\"lazy\" decoding=\"async\" src=\"https:\/\/tiberiades.org\/wp-content\/uploads\/2019\/03\/6-Gatica-en-la-entrada-del-Aula-Magna-de-Filog\u00eda-el-d\u00eda-de-su-doctorado-Foto-de-Jacqueline-Alencar-1024x658.jpg\" alt=\"\" class=\"wp-image-1164\" width=\"768\" height=\"494\" srcset=\"https:\/\/tiberiades.org\/wp-content\/uploads\/2019\/03\/6-Gatica-en-la-entrada-del-Aula-Magna-de-Filog\u00eda-el-d\u00eda-de-su-doctorado-Foto-de-Jacqueline-Alencar-1024x658.jpg 1024w, https:\/\/tiberiades.org\/wp-content\/uploads\/2019\/03\/6-Gatica-en-la-entrada-del-Aula-Magna-de-Filog\u00eda-el-d\u00eda-de-su-doctorado-Foto-de-Jacqueline-Alencar-300x193.jpg 300w, https:\/\/tiberiades.org\/wp-content\/uploads\/2019\/03\/6-Gatica-en-la-entrada-del-Aula-Magna-de-Filog\u00eda-el-d\u00eda-de-su-doctorado-Foto-de-Jacqueline-Alencar-768x494.jpg 768w, https:\/\/tiberiades.org\/wp-content\/uploads\/2019\/03\/6-Gatica-en-la-entrada-del-Aula-Magna-de-Filog\u00eda-el-d\u00eda-de-su-doctorado-Foto-de-Jacqueline-Alencar.jpg 1287w\" sizes=\"auto, (max-width: 768px) 100vw, 768px\" \/><figcaption>Gatica en la entrada del Aula Magna de Filolog\u00eda, el d\u00eda de su doctorado (Foto de Jacqueline Alencar)<\/figcaption><\/figure><\/div>\n","protected":false},"excerpt":{"rendered":"<p>La luz del desierto Al principio busc\u00f3 el silencio.Inadvertido desapareci\u00f3 durante algunas semanas.Inadvertido lleg\u00f3 en condici\u00f3n de cad\u00e1ver;su cuerpo estaba vaciadocomo la debilidad de un ni\u00f1o reci\u00e9n nacido. Pero el brillo de sus ojos.Nunca olvidar\u00e9 ese brillo de sus ojos;parec\u00eda que hab\u00eda recogido toda la luz en el desierto. De La Hora sagrada (2010) Fragmentos de NOTAS A PIE DE [&hellip;]<\/p>\n","protected":false},"author":2,"featured_media":1159,"comment_status":"open","ping_status":"closed","sticky":false,"template":"","format":"standard","meta":{"footnotes":""},"categories":[46,19],"tags":[],"class_list":["post-1158","post","type-post","status-publish","format-standard","has-post-thumbnail","hentry","category-marcelo-gatica","category-poemas-de"],"_links":{"self":[{"href":"https:\/\/tiberiades.org\/index.php?rest_route=\/wp\/v2\/posts\/1158","targetHints":{"allow":["GET"]}}],"collection":[{"href":"https:\/\/tiberiades.org\/index.php?rest_route=\/wp\/v2\/posts"}],"about":[{"href":"https:\/\/tiberiades.org\/index.php?rest_route=\/wp\/v2\/types\/post"}],"author":[{"embeddable":true,"href":"https:\/\/tiberiades.org\/index.php?rest_route=\/wp\/v2\/users\/2"}],"replies":[{"embeddable":true,"href":"https:\/\/tiberiades.org\/index.php?rest_route=%2Fwp%2Fv2%2Fcomments&post=1158"}],"version-history":[{"count":12,"href":"https:\/\/tiberiades.org\/index.php?rest_route=\/wp\/v2\/posts\/1158\/revisions"}],"predecessor-version":[{"id":1188,"href":"https:\/\/tiberiades.org\/index.php?rest_route=\/wp\/v2\/posts\/1158\/revisions\/1188"}],"wp:featuredmedia":[{"embeddable":true,"href":"https:\/\/tiberiades.org\/index.php?rest_route=\/wp\/v2\/media\/1159"}],"wp:attachment":[{"href":"https:\/\/tiberiades.org\/index.php?rest_route=%2Fwp%2Fv2%2Fmedia&parent=1158"}],"wp:term":[{"taxonomy":"category","embeddable":true,"href":"https:\/\/tiberiades.org\/index.php?rest_route=%2Fwp%2Fv2%2Fcategories&post=1158"},{"taxonomy":"post_tag","embeddable":true,"href":"https:\/\/tiberiades.org\/index.php?rest_route=%2Fwp%2Fv2%2Ftags&post=1158"}],"curies":[{"name":"wp","href":"https:\/\/api.w.org\/{rel}","templated":true}]}}