{"id":1189,"date":"2019-03-28T22:03:39","date_gmt":"2019-03-28T21:03:39","guid":{"rendered":"http:\/\/tiberiades.org\/?p=1189"},"modified":"2019-03-28T22:14:54","modified_gmt":"2019-03-28T21:14:54","slug":"juan-carlos-martin-cobano","status":"publish","type":"post","link":"https:\/\/tiberiades.org\/?p=1189","title":{"rendered":"Juan Carlos Mart\u00edn Cobano"},"content":{"rendered":"<h3 style=\"padding-left: 40px;\"><strong>Sum\u00e9rgeme, Se\u00f1or, en tu misterio<\/strong><\/h3>\n<p style=\"padding-left: 40px;\">\n<p style=\"padding-left: 40px;\">Reivindico el fracaso,<br \/>\nla gloria de los cartones extendidos en palacios de fango,<br \/>\nlos belenes de las aceras, al nivel de las suelas,<br \/>\nlos establos de carritos abarrotados,<br \/>\nlos horizontes de zapatos.<br \/>\nBaut\u00edzanos, Se\u00f1or, en tu fracaso.<\/p>\n<p style=\"padding-left: 40px;\">Aborrezco las medallas,<br \/>\nla miseria de las palmaditas en la espalda,<br \/>\nlos besos con aliento de plata,<br \/>\nlos treinta apretones de manos,<br \/>\nel oro sin mirra, el incienso sin llama.<br \/>\nL\u00edbranos, Se\u00f1or, de los fantasmas.<\/p>\n<p style=\"padding-left: 40px;\">Me enardecen las derrotas,<br \/>\nla verdad que no habita en las espadas,<br \/>\ndesesconder las mentiras de los podios,<br \/>\nlas guirnaldas del desfallecido,<br \/>\nlas l\u00e1grimas de su redoma.<br \/>\nMu\u00e9strame, Se\u00f1or, tu sal\u00f3n de la fama.<\/p>\n<p style=\"padding-left: 40px;\">Acompa\u00f1o a los ca\u00eddos,<br \/>\na los que aran la tierra con sus rodillas,<br \/>\nlos que no regalan al suelo un beso condescendiente,<br \/>\nsino que lo muerden,<br \/>\nlo mastican y lo digieren para dar vida.<br \/>\nDerr\u00edbame, Se\u00f1or, para mirarte a los ojos.<\/p>\n<p style=\"padding-left: 40px;\">Reivindico al Carpintero tenaz,<br \/>\nsoplos de serr\u00edn y Esp\u00edritu Santo,<br \/>\ncicatrices de astillas y clavos<br \/>\nestigmas de mi terco estrabismo.<br \/>\nNo escatimes, Se\u00f1or, tu cincel sacro.<\/p>\n<p style=\"padding-left: 40px;\">Reivindico al que conoce<br \/>\nel valor de darse,<br \/>\nde vaciarse,<br \/>\nvaciarse<br \/>\nvaciarse<br \/>\nvaciarse<br \/>\nhasta vaciar su tumba.<br \/>\nAunque no entiendo nada.<br \/>\nSum\u00e9rgeme, Se\u00f1or, en tu misterio.<\/p>\n<p style=\"padding-left: 40px;\">\n<p style=\"padding-left: 40px;\">\n<figure id=\"attachment_1196\" aria-describedby=\"caption-attachment-1196\" style=\"width: 640px\" class=\"wp-caption aligncenter\"><img loading=\"lazy\" decoding=\"async\" class=\"wp-image-1196 size-large\" src=\"https:\/\/tiberiades.org\/wp-content\/uploads\/2019\/03\/2-Juan-Carlos-Mart\u00edn-leyendo-en-el-Encuentro-Los-Poetas-y-Dios-en-Toral-de-los-Guzmanes-foto-de-Jacqueline-Alencar-1024x643.jpg\" alt=\"\" width=\"640\" height=\"402\" srcset=\"https:\/\/tiberiades.org\/wp-content\/uploads\/2019\/03\/2-Juan-Carlos-Mart\u00edn-leyendo-en-el-Encuentro-Los-Poetas-y-Dios-en-Toral-de-los-Guzmanes-foto-de-Jacqueline-Alencar-1024x643.jpg 1024w, https:\/\/tiberiades.org\/wp-content\/uploads\/2019\/03\/2-Juan-Carlos-Mart\u00edn-leyendo-en-el-Encuentro-Los-Poetas-y-Dios-en-Toral-de-los-Guzmanes-foto-de-Jacqueline-Alencar-300x188.jpg 300w, https:\/\/tiberiades.org\/wp-content\/uploads\/2019\/03\/2-Juan-Carlos-Mart\u00edn-leyendo-en-el-Encuentro-Los-Poetas-y-Dios-en-Toral-de-los-Guzmanes-foto-de-Jacqueline-Alencar-768x482.jpg 768w, https:\/\/tiberiades.org\/wp-content\/uploads\/2019\/03\/2-Juan-Carlos-Mart\u00edn-leyendo-en-el-Encuentro-Los-Poetas-y-Dios-en-Toral-de-los-Guzmanes-foto-de-Jacqueline-Alencar.jpg 1600w\" sizes=\"auto, (max-width: 640px) 100vw, 640px\" \/><figcaption id=\"caption-attachment-1196\" class=\"wp-caption-text\">Juan Carlos Mart\u00edn leyendo en el Encuentro Los Poetas y Dios, en Toral de los Guzmanes (foto de Jacqueline Alencar)<\/figcaption><\/figure>\n<p style=\"padding-left: 40px;\">\n<p style=\"padding-left: 40px;\">\n<h3 style=\"padding-left: 40px;\"><strong>Salmo 29<\/strong><\/h3>\n<p style=\"padding-left: 40px;\"><strong>\u00a0<\/strong><\/p>\n<p style=\"padding-left: 40px;\">Voz del Eterno que aplasta los bosques,<br \/>\nSoplo de vida que frena avenidas,<br \/>\nSismo conciso que arrasa los cedros,<br \/>\nOnda de sal que revienta las piedras,<br \/>\nSacra Tor\u00e1 que repele los templos,<br \/>\nVoz del Eterno que calla campanas,<br \/>\nVoz de Yahv\u00e9 que se oculta a los tronos,<br \/>\nSilbo apacible que funde avalanchas,<br \/>\nH\u00e1lito santo que riega mis plantas,<br \/>\nVoz galilea que siega las lanzas,<\/p>\n<p style=\"padding-left: 40px;\">Trueno de gracia:<br \/>\nS\u00e9 garfio a mi hocico,<br \/>\nS\u00e9 freno a mis voces.<br \/>\nLibera palabras.<\/p>\n<p style=\"padding-left: 40px;\">Sangre del Logos:<br \/>\nLimpia mi herida,<br \/>\nSana a este sordo.<br \/>\nLibra a este mudo.<\/p>\n<p style=\"padding-left: 40px;\">Sunami del Verbo:<br \/>\nAsola mi casa,<br \/>\nArrasa cimientos,<br \/>\nHaz lo que debas.<\/p>\n<p style=\"padding-left: 40px;\">Anega esta sala.<\/p>\n<p style=\"padding-left: 40px;\"><strong>\u00a0<\/strong><\/p>\n<p style=\"padding-left: 40px;\"><strong>\u00a0<\/strong><\/p>\n<figure id=\"attachment_1197\" aria-describedby=\"caption-attachment-1197\" style=\"width: 579px\" class=\"wp-caption aligncenter\"><img loading=\"lazy\" decoding=\"async\" class=\"size-full wp-image-1197\" src=\"https:\/\/tiberiades.org\/wp-content\/uploads\/2019\/03\/3-Con-J.-P\u00e9rez-R.-Velert-y-V.-Rivero-en-Encuentro-ADECE-Barcelona-MGala.jpg\" alt=\"\" width=\"579\" height=\"379\" srcset=\"https:\/\/tiberiades.org\/wp-content\/uploads\/2019\/03\/3-Con-J.-P\u00e9rez-R.-Velert-y-V.-Rivero-en-Encuentro-ADECE-Barcelona-MGala.jpg 579w, https:\/\/tiberiades.org\/wp-content\/uploads\/2019\/03\/3-Con-J.-P\u00e9rez-R.-Velert-y-V.-Rivero-en-Encuentro-ADECE-Barcelona-MGala-300x196.jpg 300w\" sizes=\"auto, (max-width: 579px) 100vw, 579px\" \/><figcaption id=\"caption-attachment-1197\" class=\"wp-caption-text\">Con Julio P\u00e9rez, Roberto Velert y Viviana Rivero en Encuentro ADECE &#8211; Barcelona (FOTO: MGala)<\/figcaption><\/figure>\n<p style=\"padding-left: 40px;\"><strong>\u00a0<\/strong><\/p>\n<p style=\"padding-left: 40px;\"><strong>\u00a0<\/strong><\/p>\n<h3 style=\"padding-left: 40px;\"><strong>Viene con el aire\u2026<\/strong><\/h3>\n<p style=\"padding-left: 40px;\"><strong>\u00a0<\/strong><\/p>\n<p style=\"padding-left: 40px;\">Viene con el aire,<br \/>\nTrae el olor del perro mojado<br \/>\nEs una ola de pret\u00e9ritos imperfectos<br \/>\nNo hay c\u00f3mo agarrarlo<br \/>\nLacera los dedos del hortelano m\u00e1s c\u00ednico<br \/>\nEs mi pasado<br \/>\nEs mi pecado<br \/>\nEs mi pared<br \/>\nEs mi verja de alambres y voltios<br \/>\nDigo que no, pero soy yo<br \/>\nSoy yo, inocultable, ni m\u00e1s ni menos<br \/>\nSoy yo, cojo, manco, ciego y mudo<br \/>\nMuerto erguido pertinaz<\/p>\n<p style=\"padding-left: 40px;\">Llega el h\u00e1lito desde lo alto<br \/>\nCon esquirlas de sol y abrazo<br \/>\nVerdugo de ojal\u00e1s y subjuntivos,<br \/>\nLas manos marcadas me soportan<br \/>\nSin alergia a mi m\u00e9dula purulenta<br \/>\nSin balances, sin recuentos,<br \/>\nSin debes y haberes en mi plato<br \/>\nSin la n\u00e1usea<br \/>\nEs la puerta, es la casa, el sal\u00f3n cordial y hospitalario<br \/>\nLa mesa puesta, y huele a pan y caf\u00e9 de ma\u00f1ana<br \/>\nLa cama hecha, el edred\u00f3n c\u00e1lido<br \/>\nLos brazos abiertos<br \/>\nRopa limpia<br \/>\nBeso de Padre<br \/>\nL\u00e1grimas de dicha<br \/>\n\u00a1Es la gracia!<\/p>\n<p style=\"padding-left: 40px;\"><strong>\u00a0<\/strong><\/p>\n<figure id=\"attachment_1198\" aria-describedby=\"caption-attachment-1198\" style=\"width: 640px\" class=\"wp-caption aligncenter\"><img loading=\"lazy\" decoding=\"async\" class=\"size-large wp-image-1198\" src=\"https:\/\/tiberiades.org\/wp-content\/uploads\/2019\/03\/4-Juan-Carlos-Mart\u00edn-con-otros-poetas-del-encuentro-de-Toral-2013-foto-de-Jacqueline-Alencar-1024x588.jpg\" alt=\"\" width=\"640\" height=\"368\" srcset=\"https:\/\/tiberiades.org\/wp-content\/uploads\/2019\/03\/4-Juan-Carlos-Mart\u00edn-con-otros-poetas-del-encuentro-de-Toral-2013-foto-de-Jacqueline-Alencar-1024x588.jpg 1024w, https:\/\/tiberiades.org\/wp-content\/uploads\/2019\/03\/4-Juan-Carlos-Mart\u00edn-con-otros-poetas-del-encuentro-de-Toral-2013-foto-de-Jacqueline-Alencar-300x172.jpg 300w, https:\/\/tiberiades.org\/wp-content\/uploads\/2019\/03\/4-Juan-Carlos-Mart\u00edn-con-otros-poetas-del-encuentro-de-Toral-2013-foto-de-Jacqueline-Alencar-768x441.jpg 768w\" sizes=\"auto, (max-width: 640px) 100vw, 640px\" \/><figcaption id=\"caption-attachment-1198\" class=\"wp-caption-text\">Juan Carlos Mart\u00edn con otros poetas del encuentro de Toral (2013, foto de Jacqueline Alencar)<\/figcaption><\/figure>\n<p style=\"padding-left: 40px;\">\n<p style=\"padding-left: 40px;\">\n<h3 style=\"padding-left: 40px;\"><strong>Nana del crucificado<\/strong><\/h3>\n<p style=\"padding-left: 40px;\"><em>(con Miguel Hern\u00e1ndez)<\/em><\/p>\n<p style=\"padding-left: 40px;\">\n<p style=\"padding-left: 40px;\">Por el suelo con clavos<br \/>\nmi ni\u00f1o juega<br \/>\nentre tablas y escuadras<br \/>\nea la ea.<br \/>\nInhala, ni\u00f1o,<br \/>\nsorbe el aire de agujas,<br \/>\nsiente su fr\u00edo.<\/p>\n<p style=\"padding-left: 40px;\">El serr\u00edn es arena,<br \/>\nmadera inerte,<br \/>\nla harina de sus gachas<br \/>\ncruje los dientes.<br \/>\nCome, hijo m\u00edo,<br \/>\nhay un mundo en el plato<br \/>\nrogando alivio.<\/p>\n<p style=\"padding-left: 40px;\">De la teta del vino<br \/>\nmi ni\u00f1o mama<br \/>\nsu boquita se llena<br \/>\ndel agua grana.<br \/>\nTraga, chaval,<br \/>\nla ma\u00f1ana est\u00e1 clara<br \/>\ntras el umbral.<\/p>\n<p style=\"padding-left: 40px;\">Gotas de sangre y agua<br \/>\nmi ni\u00f1o llora<br \/>\npor cien pupitas vivas<br \/>\nde carne rosa.<br \/>\nPor mil heridas,<br \/>\npor dos costados rotos<br \/>\nque dan la vida.<\/p>\n<p style=\"padding-left: 40px;\">En la noche m\u00e1s negra<br \/>\nmi ni\u00f1o yace,<br \/>\nuna manta infinita<br \/>\nquiere asfixiarle.<br \/>\nNi\u00f1o, levanta,<br \/>\nque nazca el nuevo d\u00eda<br \/>\na tu palabra.<\/p>\n<p style=\"padding-left: 40px;\">En un trono de incienso<br \/>\nmi ni\u00f1o reina.<\/p>\n<p style=\"padding-left: 40px;\"><strong>\u00a0<\/strong><\/p>\n<p style=\"padding-left: 40px;\"><strong>\u00a0<\/strong><\/p>\n<figure id=\"attachment_1190\" aria-describedby=\"caption-attachment-1190\" style=\"width: 641px\" class=\"wp-caption aligncenter\"><img loading=\"lazy\" decoding=\"async\" class=\"wp-image-1190 size-full\" src=\"https:\/\/tiberiades.org\/wp-content\/uploads\/2019\/03\/5-Juan-Carlos-Mart\u00edn-presentando-tres-libros-publicados-por-ADECE-Encuentro-en-Santiago-de-Compostela.-Foto-MGala-e1553806965399.jpg\" alt=\"\" width=\"641\" height=\"428\" \/><figcaption id=\"caption-attachment-1190\" class=\"wp-caption-text\">Juan Carlos Mart\u00edn presentando tres libros publicados por ADECE (Encuentro en Santiago de Compostela. Foto MGala)<\/figcaption><\/figure>\n<p style=\"padding-left: 40px;\"><strong>\u00a0<\/strong><\/p>\n<p style=\"padding-left: 40px;\"><strong>\u00a0<\/strong><\/p>\n<h3 style=\"padding-left: 40px;\"><strong>Vah\u00eddo rancio<\/strong><\/h3>\n<p style=\"padding-left: 40px;\"><strong>\u00a0<\/strong><\/p>\n<p style=\"padding-left: 40px;\">Un bufido tibio recorre los campos de Dios.<br \/>\nLa halitosis antigua de los fariseos<br \/>\nesparce semillas de cart\u00f3n<br \/>\nforradas de orillo.<\/p>\n<p style=\"padding-left: 40px;\">Sabios de on\u00e1nica sabidur\u00eda<br \/>\nRegalan nuevas estampitas<br \/>\nde santos con gafas, librotes,<br \/>\netiquetas de juguete<br \/>\ny halos verde bilis.<\/p>\n<p style=\"padding-left: 40px;\">Ante su espejito m\u00e1gico, cuentan pulgares alzados<br \/>\ny ensayan el propio hacia abajo,<br \/>\nse peinan sus mitras<br \/>\ny lustran los capirotes.<br \/>\n\u201c\u00a1Qu\u00e9 listo soy, por Dios, y qu\u00e9 santo!\u201d.<\/p>\n<p style=\"padding-left: 40px;\">Se prueban su Armaged\u00f3n con chorreras,<br \/>\nrevisan que est\u00e9 a punto la picota<br \/>\ny vuelven a la carga, taconeando con yemas garbosas<br \/>\nsobre las almas de los incautos,<br \/>\nsobre el nombre de los soldados,<br \/>\nsobre la matriz de la mies.<\/p>\n<p style=\"padding-left: 40px;\">Mientras tanto, lejos,<br \/>\ndonde a\u00fan reina, clandestino,<br \/>\nel papel,<br \/>\nlos analfabetos clamamos<br \/>\ntristes, pero confiados:<br \/>\n\u201cGu\u00e1rdanos, Se\u00f1or, de tus guardianes\u201d.<\/p>\n<p style=\"padding-left: 40px;\"><strong>\u00a0<\/strong><\/p>\n<p style=\"padding-left: 40px;\"><strong>\u00a0<\/strong><\/p>\n<figure id=\"attachment_1191\" aria-describedby=\"caption-attachment-1191\" style=\"width: 640px\" class=\"wp-caption aligncenter\"><img loading=\"lazy\" decoding=\"async\" class=\"size-large wp-image-1191\" src=\"https:\/\/tiberiades.org\/wp-content\/uploads\/2019\/03\/6-Tere-Cort\u00e9s-Juan-Carlos-Mart\u00edn-Jacqueline-Alencar-y-A.-P.-Alencar-Facultad-de-Filolog\u00eda-de-la-Universidad-de-Salamanca-2018-1024x581.jpg\" alt=\"\" width=\"640\" height=\"363\" srcset=\"https:\/\/tiberiades.org\/wp-content\/uploads\/2019\/03\/6-Tere-Cort\u00e9s-Juan-Carlos-Mart\u00edn-Jacqueline-Alencar-y-A.-P.-Alencar-Facultad-de-Filolog\u00eda-de-la-Universidad-de-Salamanca-2018-1024x581.jpg 1024w, https:\/\/tiberiades.org\/wp-content\/uploads\/2019\/03\/6-Tere-Cort\u00e9s-Juan-Carlos-Mart\u00edn-Jacqueline-Alencar-y-A.-P.-Alencar-Facultad-de-Filolog\u00eda-de-la-Universidad-de-Salamanca-2018-300x170.jpg 300w, https:\/\/tiberiades.org\/wp-content\/uploads\/2019\/03\/6-Tere-Cort\u00e9s-Juan-Carlos-Mart\u00edn-Jacqueline-Alencar-y-A.-P.-Alencar-Facultad-de-Filolog\u00eda-de-la-Universidad-de-Salamanca-2018-768x435.jpg 768w\" sizes=\"auto, (max-width: 640px) 100vw, 640px\" \/><figcaption id=\"caption-attachment-1191\" class=\"wp-caption-text\">Tere Cort\u00e9s, Juan Carlos Mart\u00edn, Jacqueline Alencar y A. P. Alencar (Facultad de Filolog\u00eda de la Universidad de Salamanca, 2018)<\/figcaption><\/figure>\n<p style=\"padding-left: 40px;\"><strong>\u00a0<\/strong><\/p>\n<p style=\"padding-left: 40px;\"><strong>\u00a0<\/strong><\/p>\n<p style=\"padding-left: 40px;\"><strong>\u00a0<\/strong><\/p>\n<h3 style=\"padding-left: 40px;\"><strong>Tributo a Las moradas<\/strong><\/h3>\n<p style=\"padding-left: 40px;\"><em>\u00a0<\/em><\/p>\n<p style=\"text-align: right; padding-left: 40px;\"><em>We are ugly but we have the music.<br \/>\n<\/em>Leonard Cohen<\/p>\n<p style=\"padding-left: 40px;\">\n<p style=\"padding-left: 40px;\">Me acuerdo de ti en Fonda Castelo,<br \/>\ntus silencios de fuego y de luz;<br \/>\nen el s\u00e9ptimo piso,<br \/>\nal final del pasillo,<br \/>\ndonde el v\u00e9rtigo azul que no entiende<br \/>\nde vidrios, ventanas ni puertas.<br \/>\nPisabas la uva,<br \/>\nmetal en virutas.<br \/>\nT\u00fa<br \/>\ntocabas el cielo,<br \/>\nyo chapoteaba en el cieno de normas y leyes.<br \/>\nCelaban las sabandijas ponzo\u00f1osas en barah\u00fanda de trampantojos,<br \/>\nse cern\u00edan con lisos pelda\u00f1os<br \/>\nl\u00f3bregas rampas de c\u00f3digos graves,<br \/>\nsuelas macizas de barro y de plomo,<br \/>\ny t\u00fa, nada,<br \/>\nmirabas con palomas de helio<br \/>\ny cantabas:<br \/>\n\u201cComamos y bebamos,<br \/>\nporque ayer ya morimos<br \/>\nde tanto no haber muerto\u201d.<br \/>\n\u201cLa enramada alcemos y sirva de incienso\u201d<br \/>\ngritabas<br \/>\n\u201cComamos y bebamos,<br \/>\nque a la tarde, a la noche, al alba, nos levantaremos\u201d.<\/p>\n<p style=\"padding-left: 40px;\">Hoy miro a mis pies y me hallo a las puertas,<br \/>\nmaderos de sangre volaron los puentes,<br \/>\nno veo las escalas, tan solo descensos,<br \/>\ncolumnas de nube, murallas de fuego<br \/>\nque vienen, que bajan,<br \/>\nyugos de aire que elevan mis cargas.<br \/>\nQuiero correr y ya hab\u00eda llegado,<br \/>\nexprimo las u\u00f1as, cancelo mis p\u00e1rpados<br \/>\ny no hay otros soles, ya era de d\u00eda.<\/p>\n<p style=\"padding-left: 40px;\">Hoy rompo ascensores y quemo escaleras.<br \/>\nJuntos dinamitemos los muros, castillos, paredes<br \/>\ny descabecemos bedeles de paja.<br \/>\nEst\u00e1 clara la aurora, ahora lo veo,<br \/>\ny van dos milenios,<br \/>\na tomar viento las velas, candiles, linternas.<br \/>\nComamos, bebamos,<br \/>\nla mesa est\u00e1 puesta,<br \/>\nhay pan, hay sangre, hay agua,<br \/>\nt\u00fa pon los cabellos, yo pongo el perfume,<br \/>\nmiremos al sol, miremos al suelo,<br \/>\ny recuerda:<br \/>\ntenemos visita.<\/p>\n<p style=\"padding-left: 40px;\">\n<figure id=\"attachment_1192\" aria-describedby=\"caption-attachment-1192\" style=\"width: 570px\" class=\"wp-caption aligncenter\"><img loading=\"lazy\" decoding=\"async\" class=\"size-full wp-image-1192\" src=\"https:\/\/tiberiades.org\/wp-content\/uploads\/2019\/03\/7-Juan-Carlos-Mart\u00edn-Cobano-leyendo-sus-versos-en-el-Teatro-Liceo-de-Salamanca-2017-foto-de-Jos\u00e9-Amador-Mart\u00edn.jpg\" alt=\"\" width=\"570\" height=\"381\" srcset=\"https:\/\/tiberiades.org\/wp-content\/uploads\/2019\/03\/7-Juan-Carlos-Mart\u00edn-Cobano-leyendo-sus-versos-en-el-Teatro-Liceo-de-Salamanca-2017-foto-de-Jos\u00e9-Amador-Mart\u00edn.jpg 570w, https:\/\/tiberiades.org\/wp-content\/uploads\/2019\/03\/7-Juan-Carlos-Mart\u00edn-Cobano-leyendo-sus-versos-en-el-Teatro-Liceo-de-Salamanca-2017-foto-de-Jos\u00e9-Amador-Mart\u00edn-300x201.jpg 300w, https:\/\/tiberiades.org\/wp-content\/uploads\/2019\/03\/7-Juan-Carlos-Mart\u00edn-Cobano-leyendo-sus-versos-en-el-Teatro-Liceo-de-Salamanca-2017-foto-de-Jos\u00e9-Amador-Mart\u00edn-272x182.jpg 272w\" sizes=\"auto, (max-width: 570px) 100vw, 570px\" \/><figcaption id=\"caption-attachment-1192\" class=\"wp-caption-text\">Juan Carlos Mart\u00edn Cobano leyendo sus versos en el Teatro Liceo de Salamanca (2017, foto de Jos\u00e9 Amador Mart\u00edn)<\/figcaption><\/figure>\n<p style=\"padding-left: 40px;\">\n<p style=\"padding-left: 40px;\"><strong>\u00a0<\/strong><\/p>\n<h3 style=\"padding-left: 40px;\"><strong>P\u00e1bilos humeantes<\/strong><\/h3>\n<p style=\"text-align: right; padding-left: 40px;\"><em>Que me traigan el humo dijo Ciro<br \/>\ny le trajeron todas sus victorias.<br \/>\n<\/em>(An\u00edbal N\u00fa\u00f1ez, Pebetero)<\/p>\n<p style=\"padding-left: 40px;\">\n<p style=\"padding-left: 40px;\">P\u00e1bilos humeantes,<br \/>\nca\u00f1as cascadas,<br \/>\nsecuoyas partidas.<br \/>\nSube un genuino incienso de derrotas,<br \/>\nlos laureles mejor contados.<\/p>\n<p style=\"padding-left: 40px;\">Grama seca en procesi\u00f3n,<br \/>\nyesca en tropel hacia su sino,<br \/>\nhuestes de estopa ascendente.<br \/>\nCanta el b\u00faho de las soledades<br \/>\ngestas de palad\u00edn desertor.<\/p>\n<p style=\"padding-left: 40px;\">\u00bfLlegar\u00e1 la lluvia?<br \/>\n\u00bfTraer\u00e1 la riada aluviones?<br \/>\n\u00bfCaer\u00e1n coronas, guirnaldas,<br \/>\ndiplomas o sellos reales?<br \/>\nMe encontrar\u00e1 al descubierto<br \/>\nla pedrada de mis vanidades.<\/p>\n<p style=\"padding-left: 40px;\">\u00bfSoplar\u00e1 el solano?<br \/>\n\u00bfAventar\u00e1 tan s\u00f3lo la ciza\u00f1a?<br \/>\n\u00bfTumbar\u00e1 las torres de marfil<br \/>\ny los museos de haza\u00f1as disecadas?<br \/>\nResistir\u00e9<br \/>\nen el reverente zarandeo de la palmera.<\/p>\n<p style=\"padding-left: 40px;\">\u00bfO se har\u00e1 que nazcan futuros,<br \/>\nque mi ocaso aborte porvenires<br \/>\nde resurrecci\u00f3n,<br \/>\nque se anuncien d\u00edas nuevos<br \/>\ny horizontes sin cartografiar,<br \/>\nmapas en blanco que uno conoce,<br \/>\nsendas sin huella resueltas en edenes, en desiertos<br \/>\ny en todas partes,<br \/>\ny en todos los tiempos?<br \/>\nDir\u00e9 am\u00e9n a todo.<\/p>\n<figure id=\"attachment_1193\" aria-describedby=\"caption-attachment-1193\" style=\"width: 640px\" class=\"wp-caption aligncenter\"><img loading=\"lazy\" decoding=\"async\" class=\"size-large wp-image-1193\" src=\"https:\/\/tiberiades.org\/wp-content\/uploads\/2019\/03\/8-Mart\u00edn-Cobano-entregando-un-premio-a-Stuart-Park-durante-el-encuentro-de-ADECE-celebrado-en-Valladolid-foto-MGala-1024x556.jpg\" alt=\"\" width=\"640\" height=\"348\" srcset=\"https:\/\/tiberiades.org\/wp-content\/uploads\/2019\/03\/8-Mart\u00edn-Cobano-entregando-un-premio-a-Stuart-Park-durante-el-encuentro-de-ADECE-celebrado-en-Valladolid-foto-MGala.jpg 1024w, https:\/\/tiberiades.org\/wp-content\/uploads\/2019\/03\/8-Mart\u00edn-Cobano-entregando-un-premio-a-Stuart-Park-durante-el-encuentro-de-ADECE-celebrado-en-Valladolid-foto-MGala-300x163.jpg 300w, https:\/\/tiberiades.org\/wp-content\/uploads\/2019\/03\/8-Mart\u00edn-Cobano-entregando-un-premio-a-Stuart-Park-durante-el-encuentro-de-ADECE-celebrado-en-Valladolid-foto-MGala-768x417.jpg 768w\" sizes=\"auto, (max-width: 640px) 100vw, 640px\" \/><figcaption id=\"caption-attachment-1193\" class=\"wp-caption-text\">Mart\u00edn Cobano entregando un premio a Stuart Park, durante el encuentro de ADECE celebrado en Valladolid (foto MGala)<\/figcaption><\/figure>\n<p><em>Juan Carlos Mart\u00edn Cobano (Carmona, 1967), fil\u00f3logo, editor, librero, traductor y misionero (no necesariamente en ese orden) de origen andaluz y formaci\u00f3n catalano-aragonesa. Ha impartido talleres y dictado conferencias en distintos pa\u00edses con la Asociaci\u00f3n Latinoamericana de Escritores Cristianos (ALEC), es asiduo del encuentro Los Poetas y Dios (Toral de los Guzmanes, Le\u00f3n) y del Encuentro de Poetas Iberoamericanos (Salamanca). Fund\u00f3 una librer\u00eda y una peque\u00f1a editorial, Setelee, pero se gana la vida como <\/em>freelance\u00a0<em>para distintas editoriales estadounidenses. Hasta enero de 2018 fue secretario general de Alianza de Escritores y Comunicadores Evang\u00e9licos (ADECE) y en la actualidad es secretario general de la TIBER\u00cdADES, Red Iberoamericana de Poetas y Cr\u00edticos Literarios Cristianos. Poemas y textos suyos se encuentran en las antolog\u00edas \u2018Los frutos del \u00e1rbol\u2019 (2015), \u2018Explicaci\u00f3n de la derrota\u2019 (2017) y \u2018Por ocho centurias\u2019 (2018).<\/em><\/p>\n<p><em>\u00a0<\/em><\/p>\n<p><strong>\u00a0<\/strong><\/p>\n<figure id=\"attachment_1194\" aria-describedby=\"caption-attachment-1194\" style=\"width: 640px\" class=\"wp-caption aligncenter\"><img loading=\"lazy\" decoding=\"async\" class=\"size-large wp-image-1194\" src=\"https:\/\/tiberiades.org\/wp-content\/uploads\/2019\/03\/9-Juan-Carlos-Mart\u00edn-y-A.-P.-Alencart-en-el-encuentro-de-ADECE-celebrado-en-Madrid-foto-de-H\u00e9ctor-Rivas-1024x603.jpg\" alt=\"\" width=\"640\" height=\"377\" srcset=\"https:\/\/tiberiades.org\/wp-content\/uploads\/2019\/03\/9-Juan-Carlos-Mart\u00edn-y-A.-P.-Alencart-en-el-encuentro-de-ADECE-celebrado-en-Madrid-foto-de-H\u00e9ctor-Rivas-1024x603.jpg 1024w, https:\/\/tiberiades.org\/wp-content\/uploads\/2019\/03\/9-Juan-Carlos-Mart\u00edn-y-A.-P.-Alencart-en-el-encuentro-de-ADECE-celebrado-en-Madrid-foto-de-H\u00e9ctor-Rivas-300x177.jpg 300w, https:\/\/tiberiades.org\/wp-content\/uploads\/2019\/03\/9-Juan-Carlos-Mart\u00edn-y-A.-P.-Alencart-en-el-encuentro-de-ADECE-celebrado-en-Madrid-foto-de-H\u00e9ctor-Rivas-768x452.jpg 768w\" sizes=\"auto, (max-width: 640px) 100vw, 640px\" \/><figcaption id=\"caption-attachment-1194\" class=\"wp-caption-text\">Juan Carlos Mart\u00edn y A. P. Alencart, en el encuentro de ADECE celebrado en Madrid (foto de H\u00e9ctor Rivas)<\/figcaption><\/figure>\n<p><em>\u00a0<\/em><\/p>\n<p><strong>\u00a0<\/strong><\/p>\n","protected":false},"excerpt":{"rendered":"<p>Sum\u00e9rgeme, Se\u00f1or, en tu misterio Reivindico el fracaso, la gloria de los cartones extendidos en palacios de fango, los belenes de las aceras, al nivel de las suelas, los establos de carritos abarrotados, los horizontes de zapatos. Baut\u00edzanos, Se\u00f1or, en tu fracaso. Aborrezco las medallas, la miseria de las palmaditas en la espalda, los besos con aliento de plata, los [&hellip;]<\/p>\n","protected":false},"author":2,"featured_media":1195,"comment_status":"open","ping_status":"closed","sticky":false,"template":"","format":"standard","meta":{"footnotes":""},"categories":[47,19],"tags":[],"class_list":["post-1189","post","type-post","status-publish","format-standard","has-post-thumbnail","hentry","category-j-carlos-martin-cobano","category-poemas-de"],"_links":{"self":[{"href":"https:\/\/tiberiades.org\/index.php?rest_route=\/wp\/v2\/posts\/1189","targetHints":{"allow":["GET"]}}],"collection":[{"href":"https:\/\/tiberiades.org\/index.php?rest_route=\/wp\/v2\/posts"}],"about":[{"href":"https:\/\/tiberiades.org\/index.php?rest_route=\/wp\/v2\/types\/post"}],"author":[{"embeddable":true,"href":"https:\/\/tiberiades.org\/index.php?rest_route=\/wp\/v2\/users\/2"}],"replies":[{"embeddable":true,"href":"https:\/\/tiberiades.org\/index.php?rest_route=%2Fwp%2Fv2%2Fcomments&post=1189"}],"version-history":[{"count":5,"href":"https:\/\/tiberiades.org\/index.php?rest_route=\/wp\/v2\/posts\/1189\/revisions"}],"predecessor-version":[{"id":1205,"href":"https:\/\/tiberiades.org\/index.php?rest_route=\/wp\/v2\/posts\/1189\/revisions\/1205"}],"wp:featuredmedia":[{"embeddable":true,"href":"https:\/\/tiberiades.org\/index.php?rest_route=\/wp\/v2\/media\/1195"}],"wp:attachment":[{"href":"https:\/\/tiberiades.org\/index.php?rest_route=%2Fwp%2Fv2%2Fmedia&parent=1189"}],"wp:term":[{"taxonomy":"category","embeddable":true,"href":"https:\/\/tiberiades.org\/index.php?rest_route=%2Fwp%2Fv2%2Fcategories&post=1189"},{"taxonomy":"post_tag","embeddable":true,"href":"https:\/\/tiberiades.org\/index.php?rest_route=%2Fwp%2Fv2%2Ftags&post=1189"}],"curies":[{"name":"wp","href":"https:\/\/api.w.org\/{rel}","templated":true}]}}