{"id":1398,"date":"2019-04-16T20:50:22","date_gmt":"2019-04-16T19:50:22","guid":{"rendered":"http:\/\/tiberiades.org\/?p=1398"},"modified":"2019-04-16T20:58:24","modified_gmt":"2019-04-16T19:58:24","slug":"poemas-leidos-en-el-aula-magna-de-filologia-x-encuentro-de-literatura-cristiana","status":"publish","type":"post","link":"https:\/\/tiberiades.org\/?p=1398","title":{"rendered":"X ENCUENTRO DE LITERATURA CRISTIANA"},"content":{"rendered":"<p><em>El pasado 6 de abril se celebr\u00f3 el X Encuentro Cristiano de Literatura, en un acto realizado en el Aula Magna de la Facultad de Filolog\u00eda de la Universidad de Salamanca. Este encuentro, organizado por la Asociaci\u00f3n Cultural \u00a0Evang\u00e9lica Jorge Borrow, cont\u00f3 con el apoyo de TIBER\u00cdADES, Red Iberoamericana de Poetas y Cr\u00edticos Literarios Cristianos. Aqu\u00ed los textos presentados para el Encuentro, donde tambi\u00e9n se hizo entrega del Premio Jorge Borrow de Difusi\u00f3n B\u00edblica 2019 a Jos\u00e9 Luis Andavert.<\/em><\/p>\n<p>El reportaje fotogr\u00e1fico es de MGala, salvo las fotos de Escobar, Corral, Sampr\u00f3n y De Vicente, que son de Jacqueline Alencar.<\/p>\n<p style=\"text-align: center;\"><img loading=\"lazy\" decoding=\"async\" class=\"aligncenter size-large wp-image-1378\" src=\"https:\/\/tiberiades.org\/wp-content\/uploads\/2019\/04\/2-1024x564.jpg\" alt=\"\" width=\"640\" height=\"353\" srcset=\"https:\/\/tiberiades.org\/wp-content\/uploads\/2019\/04\/2-1024x564.jpg 1024w, https:\/\/tiberiades.org\/wp-content\/uploads\/2019\/04\/2-300x165.jpg 300w, https:\/\/tiberiades.org\/wp-content\/uploads\/2019\/04\/2-768x423.jpg 768w, https:\/\/tiberiades.org\/wp-content\/uploads\/2019\/04\/2.jpg 1158w\" sizes=\"auto, (max-width: 640px) 100vw, 640px\" \/><em>Jos\u00e9 Mar\u00eda Mu\u00f1oz Quir\u00f3s<\/em><\/p>\n<h3 style=\"padding-left: 40px;\"><strong>Salmo en primavera<\/strong><\/h3>\n<p style=\"padding-left: 40px;\">Porque nacemos,<br \/>\nahora que es primavera,<br \/>\ny los d\u00edas se alargan<br \/>\ncomo una inmensa cinta<br \/>\nde luz,<br \/>\ncomo una incansable<br \/>\npresencia de secretos veneros,<br \/>\nla vida reconstruye<br \/>\nsus ef\u00edmeros pasos,<br \/>\ny se alarga en plenitud<br \/>\nhasta la c\u00faspide<br \/>\ndonde la cima del coraz\u00f3n alcanza<br \/>\nuna nube de p\u00e1jaros,<br \/>\ny el polen tembloroso<br \/>\nque cada flor emana<br \/>\ncon insondable color<br \/>\nen los jardines, se diluye<br \/>\nhasta morir en las corolas<br \/>\nde los parajes del mundo.<br \/>\nPorque nacemos,<br \/>\nnos convoca la m\u00fasica del tiempo,<br \/>\ny escuchamos la llegada<br \/>\nde los gorriones que retornan<br \/>\nhasta el \u00e1rbol secreto<br \/>\nque crece entristecido<br \/>\nen los bosques<br \/>\nque no conocen la memoria<br \/>\nde los lejanos para\u00edsos,<br \/>\nla transparencia<br \/>\nde los abismos donde se asoman<br \/>\nlos ni\u00f1os cuando sue\u00f1an.<br \/>\nPorque ahora<br \/>\nla fruta se colma<br \/>\ncon una plateada pulpa de cristal,<br \/>\ncon una gota de roc\u00edo<br \/>\nque se borda en las rosas,<br \/>\ny los d\u00edas<br \/>\nse sumergen en una desbandada<br \/>\nde claridad<br \/>\nque se pierde en las copas<br \/>\nde los \u00e1lamos blancos.<br \/>\nY all\u00ed est\u00e1n,<br \/>\ndescansando,<br \/>\ncon la insondable voz<br \/>\nque nos habla al o\u00eddo<br \/>\ndel coraz\u00f3n, que nos va<br \/>\ndibujando<br \/>\nla presencia de lo desconocido,<br \/>\nel misterio que ahora se hace<br \/>\npalabra, verbo esencial,<br \/>\ns\u00edlaba derramada<br \/>\nen m\u00ed, y me transforma,<br \/>\nme impulsa a crecer sobre el barro<br \/>\nde mi silencio con un grito<br \/>\nque suena en mi alma<br \/>\ny me abre pasadizos secretos,<br \/>\nlaberintos de espuma,<br \/>\ny un mar de amor<br \/>\nque descansa en las costas<br \/>\ndonde la arena quema<br \/>\nen los cuerpos que esperan<br \/>\notro sue\u00f1o de sol, otra ma\u00f1ana<br \/>\nazul, ahora que es primavera<br \/>\ny Dios se viste con el traje<br \/>\naugural de las flores, ahora<br \/>\nque estoy tambi\u00e9n floreciendo<br \/>\ncuando pensaba que nunca m\u00e1s<br \/>\ntendr\u00eda el \u00edmpetu que la savia<br \/>\ndel amor hace brotar en mi vida<br \/>\notro fruto maduro y encendido.<\/p>\n<p style=\"text-align: center;\"><img loading=\"lazy\" decoding=\"async\" class=\"aligncenter size-large wp-image-1379\" src=\"https:\/\/tiberiades.org\/wp-content\/uploads\/2019\/04\/3-1-1024x502.jpg\" alt=\"\" width=\"640\" height=\"314\" srcset=\"https:\/\/tiberiades.org\/wp-content\/uploads\/2019\/04\/3-1-1024x502.jpg 1024w, https:\/\/tiberiades.org\/wp-content\/uploads\/2019\/04\/3-1-300x147.jpg 300w, https:\/\/tiberiades.org\/wp-content\/uploads\/2019\/04\/3-1-768x376.jpg 768w, https:\/\/tiberiades.org\/wp-content\/uploads\/2019\/04\/3-1.jpg 1451w\" sizes=\"auto, (max-width: 640px) 100vw, 640px\" \/><em>Soledad S\u00e1nchez Mulas<\/em><\/p>\n<h3 style=\"padding-left: 40px;\"><strong>Hombre-polilla del siglo XXI<\/strong><\/h3>\n<p style=\"padding-left: 40px;\"><em>(V El Cireneo ayuda a Jes\u00fas a llevar la Cruz)<\/em><\/p>\n<p style=\"text-align: right;\">\u201cDichosas tus manos que se alzaron<br \/>\ny llevaron en procesi\u00f3n la cruz que se inclin\u00f3<br \/>\ny te dio la vida\u201d<br \/>\n(Efr\u00e9n el Sirio, <em>Himnos sobre la crucifixi\u00f3n<\/em> IX,1)<\/p>\n<p style=\"padding-left: 40px;\"><strong><br \/>\n<\/strong>Sobre el hielo morado de la tarde,<br \/>\ntus silenciosas manos<br \/>\nacarician la luz.<\/p>\n<p style=\"padding-left: 40px;\">Tus pies desnudos lloran.<\/p>\n<p style=\"padding-left: 40px;\">Eres apenas una flor deshecha<br \/>\nsobre el cemento gris.<br \/>\nOjos profundos de tanto precipicio,<br \/>\nlabios de sal<br \/>\nde tanta y tanta l\u00e1grima.<\/p>\n<p style=\"padding-left: 40px;\">Tan triste tu perfume,<br \/>\ntan largo el tiempo marcado en el reloj<br \/>\nde tus ojeras tristes.<\/p>\n<p style=\"padding-left: 40px;\">Hombre-polilla del siglo XXI asido a mi cintura,<br \/>\ncon tus ojos de sombra,<br \/>\ncon tu boca de miedo,<br \/>\ncon tu eterno temblor.<\/p>\n<p style=\"padding-left: 40px;\">Mudos escombros por todas las aceras,<br \/>\nsilenciosos capullos medrando en los cajeros,<br \/>\ndedos como car\u00e1mbanos hurgando en la basura,<br \/>\nlejos de m\u00ed,<br \/>\ndentro de ti,<br \/>\nen tus ojos.<\/p>\n<p style=\"padding-left: 40px;\">Me miras, Cristo m\u00edo, desde el ansia de su denso mirar.<\/p>\n<p style=\"padding-left: 40px;\">La vida ruge en el mojado asfalto,<br \/>\nlas voces pesan,<br \/>\nse empapa el coraz\u00f3n.<\/p>\n<p style=\"padding-left: 40px;\">Sordos ante el susurro cireneo:<br \/>\nSim\u00f3n detr\u00e1s de m\u00ed,<br \/>\nurgi\u00e9ndome a elevar el peso de su cuerpo,<br \/>\nel peso de tu cuerpo.<\/p>\n<p style=\"padding-left: 40px;\">A sostener tu cruz.<\/p>\n<p style=\"text-align: center;\"><img loading=\"lazy\" decoding=\"async\" class=\"aligncenter size-large wp-image-1380\" src=\"https:\/\/tiberiades.org\/wp-content\/uploads\/2019\/04\/4-1-1024x533.jpg\" alt=\"\" width=\"640\" height=\"333\" srcset=\"https:\/\/tiberiades.org\/wp-content\/uploads\/2019\/04\/4-1-1024x533.jpg 1024w, https:\/\/tiberiades.org\/wp-content\/uploads\/2019\/04\/4-1-300x156.jpg 300w, https:\/\/tiberiades.org\/wp-content\/uploads\/2019\/04\/4-1-768x399.jpg 768w, https:\/\/tiberiades.org\/wp-content\/uploads\/2019\/04\/4-1.jpg 1367w\" sizes=\"auto, (max-width: 640px) 100vw, 640px\" \/><em>Carmen Prada Alonso<\/em><\/p>\n<h3 style=\"padding-left: 40px;\"><strong>Varada<\/strong><\/h3>\n<p style=\"padding-left: 40px;\">Varada en el mar de tu luz,<br \/>\nbajo los rayos h\u00famedos del alba,<br \/>\nsiento el v\u00e9rtigo del j\u00fabilo<br \/>\nque me hace sonre\u00edr,<br \/>\npara que T\u00fa me sonr\u00edas.<br \/>\nEn este espiritual desierto<br \/>\nme llenas de amor sin plazos,<br \/>\nme siento ser, m\u00e1s que hacer,<br \/>\nme dejo seducir por ti,<br \/>\nrenazco y me renuevo,<br \/>\ny el n\u00e9ctar de siempre T\u00fa<br \/>\nme hace porci\u00f3n de tu pueblo.<br \/>\nTe escucho amorosamente,<br \/>\nsin distracciones,<br \/>\ny con firmeza proclamo tu primac\u00eda.<br \/>\nEn mi alfar est\u00e1 al solaz<br \/>\nla alcarraza que guardar\u00e1<br \/>\nla lluvia fresca de tu palabra,<br \/>\ny ofrecer\u00e9 agua al peregrino,<br \/>\ny el peregrino a otro peregrino,<br \/>\ncristianos unidos en tu amor,<br \/>\nsemillas que fecundan<br \/>\nel vientre de todas las tierras.<\/p>\n<p style=\"padding-left: 40px;\">Varada en el mar de tu luz<br \/>\nproclamo tu primac\u00eda.<\/p>\n<p style=\"text-align: center;\"><img loading=\"lazy\" decoding=\"async\" class=\"aligncenter size-large wp-image-1381\" src=\"https:\/\/tiberiades.org\/wp-content\/uploads\/2019\/04\/5-2-1024x546.jpg\" alt=\"\" width=\"640\" height=\"341\" srcset=\"https:\/\/tiberiades.org\/wp-content\/uploads\/2019\/04\/5-2-1024x546.jpg 1024w, https:\/\/tiberiades.org\/wp-content\/uploads\/2019\/04\/5-2-300x160.jpg 300w, https:\/\/tiberiades.org\/wp-content\/uploads\/2019\/04\/5-2-768x410.jpg 768w\" sizes=\"auto, (max-width: 640px) 100vw, 640px\" \/><em>Jos\u00e9 Amador Mart\u00edn<\/em><\/p>\n<h3 style=\"padding-left: 40px;\"><strong>Qu\u00e9 es la luz cuando oscurece\u2026<\/strong><\/h3>\n<p style=\"padding-left: 40px;\">\u00bfQu\u00e9 es la luz cuando oscurece la tarde y, perdidos,<br \/>\nnos aferramos a nuestro deseo \u00faltimo?<br \/>\n\u00bfEstamos hechos, acaso, de esa luz que se agota<br \/>\ncual candela en el reino de la indiferencia?<br \/>\n\u00bfEs acaso la espina de la Luz la que nos desgarra el alma,<br \/>\nla que nos vence?,<br \/>\n\u00bfo un rosario de ausencias sobre el alma que nos devuelve<br \/>\na nuestro tiempo de sombras\u2026?<br \/>\n\u00bfEs la Luz tu cara ensangrentada, la Luz de un\u00a0 hombre<br \/>\nvencido de dolor, en la cima del orbe?<\/p>\n<p style=\"padding-left: 40px;\">A tu luz, nuestro cuerpo de sombra, se nos muestra desnudo,<br \/>\nlleno de las espinas del desamparo.<br \/>\n\u00bfQu\u00e9 es la sombra? la espina de la falta de luz,<br \/>\nde los ojos cegados, del temor a la nada?<br \/>\n\u00bfLos ojos del asombro cuando todo se escapa?<br \/>\n\u00bfTu cara ensangrentada en la cima del\u00a0 Hombre?<br \/>\n\u00bf0 un tiempo tendido de jardines marchitos, un rosario<br \/>\nde ausencias cuando todo est\u00e1 escrito?<\/p>\n<p style=\"padding-left: 40px;\">Quiero encontrar al hombre en la cima del dolor,<br \/>\nal hombre sufriente que de rey fue coronado,<br \/>\nesa cima del dolor, interrogante, m\u00e1s all\u00e1 de ser Dios,<br \/>\nm\u00e1s all\u00e1 de ser hombre, al hombre en qu\u00e9 habitamos,<br \/>\nal hombre\u00a0 que habita en las infinitas cloacas del espanto,<br \/>\naquel que muere y enterramos cada d\u00eda,<br \/>\nal hombre que somos en el triunfo y el fracaso,<br \/>\nHombre coronado como rey y como esclavo<br \/>\nsobre el dolor de todos los humanos\u2026<\/p>\n<p style=\"padding-left: 40px;\">En tu imagen el sufrimiento es la espina diaria del dolor<br \/>\nincardinado en tu cuerpo, dolor que nos redime,<br \/>\nJes\u00fas de ayer y ahora, vino que apuramos en nuestra noche oscura<br \/>\nque se puebla de fantasmas y temores, el hombre que somos<br \/>\nen el rostro que nos duplica en el espejo, el encarnado<br \/>\nen las v\u00e9rtebras y en los corazones que resucitar\u00e1n alg\u00fan d\u00eda<br \/>\ncuando sean dados todos los abrazos que no pudimos dar,<br \/>\nen la memoria de los gestos.<\/p>\n<p style=\"padding-left: 40px;\">La cima del dolor es una pregunta inquisitiva<br \/>\nalzada al cielo desde el peso del madero sangrante y doloroso,<br \/>\nla suma de todo lo que nos ata\u00f1e m\u00e1s all\u00e1 de los d\u00edas<br \/>\ncon sus dioses circulando y asent\u00e1ndose en altares,<br \/>\ndeshaci\u00e9ndose en oros y monedas.<\/p>\n<p style=\"padding-left: 40px;\">\u00bfD\u00f3nde habitas, Cristo nuestro, d\u00f3nde est\u00e1 tu primera<br \/>\ny \u00faltima pregunta , d\u00f3nde tu corona de Rey?<br \/>\nLa corona que es\u00a0 gloria e Infierno, humillaci\u00f3n<br \/>\ny cielo de los hombres.<\/p>\n<p style=\"padding-left: 40px;\">La espina de la justicia nos dice que tenemos una ley<br \/>\ny seg\u00fan ella debe morir el hombre .<br \/>\nAqu\u00ed est\u00e1 el hombre, Jes\u00fas rendido y coronado de espinas,<br \/>\nobjeto de burlas\u2026 un fantoche, un gusano.<br \/>\nAquel gusano tronchado y medio muerto\u2026 \u00bfDonde est\u00e1 el Rey?<br \/>\nAcaso en el amor, rendido a la voluntad del Padre<br \/>\ny al amor incondicional a cada uno de nosotros.<br \/>\nSin entenderlo, en la espina de la Misericordia,<br \/>\nCristo reconstruye lo que los hombres destrozan con sus actos<\/p>\n<p style=\"padding-left: 40px;\">\u00bfCu\u00e1ntas veces, Cristo m\u00edo, hemos sido nosotros las espinas?<br \/>\n\u00bfCu\u00e1ntas, mi Dios y mi Rey?<\/p>\n<p style=\"text-align: center;\"><img loading=\"lazy\" decoding=\"async\" class=\"aligncenter size-large wp-image-1382\" src=\"https:\/\/tiberiades.org\/wp-content\/uploads\/2019\/04\/6-2-1024x524.jpg\" alt=\"\" width=\"640\" height=\"328\" srcset=\"https:\/\/tiberiades.org\/wp-content\/uploads\/2019\/04\/6-2-1024x524.jpg 1024w, https:\/\/tiberiades.org\/wp-content\/uploads\/2019\/04\/6-2-300x153.jpg 300w, https:\/\/tiberiades.org\/wp-content\/uploads\/2019\/04\/6-2-768x393.jpg 768w, https:\/\/tiberiades.org\/wp-content\/uploads\/2019\/04\/6-2.jpg 1390w\" sizes=\"auto, (max-width: 640px) 100vw, 640px\" \/><em>Juan Carlos Mart\u00edn<\/em><\/p>\n<h3 style=\"text-align: left; padding-left: 40px;\"><strong>Salmo 13<\/strong><\/h3>\n<p style=\"text-align: right; padding-left: 40px;\"><em>Para F., H. y familia<\/em><\/p>\n<p style=\"text-align: left; padding-left: 40px;\"><strong><br \/>\n<\/strong>Pido permiso para apretar los pu\u00f1os,<br \/>\npara agarrar piedras de aristas infinitas y desmenuzarlas en polvo de grana y negro.<br \/>\n(Podr\u00eda disolver pe\u00f1ascos de diamante con la furia de esta desaz\u00f3n sin cabeza).<br \/>\nDeja que agarre todas las hip\u00e9rboles, que las apriete clav\u00e1ndolas en mi pecho.<br \/>\nDame tregua para comerme todas las alharacas de huecos ancestrales,<br \/>\npara chapar con toda la estridencia las cancelas desde lo alto.<br \/>\nConc\u00e9deme, te ruego, aferrarme a ese hilo de concertina,<br \/>\ntirar de \u00e9l con fuerza, que caiga la sangre en mi boca, en tu suelo.<br \/>\nQuiero, por una vez aunque sea, berrear como un cr\u00edo,<br \/>\nmolestar con mocos tu regazo.<\/p>\n<p style=\"padding-left: 40px;\">Ma\u00f1ana, consentido quiz\u00e1s, volver\u00e9.<br \/>\nMa\u00f1ana sabr\u00e9 hasta cu\u00e1ndo.<br \/>\nAbandonar\u00e9 la m\u00edstica de la vaca que mira el tren pasar.<br \/>\nConocer\u00e9.<br \/>\nCantar\u00e9.<\/p>\n<p style=\"padding-left: 40px;\">Creo.<\/p>\n<p style=\"text-align: center;\"><img loading=\"lazy\" decoding=\"async\" class=\"aligncenter size-large wp-image-1383\" src=\"https:\/\/tiberiades.org\/wp-content\/uploads\/2019\/04\/7-2-1024x503.jpg\" alt=\"\" width=\"640\" height=\"314\" srcset=\"https:\/\/tiberiades.org\/wp-content\/uploads\/2019\/04\/7-2-1024x503.jpg 1024w, https:\/\/tiberiades.org\/wp-content\/uploads\/2019\/04\/7-2-300x147.jpg 300w, https:\/\/tiberiades.org\/wp-content\/uploads\/2019\/04\/7-2-768x377.jpg 768w, https:\/\/tiberiades.org\/wp-content\/uploads\/2019\/04\/7-2.jpg 1316w\" sizes=\"auto, (max-width: 640px) 100vw, 640px\" \/><em>Ver\u00f3nica Amat<br \/>\n<\/em><\/p>\n<h3 style=\"padding-left: 40px;\"><strong>Coronado de espino<\/strong><\/h3>\n<p style=\"padding-left: 40px;\">Oh \u00a1buen Jes\u00fas coronado de espino<br \/>\nclav\u00e1ndolo\u00a0 con sa\u00f1a en tu cabeza<br \/>\naquel sublime instante de grandeza<br \/>\nte hizo Rey de lo humano y lo Divino.<\/p>\n<p style=\"padding-left: 40px;\">Fue una golondrina la que vino<br \/>\na mitigar del odio la crudeza<br \/>\nllev\u00e1ndose en el pico con presteza<br \/>\nla espina que clav\u00f3 un asesino.<\/p>\n<p style=\"padding-left: 40px;\">Agradecida tu mirada triste<br \/>\nse hizo rosa la que fuera espina<br \/>\nante el asombro de la imp\u00eda gente.<\/p>\n<p style=\"padding-left: 40px;\">Al pensar hoy, Se\u00f1or, cuanto sufriste<br \/>\nquisiera ser como esa golondrina<br \/>\nsacando\u00a0 cada espina de tu frente.<\/p>\n<p style=\"text-align: center;\"><img loading=\"lazy\" decoding=\"async\" class=\"aligncenter size-large wp-image-1384\" src=\"https:\/\/tiberiades.org\/wp-content\/uploads\/2019\/04\/8-2-1024x593.jpg\" alt=\"\" width=\"640\" height=\"371\" srcset=\"https:\/\/tiberiades.org\/wp-content\/uploads\/2019\/04\/8-2-1024x593.jpg 1024w, https:\/\/tiberiades.org\/wp-content\/uploads\/2019\/04\/8-2-300x174.jpg 300w, https:\/\/tiberiades.org\/wp-content\/uploads\/2019\/04\/8-2-768x445.jpg 768w, https:\/\/tiberiades.org\/wp-content\/uploads\/2019\/04\/8-2.jpg 1242w\" sizes=\"auto, (max-width: 640px) 100vw, 640px\" \/><em>Araceli Sag\u00fcillo<\/em><\/p>\n<h3 style=\"text-align: left; padding-left: 40px;\"><em><br \/>\n<\/em><strong>Poema de la vida<\/strong><\/h3>\n<p style=\"text-align: left; padding-left: 40px;\">Se llega hasta el fondo de la vida<br \/>\nentre candor y besos escondidos,<br \/>\nentre suspiros y perdones,<br \/>\nderiva la batalla.<\/p>\n<p style=\"padding-left: 40px;\">Hemos pecado y perdonado<br \/>\nhasta la imaginaci\u00f3n m\u00e1s severa,<br \/>\nhemos vivido en el contraste<br \/>\nagridulce de los siglos,<br \/>\ntragando palabras y llorando<br \/>\nhacia adentro.<\/p>\n<p style=\"padding-left: 40px;\">Se secaron los \u00e1rboles ante el deterioro<br \/>\nde nuestra sombra,<br \/>\ny queda solo un abedul<br \/>\nrobando a su propio coraz\u00f3n.<\/p>\n<p style=\"padding-left: 40px;\">En \u00e9l la fuerza de las noches,<br \/>\nlas tormentas sin sol, las lluvias<br \/>\nborrando gestos de alg\u00fan dolor.<br \/>\nNadie conoce las se\u00f1as de la vida,<br \/>\nni encontr\u00f3 el misterioso destino,<br \/>\nadormecido y resignado.<\/p>\n<p style=\"padding-left: 40px;\">Nadie est\u00e1 seguro cuando escucha<br \/>\nsu propia historia, en boca de otros labios.<br \/>\nHay palabras que nunca se dicen,<br \/>\nporque son impronunciables,<br \/>\nsin embargo sirven,<br \/>\npara el deslumbramiento de alg\u00fan<br \/>\nsobresalto.<\/p>\n<p style=\"text-align: center;\"><img loading=\"lazy\" decoding=\"async\" class=\"aligncenter size-large wp-image-1385\" src=\"https:\/\/tiberiades.org\/wp-content\/uploads\/2019\/04\/9-1024x524.jpg\" alt=\"\" width=\"640\" height=\"328\" srcset=\"https:\/\/tiberiades.org\/wp-content\/uploads\/2019\/04\/9-1024x524.jpg 1024w, https:\/\/tiberiades.org\/wp-content\/uploads\/2019\/04\/9-300x153.jpg 300w, https:\/\/tiberiades.org\/wp-content\/uploads\/2019\/04\/9-768x393.jpg 768w, https:\/\/tiberiades.org\/wp-content\/uploads\/2019\/04\/9.jpg 1390w\" sizes=\"auto, (max-width: 640px) 100vw, 640px\" \/><em>Elena D\u00edaz Santana<\/em><\/p>\n<h3 style=\"padding-left: 40px;\"><strong>Todo es luz en ese instante<\/strong><\/h3>\n<p style=\"padding-left: 40px;\">No s\u00e9 desde donde me hablas, Se\u00f1or,<br \/>\npara zarandear mi quietud y hacerme temblar.<br \/>\nDime, Padre, d\u00f3nde encontrar lo sagrado<br \/>\nen el ruidoso fragor de los d\u00edas,<br \/>\nd\u00f3nde el silencio y el tiempo demorado<br \/>\npara escucharte<br \/>\ny hallar en la caricia de tu voz,<br \/>\nlas brasas con que ofrendar al hombre,<br \/>\nque porta, como t\u00fa, acacias en su frente,<br \/>\nya sin flor y sin espinas.<br \/>\nYo humilde poeta,<br \/>\ndeseo encontrarme contigo<br \/>\nen el refugio de la palabra,<br \/>\ny sentir a su arrullo,<br \/>\nque hay razones para la esperanza,<br \/>\naunque el camino sea angosto,<br \/>\no hayan profanado lo m\u00e1s puro.<br \/>\nConf\u00edo en el abrigo de tus alas,<br \/>\nsobrevolando el albo territorio donde escribo,<br \/>\npues semejante al de tu pecho,<br \/>\nes su cobijo.<br \/>\nSoy poeta que escribe en la orilla de la mar,<br \/>\nall\u00ed donde encallan los sue\u00f1os,<br \/>\nque todos mis versos pertenecen al hombre<br \/>\ny nacieron para honrarte.<\/p>\n<p style=\"text-align: center;\"><img loading=\"lazy\" decoding=\"async\" class=\"aligncenter size-large wp-image-1386\" src=\"https:\/\/tiberiades.org\/wp-content\/uploads\/2019\/04\/10-1024x490.jpg\" alt=\"\" width=\"640\" height=\"306\" srcset=\"https:\/\/tiberiades.org\/wp-content\/uploads\/2019\/04\/10-1024x490.jpg 1024w, https:\/\/tiberiades.org\/wp-content\/uploads\/2019\/04\/10-300x144.jpg 300w, https:\/\/tiberiades.org\/wp-content\/uploads\/2019\/04\/10-768x367.jpg 768w, https:\/\/tiberiades.org\/wp-content\/uploads\/2019\/04\/10.jpg 1373w\" sizes=\"auto, (max-width: 640px) 100vw, 640px\" \/><em>Jos\u00e9 Antonio Valle Alonso<\/em><\/p>\n<h3 style=\"padding-left: 40px;\"><strong>Debi\u00f3 de ser un d\u00eda en primavera<\/strong><\/h3>\n<p style=\"padding-left: 40px;\"><strong><br \/>\n<\/strong>Debi\u00f3 de ser un d\u00eda en primavera<br \/>\n\u00a1Tan azulado, Amor, Tan azulado!<br \/>\nEns\u00e9\u00f1ame a mirar a cielo abierto,<br \/>\neste cielo del alma que derramo.<br \/>\nEn las riveras del sue\u00f1o desl\u00edzate<br \/>\npor los pliegues humildes del descanso.<br \/>\nTiende tu melod\u00eda inacabada,<br \/>\nsiempre en germinaci\u00f3n, tiende tu b\u00e1lsamo.<br \/>\nEsta ma\u00f1ana, esta mirada limpia,<br \/>\nal cielo que serena mi voz y hablo<br \/>\nsin titubeos, calma, el aire lleno<br \/>\nde inocencia, de luz, abierto al grano<br \/>\nde la palabra, as\u00ed, sola en la entrega<br \/>\ncercana para el vuelo bien templado.<br \/>\nEsta ma\u00f1ana, ahora, esta ma\u00f1ana,<br \/>\na voleo los ojos y los labios.<br \/>\nDebi\u00f3 de ser un d\u00eda en primavera,<br \/>\nun d\u00eda como el de hoy, lleno de p\u00e1jaros.<\/p>\n<p style=\"text-align: center;\"><img loading=\"lazy\" decoding=\"async\" class=\"aligncenter size-large wp-image-1387\" src=\"https:\/\/tiberiades.org\/wp-content\/uploads\/2019\/04\/11-1024x521.jpg\" alt=\"\" width=\"640\" height=\"326\" srcset=\"https:\/\/tiberiades.org\/wp-content\/uploads\/2019\/04\/11-1024x521.jpg 1024w, https:\/\/tiberiades.org\/wp-content\/uploads\/2019\/04\/11-300x153.jpg 300w, https:\/\/tiberiades.org\/wp-content\/uploads\/2019\/04\/11-768x391.jpg 768w, https:\/\/tiberiades.org\/wp-content\/uploads\/2019\/04\/11.jpg 1399w\" sizes=\"auto, (max-width: 640px) 100vw, 640px\" \/><em>Francisco Javier S\u00e1nchez<\/em><\/p>\n<h3 style=\"padding-left: 40px;\"><strong>Cristo del Calvario\u00a0\u00a0\u00a0\u00a0\u00a0\u00a0\u00a0 <\/strong><\/h3>\n<p style=\"padding-left: 40px;\">(de Gabriela\u00a0 Mistral)<\/p>\n<p style=\"padding-left: 40px;\">En esta tarde, Cristo del Calvario,<br \/>\nvine a rogarte por mi carne enferma;<br \/>\npero, al verte, mis ojos van y vienen<br \/>\nde tu cuerpo a mi cuerpo con verg\u00fcenza.<\/p>\n<p style=\"padding-left: 40px;\">\u00bfC\u00f3mo quejarme de mis pies cansados,<br \/>\ncuando veo los tuyos destrozados?<br \/>\n\u00bfC\u00f3mo mostrarte mis manos vac\u00edas,<br \/>\ncuando las tuyas est\u00e1n llenas de heridas?<\/p>\n<p style=\"padding-left: 40px;\">\u00bfC\u00f3mo explicarte a ti mi soledad,<br \/>\ncuando en la cruz alzado y solo est\u00e1s?<br \/>\n\u00bfC\u00f3mo explicarte que no tengo amor,<br \/>\ncuando tienes rasgado el coraz\u00f3n?<\/p>\n<p style=\"padding-left: 40px;\">Ahora ya no me acuerdo de nada,<br \/>\nhuyeron de m\u00ed todas mis dolencias.<br \/>\nEl \u00edmpetu del ruego que tra\u00eda<br \/>\nse me ahoga en la boca pedig\u00fce\u00f1a.<\/p>\n<p style=\"padding-left: 40px;\">Y s\u00f3lo pido no pedirte nada,<br \/>\nestar aqu\u00ed, junto a tu imagen muerta,<br \/>\nir aprendiendo que el dolor es s\u00f3lo<br \/>\nla llave santa de tu santa puerta.<\/p>\n<p style=\"padding-left: 40px;\">Am\u00e9n<\/p>\n<p style=\"text-align: center;\"><img loading=\"lazy\" decoding=\"async\" class=\"aligncenter size-large wp-image-1388\" src=\"https:\/\/tiberiades.org\/wp-content\/uploads\/2019\/04\/12-1024x552.jpg\" alt=\"\" width=\"640\" height=\"345\" srcset=\"https:\/\/tiberiades.org\/wp-content\/uploads\/2019\/04\/12-1024x552.jpg 1024w, https:\/\/tiberiades.org\/wp-content\/uploads\/2019\/04\/12-300x162.jpg 300w, https:\/\/tiberiades.org\/wp-content\/uploads\/2019\/04\/12-768x414.jpg 768w, https:\/\/tiberiades.org\/wp-content\/uploads\/2019\/04\/12.jpg 1318w\" sizes=\"auto, (max-width: 640px) 100vw, 640px\" \/><em>Gloria S\u00e1nchez<\/em><\/p>\n<h3 style=\"padding-left: 40px;\"><strong>A ciegas<\/strong><\/h3>\n<p style=\"padding-left: 40px;\">Baj\u00f3 para m\u00ed una estrella.<br \/>\nA ciegas&#8230;<br \/>\nCuando caminaba a ciegas,<br \/>\nLa noche baj\u00f3 una estrella,<br \/>\nDesvel\u00f3 el secreto oculto<br \/>\nDeslumbrando mi interior,<br \/>\nY camin\u00e9 con ella a ciegas&#8230;<br \/>\nY Aquel infinito Ausente<br \/>\nQue en mi alma persistente<br \/>\nSin esfuerzo se instal\u00f3<br \/>\nSiendo el Due\u00f1o de mi vida,<br \/>\nProfundiz\u00f3 en su mirada<br \/>\nY con manos entra\u00f1ables<br \/>\nAcarici\u00e1ndome el alma<br \/>\nDesbarat\u00f3 la penumbra,<br \/>\n\u00a1Y ya no fue m\u00e1s ausente!<br \/>\nNo hay distancia que lo aleje,<br \/>\nNo hay misterio que lo oculte,<br \/>\nNo hay ceguera que lo ignore.<br \/>\nSu apariencia es humildad<br \/>\nY su humildad esperanza p<br \/>\nQue adorna su dignidad.<br \/>\nEl da sosiego y reposo,<br \/>\nY al rescoldo de Su hoguera<br \/>\nPresiento su proximidad,<br \/>\nY latido tras latido<br \/>\nProfundiza lentamente<br \/>\nColm\u00e1ndome de su Gracia,<br \/>\nQuitando as\u00ed la ceguera,<br \/>\nOfreciendo la ma\u00f1ana<br \/>\nCon la aurora que la envuelve<br \/>\nComenzando un nuevo d\u00eda<br \/>\nQue regala sin dudar<br \/>\nLa bendici\u00f3n de Su paz.<br \/>\n\u00a1Que esa aurora sosegada<br \/>\nBaj\u00f3 para m\u00ed una estrella<br \/>\nY ya no camino a ciegas<br \/>\nQue se ilumin\u00f3 mi noche&#8230;<br \/>\nCon la Promesa m\u00e1s bella!<\/p>\n<p style=\"text-align: center;\"><img loading=\"lazy\" decoding=\"async\" class=\"aligncenter size-large wp-image-1389\" src=\"https:\/\/tiberiades.org\/wp-content\/uploads\/2019\/04\/13-1024x508.jpg\" alt=\"\" width=\"640\" height=\"318\" srcset=\"https:\/\/tiberiades.org\/wp-content\/uploads\/2019\/04\/13-1024x508.jpg 1024w, https:\/\/tiberiades.org\/wp-content\/uploads\/2019\/04\/13-300x149.jpg 300w, https:\/\/tiberiades.org\/wp-content\/uploads\/2019\/04\/13-768x381.jpg 768w, https:\/\/tiberiades.org\/wp-content\/uploads\/2019\/04\/13.jpg 1436w\" sizes=\"auto, (max-width: 640px) 100vw, 640px\" \/><em>Sof\u00eda Montero Garc\u00eda<\/em><\/p>\n<h3 style=\"padding-left: 40px;\"><strong>Esencia\u00a0 del sentir<\/strong><\/h3>\n<p style=\"padding-left: 40px;\">Duerme el viento<br \/>\nen el silencio de un amanecer,<br \/>\nde una voz eterna<br \/>\nque clama en mi piel:<br \/>\npaz para la vida.<br \/>\nDestellos de cielo<br \/>\nbrotan en mi ser,<br \/>\nabierto a un mar<br \/>\nde azules sentimientos.<br \/>\nCaminos de justicia<em><br \/>\n<\/em>surcan palabras<br \/>\nde aliento y libertad.<br \/>\nCristo, con su ejemplo,<br \/>\ngu\u00eda mi sentir<br \/>\ncon la verdad del amor<br \/>\npara vivir la esencia<br \/>\nde un nuevo pensamiento.<\/p>\n<p style=\"text-align: center;\"><img loading=\"lazy\" decoding=\"async\" class=\"aligncenter size-large wp-image-1390\" src=\"https:\/\/tiberiades.org\/wp-content\/uploads\/2019\/04\/14-1024x520.jpg\" alt=\"\" width=\"640\" height=\"325\" srcset=\"https:\/\/tiberiades.org\/wp-content\/uploads\/2019\/04\/14-1024x520.jpg 1024w, https:\/\/tiberiades.org\/wp-content\/uploads\/2019\/04\/14-300x152.jpg 300w, https:\/\/tiberiades.org\/wp-content\/uploads\/2019\/04\/14-768x390.jpg 768w, https:\/\/tiberiades.org\/wp-content\/uploads\/2019\/04\/14.jpg 1793w\" sizes=\"auto, (max-width: 640px) 100vw, 640px\" \/><em>Leopoldo L. Sampr\u00f3n<\/em><\/p>\n<h3 style=\"padding-left: 40px;\"><strong>Testamento<\/strong><\/h3>\n<p style=\"padding-left: 40px;\">Os dejo la vida<br \/>\nsentada en la puerta<br \/>\npara que la llev\u00e9is<br \/>\nal lado del parque<br \/>\ny que todos los ni\u00f1os<br \/>\njueguen con ella.<\/p>\n<p style=\"padding-left: 40px;\">Os dejo el cari\u00f1o<br \/>\ncolgado en los \u00e1rboles<br \/>\nbajo un roto paisaje<br \/>\nde luna y de agua.<\/p>\n<p style=\"padding-left: 40px;\">Os dejo los versos<br \/>\ncon aroma de trapo<br \/>\nhablando pausadamente<br \/>\ncon anacronismos en la boca,<br \/>\ny la imagen del mar en sus ojos<br \/>\npara mirar dentro<br \/>\nde una inacabada melod\u00eda.<\/p>\n<p style=\"padding-left: 40px;\">Os dejo en el r\u00edo,<br \/>\nun cielo brumoso<br \/>\ncon gaviotas verdes<br \/>\nde horizontes marinos.<\/p>\n<p style=\"padding-left: 40px;\">Os dejo en la mesa<br \/>\nel dolor oscuro del pecho<br \/>\ny el plato vac\u00edo que quiere<br \/>\nllenarse de sol y de olas inmensas.<\/p>\n<p style=\"padding-left: 40px;\">Y en la calle os dejo<br \/>\nun bosque de abrazos<br \/>\norilleado de flores<br \/>\nnacidas del cierzo.<\/p>\n<p style=\"padding-left: 40px;\">Os dejo la tarde<br \/>\ny el sol de las cuatro<br \/>\ny la Biblia abierta<br \/>\npara que la oigan<br \/>\nen la plaza del pueblo<br \/>\ny crean su historia.<\/p>\n<p style=\"padding-left: 40px;\">Os dejo un vac\u00edo<br \/>\nllorando en el viento;<br \/>\ny con la luz en las pupilas,<br \/>\ncamaradas\u2026<br \/>\nme marcho en silencio.<\/p>\n<p style=\"padding-left: 40px;\">En el desv\u00e1n<br \/>\nse quedan los sue\u00f1os<br \/>\ncon alma de nieve,<br \/>\nesos, tambi\u00e9n os los dejo<\/p>\n<p style=\"text-align: center;\"><img loading=\"lazy\" decoding=\"async\" class=\"aligncenter size-large wp-image-1391\" src=\"https:\/\/tiberiades.org\/wp-content\/uploads\/2019\/04\/15-1024x574.jpg\" alt=\"\" width=\"640\" height=\"359\" srcset=\"https:\/\/tiberiades.org\/wp-content\/uploads\/2019\/04\/15-1024x574.jpg 1024w, https:\/\/tiberiades.org\/wp-content\/uploads\/2019\/04\/15-300x168.jpg 300w, https:\/\/tiberiades.org\/wp-content\/uploads\/2019\/04\/15-768x430.jpg 768w, https:\/\/tiberiades.org\/wp-content\/uploads\/2019\/04\/15.jpg 1048w\" sizes=\"auto, (max-width: 640px) 100vw, 640px\" \/><em>Marian de Vicente<\/em><\/p>\n<h3 style=\"padding-left: 40px;\"><strong>Ante la corona de espinas<\/strong><\/h3>\n<p style=\"padding-left: 40px;\">Miramos al censor, al que legisla, al escriba, al fariseo, al que juzga, al que vuelve la espalda, al que se lava las manos, al que mira y se calla, al hip\u00f3crita, al tibio, al que mancilla, al que teme perder poder, control; al que niega o traiciona\u2026 apuntamos a otros, miramos a otro lado, y as\u00ed nos alejamos de mirar a la cara a todo lo que anida, m\u00e1s o menos velado, tambi\u00e9n en nuestro yo.<\/p>\n<p style=\"padding-left: 40px;\">\u00bfC\u00f3mo ir desengarzando<br \/>\nde tal corona espinas sin dolor?<br \/>\nPero t\u00fa nos llamaste a la alegr\u00eda<\/p>\n<p style=\"padding-left: 40px;\">Despojado, Se\u00f1or, y coronado<br \/>\nde espinas que forjaron nuestras manos.<br \/>\nPor cada espina, un gesto<br \/>\ntuyo nos interpela: si clavamos<br \/>\nuna espina, tus ojos<br \/>\nnos ense\u00f1an a ver,<br \/>\na contemplar al otro; si clavamos<br \/>\nuna espina, tus manos<br \/>\nnos sanan, nos liberan; si clavamos<br \/>\nuna espina, multiplicas t\u00fa el pan,<br \/>\nhaces vino del agua.<br \/>\nDespiertas al dormido,<br \/>\nte apiadas del peque\u00f1o, del herido,<br \/>\ndel aislado, del triste, del postrado,<br \/>\nde la mujer que juzgan<br \/>\nlos que no se miraron a s\u00ed mismos,<br \/>\ndevuelves a la viuda<br \/>\na su hijo perdido.<br \/>\ny haces descender<br \/>\nal ofensor, ahora el ofendido,<br \/>\nque se alza para verte, y le conviertes.<\/p>\n<p style=\"padding-left: 40px;\">Si clavamos<br \/>\nuna espina, nos haces<br \/>\ndescender,<br \/>\nte alojas en nosotros,<br \/>\nnos conviertes, nos das<br \/>\nla vida que no cesa.<br \/>\nY contigo, ya en ti, resucitamos.<\/p>\n<p style=\"padding-left: 40px;\">All\u00ed donde forjamos<br \/>\ntu corona de espinas, t\u00fa nos muestras<br \/>\ntu reinado de Amor, el que perdura.<\/p>\n<p style=\"padding-left: 40px;\">Vuelvo la vista. Trato<br \/>\nde perseguir tus huellas,<br \/>\ntu tiempo caminando, y voy<br \/>\npoco a poco, una a una,<br \/>\narranc\u00e1ndote espinas.<\/p>\n<p style=\"padding-left: 40px;\">\u00bfC\u00f3mo desengarzar<br \/>\nsin dolor las espinas?<\/p>\n<p style=\"padding-left: 40px;\">Por cada ser que empieza a ver,<br \/>\npor cada ser que se despierta,<br \/>\npor cada ser que recupera<br \/>\nla voz y la palabra;<br \/>\npor cada ser que vuelve a caminar,<br \/>\nque se pone en camino;<br \/>\npor cada ser que cae y se levanta,<br \/>\npor cada ser que es visto y es mirado,<br \/>\nque es reconocido,<br \/>\nque es atendido, que recobra<br \/>\nsu altura y dignidad,<br \/>\nque recobra la vida;<br \/>\npor cada ser que sana cuerpo y alma,<br \/>\nque calma su hambre y sed<br \/>\nde alimento, palabra y esperanza;<br \/>\npor cada ser que cobra confianza,<br \/>\nque recobra inocencia,<br \/>\nque es purificado, liberado,<br \/>\nvan cayendo, una a una, las espinas.<\/p>\n<p style=\"text-align: center;\"><img loading=\"lazy\" decoding=\"async\" class=\"aligncenter size-full wp-image-1392\" src=\"https:\/\/tiberiades.org\/wp-content\/uploads\/2019\/04\/16.jpg\" alt=\"\" width=\"630\" height=\"400\" srcset=\"https:\/\/tiberiades.org\/wp-content\/uploads\/2019\/04\/16.jpg 630w, https:\/\/tiberiades.org\/wp-content\/uploads\/2019\/04\/16-300x190.jpg 300w\" sizes=\"auto, (max-width: 630px) 100vw, 630px\" \/><em>Manuel Corral<\/em><\/p>\n<h3 style=\"text-align: left; padding-left: 40px;\"><em><br \/>\n<\/em><strong>Recordando a Teresa, la andariega<\/strong><\/h3>\n<p style=\"padding-left: 40px;\">Se\u00f1or,<br \/>\nnecesito o\u00edr tu voz clara<br \/>\npara orientarme en el camino<br \/>\ny llegar a tu ventana, ver tu rostro,<br \/>\nperderme en tu mirada.<\/p>\n<p style=\"padding-left: 40px;\">Pero grita, alza la voz, no te calles,<br \/>\naunque rompas tu garganta.<br \/>\nTe busqu\u00e9 desde las cumbres,<br \/>\nno te hall\u00e9 en casa extra\u00f1a,<br \/>\nrecorr\u00ed los campos yermos, desolados,<br \/>\nsilenciosos, tratando de escuchar el aire<br \/>\nporque aguardo tu llegada.<\/p>\n<p style=\"padding-left: 40px;\">\u00a1Ven Jes\u00fas!, que sin Ti todo me falta.<br \/>\nPorque te anhelo, Maestro,<br \/>\nmientras tanto, aparejo<br \/>\nen los lomos de la ac\u00e9mila mi carga.<\/p>\n<p style=\"text-align: center;\"><img loading=\"lazy\" decoding=\"async\" class=\"aligncenter size-full wp-image-1393\" src=\"https:\/\/tiberiades.org\/wp-content\/uploads\/2019\/04\/17.jpg\" alt=\"\" width=\"630\" height=\"420\" srcset=\"https:\/\/tiberiades.org\/wp-content\/uploads\/2019\/04\/17.jpg 630w, https:\/\/tiberiades.org\/wp-content\/uploads\/2019\/04\/17-300x200.jpg 300w, https:\/\/tiberiades.org\/wp-content\/uploads\/2019\/04\/17-272x182.jpg 272w\" sizes=\"auto, (max-width: 630px) 100vw, 630px\" \/><em>Samuel Escobar<\/em><\/p>\n<h3 style=\"padding-left: 40px;\"><strong>All\u00e1 va Jos\u00e9 Luis<\/strong><\/h3>\n<p style=\"padding-left: 40px;\"><strong><br \/>\n<\/strong>All\u00e1 va Jos\u00e9 Luis:<br \/>\nrecorriendo su Espa\u00f1a<br \/>\no las rutas de Am\u00e9rica<br \/>\ncon empe\u00f1o sin par.<\/p>\n<p style=\"padding-left: 40px;\">All\u00e1 va Jos\u00e9 Luis:<br \/>\npara que la Palabra<br \/>\nllegue a muchas m\u00e1s gentes<br \/>\ncon estilo sin par.<\/p>\n<p style=\"padding-left: 40px;\">All\u00e1 va Jos\u00e9 Luis:<br \/>\nufano negociando con unos<br \/>\ny con otros:<br \/>\n\u00a1Qu\u00e9 af\u00e1n de difundir!<\/p>\n<p style=\"padding-left: 40px;\">Hoy por todos los medios<br \/>\ntiene que difundirse<br \/>\nde Jes\u00fas el mensaje:<br \/>\n\u00a1Y all\u00e1 va Jos\u00e9 Luis!<\/p>\n<p style=\"padding-left: 40px;\"><em>Valencia, abril 2019<\/em><\/p>\n<p style=\"text-align: center;\"><img loading=\"lazy\" decoding=\"async\" class=\"aligncenter size-large wp-image-1394\" src=\"https:\/\/tiberiades.org\/wp-content\/uploads\/2019\/04\/18-1024x540.jpg\" alt=\"\" width=\"640\" height=\"338\" srcset=\"https:\/\/tiberiades.org\/wp-content\/uploads\/2019\/04\/18-1024x540.jpg 1024w, https:\/\/tiberiades.org\/wp-content\/uploads\/2019\/04\/18-300x158.jpg 300w, https:\/\/tiberiades.org\/wp-content\/uploads\/2019\/04\/18-768x405.jpg 768w, https:\/\/tiberiades.org\/wp-content\/uploads\/2019\/04\/18.jpg 1331w\" sizes=\"auto, (max-width: 640px) 100vw, 640px\" \/><em>Alfredo P\u00e9rez Alencart<\/em><\/p>\n<h3 style=\"padding-left: 40px;\"><strong>Renuente a la discordia<\/strong><\/h3>\n<p style=\"padding-left: 40px;\">Traspasas<br \/>\nlas noches de tormenta<br \/>\nusando atajos<br \/>\npara no toparte con<br \/>\nperros furiosos.<\/p>\n<p style=\"padding-left: 40px;\">Entre ladrido y ladrido<br \/>\ncierras los ojos<\/p>\n<p style=\"padding-left: 40px;\">y oras por ellos,<br \/>\npara que no se desesperen<br \/>\ncuando te sepan<br \/>\nfeliz,<\/p>\n<p style=\"padding-left: 40px;\">abriendo un regalo<br \/>\nque ni siquiera solicitaste.<\/p>\n<p style=\"padding-left: 40px;\">\u00c9se que sale en fuga<br \/>\neres t\u00fa, renuente<br \/>\na la discordia<\/p>\n<p style=\"padding-left: 40px;\">pero en firme abrazo<br \/>\ncon nuestro Amado<br \/>\ngalileo.<\/p>\n<p><em>(para Jos\u00e9 Luis Andavert)<\/em><\/p>\n<figure id=\"attachment_1395\" aria-describedby=\"caption-attachment-1395\" style=\"width: 640px\" class=\"wp-caption aligncenter\"><img loading=\"lazy\" decoding=\"async\" class=\"wp-image-1395 size-large\" src=\"https:\/\/tiberiades.org\/wp-content\/uploads\/2019\/04\/19-Alencart-Andavert-y-Fern\u00e1ndez-1024x470.jpg\" alt=\"\" width=\"640\" height=\"294\" srcset=\"https:\/\/tiberiades.org\/wp-content\/uploads\/2019\/04\/19-Alencart-Andavert-y-Fern\u00e1ndez-1024x470.jpg 1024w, https:\/\/tiberiades.org\/wp-content\/uploads\/2019\/04\/19-Alencart-Andavert-y-Fern\u00e1ndez-300x138.jpg 300w, https:\/\/tiberiades.org\/wp-content\/uploads\/2019\/04\/19-Alencart-Andavert-y-Fern\u00e1ndez-768x353.jpg 768w, https:\/\/tiberiades.org\/wp-content\/uploads\/2019\/04\/19-Alencart-Andavert-y-Fern\u00e1ndez.jpg 1422w\" sizes=\"auto, (max-width: 640px) 100vw, 640px\" \/><figcaption id=\"caption-attachment-1395\" class=\"wp-caption-text\">Alencart, Andavert y Fern\u00e1ndez<\/figcaption><\/figure>\n<figure id=\"attachment_1396\" aria-describedby=\"caption-attachment-1396\" style=\"width: 640px\" class=\"wp-caption aligncenter\"><img loading=\"lazy\" decoding=\"async\" class=\"wp-image-1396 size-large\" src=\"https:\/\/tiberiades.org\/wp-content\/uploads\/2019\/04\/20-Montero-S\u00e1nchez-D\u00edaz-Prada-y-Alencar-en-la-entrada-del-Aula-Magna-1024x498.jpg\" alt=\"\" width=\"640\" height=\"311\" srcset=\"https:\/\/tiberiades.org\/wp-content\/uploads\/2019\/04\/20-Montero-S\u00e1nchez-D\u00edaz-Prada-y-Alencar-en-la-entrada-del-Aula-Magna-1024x498.jpg 1024w, https:\/\/tiberiades.org\/wp-content\/uploads\/2019\/04\/20-Montero-S\u00e1nchez-D\u00edaz-Prada-y-Alencar-en-la-entrada-del-Aula-Magna-300x146.jpg 300w, https:\/\/tiberiades.org\/wp-content\/uploads\/2019\/04\/20-Montero-S\u00e1nchez-D\u00edaz-Prada-y-Alencar-en-la-entrada-del-Aula-Magna-768x374.jpg 768w, https:\/\/tiberiades.org\/wp-content\/uploads\/2019\/04\/20-Montero-S\u00e1nchez-D\u00edaz-Prada-y-Alencar-en-la-entrada-del-Aula-Magna.jpg 1449w\" sizes=\"auto, (max-width: 640px) 100vw, 640px\" \/><figcaption id=\"caption-attachment-1396\" class=\"wp-caption-text\">Montero, S\u00e1nchez, D\u00edaz, Prada y Alencar, en la entrada del Aula Magna<\/figcaption><\/figure>\n","protected":false},"excerpt":{"rendered":"<p>El pasado 6 de abril se celebr\u00f3 el X Encuentro Cristiano de Literatura, en un acto realizado en el Aula Magna de la Facultad de Filolog\u00eda de la Universidad de Salamanca. Este encuentro, organizado por la Asociaci\u00f3n Cultural \u00a0Evang\u00e9lica Jorge Borrow, cont\u00f3 con el apoyo de TIBER\u00cdADES, Red Iberoamericana de Poetas y Cr\u00edticos Literarios Cristianos. Aqu\u00ed los textos presentados para [&hellip;]<\/p>\n","protected":false},"author":2,"featured_media":1377,"comment_status":"open","ping_status":"closed","sticky":false,"template":"","format":"standard","meta":{"footnotes":""},"categories":[19],"tags":[],"class_list":["post-1398","post","type-post","status-publish","format-standard","has-post-thumbnail","hentry","category-poemas-de"],"_links":{"self":[{"href":"https:\/\/tiberiades.org\/index.php?rest_route=\/wp\/v2\/posts\/1398","targetHints":{"allow":["GET"]}}],"collection":[{"href":"https:\/\/tiberiades.org\/index.php?rest_route=\/wp\/v2\/posts"}],"about":[{"href":"https:\/\/tiberiades.org\/index.php?rest_route=\/wp\/v2\/types\/post"}],"author":[{"embeddable":true,"href":"https:\/\/tiberiades.org\/index.php?rest_route=\/wp\/v2\/users\/2"}],"replies":[{"embeddable":true,"href":"https:\/\/tiberiades.org\/index.php?rest_route=%2Fwp%2Fv2%2Fcomments&post=1398"}],"version-history":[{"count":5,"href":"https:\/\/tiberiades.org\/index.php?rest_route=\/wp\/v2\/posts\/1398\/revisions"}],"predecessor-version":[{"id":1403,"href":"https:\/\/tiberiades.org\/index.php?rest_route=\/wp\/v2\/posts\/1398\/revisions\/1403"}],"wp:featuredmedia":[{"embeddable":true,"href":"https:\/\/tiberiades.org\/index.php?rest_route=\/wp\/v2\/media\/1377"}],"wp:attachment":[{"href":"https:\/\/tiberiades.org\/index.php?rest_route=%2Fwp%2Fv2%2Fmedia&parent=1398"}],"wp:term":[{"taxonomy":"category","embeddable":true,"href":"https:\/\/tiberiades.org\/index.php?rest_route=%2Fwp%2Fv2%2Fcategories&post=1398"},{"taxonomy":"post_tag","embeddable":true,"href":"https:\/\/tiberiades.org\/index.php?rest_route=%2Fwp%2Fv2%2Ftags&post=1398"}],"curies":[{"name":"wp","href":"https:\/\/api.w.org\/{rel}","templated":true}]}}