{"id":148,"date":"2019-02-16T18:34:15","date_gmt":"2019-02-16T18:34:15","guid":{"rendered":"http:\/\/tiberiades.org\/?p=148"},"modified":"2019-02-18T11:44:08","modified_gmt":"2019-02-18T11:44:08","slug":"poemas-de-j-t-parreira","status":"publish","type":"post","link":"https:\/\/tiberiades.org\/?p=148","title":{"rendered":"Poemas de J. T. Parreira"},"content":{"rendered":"\n<p class=\"wp-block-paragraph\"><em>A modo de\nhomenaje al Rey David y al destacado poeta portugu\u00e9s fallecido el a\u00f1o pasado,\naqu\u00ed traduzco seis textos suyos, in\u00e9ditos por completo en castellano. Formar\u00e1n\nparte de la antolog\u00eda suya, \u201cPaso del mar Rojo\u201d, primer libro que editar\u00e1 muy\npronto Tiber\u00edades Ediciones (A. P. Alencart).<\/em><\/p>\n\n\n\n<figure class=\"wp-block-image\"><img loading=\"lazy\" decoding=\"async\" width=\"600\" height=\"600\" src=\"https:\/\/tiberiades.org\/wp-content\/uploads\/2019\/02\/Jo\u00e3o-Tomaz-Parreira.jpg\" alt=\"\" class=\"wp-image-155\" srcset=\"https:\/\/tiberiades.org\/wp-content\/uploads\/2019\/02\/Jo\u00e3o-Tomaz-Parreira.jpg 600w, https:\/\/tiberiades.org\/wp-content\/uploads\/2019\/02\/Jo\u00e3o-Tomaz-Parreira-150x150.jpg 150w, https:\/\/tiberiades.org\/wp-content\/uploads\/2019\/02\/Jo\u00e3o-Tomaz-Parreira-300x300.jpg 300w, https:\/\/tiberiades.org\/wp-content\/uploads\/2019\/02\/Jo\u00e3o-Tomaz-Parreira-400x400.jpg 400w\" sizes=\"auto, (max-width: 600px) 100vw, 600px\" \/><figcaption>Jo\u00e3o Tomaz Parreira<\/figcaption><\/figure>\n\n\n\n<p class=\"wp-block-paragraph\"><strong>DAVID<br>  <\/strong><br> Nenhum homem esteve mais perto<br> de Deus do que David<br> por raz\u00e3o da m\u00fasica e seus salmos<br> Quando tocava<br> a harpa, era Deus que respirava<br> Deus desfazia o sil\u00eancio nos dedos de David.<br><br><br><strong><em>DAVID<br>  <\/em><\/strong><em><br> Ning\u00fan hombre estuvo m\u00e1s cerca<br> de Dios que David<br> por raz\u00f3n de la m\u00fasica y sus salmos <br> Cuando tocaba <br> el arpa, era Dios que respiraba<br> Dios deshac\u00eda el silencio en los dedos de David.<\/em><\/p>\n\n\n\n<div class=\"wp-block-image\"><figure class=\"aligncenter is-resized\"><img loading=\"lazy\" decoding=\"async\" src=\"https:\/\/tiberiades.org\/wp-content\/uploads\/2019\/02\/1-1024x1024.jpg\" alt=\"\" class=\"wp-image-170\" width=\"491\" height=\"491\" srcset=\"https:\/\/tiberiades.org\/wp-content\/uploads\/2019\/02\/1-1024x1024.jpg 1024w, https:\/\/tiberiades.org\/wp-content\/uploads\/2019\/02\/1-150x150.jpg 150w, https:\/\/tiberiades.org\/wp-content\/uploads\/2019\/02\/1-300x300.jpg 300w, https:\/\/tiberiades.org\/wp-content\/uploads\/2019\/02\/1-768x768.jpg 768w, https:\/\/tiberiades.org\/wp-content\/uploads\/2019\/02\/1-400x400.jpg 400w, https:\/\/tiberiades.org\/wp-content\/uploads\/2019\/02\/1.jpg 1200w\" sizes=\"auto, (max-width: 491px) 100vw, 491px\" \/><\/figure><\/div>\n\n\n\n<div class=\"wp-block-media-text alignwide has-media-on-the-right\" style=\"grid-template-columns:auto 37%\"><figure class=\"wp-block-media-text__media\"><img loading=\"lazy\" decoding=\"async\" width=\"250\" height=\"380\" src=\"https:\/\/tiberiades.org\/wp-content\/uploads\/2019\/02\/6par.jpg\" alt=\"\" class=\"wp-image-154\" srcset=\"https:\/\/tiberiades.org\/wp-content\/uploads\/2019\/02\/6par.jpg 250w, https:\/\/tiberiades.org\/wp-content\/uploads\/2019\/02\/6par-197x300.jpg 197w\" sizes=\"auto, (max-width: 250px) 100vw, 250px\" \/><\/figure><div class=\"wp-block-media-text__content\">\n<p class=\"wp-block-paragraph\"><strong>DAVID E BATE-SEBA<br> <\/strong><br> Quem sou eu para condenar-te, David?<br> N\u00e3o soubeste segurar os teus olhos<br> se como duas aves em busca da cor<br> os lan\u00e7aste? Desceram da tua varandaa<br> o encontro da nudez<br> do amor.<br><em><br> <strong>DAVID Y BETSAB\u00c9<br>  <\/strong><br> \u00bfQui\u00e9n soy yo para condenarte, David?<br> \u00bfNo supiste contener tus ojos <br> si como dos aves en busca del color <br> los lanzaste? Bajaron de tu terraza<br> al encuentro de la desnudez<br> del amor.<\/em><\/p>\n<\/div><\/div>\n\n\n\n<p class=\"wp-block-paragraph\"><strong>A ESTRELA DE DAVID<br> <br> <\/strong> E fez uma estrela de David<br> Bordou-a como se fosse uma flor<br> ou uma palavra no casaco<br> Disse agora v\u00ea-se que pertences<br> ao Seu povo escolhido<br><br> Para qu\u00ea? Foi o que disseram<br> a palidez e a&nbsp;inf\u00e2ncia dos seus olhos.<br><em><br> 16-03-2014<\/em><\/p>\n\n\n\n<p class=\"wp-block-paragraph\"><em> <\/em><strong>LA ESTRELLA DE DAVID<br> <br>  <\/strong><em>E hizo una estrella de David<\/em><br><em> La bord\u00f3 como si fuese una flor<\/em><br><em> o una palabra en la chaqueta<\/em><br><em> E fez uma estrela de David<\/em><br><em> Ahora dice se ve que perteneces <\/em><br><em> a Su pueblo elegido<\/em><br><em> <\/em><br><em> \u00bfPara qu\u00e9? Fue los que dijeron<\/em><br><em> La palidez y la infancia de sus ojos.<\/em><\/p>\n\n\n\n<figure class=\"wp-block-image\"><img loading=\"lazy\" decoding=\"async\" width=\"512\" height=\"650\" src=\"https:\/\/tiberiades.org\/wp-content\/uploads\/2019\/02\/M.jpg\" alt=\"\" class=\"wp-image-169\" srcset=\"https:\/\/tiberiades.org\/wp-content\/uploads\/2019\/02\/M.jpg 512w, https:\/\/tiberiades.org\/wp-content\/uploads\/2019\/02\/M-236x300.jpg 236w\" sizes=\"auto, (max-width: 512px) 100vw, 512px\" \/><\/figure>\n\n\n\n<p class=\"wp-block-paragraph\"><strong>SALMO QUE PODERIA SER DE DAVID<br> <br> <\/strong><br> Mesmo que o vento apague<br> com altas nuvens o perfil dos montes<br> e sozinhos os meus olhos cheguem<br> ao fundo<br> de mim mesmo e n\u00e3o encontrem nada<br> E uma chuva cai das \u00e1rvores<br> folhas e \u00e1gua oxidem o outono<br> e as palavras que esperaba<br> se fechem na corola por faltar o sol<br> al\u00e7arei o meu cora\u00e7\u00e3o<br> \u00e0 beira dos c\u00e9uses<br> perarei de l\u00e1 <br> Quem me socorre<br><br><br><br><strong><em>SALMO QUE PODR\u00cdA SER DE DAVID<br> <\/em><\/strong><em><br> Aunque el viento apague<br> con altas nubes el perfil de los montes<br> y solitos mis ojos lleguen <br> al fondo <br> de m\u00ed mismo y no encuentren nada<br> Y una lluvia cae de los \u00e1rboles<br> hojas y agua oxiden el oto\u00f1o <br> y las palabras que esperaba<br> se cierren en la corola porque les falta el sol<br> levantar\u00e9 mi coraz\u00f3n<br> a la orilla de los cielos<br> esperar\u00e9 de all\u00ed<br> Quien me socorra<br> <\/em><\/p>\n\n\n\n<figure class=\"wp-block-image is-resized\"><img loading=\"lazy\" decoding=\"async\" src=\"https:\/\/tiberiades.org\/wp-content\/uploads\/2019\/02\/5par-746x1024.jpg\" alt=\"\" class=\"wp-image-153\" width=\"521\" height=\"715\" srcset=\"https:\/\/tiberiades.org\/wp-content\/uploads\/2019\/02\/5par-746x1024.jpg 746w, https:\/\/tiberiades.org\/wp-content\/uploads\/2019\/02\/5par-218x300.jpg 218w, https:\/\/tiberiades.org\/wp-content\/uploads\/2019\/02\/5par-768x1055.jpg 768w, https:\/\/tiberiades.org\/wp-content\/uploads\/2019\/02\/5par.jpg 1082w\" sizes=\"auto, (max-width: 521px) 100vw, 521px\" \/><\/figure>\n\n\n\n<p class=\"wp-block-paragraph\"> <strong>A LI\u00c7\u00c3O DE M\u00daSICA<br> <\/strong><br> Mas quando David enviava os sons da harpa<br> para os c\u00e9us, a harpa seduzida<br> pelos seus dedos, um sorriso<br> assomava ao esp\u00edrito de Saul.<br> Baixavam os olhos ao cora\u00e7\u00e3o sangu\u00edneo<br> via dentro de si o tranquilo<br> consolo que a m\u00fasica fazia, a m\u00e3o<br> que levava odor a jard\u00edn<br> ao mesmo tempo que as pombas<br> se desprendiam das cordas<br> assim velava a harpa de David.<\/p>\n\n\n\n<p class=\"wp-block-paragraph\"><strong><em>LA LECCI\u00d3N DE M\u00daSICA<br> <br> <\/em><\/strong><em> Pero cuando David enviaba los sonidos del arpa<br> hacia los cielos, el arpa seducida <br> por sus dedos, una sonrisa <br> asomaba al esp\u00edritu de Sa\u00fal.<br> Bajaban los ojos al coraz\u00f3n sangu\u00edneo<br> v\u00eda dentro de s\u00ed el tranquilo <br> consuelo que la m\u00fasica ofrec\u00eda, la mano <br> que llevaba aroma a jard\u00edn <br> al mismo tiempo que las palomas <br> se deshac\u00edan de las cuerdas <br> as\u00ed velaba el arpa de David.<\/em><\/p>\n\n\n\n<figure class=\"wp-block-image\"><img loading=\"lazy\" decoding=\"async\" width=\"430\" height=\"640\" src=\"https:\/\/tiberiades.org\/wp-content\/uploads\/2019\/02\/3-El-rey-David-Marc-Chagall.jpg\" alt=\"\" class=\"wp-image-152\" srcset=\"https:\/\/tiberiades.org\/wp-content\/uploads\/2019\/02\/3-El-rey-David-Marc-Chagall.jpg 430w, https:\/\/tiberiades.org\/wp-content\/uploads\/2019\/02\/3-El-rey-David-Marc-Chagall-202x300.jpg 202w\" sizes=\"auto, (max-width: 430px) 100vw, 430px\" \/><figcaption>El rey David, Marc Chagall<\/figcaption><\/figure>\n\n\n\n<p class=\"wp-block-paragraph\"> <strong>ELEGIA DE DAVID QUANDO PERDEU UM&nbsp;FILHO<br>  <br> <\/strong> Se eu encostar a minha lira ao sil\u00eancio<br> apaziguarei a minha dor?<br> <br> Decretaste, Senhor, a\u00ed em cima,<br> poupar a vida da crian\u00e7a?<br> N\u00e3o est\u00e3o nuas ainda as minhas preces?<br> Os meus l\u00e1bios movem-se em&nbsp;sobressaltos<br> &nbsp;<br> De saco e cinza me visto&nbsp;e na terra me deito<br> emerge dos meus poros a agua<br> da tristeza e o sangue desta minha dor<br> que reverte ao cora\u00e7\u00e3o<br> &nbsp;<br> \u00d3 meu cora\u00e7\u00e3o isolado do mundo<br> <br> Porque morreu o menino, com a mesma&nbsp;pureza<br> com que vive um p\u00e1ssaro<br> at\u00e9 cair da sua linha invis\u00edvel do c\u00e9u<br> &nbsp;<br> A sua vida vai deixar a mina<br> poderei eu faz\u00ea-la voltar?<br> &nbsp;<br> \u00d3 pequena criatura, que foste a&nbsp;figura\u00e7\u00e3o<br> do meu amor inacabado<br> Eu um dia irei para ti, por\u00e9m tu<br> n\u00e3o voltar\u00e1s para mim<br>  &nbsp;<br> <em>10\/5\/2013<br> <\/em><br>  <br> <strong><em>ELEGIA DE DAVID CUANDO PERDI\u00d3 UN HIJO<br>   <\/em><\/strong><em><br> Si yo aparco mi lira al silencio<br> \u00bfapaciguar\u00e9 mi dolor?<br> <br> \u00bfDecretaste, Se\u00f1or, ah\u00ed arriba,<br> ahorrar la vida de la criatura?<br> \u00bfTodav\u00eda no est\u00e1n desnudas mi oraciones?<br> Mis labios se mueven en sobresaltos<br> <br> De traje y ceniza me visto y en la tierra me echo<br> emerge de mis poros el agua<br> de la tristeza y la sangre de este mi dolor<br> que revierte al coraz\u00f3n<br> <br> Oh mi coraz\u00f3n aislado del mundo<br> <br> Porque muri\u00f3 el ni\u00f1o con la misma pureza<br> con la que vive un p\u00e1jaro<br> hasta caer de su l\u00ednea invisible del cielo<br> <br> Su vida va a dejar la m\u00eda<br> \u00bfpodr\u00e9 yo hacerla volver?<br> Oh peque\u00f1a criatura, que fuiste la figuraci\u00f3n <br> de mi amor inacabado<br> Yo un d\u00eda ir\u00e9 por ti puesto que t\u00fa<br> no volver\u00e1s a m\u00ed<br> <\/em><br> &nbsp;<br> <em>10\/5\/2013<br> <br> <\/em><br> <strong>Traducciones de A. P. Alencart<br> <\/strong><br><br><\/p>\n\n\n\n<figure class=\"wp-block-image\"><img loading=\"lazy\" decoding=\"async\" width=\"1023\" height=\"532\" src=\"https:\/\/tiberiades.org\/wp-content\/uploads\/2019\/02\/1-J.-T.-Parreira.jpg\" alt=\"\" class=\"wp-image-150\" srcset=\"https:\/\/tiberiades.org\/wp-content\/uploads\/2019\/02\/1-J.-T.-Parreira.jpg 1023w, https:\/\/tiberiades.org\/wp-content\/uploads\/2019\/02\/1-J.-T.-Parreira-300x156.jpg 300w, https:\/\/tiberiades.org\/wp-content\/uploads\/2019\/02\/1-J.-T.-Parreira-768x399.jpg 768w\" sizes=\"auto, (max-width: 1023px) 100vw, 1023px\" \/><figcaption>Jo\u00e3o Tomaz Parreira<\/figcaption><\/figure>\n\n\n\n<p class=\"wp-block-paragraph\"><strong><em>J. T. PARREIRA <\/em><\/strong><em>(1947, Lisboa-2018, Aveiro)<\/em><strong><em>. <\/em><\/strong><em>Uno de los m\u00e1s importantes poetas evang\u00e9licos en lengua portuguesa. En vida public\u00f3 seis libros impresos de poes\u00eda (<\/em>Este Rosto do Ex\u00edlio<em>,1973; <\/em>Pedra Debru\u00e7ada no C\u00e9u<em>, 1975; <\/em>P\u00e1ssaros Aprendendo para Sempre<em>, 1993; <\/em>Contagem de Estrelas<em>, 1996; <\/em>Os Sapatos de Auschwitz<em>, 2008; y <\/em>Encomenda a Stravinsky<em>, 2011 ). Tambi\u00e9n los siguientes E-books que pueden descargarse libremente en web: \u201cFalando entre v\u00f3s com Salmos: C\u00e2nticos Dav\u00eddicos\u201d, \u201cNa Ilha Chamada Triste\u201d, \u201cAquele de cuja m\u00e3o fugiu o Anjo\u201d, \u201cQuando era menino lia o Salmo Oitavo\u201d, \u201cNove Penas para Sylvia Plath\u201d y \u201cAs Crian\u00e7as do Holocausto\u201d, entre 2010 y 2013. En Rio de Janeiro, particip\u00f3 en la Antologia da Nova Poesia Evang\u00e9lica (1977). Tambi\u00e9n un ensayo teol\u00f3gico (<\/em>O Quarto Evangelho-Aproxima\u00e7\u00e3o ao Pr\u00f3logo<em>, 1988). Desde 1964 escribi\u00f3 en la revista evang\u00e9lica \u201cNovas de Alegria\u201d desde 1964. Periodista independiente en semanarios regionales y revistas mensuales de \u00edndole cultural y religiosa, donde escribi\u00f3 sobre artes pl\u00e1sticas, literatura e teolog\u00eda. En 1974 propici\u00f3 con Joanyr de Oliveira, en Brasil y ambos com Jos\u00e9 Brissos-Lino en Portugal el movimiento por la Nueva Poes\u00eda Evang\u00e9lica.Est\u00e1 presente en el Projecto Vercial, la mayor base de datos de la literatura portuguesa.<\/em><\/p>\n\n\n\n<pre class=\"wp-block-preformatted\"><em>Las\npinturas del Rey David son de Chagall.<\/em><\/pre>\n","protected":false},"excerpt":{"rendered":"<p>A modo de homenaje al Rey David y al destacado poeta portugu\u00e9s fallecido el a\u00f1o pasado, aqu\u00ed traduzco seis textos suyos, in\u00e9ditos por completo en castellano. Formar\u00e1n parte de la antolog\u00eda suya, \u201cPaso del mar Rojo\u201d, primer libro que editar\u00e1 muy pronto Tiber\u00edades Ediciones (A. P. Alencart). DAVID Nenhum homem esteve mais perto de Deus do que David por raz\u00e3o [&hellip;]<\/p>\n","protected":false},"author":2,"featured_media":155,"comment_status":"open","ping_status":"closed","sticky":false,"template":"","format":"standard","meta":{"footnotes":""},"categories":[4,3,22,19],"tags":[17,16],"class_list":["post-148","post","type-post","status-publish","format-standard","has-post-thumbnail","hentry","category-alfredo-perez-alencart","category-colaboraciones","category-j-t-parreira","category-poemas-de","tag-j-t-parreira","tag-poemas"],"_links":{"self":[{"href":"https:\/\/tiberiades.org\/index.php?rest_route=\/wp\/v2\/posts\/148","targetHints":{"allow":["GET"]}}],"collection":[{"href":"https:\/\/tiberiades.org\/index.php?rest_route=\/wp\/v2\/posts"}],"about":[{"href":"https:\/\/tiberiades.org\/index.php?rest_route=\/wp\/v2\/types\/post"}],"author":[{"embeddable":true,"href":"https:\/\/tiberiades.org\/index.php?rest_route=\/wp\/v2\/users\/2"}],"replies":[{"embeddable":true,"href":"https:\/\/tiberiades.org\/index.php?rest_route=%2Fwp%2Fv2%2Fcomments&post=148"}],"version-history":[{"count":8,"href":"https:\/\/tiberiades.org\/index.php?rest_route=\/wp\/v2\/posts\/148\/revisions"}],"predecessor-version":[{"id":223,"href":"https:\/\/tiberiades.org\/index.php?rest_route=\/wp\/v2\/posts\/148\/revisions\/223"}],"wp:featuredmedia":[{"embeddable":true,"href":"https:\/\/tiberiades.org\/index.php?rest_route=\/wp\/v2\/media\/155"}],"wp:attachment":[{"href":"https:\/\/tiberiades.org\/index.php?rest_route=%2Fwp%2Fv2%2Fmedia&parent=148"}],"wp:term":[{"taxonomy":"category","embeddable":true,"href":"https:\/\/tiberiades.org\/index.php?rest_route=%2Fwp%2Fv2%2Fcategories&post=148"},{"taxonomy":"post_tag","embeddable":true,"href":"https:\/\/tiberiades.org\/index.php?rest_route=%2Fwp%2Fv2%2Ftags&post=148"}],"curies":[{"name":"wp","href":"https:\/\/api.w.org\/{rel}","templated":true}]}}