{"id":1511,"date":"2019-04-29T08:32:50","date_gmt":"2019-04-29T07:32:50","guid":{"rendered":"http:\/\/tiberiades.org\/?p=1511"},"modified":"2019-04-29T08:53:18","modified_gmt":"2019-04-29T07:53:18","slug":"luis-cruz-villalobos","status":"publish","type":"post","link":"https:\/\/tiberiades.org\/?p=1511","title":{"rendered":"Luis Cruz-Villalobos"},"content":{"rendered":"<h3 style=\"padding-left: 40px;\"><strong>ATISBO A TU INMENSIDAD<\/strong><\/h3>\n<p style=\"padding-left: 40px;\">Si te miro<br \/>\ntodo se embellece<br \/>\nY no es com\u00fan que lo haga<\/p>\n<p style=\"padding-left: 40px;\">Si te miro<\/p>\n<p style=\"padding-left: 40px;\">\u00a1Se\u00f1or<br \/>\nqu\u00e9 hermoso eres!<\/p>\n<p style=\"padding-left: 40px;\">Un atisbo<br \/>\nUn mirar casi de reojo<br \/>\nUn peque\u00f1o roce con mi pupila<\/p>\n<p style=\"padding-left: 40px;\">\u00a1Se\u00f1or<br \/>\nque inmenso eres!<\/p>\n<p style=\"padding-left: 40px;\">Un atisbo a tu inmensidad<br \/>\nY todo cambia<br \/>\ncomo de la tierra al cielo<\/p>\n<p style=\"padding-left: 40px;\">Si te miro<br \/>\ntodo se ilumina<br \/>\nY no es com\u00fan que lo haga<\/p>\n<p style=\"padding-left: 40px;\">Si te miro<\/p>\n<p style=\"padding-left: 40px;\">\u00a1Se\u00f1or<br \/>\nqu\u00e9 distinto eres!<\/p>\n<p style=\"padding-left: 40px;\">Que otro<br \/>\nQue totalmente otro eres<\/p>\n<p style=\"padding-left: 40px;\">Si miro mi cara<br \/>\nMi rostro y mi luz<br \/>\nNada<\/p>\n<p style=\"padding-left: 40px;\">Si miro a otros<br \/>\nNada<\/p>\n<p style=\"padding-left: 40px;\">\u00a1Se\u00f1or<br \/>\nqu\u00e9 \u00fanico eres!<\/p>\n<p style=\"padding-left: 40px;\">Un atisbo a tu inmensidad<br \/>\ny todo cambia<br \/>\nEl cielo baja<br \/>\ny la tierra sube<br \/>\ny yo en ella<\/p>\n<p style=\"padding-left: 40px;\">\u00a1Se\u00f1or<br \/>\nqu\u00e9 tierno eres!<\/p>\n<p style=\"padding-left: 40px;\">Una mirada somera<br \/>\nRecatada<br \/>\nCasi furtiva<br \/>\ny todo se llena de Ti<br \/>\ny respiro<br \/>\nsiendo otro<br \/>\nNuevo<br \/>\nEsperanzadoramente nuevo<\/p>\n<p style=\"padding-left: 40px;\">All\u00ed T\u00fa<br \/>\nInmensamente personal e infinito<\/p>\n<p style=\"padding-left: 40px;\">Aqu\u00ed yo<br \/>\nPeque\u00f1amente personal y finito<\/p>\n<p style=\"padding-left: 40px;\">All\u00ed T\u00fa<br \/>\nGloria primera y \u00faltima<\/p>\n<p style=\"padding-left: 40px;\">Aqu\u00ed yo<br \/>\nVanidad de hoy<\/p>\n<p style=\"padding-left: 40px;\">\u00a1Se\u00f1or<br \/>\nqu\u00e9 glorioso eres!<\/p>\n<p style=\"padding-left: 40px;\">\u00a1Se\u00f1or<br \/>\nqu\u00e9 vac\u00edo y ef\u00edmero soy<br \/>\nante tu presencia!<\/p>\n<p style=\"padding-left: 40px;\">Y un atisbo<br \/>\nUn suspiro<br \/>\nUna gota en mi frente<br \/>\nUn beso solar<br \/>\nY todo est\u00e1 all\u00ed<br \/>\ny luego ac\u00e1<\/p>\n<p style=\"padding-left: 40px;\">Luego un gesto m\u00edo<br \/>\ndirigido a Ti<br \/>\nUn te quiero y un gracias<\/p>\n<p style=\"padding-left: 40px;\">\u00a1Se\u00f1or<br \/>\nqu\u00e9 amorosamente santo eres!<\/p>\n<p style=\"padding-left: 40px;\">\n<figure id=\"attachment_1509\" aria-describedby=\"caption-attachment-1509\" style=\"width: 640px\" class=\"wp-caption aligncenter\"><img loading=\"lazy\" decoding=\"async\" class=\"size-large wp-image-1509\" src=\"https:\/\/tiberiades.org\/wp-content\/uploads\/2019\/04\/2-Foto-de-Jos\u00e9-Amador-Mart\u00edn-1024x685.jpg\" alt=\"\" width=\"640\" height=\"428\" srcset=\"https:\/\/tiberiades.org\/wp-content\/uploads\/2019\/04\/2-Foto-de-Jos\u00e9-Amador-Mart\u00edn-1024x685.jpg 1024w, https:\/\/tiberiades.org\/wp-content\/uploads\/2019\/04\/2-Foto-de-Jos\u00e9-Amador-Mart\u00edn-300x201.jpg 300w, https:\/\/tiberiades.org\/wp-content\/uploads\/2019\/04\/2-Foto-de-Jos\u00e9-Amador-Mart\u00edn-768x513.jpg 768w, https:\/\/tiberiades.org\/wp-content\/uploads\/2019\/04\/2-Foto-de-Jos\u00e9-Amador-Mart\u00edn-272x182.jpg 272w, https:\/\/tiberiades.org\/wp-content\/uploads\/2019\/04\/2-Foto-de-Jos\u00e9-Amador-Mart\u00edn.jpg 2048w\" sizes=\"auto, (max-width: 640px) 100vw, 640px\" \/><figcaption id=\"caption-attachment-1509\" class=\"wp-caption-text\">Foto de Jos\u00e9 Amador Mart\u00edn<\/figcaption><\/figure>\n<p style=\"padding-left: 40px;\"><strong>\u00a0<\/strong><\/p>\n<h3 style=\"padding-left: 40px;\"><strong>ORACIONES EN ALG\u00daN DESIERTO<\/strong><\/h3>\n<p style=\"padding-left: 40px;\">I<\/p>\n<p style=\"padding-left: 40px;\">Mi pecho sabe a arenas extensas<br \/>\nMi pecho est\u00e1 seco<br \/>\nal caminar largos a\u00f1os<br \/>\nY su sencillez de claro madero<br \/>\nse ha gastado<\/p>\n<p style=\"padding-left: 40px;\">Estoy triste<br \/>\nY desde estas tierras de dunas<br \/>\ny soles aguerridos<br \/>\nTe lanzo estas piedrecitas a tu ventana<br \/>\nAlto vitral de tu invisible casa<\/p>\n<p style=\"padding-left: 40px;\">Aqu\u00ed me tienes<br \/>\nPobre como siempre<br \/>\nDiluido en dolores ocultos<br \/>\ncon una carga nueva<br \/>\nUn cansancio que sabe a pena<\/p>\n<p style=\"padding-left: 40px;\">Estoy opaco<br \/>\nPor no verte como quisiera<br \/>\nPor sentirte tan callado<br \/>\nTan expectante por m\u00ed<br \/>\nPor m\u00ed<br \/>\nQue no s\u00e9 distinguir entre mis manos<br \/>\nQue no s\u00e9 leer el viento<br \/>\nni cantar alegre en medio de la lluvia<\/p>\n<p style=\"padding-left: 40px;\">M\u00edrame mi Dios<br \/>\nVe estos ojos pardos<br \/>\ngastados de mirar el horizonte<br \/>\nque siempre se aleja<br \/>\nCansado de amar<br \/>\nPoco y todo<br \/>\nNada y menos<\/p>\n<p style=\"padding-left: 40px;\">Ven a mi noche<br \/>\nA mi desierto<br \/>\ndesde donde a Ti clamo<br \/>\ncomo quien lanza piedrecitas<br \/>\na la ventana de la amada<br \/>\nen plena noche<br \/>\nSilenciosa<br \/>\nSo\u00f1olienta<br \/>\nPara que se inicie el encuentro<br \/>\nluminosamente tibio<br \/>\nFurtivo y por poco<br \/>\neterno.<\/p>\n<p style=\"padding-left: 40px;\">III<\/p>\n<p style=\"padding-left: 40px;\">Varias veces has llegado a mi choza<br \/>\ncon tus obsequios de vida y de luz<br \/>\nYo estupefacto<br \/>\nme he levantado<br \/>\ny no sabiendo qu\u00e9 decir<br \/>\nte he besado los pies<br \/>\nque misteriosamente no cubres<\/p>\n<p style=\"padding-left: 40px;\">Varias veces me has venido a ver<br \/>\npor las noches<br \/>\njusto en medio de mis pesadillas<br \/>\ny con tu brazo de padre<br \/>\nhas espantado a los que me espantaban<br \/>\ncomo quien aparta las moscas<br \/>\nde un peque\u00f1o panecillo de miel<\/p>\n<p style=\"padding-left: 40px;\">Varias veces me has dicho al o\u00eddo<br \/>\nque me amas<br \/>\nque me tienes gran cari\u00f1o<br \/>\ny yo te he respondido con dos o tres l\u00e1grimas<br \/>\ny T\u00fa has sabido entender<br \/>\ny me has alzado como el ni\u00f1o que soy<br \/>\npara Ti.<\/p>\n<p style=\"padding-left: 40px;\">\n<figure id=\"attachment_1510\" aria-describedby=\"caption-attachment-1510\" style=\"width: 640px\" class=\"wp-caption aligncenter\"><img loading=\"lazy\" decoding=\"async\" class=\"size-large wp-image-1510\" src=\"https:\/\/tiberiades.org\/wp-content\/uploads\/2019\/04\/3-Jos\u00e9-Amador-Mart\u00edn-1024x684.jpg\" alt=\"\" width=\"640\" height=\"428\" srcset=\"https:\/\/tiberiades.org\/wp-content\/uploads\/2019\/04\/3-Jos\u00e9-Amador-Mart\u00edn-1024x684.jpg 1024w, https:\/\/tiberiades.org\/wp-content\/uploads\/2019\/04\/3-Jos\u00e9-Amador-Mart\u00edn-300x200.jpg 300w, https:\/\/tiberiades.org\/wp-content\/uploads\/2019\/04\/3-Jos\u00e9-Amador-Mart\u00edn-768x513.jpg 768w, https:\/\/tiberiades.org\/wp-content\/uploads\/2019\/04\/3-Jos\u00e9-Amador-Mart\u00edn-272x182.jpg 272w, https:\/\/tiberiades.org\/wp-content\/uploads\/2019\/04\/3-Jos\u00e9-Amador-Mart\u00edn.jpg 1788w\" sizes=\"auto, (max-width: 640px) 100vw, 640px\" \/><figcaption id=\"caption-attachment-1510\" class=\"wp-caption-text\">Foto de Jos\u00e9 Amador Mart\u00edn<\/figcaption><\/figure>\n<h3 style=\"padding-left: 40px;\"><strong>DIOS ROJO<\/strong><\/h3>\n<p style=\"padding-left: 40px;\"><em><br \/>\nA Patricia<br \/>\n<\/em><br \/>\nEn esos d\u00edas lejanos<strong><br \/>\n<\/strong>de descontentos y utop\u00edas<strong><br \/>\n<\/strong>Dios decidi\u00f3 sumarse <strong><br \/>\n<\/strong>a las filas de la roja revoluci\u00f3n<\/p>\n<p style=\"padding-left: 40px;\">Era extra\u00f1o en \u00c9l<strong><br \/>\n<\/strong>apoyar una causa tan dura<strong><br \/>\n<\/strong>Especialmente una causa <strong><br \/>\n<\/strong>donde se le consideraba ausente por definici\u00f3n<strong><br \/>\n<\/strong>Pero all\u00ed estaba<strong><br \/>\n<\/strong>Uno m\u00e1s en las huestes<strong><br \/>\n<\/strong>que luchar\u00edan por el pueblo<strong><br \/>\n<\/strong>hasta que el pueblo<strong><br \/>\n<\/strong>fuese lo que siempre debi\u00f3 ser<strong><br \/>\n<\/strong>Su propio due\u00f1o<strong><br \/>\n<\/strong>libre y soberano<\/p>\n<p style=\"padding-left: 40px;\">Record\u00f3 <strong><br \/>\n<\/strong>para motivarse<strong><br \/>\n<\/strong>Esos p\u00e1rrafos de San Lucas<strong><br \/>\n<\/strong>donde describ\u00eda a la primera comunidad<strong><br \/>\n<\/strong>de nazarenos en Jerusal\u00e9n<strong><br \/>\n<\/strong>como hermanos y hermanas<strong><br \/>\n<\/strong>que vend\u00edan todo lo suyo<strong><br \/>\n<\/strong>Personal <strong><br \/>\n<\/strong>Privado <strong><br \/>\n<\/strong>Para hacerlo nuestro<strong><br \/>\n<\/strong>De todos y cada uno<strong><br \/>\n<\/strong>y le encontr\u00f3 m\u00e1s sentido<strong><br \/>\n<\/strong>a su gesto de ut\u00f3pica decisi\u00f3n<\/p>\n<p style=\"padding-left: 40px;\">All\u00ed estaba Dios<strong><br \/>\n<\/strong>siendo adiestrado <strong><br \/>\n<\/strong>por esos j\u00f3venes so\u00f1adores<strong><br \/>\n<\/strong>que hab\u00edan llegado desde la isla<strong><br \/>\n<\/strong>y manejaban al dedillo<strong><br \/>\n<\/strong>Rifles y fusiles<strong><br \/>\n<\/strong>Bombas y explosivos<strong><br \/>\n<\/strong>En fin <strong><br \/>\n<\/strong>Herramientas del cambio<strong><br \/>\n<\/strong>Recursos para la roja transformaci\u00f3n<\/p>\n<p style=\"padding-left: 40px;\">Dios ten\u00eda sus dudas<strong><br \/>\n<\/strong>en especial <strong><br \/>\n<\/strong>cuando aprendi\u00f3 a ocupar<strong><br \/>\n<\/strong>aquellos cuchillos<strong><br \/>\n<\/strong>de filo sin igual<strong><br \/>\n<\/strong>Estos deb\u00edan dar un veloz saludo<strong><br \/>\n<\/strong>por las gargantas de los infelices<strong><br \/>\n<\/strong>y listo<strong><br \/>\n<\/strong>La vida volar\u00eda <strong><br \/>\n<\/strong>como quien dice <em>basta!<\/em><\/p>\n<p style=\"padding-left: 40px;\">El entrenamiento fue completo<strong><br \/>\n<\/strong>Aprendi\u00f3 a olvidar los nombres<strong><br \/>\n<\/strong>y los n\u00fameros<strong><br \/>\n<\/strong>Se hizo experto en amnesia<strong><br \/>\n<\/strong>para resguardar a los compa\u00f1eros<\/p>\n<p style=\"padding-left: 40px;\">Pero una noche<strong><br \/>\n<\/strong>La m\u00e1s oscura de todas<strong><br \/>\n<\/strong>mientras Dios meditaba en silencio<strong><br \/>\n<\/strong>Soldados vestidos de guerra<strong><br \/>\n<\/strong>le capturaron en su casa<strong><br \/>\n<\/strong>y lo llevaron ciego<strong><br \/>\n<\/strong>a salas desconocidas<strong><br \/>\n<\/strong>Donde conoci\u00f3 la muerte de muchos<strong><br \/>\n<\/strong>Donde aprendi\u00f3 de golpe<strong><br \/>\n<\/strong>el rostro m\u00e1s macabro de los hombres<strong><br \/>\n<\/strong>Donde supo que muchos de aquellos<strong><br \/>\n<\/strong>que \u00c9l hab\u00eda creado para el amor<strong><br \/>\n<\/strong>No eran m\u00e1s que demonios encarnados<strong><br \/>\n<\/strong>Bestias sin conciencia<strong><br \/>\n<\/strong>que arrancaban palabras<strong><br \/>\n<\/strong>con la violencia m\u00e1s experta y grosera<strong><br \/>\n<\/strong>La m\u00e1s bastarda y siniestra<\/p>\n<p style=\"padding-left: 40px;\">Dios llor\u00f3<strong><br \/>\n<\/strong>Nunca lo hab\u00eda hecho de tal modo<strong><br \/>\n<\/strong>Llor\u00f3 de miedo<strong><br \/>\n<\/strong>De pena<strong><br \/>\n<\/strong>De rabia<strong><br \/>\n<\/strong>De hambre y sed<strong><br \/>\n<\/strong>De asfixia repetida<strong><br \/>\n<\/strong>De espasmos el\u00e9ctricos<strong><br \/>\n<\/strong>De pudor violado<strong><br \/>\n<\/strong>De silencio fiel y viril<\/p>\n<p style=\"padding-left: 40px;\">Dios Rojo<strong><br \/>\n<\/strong>Ensangrentado<strong><br \/>\n<\/strong>So\u00f1ador<strong><br \/>\n<\/strong>Equivocado o no<strong><br \/>\n<\/strong>Da igual<strong><br \/>\n<\/strong>Qui\u00e9n sabe d\u00f3nde qued\u00f3<strong><br \/>\n<\/strong>No hubo l\u00e1pida<strong><br \/>\n<\/strong>No hubo tumba<strong><br \/>\n<\/strong>Fue un desaparecido.<strong><br \/>\n<\/strong><\/p>\n<h3 style=\"padding-left: 40px;\"><strong><br \/>\nVIVO POES\u00cdA<\/strong><\/h3>\n<p style=\"padding-left: 40px;\"><strong><br \/>\n<\/strong>Si acaricio demasiado mis palabras<br \/>\nno tendr\u00e9 tiempo<br \/>\nde besar a mi hijo<br \/>\nni de hablarle con mis ojos<br \/>\nni con mis brazos de nido<\/p>\n<p style=\"padding-left: 40px;\">Por eso callo<br \/>\ny en vez de escribir poemas<br \/>\nvivo poes\u00eda.<\/p>\n<figure id=\"attachment_1503\" aria-describedby=\"caption-attachment-1503\" style=\"width: 640px\" class=\"wp-caption aligncenter\"><img loading=\"lazy\" decoding=\"async\" class=\"size-large wp-image-1503\" src=\"https:\/\/tiberiades.org\/wp-content\/uploads\/2019\/04\/4-Jos\u00e9-Amador-Mart\u00edn-1024x664.jpg\" alt=\"\" width=\"640\" height=\"415\" srcset=\"https:\/\/tiberiades.org\/wp-content\/uploads\/2019\/04\/4-Jos\u00e9-Amador-Mart\u00edn-1024x664.jpg 1024w, https:\/\/tiberiades.org\/wp-content\/uploads\/2019\/04\/4-Jos\u00e9-Amador-Mart\u00edn-300x194.jpg 300w, https:\/\/tiberiades.org\/wp-content\/uploads\/2019\/04\/4-Jos\u00e9-Amador-Mart\u00edn-768x498.jpg 768w, https:\/\/tiberiades.org\/wp-content\/uploads\/2019\/04\/4-Jos\u00e9-Amador-Mart\u00edn.jpg 2048w\" sizes=\"auto, (max-width: 640px) 100vw, 640px\" \/><figcaption id=\"caption-attachment-1503\" class=\"wp-caption-text\">Foto de Jos\u00e9 Amador Mart\u00edn<\/figcaption><\/figure>\n<h3 style=\"padding-left: 40px;\"><strong><br \/>\nIMAGINA<\/strong><\/h3>\n<p style=\"padding-left: 40px;\">I<\/p>\n<p style=\"padding-left: 40px;\">Imagina las ma\u00f1anas infinitas<br \/>\nEl sol dibujado sobre las ventanas<br \/>\ncomo amigo<br \/>\nUn saludo al nuevo d\u00eda<br \/>\nque no es saludo sino alimento<br \/>\nTodos los pajaritos<br \/>\ncantando sobre el aromo<br \/>\nY un abrazo<br \/>\nque traspasa las almas y el tiempo<br \/>\nY mil suspiros<br \/>\nsobre los h\u00famedos p\u00e9talos<br \/>\nY millones de danzas<br \/>\nsin suspenso<br \/>\nY nuestro matutino di\u00e1logo-divino<br \/>\nY un desayuno modesto<br \/>\npero de la mano con la paz<\/p>\n<p style=\"padding-left: 40px;\">II<\/p>\n<p style=\"padding-left: 40px;\">Imagina los d\u00edas infinitos<br \/>\nEl sol dibujado sobre nuestras cabezas<br \/>\ncomo amigo<br \/>\nUna permanencia juntos<br \/>\nque no es permanencia sino alimento<br \/>\nTodos los hijos<br \/>\njugando sobre el aromo<br \/>\nY una caminata juntos<br \/>\nque traspasa los muros y el tiempo<br \/>\nY mil suspiros<br \/>\nsobre los p\u00e9talos h\u00famedos<br \/>\nY millones de danzas<br \/>\nsin suspenso<br \/>\nY nuestro diario di\u00e1logo-divino<br \/>\nY un almuerzo modesto<br \/>\nPero de la mano con la paz<\/p>\n<p style=\"padding-left: 40px;\">III<\/p>\n<p style=\"padding-left: 40px;\">Imagina las tardes infinitas<br \/>\nEl sol dibujado sobre nuestras espaldas<br \/>\ncomo amigo<br \/>\nUna despedida al viejo d\u00eda<br \/>\nque no es despedida sino alimento<br \/>\nTodos los hijos bajando del aromo<br \/>\nY un retorno al hogar<br \/>\nque traspasa el cansancio y el tiempo<br \/>\nY mil suspiros<br \/>\nsobre los h\u00famedos p\u00e9talos<br \/>\nY millones de danzas<br \/>\nsin suspenso<br \/>\nY nuestro vespertino di\u00e1logo-divino<br \/>\nY una once modesta<br \/>\npero de la mano con la paz<\/p>\n<p style=\"padding-left: 40px;\">IV<\/p>\n<p style=\"padding-left: 40px;\">Imagina las noches infinitas<br \/>\nEl sol dibujado en el recuerdo<br \/>\ncomo amigo<br \/>\nUna permanencia juntos<br \/>\nque no es permanencia sino alimento<br \/>\nTodos los pajaritos durmiendo en el aromo<br \/>\nY un abrazo<br \/>\nque traspasa las almas y el tiempo<br \/>\nY mil suspiros<br \/>\nsobre los p\u00e9talos h\u00famedos<br \/>\nY millones de danzas<br \/>\nsin suspenso<br \/>\nY nuestro nocturno di\u00e1logo-divino<br \/>\nY un caf\u00e9 modesto<br \/>\npero de la mano con la paz.<\/p>\n<p style=\"padding-left: 40px;\">\n<figure id=\"attachment_1504\" aria-describedby=\"caption-attachment-1504\" style=\"width: 640px\" class=\"wp-caption aligncenter\"><img loading=\"lazy\" decoding=\"async\" class=\"size-large wp-image-1504\" src=\"https:\/\/tiberiades.org\/wp-content\/uploads\/2019\/04\/5-Jos\u00e9-Amador-Mart\u00edn-1024x648.jpg\" alt=\"\" width=\"640\" height=\"405\" srcset=\"https:\/\/tiberiades.org\/wp-content\/uploads\/2019\/04\/5-Jos\u00e9-Amador-Mart\u00edn-1024x648.jpg 1024w, https:\/\/tiberiades.org\/wp-content\/uploads\/2019\/04\/5-Jos\u00e9-Amador-Mart\u00edn-300x190.jpg 300w, https:\/\/tiberiades.org\/wp-content\/uploads\/2019\/04\/5-Jos\u00e9-Amador-Mart\u00edn-768x486.jpg 768w, https:\/\/tiberiades.org\/wp-content\/uploads\/2019\/04\/5-Jos\u00e9-Amador-Mart\u00edn.jpg 1966w\" sizes=\"auto, (max-width: 640px) 100vw, 640px\" \/><figcaption id=\"caption-attachment-1504\" class=\"wp-caption-text\">Foto de Jos\u00e9 Amador Mart\u00edn<\/figcaption><\/figure>\n<h3 style=\"padding-left: 40px;\"><strong>JUSTO AHORA QUE ESTOY MUERTO<\/strong><\/h3>\n<p style=\"padding-left: 40px;\">\n<p style=\"padding-left: 40px;\">Qu\u00e9 recuerdas de m\u00ed ahora que estoy muerto<br \/>\nQu\u00e9 tela se pinta en tu memoria difusa y clara<br \/>\nQu\u00e9 espectro soy en tu pecho revoloteante<\/p>\n<p style=\"padding-left: 40px;\">Dime d\u00f3nde fueron a parar todos mis libros<br \/>\nAhora que estoy muerto por los siglos am\u00e9n<br \/>\nDime d\u00f3nde quedaron tan tristes y solitarios<\/p>\n<p style=\"padding-left: 40px;\">Qu\u00e9 fue de mi m\u00fasica en sistemas binarios<br \/>\nQu\u00e9 fue de mis poemas compulsivos en masa<br \/>\nQu\u00e9 fue de mis canciones y de mis pinturas<\/p>\n<p style=\"padding-left: 40px;\">D\u00f3nde quedaron mis bienes verdaderos<br \/>\nEsos peque\u00f1os tesoros que ya no recuerdo<br \/>\nEsas cosas que se abr\u00edan y cerraban y se iban<\/p>\n<p style=\"padding-left: 40px;\">D\u00f3nde fue a parar mi guitarra negra y lacada<br \/>\nEsa que guard\u00f3 algunos cantos y pari\u00f3 otros<br \/>\nD\u00f3nde fue a parar su aliento y su peso leve<\/p>\n<p style=\"padding-left: 40px;\">Y en qu\u00e9 lugar quedaron mis penas y alegr\u00edas<br \/>\nMis lamentos amargos y mis sosiegos extensos<br \/>\nMis prisas y mis tareas siempre nuevas y bellas<\/p>\n<p style=\"padding-left: 40px;\">D\u00f3nde quedaron los registros de rescate<br \/>\nDe los que ven\u00edan a m\u00ed buscando hilos ariadnos<br \/>\nPara escapar de las laber\u00ednticas y duras historias<\/p>\n<p style=\"padding-left: 40px;\">D\u00f3nde han quedado ahora que ya he muerto<br \/>\nMis vegetales predilectos junto a mi caf\u00e9<br \/>\nMis panes y mis dulces que tanto me visitaban<\/p>\n<p style=\"padding-left: 40px;\">Qu\u00e9 fue de mis lentes y de mis cinturones<br \/>\nDe mis aparatos electr\u00f3nicos y siderales<br \/>\nQue supieron tanto de mi centro y mi noche<\/p>\n<p style=\"padding-left: 40px;\">D\u00f3nde fueron mis palpitaciones y mis besos<br \/>\nLas suaves manos m\u00edas que tanto te recorrieron<br \/>\nY que sostuvieron tu cara y la m\u00eda en ocasiones<\/p>\n<p style=\"padding-left: 40px;\">Y mis ojos d\u00f3nde quedaron mis delgados ojos<br \/>\nSu miel oscura d\u00f3nde fue a parar despu\u00e9s de todo<br \/>\nSu persistente b\u00fasqueda de belleza d\u00f3nde qued\u00f3<\/p>\n<p style=\"padding-left: 40px;\">En fin querida y amada vida de mi pecho silente<br \/>\nD\u00f3nde fui a parar con mi mundo palpable<br \/>\nJusto ahora que estoy muerto por unos siglos am\u00e9n.<\/p>\n<p style=\"padding-left: 40px;\"><strong>\u00a0<\/strong><\/p>\n<figure id=\"attachment_1505\" aria-describedby=\"caption-attachment-1505\" style=\"width: 428px\" class=\"wp-caption aligncenter\"><img loading=\"lazy\" decoding=\"async\" class=\"wp-image-1505 size-full\" src=\"https:\/\/tiberiades.org\/wp-content\/uploads\/2019\/04\/6-Jos\u00e9-Amador-Mart\u00edn-e1556523465899.jpg\" alt=\"\" width=\"428\" height=\"640\" \/><figcaption id=\"caption-attachment-1505\" class=\"wp-caption-text\">Foto de Jos\u00e9 Amador Mart\u00edn<strong>\u00a0<\/strong><\/figcaption><\/figure>\n<p style=\"padding-left: 40px;\">\n<h3 style=\"padding-left: 40px;\"><strong>BREVES SALMOS DE SONATAS<\/strong><\/h3>\n<p style=\"padding-left: 40px;\">I. Adagio<\/p>\n<p style=\"padding-left: 40px;\">Mi Se\u00f1or bueno<br \/>\nC\u00f3mo no cantarte con mis manos<br \/>\nC\u00f3mo no besarte los pies con mi m\u00fasica<br \/>\nSi todo lo has hecho para mi bien<br \/>\nC\u00f3mo no abrazarte desde de mi centro<br \/>\nSi tu luz es la luz<br \/>\nque me ha hecho cantar de alegr\u00eda<br \/>\nY me ha saludado cada ma\u00f1ana<\/p>\n<p style=\"padding-left: 40px;\">Mi pecho se llena de la m\u00fasica de tu silencio<br \/>\nY no tengo espacio para seguir en m\u00ed<\/p>\n<p style=\"padding-left: 40px;\">Qu\u00e9 bello es tu rostro de atardecer<br \/>\nTus ojos de medio d\u00eda<br \/>\nTu pelo estrellado<br \/>\nTu boca de madrugada<br \/>\nQue perfecta es tu faz de eterno Creador<\/p>\n<p style=\"padding-left: 40px;\">II. Allegro<\/p>\n<p style=\"padding-left: 40px;\">D\u00e9jame danzar casi sin tocar la tierra<br \/>\nPues T\u00fa me llamas por mi nombre<br \/>\nY me confortas el coraz\u00f3n<br \/>\nD\u00e9jame danzar la danza de la vida<br \/>\nD\u00e9jame cantar el canto del amor<br \/>\nD\u00e9jame proclamar el verbo de la luz<br \/>\nPues T\u00fa eres mi luz y mi vida y mi amor<\/p>\n<p style=\"padding-left: 40px;\">C\u00f3mo lo haces para llenarme tan pleno<br \/>\nDe tus sonidos de eternidad sencilla<br \/>\nC\u00f3mo lo haces para disfrazarte<br \/>\nDe melod\u00eda sin igual<br \/>\nC\u00f3mo lo haces Padre nuestro<\/p>\n<p style=\"padding-left: 40px;\">Bellos son tu cantar y tu caminar por mis horas<br \/>\nBella es tu danza sin igual<br \/>\nEn mi memoria y mi sue\u00f1o y mi d\u00eda<\/p>\n<p style=\"padding-left: 40px;\">III. Andante<\/p>\n<p style=\"padding-left: 40px;\">Pero en las horas l\u00e1nguidas<br \/>\nMi pecho se aprieta contra s\u00ed mismo<br \/>\nY tu abrazo se extra\u00f1a<br \/>\nY tu abrazo se sue\u00f1a<br \/>\nComo se sue\u00f1a una vida m\u00e1s tierna<\/p>\n<p style=\"padding-left: 40px;\">Pero quiero agradecer<br \/>\nTu regazo invisible<br \/>\nQuiero agradecer<br \/>\nTu regazo firme y paterno<\/p>\n<p style=\"padding-left: 40px;\">Mi coraz\u00f3n es peque\u00f1o<br \/>\nMi coraz\u00f3n es cada vez m\u00e1s de ni\u00f1o<br \/>\nMi vida es mansa para Ti<br \/>\nY quiere serlo infinitamente m\u00e1s<br \/>\nPara as\u00ed con tu yugo ir camino arriba<br \/>\nY descansar en tu promesa de paz<\/p>\n<p style=\"padding-left: 40px;\">Quisiera no llorar en el lo hondo<br \/>\nPero las rocas son duras y la lluvia es fr\u00eda<br \/>\nY el viento cierra los ojos<br \/>\nY la arena se arrastra en la piel<\/p>\n<p style=\"padding-left: 40px;\">No quisiera olvidarte<br \/>\nPero perdona T\u00fa mi dolor<br \/>\nPerdona mi sangre oculta que escapa<\/p>\n<p style=\"padding-left: 40px;\">IV. Allegro<\/p>\n<p style=\"padding-left: 40px;\">Sin embargo siempre me alzas<br \/>\nDesde las mazmorras oscuras me alzas<br \/>\nDesde las fosas abismales me recoges<br \/>\nComo s\u00f3lo T\u00fa sabes hacerlo<br \/>\nPadre<br \/>\nSin demora<br \/>\nPadre<br \/>\nSin desprecio<br \/>\nPadre<br \/>\nSin violencia<br \/>\nMe recoges y me alzas<br \/>\nA las tiernas nubes de tu amor<br \/>\nY all\u00ed vuelo completo<br \/>\nY s\u00e9 d\u00f3nde volar<br \/>\nY s\u00e9 d\u00f3nde reposar nuevamente<br \/>\nPues T\u00fa le das a mi vida su sentido y su rumbo<br \/>\nT\u00fa le das peso a mis horas<br \/>\nLe das sal a mi sangre<br \/>\nLe das luz a mis ojos y pan a mis manos<\/p>\n<p style=\"padding-left: 40px;\">Eres-el-que-eres<br \/>\nEl-que-est\u00e1<br \/>\nY cobijas mi coraz\u00f3n de gorri\u00f3n<br \/>\nComo tesoro eterno sin que lo sea<br \/>\nAunque termina si\u00e9ndolo para tu coraz\u00f3n infinito.<\/p>\n<p><img loading=\"lazy\" decoding=\"async\" class=\"aligncenter wp-image-1506 size-full\" src=\"https:\/\/tiberiades.org\/wp-content\/uploads\/2019\/04\/7-Jos\u00e9-Amador-Mart\u00edn.jpg\" alt=\"\" width=\"733\" height=\"960\" \/><\/p>\n","protected":false},"excerpt":{"rendered":"<p>ATISBO A TU INMENSIDAD Si te miro todo se embellece Y no es com\u00fan que lo haga Si te miro \u00a1Se\u00f1or qu\u00e9 hermoso eres! Un atisbo Un mirar casi de reojo Un peque\u00f1o roce con mi pupila \u00a1Se\u00f1or que inmenso eres! Un atisbo a tu inmensidad Y todo cambia como de la tierra al cielo Si te miro todo se [&hellip;]<\/p>\n","protected":false},"author":2,"featured_media":1508,"comment_status":"open","ping_status":"closed","sticky":false,"template":"","format":"standard","meta":{"footnotes":""},"categories":[59,19],"tags":[],"class_list":["post-1511","post","type-post","status-publish","format-standard","has-post-thumbnail","hentry","category-luis-cruz-villalobos-poemas-de","category-poemas-de"],"_links":{"self":[{"href":"https:\/\/tiberiades.org\/index.php?rest_route=\/wp\/v2\/posts\/1511","targetHints":{"allow":["GET"]}}],"collection":[{"href":"https:\/\/tiberiades.org\/index.php?rest_route=\/wp\/v2\/posts"}],"about":[{"href":"https:\/\/tiberiades.org\/index.php?rest_route=\/wp\/v2\/types\/post"}],"author":[{"embeddable":true,"href":"https:\/\/tiberiades.org\/index.php?rest_route=\/wp\/v2\/users\/2"}],"replies":[{"embeddable":true,"href":"https:\/\/tiberiades.org\/index.php?rest_route=%2Fwp%2Fv2%2Fcomments&post=1511"}],"version-history":[{"count":6,"href":"https:\/\/tiberiades.org\/index.php?rest_route=\/wp\/v2\/posts\/1511\/revisions"}],"predecessor-version":[{"id":1518,"href":"https:\/\/tiberiades.org\/index.php?rest_route=\/wp\/v2\/posts\/1511\/revisions\/1518"}],"wp:featuredmedia":[{"embeddable":true,"href":"https:\/\/tiberiades.org\/index.php?rest_route=\/wp\/v2\/media\/1508"}],"wp:attachment":[{"href":"https:\/\/tiberiades.org\/index.php?rest_route=%2Fwp%2Fv2%2Fmedia&parent=1511"}],"wp:term":[{"taxonomy":"category","embeddable":true,"href":"https:\/\/tiberiades.org\/index.php?rest_route=%2Fwp%2Fv2%2Fcategories&post=1511"},{"taxonomy":"post_tag","embeddable":true,"href":"https:\/\/tiberiades.org\/index.php?rest_route=%2Fwp%2Fv2%2Ftags&post=1511"}],"curies":[{"name":"wp","href":"https:\/\/api.w.org\/{rel}","templated":true}]}}