{"id":1545,"date":"2019-05-06T11:54:22","date_gmt":"2019-05-06T10:54:22","guid":{"rendered":"http:\/\/tiberiades.org\/?p=1545"},"modified":"2019-05-06T11:54:22","modified_gmt":"2019-05-06T10:54:22","slug":"maximo-garcia-ruiz","status":"publish","type":"post","link":"https:\/\/tiberiades.org\/?p=1545","title":{"rendered":"M\u00e1ximo Garc\u00eda Ruiz"},"content":{"rendered":"<p><em>El pasado 24 de abril se present\u00f3, en el sal\u00f3n de actos de la Primera Iglesia Bautista de Madrid, el segundo poemario del reconocido te\u00f3logo M\u00e1ximo Garc\u00eda Ruiz, miembro del Consejo Asesor de Tiber\u00edades. El libro, titulado <\/em>Poemas b\u00edblicos,<em> ha sido publicado por Hebel Ediciones, de Santiago de Chile, dirigida por el poeta y pastor presbiteriano Luis Cruz-Villalobos, tambi\u00e9n miembro de Tiber\u00edades. En el acto hubo lectura de poemas por parte de varios rapsodas, as\u00ed como un texto de presentaci\u00f3n a cargo del profesor Patrocinio R\u00edos, autor del pr\u00f3logo. De este libro es la selecci\u00f3n de textos que ahora ofrecemos.<\/em><\/p>\n<p><strong><em>(Reportaje fotogr\u00e1fico de MGala)<\/em><\/strong><\/p>\n<h3 style=\"padding-left: 40px;\"><strong>Tiempo para todo <\/strong><\/h3>\n<p style=\"padding-left: 40px;\"><em>Eclesiast\u00e9s 3<br \/><\/em><br \/>Todo pasa y todo llega<br \/>y todo vuelve a pasar.<br \/>S\u00f3lo quedan los recuerdos<br \/>y otra vez vuelta a empezar.<\/p>\n<p style=\"padding-left: 40px;\">Hay tiempos para re\u00edr<br \/>y tiempos para llorar.<br \/>Muchas veces el bien triunfa.<br \/>Otras, prevalece el mal.<\/p>\n<p style=\"padding-left: 40px;\">Siempre quedar\u00e1 el recurso<br \/>de salvar la honestidad<br \/>y defender con denuedo<br \/>nuestra propia dignidad.<\/p>\n<p style=\"padding-left: 40px;\">Cuando el malvado te asedia,<br \/>y el odio te hace temblar,<br \/>el silencio es buen refugio.<br \/>Hemos de elegir callar.<\/p>\n<p style=\"padding-left: 40px;\">Ya vendr\u00e1n tiempos mejores<br \/>en los que poder hablar.<br \/>Tengamos siempre presente<br \/>las formas del verbo amar.<\/p>\n<p><a href=\"https:\/\/tiberiades.org\/wp-content\/uploads\/2019\/02\/poemas-biblicos-MGR.pdf\" target=\"_blank\" rel=\"noopener noreferrer\"><strong><img loading=\"lazy\" decoding=\"async\" class=\"aligncenter wp-image-1534 size-large\" src=\"https:\/\/tiberiades.org\/wp-content\/uploads\/2019\/05\/2-673x1024.jpg\" alt=\"\" width=\"640\" height=\"974\" srcset=\"https:\/\/tiberiades.org\/wp-content\/uploads\/2019\/05\/2-673x1024.jpg 673w, https:\/\/tiberiades.org\/wp-content\/uploads\/2019\/05\/2-197x300.jpg 197w, https:\/\/tiberiades.org\/wp-content\/uploads\/2019\/05\/2-768x1168.jpg 768w, https:\/\/tiberiades.org\/wp-content\/uploads\/2019\/05\/2.jpg 1600w\" sizes=\"auto, (max-width: 640px) 100vw, 640px\" \/><\/strong><\/a><\/p>\n<h3 style=\"padding-left: 40px;\"><strong>Amor filial <\/strong><\/h3>\n<p style=\"padding-left: 40px;\"><em>Libro de Ruth<br \/><\/em><br \/>Es el hambre (siempre el hambre)<br \/>quien los saca de su hogar.<br \/>Emigran a tierra extra\u00f1a<br \/>en busca de bienestar.<\/p>\n<p style=\"padding-left: 40px;\">En Moab la suerte cambia,<br \/>all\u00ed formar\u00e1n su hogar.<br \/>Los hijos hallan pareja.<br \/>La vida vuelve a empezar.<\/p>\n<p style=\"padding-left: 40px;\">Pasado el tiempo, las cosas<br \/>vuelven de nuevo a cambiar.<br \/>El padre e hijos fallecen<br \/>y las viudas \u00bfd\u00f3nde ir\u00e1n?<\/p>\n<p style=\"padding-left: 40px;\">Ruth se vincula a su suegra<br \/>y le muestra devoci\u00f3n.<br \/>Quiere arrancar de su pecho<br \/>la amargura y el dolor.<\/p>\n<p style=\"padding-left: 40px;\">Noem\u00ed y Ruth se coaligan.<br \/>Quieren volver a Bel\u00e9n.<br \/>Su pariente Booz les brinda<br \/>todo lo que ans\u00edan tener.<\/p>\n<p style=\"padding-left: 40px;\">La nuera Ruth simboliza<br \/>el amor puro, filial.<br \/>Un amor que nada espera<br \/>y que compensa Jehov\u00e1.<\/p>\n<h3 style=\"padding-left: 40px;\"><strong>Las bienaventuranzas <\/strong><\/h3>\n<p style=\"padding-left: 40px;\"><em>Mateo 5: 3-12<br \/><\/em><br \/>Si te sientes acosado<br \/>por defender la verdad;<br \/>si luchas por la justicia<br \/>contra el hambre y por la paz.<br \/><em>Eres bienaventurado.<br \/><\/em><br \/>Si eres misericordioso<br \/>o manso, recibir\u00e1s<br \/>misericordia de Dios<br \/>y tierras por heredad.<br \/><em>Eres bienaventurado.<br \/><\/em><br \/>Si rugen los poderosos<br \/>a causa de tu bondad;<br \/>mira al cielo con orgullo,<br \/>sin olvidar tu humildad.<br \/><em>Eres bienaventurado.<br \/><\/em><br \/>Calumniado y perseguido<br \/>por la causa del Se\u00f1or,<br \/>como fueron los profetas.<br \/>Dios te da su galard\u00f3n.<br \/><em>Eres bienaventurado.<\/em><\/p>\n<figure id=\"attachment_1535\" aria-describedby=\"caption-attachment-1535\" style=\"width: 640px\" class=\"wp-caption aligncenter\"><img loading=\"lazy\" decoding=\"async\" class=\"wp-image-1535 size-large\" src=\"https:\/\/tiberiades.org\/wp-content\/uploads\/2019\/05\/3-Parte-del-p\u00fablico-asistente-1024x506.jpg\" alt=\"\" width=\"640\" height=\"316\" srcset=\"https:\/\/tiberiades.org\/wp-content\/uploads\/2019\/05\/3-Parte-del-p\u00fablico-asistente-1024x506.jpg 1024w, https:\/\/tiberiades.org\/wp-content\/uploads\/2019\/05\/3-Parte-del-p\u00fablico-asistente-300x148.jpg 300w, https:\/\/tiberiades.org\/wp-content\/uploads\/2019\/05\/3-Parte-del-p\u00fablico-asistente-768x379.jpg 768w, https:\/\/tiberiades.org\/wp-content\/uploads\/2019\/05\/3-Parte-del-p\u00fablico-asistente.jpg 1600w\" sizes=\"auto, (max-width: 640px) 100vw, 640px\" \/><figcaption id=\"caption-attachment-1535\" class=\"wp-caption-text\">Parte del p\u00fablico asistente<\/figcaption><\/figure>\n<p>\u00a0<\/p>\n<h3 style=\"padding-left: 40px;\"><strong>Destierro <\/strong><\/h3>\n<p style=\"padding-left: 40px;\"><em>Libros de Esdras y Nehem\u00edas<br \/><\/em><strong><br \/><\/strong>Desterrado a Babilonia<br \/>vuelve el pueblo de Israel<br \/>esclavizado de nuevo<br \/>como en tiempos de Mois\u00e9s.<\/p>\n<p style=\"padding-left: 40px;\">Pasan las generaciones<br \/>alejadas de Israel.<br \/>S\u00f3lo queda la memoria<br \/>y el deseo de volver.<\/p>\n<p style=\"padding-left: 40px;\">La memoria los conecta<br \/>con los profetas de ayer,<br \/>con la \u00e9pica sagrada<br \/>y con su pueblo, Israel.<\/p>\n<p style=\"padding-left: 40px;\">La Sinagoga reemplaza<br \/>al lugar de adoraci\u00f3n.<br \/>Estudiar las Escrituras<br \/>cubre toda su ambici\u00f3n.<\/p>\n<p style=\"padding-left: 40px;\">Varios son los dirigentes<br \/>que asumen la direcci\u00f3n,<br \/>y as\u00ed se va estructurando<br \/>de nuevo la religi\u00f3n.<\/p>\n<p style=\"padding-left: 40px;\">Jud\u00edos ser\u00e1n llamados<br \/>en recuerdo de Jud\u00e1.<br \/>Esdras act\u00faa de l\u00edder<br \/>en el nombre de Jehov\u00e1.<\/p>\n<p style=\"padding-left: 40px;\">Vuelven de nuevo a su patria,<br \/>donde tienen que lograr<br \/>reconstruir las murallas.<br \/>Vuelta de nuevo a empezar.<\/p>\n<p style=\"padding-left: 40px;\">Ahora les queda el gran Libro,<br \/>un referente sin par.<br \/>Escritas quedan las leyes.<br \/>Este libro es la Tor\u00e1.<\/p>\n<h3 style=\"padding-left: 40px;\"><strong>D\u00e9bora <\/strong><\/h3>\n<p style=\"padding-left: 40px;\"><em>Jueces 4-6<br \/><\/em><br \/>Cuando en apuros se vieron<br \/>estos hijos de Israel,<br \/>a Dios clamaron pidiendo<br \/>clemencia. Para volver,<\/p>\n<p style=\"padding-left: 40px;\">Superados los aprietos,<br \/>desv\u00edos a cometer<br \/>y sufrir las consecuencias<br \/>de inobediencia a Yav\u00e9.<\/p>\n<p style=\"padding-left: 40px;\">En uno de estos aprietos,<br \/>Dios elige a una mujer,<br \/>D\u00e9bora, que en aquel tiempo<br \/>gobernaba en Israel.<\/p>\n<p style=\"padding-left: 40px;\">Debajo de una palmera<br \/>entre Ram\u00e1 y Betel<br \/>van a pedirle justicia<br \/>todos los hijos de Israel.<\/p>\n<p style=\"padding-left: 40px;\">Mujer de temperamento,<br \/>de una astucia sin igual,<br \/>busc\u00f3 la ayuda de un hombre<br \/>que se llamaba Barac.<\/p>\n<p style=\"padding-left: 40px;\">Con Barac forma alianza<br \/>y le insta a encabezar<br \/>la lucha contra S\u00edsara,<br \/>el enemigo mortal.<\/p>\n<p style=\"padding-left: 40px;\">Se puso Barac al frente<br \/>y a S\u00edsara derrot\u00f3.<br \/>Mas la gloria de esta haza\u00f1a<br \/>D\u00e9bora se la llev\u00f3,<\/p>\n<p style=\"padding-left: 40px;\">Y triunfante ante las gentes<br \/>una canci\u00f3n elev\u00f3,<br \/>exaltando la grandeza<br \/>de Jehov\u00e1, su \u00fanico Dios.<\/p>\n<figure id=\"attachment_1536\" aria-describedby=\"caption-attachment-1536\" style=\"width: 640px\" class=\"wp-caption aligncenter\"><img loading=\"lazy\" decoding=\"async\" class=\"size-large wp-image-1536\" src=\"https:\/\/tiberiades.org\/wp-content\/uploads\/2019\/05\/4-M\u00e1ximo-Garc\u00eda-Ruiz-y-Lola-Calvo-1024x578.jpg\" alt=\"\" width=\"640\" height=\"361\" srcset=\"https:\/\/tiberiades.org\/wp-content\/uploads\/2019\/05\/4-M\u00e1ximo-Garc\u00eda-Ruiz-y-Lola-Calvo-1024x578.jpg 1024w, https:\/\/tiberiades.org\/wp-content\/uploads\/2019\/05\/4-M\u00e1ximo-Garc\u00eda-Ruiz-y-Lola-Calvo-300x169.jpg 300w, https:\/\/tiberiades.org\/wp-content\/uploads\/2019\/05\/4-M\u00e1ximo-Garc\u00eda-Ruiz-y-Lola-Calvo-768x433.jpg 768w, https:\/\/tiberiades.org\/wp-content\/uploads\/2019\/05\/4-M\u00e1ximo-Garc\u00eda-Ruiz-y-Lola-Calvo.jpg 1600w\" sizes=\"auto, (max-width: 640px) 100vw, 640px\" \/><figcaption id=\"caption-attachment-1536\" class=\"wp-caption-text\">M\u00e1ximo Garc\u00eda Ruiz y Lola Calvo<\/figcaption><\/figure>\n<p><strong>\u00a0<\/strong><\/p>\n<h3 style=\"padding-left: 40px;\"><strong>Semana Santa. Resurrecci\u00f3n <\/strong><\/h3>\n<p style=\"padding-left: 40px;\"><em>Cuatro Evangelios<br \/><\/em><br \/>Resucit\u00f3.<br \/>Jes\u00fas no est\u00e1 en el sepulcro.<br \/>Vac\u00edo lo encontrar\u00e1n<br \/>las mujeres que madrugan<br \/>y a ungirle amorosas van.<\/p>\n<p style=\"padding-left: 40px;\">Dos mensajeros les dicen<br \/>que Jes\u00fas all\u00ed no est\u00e1,<br \/>que la muerte no ha podido<br \/>retenerle en el lugar.<\/p>\n<p style=\"padding-left: 40px;\">Pedro y Juan corren a verlo<br \/>porque quieren comprobar<br \/>lo dicho por las mujeres.<br \/>Todo es cierto, all\u00ed no est\u00e1.<\/p>\n<p style=\"padding-left: 40px;\">M\u00e1s de quinientos testigos<br \/>lo afirmaron, sin dudar.<br \/>Y a Tom\u00e1s mostr\u00f3 su llaga<br \/>para que no dude m\u00e1s.<\/p>\n<h3 style=\"padding-left: 40px;\"><strong>Tienes nombre de que vives <\/strong><\/h3>\n<p style=\"padding-left: 40px;\"><em>Apocalipsis, cap\u00edtulo 3:1-6<br \/><\/em><br \/>Tienes nombre de que vives<br \/>y est\u00e1s muerto en realidad.<br \/>Muerto en tu propio ego\u00edsmo<br \/>y en tu ambici\u00f3n sin igual.<\/p>\n<p style=\"padding-left: 40px;\">Muerto en tu propia soberbia<br \/>y m\u00edsera condici\u00f3n.<br \/>Tienes nombre de que vives<br \/>y paseas la maldici\u00f3n.<\/p>\n<p style=\"padding-left: 40px;\">S\u00e9 vigilante y distingue<br \/>las cosas que han de fallar.<br \/>Arrepi\u00e9ntete y velando<br \/>cuida de tu bienestar.<\/p>\n<p style=\"padding-left: 40px;\">En el libro de la vida<br \/>s\u00f3lo ser\u00e1n apuntados<br \/>los que en nombre del Se\u00f1or<br \/>aman al desesperado.<\/p>\n<p style=\"padding-left: 40px;\">Aquellos que dan cobijo<br \/>a cualquier necesitado.<br \/>El que o\u00eddos tenga escuche<br \/>lo que le dice el Amado.<\/p>\n<p><img loading=\"lazy\" decoding=\"async\" class=\"aligncenter size-large wp-image-1537\" src=\"https:\/\/tiberiades.org\/wp-content\/uploads\/2019\/05\/5-875x1024.jpg\" alt=\"\" width=\"640\" height=\"749\" srcset=\"https:\/\/tiberiades.org\/wp-content\/uploads\/2019\/05\/5-875x1024.jpg 875w, https:\/\/tiberiades.org\/wp-content\/uploads\/2019\/05\/5-256x300.jpg 256w, https:\/\/tiberiades.org\/wp-content\/uploads\/2019\/05\/5-768x899.jpg 768w, https:\/\/tiberiades.org\/wp-content\/uploads\/2019\/05\/5.jpg 1600w\" sizes=\"auto, (max-width: 640px) 100vw, 640px\" \/><strong><br \/><\/strong><\/p>\n<p><em><strong>M\u00e1ximo Garc\u00eda Ruiz<\/strong><\/em><em>\u00a0<\/em><em>(Madrid, 1938), es licenciado en Teolog\u00eda por la Universidad B\u00edblica Latinoamericana de Costa Rica, licenciado en Ciencias Pol\u00edticas y Sociolog\u00eda y doctor en Teolog\u00eda por la Universidad Pontificia de Salamanca. Ha ejercido como pastor bautista durante cuatro lustros y como profesor de diferentes materias teol\u00f3gicas en la Facultad de Teolog\u00eda UEBE de Alcobendas, Madrid, durante cuatro d\u00e9cadas y como profesor invitado en otras instituciones y universidades. Ha ocupado diferentes cargos en la Uni\u00f3n Evang\u00e9lica Bautista de Espa\u00f1a, entre otros como presidente, y ha sido secretario ejecutivo y presidente del Consejo Evang\u00e9lico de Madrid. Es miembro de la Asociaci\u00f3n de Te\u00f3logos\/as Juan XXIII. Figura en el selecto Diccionario de Te\u00f3logos\/as Contempor\u00e1neos, publicado por la Editorial Monte Carmelo. Ha publicado numerosos art\u00edculos de ensayo y reflexi\u00f3n teol\u00f3gica en diferentes revistas nacionales y extranjeras y es autor de 28 libros de historia y ensayo. Tambi\u00e9n es autor de los libros de poes\u00eda Entre la Luz y las Tinieblas (Hebel, 2017) y Poemas b\u00edblicos (Hebel, 2019). En la actualidad, adem\u00e1s de su actividad literaria, es profesor em\u00e9rito de la Facultad de Teolog\u00eda UEBE y miembro del Consejo Asesor de TIBER\u00cdADES, Red Iberoamericana de Poetas y Cr\u00edticos Literarios Cristianos.<\/em><\/p>\n<figure id=\"attachment_1538\" aria-describedby=\"caption-attachment-1538\" style=\"width: 640px\" class=\"wp-caption aligncenter\"><img loading=\"lazy\" decoding=\"async\" class=\"size-large wp-image-1538\" src=\"https:\/\/tiberiades.org\/wp-content\/uploads\/2019\/05\/6-M\u00e1ximo-Garc\u00eda-Ruiz-y-Patrocinio-R\u00edos-S\u00e1nchez-1024x525.jpg\" alt=\"\" width=\"640\" height=\"328\" srcset=\"https:\/\/tiberiades.org\/wp-content\/uploads\/2019\/05\/6-M\u00e1ximo-Garc\u00eda-Ruiz-y-Patrocinio-R\u00edos-S\u00e1nchez-1024x525.jpg 1024w, https:\/\/tiberiades.org\/wp-content\/uploads\/2019\/05\/6-M\u00e1ximo-Garc\u00eda-Ruiz-y-Patrocinio-R\u00edos-S\u00e1nchez-300x154.jpg 300w, https:\/\/tiberiades.org\/wp-content\/uploads\/2019\/05\/6-M\u00e1ximo-Garc\u00eda-Ruiz-y-Patrocinio-R\u00edos-S\u00e1nchez-768x394.jpg 768w, https:\/\/tiberiades.org\/wp-content\/uploads\/2019\/05\/6-M\u00e1ximo-Garc\u00eda-Ruiz-y-Patrocinio-R\u00edos-S\u00e1nchez.jpg 1600w\" sizes=\"auto, (max-width: 640px) 100vw, 640px\" \/><figcaption id=\"caption-attachment-1538\" class=\"wp-caption-text\">M\u00e1ximo Garc\u00eda Ruiz y Patrocinio R\u00edos S\u00e1nchez<\/figcaption><\/figure>\n<p><em><strong>Presentaci\u00f3n de <\/strong><\/em><strong>Patrocinio R\u00edos S\u00e1nchez<\/strong><\/p>\n<p><strong><em>(fragmento)<\/em><\/strong><strong><em><br \/><\/em><\/strong><br \/>Presentar un libro es siempre una celebraci\u00f3n muy agradable. Especialmente en un caso como \u00e9ste de <em>Poemas b\u00edblicos<\/em>, en un d\u00eda en que acabamos de celebrar el D\u00eda del Libro y en un a\u00f1o en que se conmemora la publicaci\u00f3n de otro Libro, el Libro de los libros que es la Biblia, traducida en romance castellano por Casiodoro de Reina e impresa en Basilea en septiembre de 1569, hace ahora 450 a\u00f1os. S\u00famase a esa efem\u00e9ride el hecho de que en este 2019 se cumple exactamente siglo y medio de la adopci\u00f3n de esta Biblia, la Biblia del Oso, como Biblia oficial del protestantismo espa\u00f1ol.<\/p>\n<p>(\u2026)<\/p>\n<ol start=\"2\">\n<li><strong> <em>POEMAS B\u00cdBLICOS<\/em><\/strong><\/li>\n<\/ol>\n<p>En este contexto conmemorativo presentamos hoy <em>Poemas b\u00edblicos<\/em> de M\u00e1ximo Garc\u00eda Ruiz (Hebel Ediciones, Santiago de Chile, 2019), cuyo contenido, como el de todos los protestantes espa\u00f1oles, poetas o no, debe mucho a la Biblia de Reina y Valera.<br \/>En el pr\u00f3logo de <em>Poemas b\u00edblicos<\/em> he dicho ya algunas cosas sobre M\u00e1ximo Garc\u00eda. Por eso no voy a extenderme en este punto. M\u00e1ximo es un escritor prol\u00edfico de obras propias de su actividad como profesor de distintas materias en la Facultad de Teolog\u00eda de la UEBE de Alcobendas (Madrid). All\u00ed anot\u00e9 que forma parte de la Asociaci\u00f3n de Te\u00f3logos y Te\u00f3logas Juan XXIII y que entiende la Teolog\u00eda como una disciplina acad\u00e9mica no aut\u00f3noma, sino que necesita de otras disciplinas auxiliares o ancilares. Su enfoque es cient\u00edfico. Ello no quiere decir que sea un te\u00f3logo de balc\u00f3n que mira desde lo lejos la marcha de la caravana. No, es m\u00e1s bien te\u00f3logo de camino. Tambi\u00e9n observ\u00e9 que <em>Poemas b\u00edblicos<\/em> es un libro <em>pastoral<\/em> en cierto sentido: el autor conoce la Biblia y la comparte, ahora como poeta.<\/p>\n<p><strong>1.Qu\u00e9 dice<\/strong><\/p>\n<p><strong><br \/><\/strong><em>Poemas b\u00edblicos<\/em> muestra, efectivamente, a un versado lector y estudioso de la Escritura cuyo mensaje ha interiorizado y desde esa sedimentaci\u00f3n interior fluye socialmente la compasi\u00f3n o la caridad fraternal, propia de un hombre inclusivo, como se ven en los poemas \u201cDespierta\u201d o \u201cSolidaridad\u201d. Es un escritor del yo y del nosotros. En el primer poema hace esta apelaci\u00f3n:<\/p>\n<p style=\"padding-left: 40px;\">\u201cDespi\u00e9rtate, t\u00fa, que duermes.<br \/>Sal del sue\u00f1o enga\u00f1ador<br \/>que te impide ser consciente<br \/>de lo que hay alrededor.<\/p>\n<p style=\"padding-left: 40px;\">Despierta al dolor ajeno<br \/>y a tu propia condici\u00f3n.<br \/>Despierta a tanta miseria.<br \/>Despierta a tu coraz\u00f3n\u201d.<\/p>\n<p>El libro se compone de tres partes y se enriquece con expresivas ilustraciones de delicado trazo pertenecientes a Rebeca Garc\u00eda, que de forma discreta y apenas perceptible firma con sus iniciales. Comienza con el poema \u201cBiblia\u201d y luego vamos desde el G\u00e9nesis hasta el Apocalipsis. No est\u00e1n los 66 libros que compone la Biblia Reina-Valera de hoy, pero contiene una muestra muy representativa: 21 poemas forman el apartado primero, dedicado al Antiguo Testamento, y 23 el segundo reservado a personajes o episodios del Nuevo.<\/p>\n<p>Poemas inspirados en el primer libro b\u00edblico son \u201cEl patriarca Abraham\u201d o los dedicados a Sara. Viene luego el \u00c9xodo con otros dos poemas por \u00e9l generados. Despu\u00e9s composiciones inspiradas en Josu\u00e9, Jueces, Reyes. Est\u00e1 tambi\u00e9n el libro de Job, Salmos, Proverbios, Isa\u00edas, Cantares, etc. Del Nuevo Testamento, le inspiran pasajes de los cuatro evangelistas, de los Hechos, Corintios, Efesios y Apocalipsis: La huida a Egipto, Las bienaventuranzas, El hijo pr\u00f3digo, Saulo de Tarso, La \u00daltima Cena, Betania&#8230;<\/p>\n<ol start=\"2\">\n<li><strong> C\u00f3mo lo dice<\/strong><\/li>\n<\/ol>\n<p>Y c\u00f3mo trata M\u00e1ximo esos temas. La respuesta es: con sencillez, con naturalidad y a s\u00edlabas contadas. En este libro M\u00e1ximo utiliza casi siempre el verso octosil\u00e1bico, que es muy propio del castellano, f\u00e1cil de utilizar. Este modo sencillo de escribir poes\u00eda es muy propio de los poetas protestantes espa\u00f1oles.<\/p>\n<p>La sencillez y esta forma de componer versos a medida van unidas en los poetas protestantes y M\u00e1ximo Garc\u00eda no except\u00faa esta nota que de forma bastante general yo he advertido. Quiz\u00e1 sea esta huida de la artificiosidad el resultado de una impregnaci\u00f3n casi qu\u00edmica del Evangelio, al que tan unidos se encuentran. Los evangelios cuentan una historia universal con un lenguaje sencillo. Y esto parece haberles dejado a los protestantes una impronta.<\/p>\n<p>Pero quiz\u00e1 se deba tambi\u00e9n esta nota del poeta protestante a aquella recomendaci\u00f3n que el ap\u00f3stol Pablo dirige a la iglesia que est\u00e1 en Corinto. En el cap\u00edtulo 14 de la primera carta advierte el ap\u00f3stol a los miembros de la comunidad cristiana de esa ciudad griega de la manera siguiente:<\/p>\n<p>\u201c<sup>7\u00a0<\/sup>Ciertamente las cosas inanimadas que producen sonidos, como la flauta o la c\u00edtara, si no dieren distinci\u00f3n de voces, \u00bfc\u00f3mo se sabr\u00e1 lo que se toca con la flauta o con la c\u00edtara?<br \/><sup>8\u00a0<\/sup>Y si la trompeta diere sonido incierto, \u00bfqui\u00e9n se preparar\u00e1 para la batalla?<br \/><sup>9\u00a0<\/sup>As\u00ed tambi\u00e9n vosotros, si por la lengua no diereis palabra bien comprensible, \u00bfc\u00f3mo se entender\u00e1 lo que dec\u00eds? Porque hablar\u00e9is al aire\u201d.<br \/>Y muy protestante resulta igualmente la filiaci\u00f3n b\u00edblica de los poemas. Muchas poes\u00edas salidas de la pluma protestante est\u00e1n radicadas en los Textos Sagrados. Podr\u00eda decir que casi todos los poetas protestantes que conozco (siglo XIX y primera mitad del XX) escriben con tinta b\u00edblica. En el caso que hoy nos ocupa resulta evidente desde el t\u00edtulo: <em>Poemas b\u00edblicos<\/em>. Por esta raz\u00f3n, yo aconsejo a quien lea este libro que lo haga acompa\u00f1ado de la Biblia. La satisfacci\u00f3n ser\u00e1 doble.<\/p>\n<p>Cuando anteriormente me refer\u00ed al contenido me fij\u00e9 en las dos partes principales del libro. Dej\u00e9 para el final la tercera. <em>Poemas b\u00edblicos<\/em> tienen un colof\u00f3n que se titula \u201cA solas con Dios\u201d, formado por cinco poemas confesionales donde vemos a M\u00e1ximo ante Dios. Esta relaci\u00f3n dual yo la sintetizar\u00eda en esta expresi\u00f3n caracterizadora del autor. Notar\u00e1n en ella un cierto regusto unamuniano y parad\u00f3jico: \u201cSolo dudan los que creen\u201d. Es el t\u00edtulo del \u00faltimo poema del libro y \u00e9stas son mis \u00faltimas palabras hoy.<\/p>\n<p>\u00a0<\/p>\n<p>\u00a0<\/p>\n<p><strong>\u00a0<\/strong><\/p>\n\n<div\n\t\t\t\n\t\t\tclass=\"so-widget-sow-slider so-widget-sow-slider-default-9e75ff3558b0\"\n\t\t\t\n\t\t>\t\t\t\t<div class=\"sow-slider-base\" style=\"display: none\" tabindex=\"0\">\n\t\t\t\t\t<ul\n\t\t\t\t\tclass=\"sow-slider-images\"\n\t\t\t\t\tdata-settings=\"{&quot;pagination&quot;:true,&quot;speed&quot;:800,&quot;timeout&quot;:3000,&quot;paused&quot;:true,&quot;pause_on_hover&quot;:false,&quot;swipe&quot;:true,&quot;nav_always_show_desktop&quot;:&quot;&quot;,&quot;nav_always_show_mobile&quot;:&quot;&quot;,&quot;breakpoint&quot;:&quot;780px&quot;,&quot;unmute&quot;:false,&quot;anchor&quot;:null}\"\n\t\t\t\t\t\t\t\t\t\tdata-anchor-id=\"\"\n\t\t\t\t>\t\t<li class=\"sow-slider-image\" style=\"visibility: visible;\" >\n\t\t\t\t\t\t<div class=\"sow-slider-image-container\">\n\t\t\t\t<div class=\"sow-slider-image-wrapper\" style=\"max-width: 1528px\">\n\t\t\t\t\t\t\t\t\t\t<div class=\"sow-slider-image-foreground-wrapper\">\n\t\t\t\t\t\t<img loading=\"lazy\" decoding=\"async\" width=\"1528\" height=\"766\" src=\"https:\/\/tiberiades.org\/wp-content\/uploads\/2019\/05\/7-Jos\u00e9-Luis-Andavert.jpg\" class=\"sow-slider-foreground-image\" alt=\"\" style=\"\" srcset=\"https:\/\/tiberiades.org\/wp-content\/uploads\/2019\/05\/7-Jos\u00e9-Luis-Andavert.jpg 1528w, https:\/\/tiberiades.org\/wp-content\/uploads\/2019\/05\/7-Jos\u00e9-Luis-Andavert-300x150.jpg 300w, https:\/\/tiberiades.org\/wp-content\/uploads\/2019\/05\/7-Jos\u00e9-Luis-Andavert-768x385.jpg 768w, https:\/\/tiberiades.org\/wp-content\/uploads\/2019\/05\/7-Jos\u00e9-Luis-Andavert-1024x513.jpg 1024w\" sizes=\"auto, (max-width: 1528px) 100vw, 1528px\" \/>\t\t\t\t\t<\/div>\n\t\t\t\t\t\t\t\t\t<\/div>\n\t\t\t<\/div>\n\t\t\t\t\t<\/li>\n\t\t\t\t<li class=\"sow-slider-image\" style=\"visibility: hidden;\" >\n\t\t\t\t\t\t<div class=\"sow-slider-image-container\">\n\t\t\t\t<div class=\"sow-slider-image-wrapper\" style=\"max-width: 1600px\">\n\t\t\t\t\t\t\t\t\t\t<div class=\"sow-slider-image-foreground-wrapper\">\n\t\t\t\t\t\t<img loading=\"lazy\" decoding=\"async\" width=\"1600\" height=\"935\" src=\"https:\/\/tiberiades.org\/wp-content\/uploads\/2019\/05\/8-Manuel-Su\u00e1rez.jpg\" class=\"sow-slider-foreground-image\" alt=\"\" style=\"\" srcset=\"https:\/\/tiberiades.org\/wp-content\/uploads\/2019\/05\/8-Manuel-Su\u00e1rez.jpg 1600w, https:\/\/tiberiades.org\/wp-content\/uploads\/2019\/05\/8-Manuel-Su\u00e1rez-300x175.jpg 300w, https:\/\/tiberiades.org\/wp-content\/uploads\/2019\/05\/8-Manuel-Su\u00e1rez-768x449.jpg 768w, https:\/\/tiberiades.org\/wp-content\/uploads\/2019\/05\/8-Manuel-Su\u00e1rez-1024x598.jpg 1024w\" sizes=\"auto, (max-width: 1600px) 100vw, 1600px\" \/>\t\t\t\t\t<\/div>\n\t\t\t\t\t\t\t\t\t<\/div>\n\t\t\t<\/div>\n\t\t\t\t\t<\/li>\n\t\t\t\t<li class=\"sow-slider-image\" style=\"visibility: hidden;\" >\n\t\t\t\t\t\t<div class=\"sow-slider-image-container\">\n\t\t\t\t<div class=\"sow-slider-image-wrapper\" style=\"max-width: 4169px\">\n\t\t\t\t\t\t\t\t\t\t<div class=\"sow-slider-image-foreground-wrapper\">\n\t\t\t\t\t\t<img loading=\"lazy\" decoding=\"async\" width=\"4169\" height=\"2163\" src=\"https:\/\/tiberiades.org\/wp-content\/uploads\/2019\/05\/10.jpg\" class=\"sow-slider-foreground-image\" alt=\"\" style=\"\" srcset=\"https:\/\/tiberiades.org\/wp-content\/uploads\/2019\/05\/10.jpg 4169w, https:\/\/tiberiades.org\/wp-content\/uploads\/2019\/05\/10-300x156.jpg 300w, https:\/\/tiberiades.org\/wp-content\/uploads\/2019\/05\/10-768x398.jpg 768w, https:\/\/tiberiades.org\/wp-content\/uploads\/2019\/05\/10-1024x531.jpg 1024w\" sizes=\"auto, (max-width: 4169px) 100vw, 4169px\" \/>\t\t\t\t\t<\/div>\n\t\t\t\t\t\t\t\t\t<\/div>\n\t\t\t<\/div>\n\t\t\t\t\t<\/li>\n\t\t\t\t<li class=\"sow-slider-image\" style=\"visibility: hidden;\" >\n\t\t\t\t\t\t<div class=\"sow-slider-image-container\">\n\t\t\t\t<div class=\"sow-slider-image-wrapper\" style=\"max-width: 992px\">\n\t\t\t\t\t\t\t\t\t\t<div class=\"sow-slider-image-foreground-wrapper\">\n\t\t\t\t\t\t<img loading=\"lazy\" decoding=\"async\" width=\"992\" height=\"494\" src=\"https:\/\/tiberiades.org\/wp-content\/uploads\/2019\/05\/9.png\" class=\"sow-slider-foreground-image\" alt=\"\" style=\"\" srcset=\"https:\/\/tiberiades.org\/wp-content\/uploads\/2019\/05\/9.png 992w, https:\/\/tiberiades.org\/wp-content\/uploads\/2019\/05\/9-300x149.png 300w, https:\/\/tiberiades.org\/wp-content\/uploads\/2019\/05\/9-768x382.png 768w\" sizes=\"auto, (max-width: 992px) 100vw, 992px\" \/>\t\t\t\t\t<\/div>\n\t\t\t\t\t\t\t\t\t<\/div>\n\t\t\t<\/div>\n\t\t\t\t\t<\/li>\n\t\t\t\t<li class=\"sow-slider-image\" style=\"visibility: hidden;\" >\n\t\t\t\t\t\t<div class=\"sow-slider-image-container\">\n\t\t\t\t<div class=\"sow-slider-image-wrapper\" style=\"max-width: 628px\">\n\t\t\t\t\t\t\t\t\t\t<div class=\"sow-slider-image-foreground-wrapper\">\n\t\t\t\t\t\t<img loading=\"lazy\" decoding=\"async\" width=\"628\" height=\"328\" src=\"https:\/\/tiberiades.org\/wp-content\/uploads\/2019\/05\/11.jpg\" class=\"sow-slider-foreground-image\" alt=\"\" style=\"\" srcset=\"https:\/\/tiberiades.org\/wp-content\/uploads\/2019\/05\/11.jpg 628w, https:\/\/tiberiades.org\/wp-content\/uploads\/2019\/05\/11-300x157.jpg 300w\" sizes=\"auto, (max-width: 628px) 100vw, 628px\" \/>\t\t\t\t\t<\/div>\n\t\t\t\t\t\t\t\t\t<\/div>\n\t\t\t<\/div>\n\t\t\t\t\t<\/li>\n\t\t<\/ul>\t\t\t\t<ol class=\"sow-slider-pagination\">\n\t\t\t\t\t\t\t\t\t\t\t<li><a href=\"#\" data-goto=\"0\" aria-label=\"mostrar diapositiva 1\"><\/a><\/li>\n\t\t\t\t\t\t\t\t\t\t\t<li><a href=\"#\" data-goto=\"1\" aria-label=\"mostrar diapositiva 2\"><\/a><\/li>\n\t\t\t\t\t\t\t\t\t\t\t<li><a href=\"#\" data-goto=\"2\" aria-label=\"mostrar diapositiva 3\"><\/a><\/li>\n\t\t\t\t\t\t\t\t\t\t\t<li><a href=\"#\" data-goto=\"3\" aria-label=\"mostrar diapositiva 4\"><\/a><\/li>\n\t\t\t\t\t\t\t\t\t\t\t<li><a href=\"#\" data-goto=\"4\" aria-label=\"mostrar diapositiva 5\"><\/a><\/li>\n\t\t\t\t\t\t\t\t\t<\/ol>\n\n\t\t\t\t<div class=\"sow-slide-nav sow-slide-nav-next\">\n\t\t\t\t\t<a href=\"#\" data-goto=\"next\" aria-label=\"diapositiva siguiente\" data-action=\"next\">\n\t\t\t\t\t\t<em class=\"sow-sld-icon-medium-right\"><\/em>\n\t\t\t\t\t<\/a>\n\t\t\t\t<\/div>\n\n\t\t\t\t<div class=\"sow-slide-nav sow-slide-nav-prev\">\n\t\t\t\t\t<a href=\"#\" data-goto=\"previous\" aria-label=\"diapositiva anterior\" data-action=\"prev\">\n\t\t\t\t\t\t<em class=\"sow-sld-icon-medium-left\"><\/em>\n\t\t\t\t\t<\/a>\n\t\t\t\t<\/div>\n\t\t\t\t<\/div><\/div>","protected":false},"excerpt":{"rendered":"<p>El pasado 24 de abril se present\u00f3, en el sal\u00f3n de actos de la Primera Iglesia Bautista de Madrid, el segundo poemario del reconocido te\u00f3logo M\u00e1ximo Garc\u00eda Ruiz, miembro del Consejo Asesor de Tiber\u00edades. El libro, titulado Poemas b\u00edblicos, ha sido publicado por Hebel Ediciones, de Santiago de Chile, dirigida por el poeta y pastor presbiteriano Luis Cruz-Villalobos, tambi\u00e9n miembro [&hellip;]<\/p>\n","protected":false},"author":2,"featured_media":1544,"comment_status":"open","ping_status":"closed","sticky":false,"template":"","format":"standard","meta":{"footnotes":""},"categories":[61,19],"tags":[],"class_list":["post-1545","post","type-post","status-publish","format-standard","has-post-thumbnail","hentry","category-maximo-g-ruiz-poemas-de","category-poemas-de"],"_links":{"self":[{"href":"https:\/\/tiberiades.org\/index.php?rest_route=\/wp\/v2\/posts\/1545","targetHints":{"allow":["GET"]}}],"collection":[{"href":"https:\/\/tiberiades.org\/index.php?rest_route=\/wp\/v2\/posts"}],"about":[{"href":"https:\/\/tiberiades.org\/index.php?rest_route=\/wp\/v2\/types\/post"}],"author":[{"embeddable":true,"href":"https:\/\/tiberiades.org\/index.php?rest_route=\/wp\/v2\/users\/2"}],"replies":[{"embeddable":true,"href":"https:\/\/tiberiades.org\/index.php?rest_route=%2Fwp%2Fv2%2Fcomments&post=1545"}],"version-history":[{"count":9,"href":"https:\/\/tiberiades.org\/index.php?rest_route=\/wp\/v2\/posts\/1545\/revisions"}],"predecessor-version":[{"id":1556,"href":"https:\/\/tiberiades.org\/index.php?rest_route=\/wp\/v2\/posts\/1545\/revisions\/1556"}],"wp:featuredmedia":[{"embeddable":true,"href":"https:\/\/tiberiades.org\/index.php?rest_route=\/wp\/v2\/media\/1544"}],"wp:attachment":[{"href":"https:\/\/tiberiades.org\/index.php?rest_route=%2Fwp%2Fv2%2Fmedia&parent=1545"}],"wp:term":[{"taxonomy":"category","embeddable":true,"href":"https:\/\/tiberiades.org\/index.php?rest_route=%2Fwp%2Fv2%2Fcategories&post=1545"},{"taxonomy":"post_tag","embeddable":true,"href":"https:\/\/tiberiades.org\/index.php?rest_route=%2Fwp%2Fv2%2Ftags&post=1545"}],"curies":[{"name":"wp","href":"https:\/\/api.w.org\/{rel}","templated":true}]}}