{"id":1581,"date":"2019-05-17T08:36:28","date_gmt":"2019-05-17T07:36:28","guid":{"rendered":"http:\/\/tiberiades.org\/?p=1581"},"modified":"2019-05-17T08:42:55","modified_gmt":"2019-05-17T07:42:55","slug":"ilia-galan","status":"publish","type":"post","link":"https:\/\/tiberiades.org\/?p=1581","title":{"rendered":"Ilia Gal\u00e1n"},"content":{"rendered":"<p><em>Tiber\u00edades ha invitado al poeta y ensayista Ilia Gal\u00e1n para que nos haga conocer cuatro poemas de su libro <\/em>La Cruz dorada<em> (Ars Poetica, Oviedo, 2017. Pr\u00f3logo de Jos\u00e9 Jim\u00e9nez Lozano), un libro con genuino anclaje cristiano, sin complejos.<\/em><em> Gal\u00e1n (Miranda de Ebro, Burgos, 1966), es profesor Titular de Est\u00e9tica y Teor\u00eda del Arte en la Universidad Carlos III de Madrid y profesor invitado en las universidades de Oxford, Harvard, la Sorbona, New York University, etc. Columnista habitual en <\/em>El Pa\u00eds<em>, y otros peri\u00f3dicos de Castilla y Le\u00f3n. Entre sus libros, editados en varios idiomas, destacan las novelas: <\/em>Tequila sin trabajo<em> (2000); <\/em>Tiempos ariscos para un extranjero<em> (2001) y <\/em>Todo<em> (2004); los poemarios: <\/em>Tempestad, amanece<em> (1991); <\/em>Arder\u00e1 el hielo<em> (2002); <\/em>Amanece <em>(2005); <\/em>Ars Sacra<em> (2011), <\/em>Umbria al sol<em> (2013) y <\/em>La cruz dorada <em>(2017); de su poes\u00eda se han editado cuatro antolog\u00edas. En teatro ha editado: <\/em>Despu\u00e9s del Caos<em> (2011). <\/em>Teatro en el templo de Salom\u00f3n<em> (2013) y <\/em>Pintar el Crimen de los s\u00edmbolos<em> (2014).<\/em><\/p>\n<figure id=\"attachment_1573\" aria-describedby=\"caption-attachment-1573\" style=\"width: 640px\" class=\"wp-caption aligncenter\"><img loading=\"lazy\" decoding=\"async\" class=\"wp-image-1573 size-large\" src=\"https:\/\/tiberiades.org\/wp-content\/uploads\/2019\/05\/2-Foto-de-Jos\u00e9-Amador-Mart\u00edn-1024x684.jpg\" alt=\"\" width=\"640\" height=\"428\" srcset=\"https:\/\/tiberiades.org\/wp-content\/uploads\/2019\/05\/2-Foto-de-Jos\u00e9-Amador-Mart\u00edn-1024x684.jpg 1024w, https:\/\/tiberiades.org\/wp-content\/uploads\/2019\/05\/2-Foto-de-Jos\u00e9-Amador-Mart\u00edn-300x200.jpg 300w, https:\/\/tiberiades.org\/wp-content\/uploads\/2019\/05\/2-Foto-de-Jos\u00e9-Amador-Mart\u00edn-768x513.jpg 768w, https:\/\/tiberiades.org\/wp-content\/uploads\/2019\/05\/2-Foto-de-Jos\u00e9-Amador-Mart\u00edn-272x182.jpg 272w, https:\/\/tiberiades.org\/wp-content\/uploads\/2019\/05\/2-Foto-de-Jos\u00e9-Amador-Mart\u00edn.jpg 1789w\" sizes=\"auto, (max-width: 640px) 100vw, 640px\" \/><figcaption id=\"caption-attachment-1573\" class=\"wp-caption-text\">Foto de Jos\u00e9 Amador Mart\u00edn<\/figcaption><\/figure>\n<p style=\"padding-left: 40px;\"><strong><em>Oxford, Magdalen College, 26 de agosto de 2007<\/em><\/strong><\/p>\n<p style=\"padding-left: 40px;\">El dolor clavado con oxidadas saetas<br \/>\npor la mano sucia de nuestra sombra m\u00e1s siniestra<br \/>\necha sangre negra sobre el sill\u00f3n de piedra.<\/p>\n<p style=\"padding-left: 40px;\">Los jardines refulgen todav\u00eda con prestada belleza<br \/>\ndel Dios que por ellos pas\u00f3 roz\u00e1ndolos.<\/p>\n<p style=\"padding-left: 40px;\">El Sol del ocaso ilumina mi pluma<br \/>\ny vuela.<\/p>\n<p style=\"padding-left: 40px;\">Recordar las p\u00e1ginas rotas y<br \/>\ncomidas por los hongos<br \/>\nque al pasado huyeron<br \/>\nme pinta en la mente un retrato<br \/>\nque pudo haberse desfigurado<br \/>\nmientras mi vida era perdida<br \/>\nentre las bragas de una mujer nueva.<\/p>\n<p style=\"padding-left: 40px;\">Pero freno mis caballos sobre las nubes<br \/>\ny me dejo en manos del gran silencio<br \/>\nque resuena en m\u00ed con su caricia<br \/>\nse\u00f1alada por el Eterno.<\/p>\n<p style=\"padding-left: 40px;\"><strong>\u00a0<\/strong><\/p>\n<p><img loading=\"lazy\" decoding=\"async\" class=\"aligncenter size-large wp-image-1574\" src=\"https:\/\/tiberiades.org\/wp-content\/uploads\/2019\/05\/3-704x1024.jpg\" alt=\"\" width=\"640\" height=\"931\" srcset=\"https:\/\/tiberiades.org\/wp-content\/uploads\/2019\/05\/3-704x1024.jpg 704w, https:\/\/tiberiades.org\/wp-content\/uploads\/2019\/05\/3-206x300.jpg 206w, https:\/\/tiberiades.org\/wp-content\/uploads\/2019\/05\/3.jpg 743w\" sizes=\"auto, (max-width: 640px) 100vw, 640px\" \/><\/p>\n<p style=\"padding-left: 40px;\"><strong><em>Galicia, playa en la r\u00eda de Villarrube, 24 de agosto de 2010<\/em><\/strong><\/p>\n<p style=\"padding-left: 40px;\">Se\u00f1or, ante vos soy mosca<br \/>\nque el viento lleva, pesarosa,<br \/>\npero nuestro amor<br \/>\nme transmuta en \u00e1guila de alas inmensas<br \/>\nllevado en tu alt\u00edsimo vuelo.<\/p>\n<p style=\"padding-left: 40px;\">Ante vos con temor no me arrodillo<br \/>\nsino entre tus besos,<br \/>\npara besarte las llagas<br \/>\nque en tus pies y en las manos<br \/>\nde tu coraz\u00f3n<br \/>\nmis injurias hicieron.<\/p>\n<p style=\"padding-left: 40px;\">Ante vos soy pr\u00edncipe, ni\u00f1o,<br \/>\ntu hijo, y el caballero m\u00e1s valiente<br \/>\ninvencible con tu bandera<br \/>\nondeando al viento,<br \/>\nun mar inmenso por delante<br \/>\ny mil veleros para descubrir nuevos universos,<br \/>\nconquistados ya por nuestros comunes anhelos.<\/p>\n<p style=\"padding-left: 40px;\">Y t\u00fa, mi Rey amado, ante m\u00ed te arrodillas<br \/>\ny acaricias mis sucias mejillas<br \/>\ny tus besos a veces me despiertan,<br \/>\nt\u00fa, que por m\u00ed llevar quieres<br \/>\nlas oxidadas cadenas<br \/>\nque en mi mente apenas resuenan<br \/>\ncon sus ecos lastimeros.<\/p>\n<p style=\"padding-left: 40px;\">T\u00fa eres, Amor, mi Se\u00f1or,<br \/>\npor m\u00ed muerto en el tormento<br \/>\ny por ti tambi\u00e9n yo muero<br \/>\nporque no muero<br \/>\ny tal vez apenas quiero<br \/>\ny no s\u00e9 saberlo.<\/p>\n<p><strong>\u00a0<\/strong><\/p>\n<p><em>\u00a0<\/em><\/p>\n<p><img loading=\"lazy\" decoding=\"async\" class=\"aligncenter size-large wp-image-1575\" src=\"https:\/\/tiberiades.org\/wp-content\/uploads\/2019\/05\/4-1024x685.jpg\" alt=\"\" width=\"640\" height=\"428\" srcset=\"https:\/\/tiberiades.org\/wp-content\/uploads\/2019\/05\/4-1024x685.jpg 1024w, https:\/\/tiberiades.org\/wp-content\/uploads\/2019\/05\/4-300x201.jpg 300w, https:\/\/tiberiades.org\/wp-content\/uploads\/2019\/05\/4-768x513.jpg 768w, https:\/\/tiberiades.org\/wp-content\/uploads\/2019\/05\/4-272x182.jpg 272w, https:\/\/tiberiades.org\/wp-content\/uploads\/2019\/05\/4.jpg 1792w\" sizes=\"auto, (max-width: 640px) 100vw, 640px\" \/><\/p>\n<p style=\"padding-left: 40px;\"><strong><em>Gredos, Candeleda, Garganta de Santa Mar\u00eda, Roca del Esp\u00edritu Santo, 1 de diciembre de 2007.<\/em><\/strong><\/p>\n<p style=\"padding-left: 40px;\">Vine a buscarte, Se\u00f1or del Amor,<br \/>\na nuestro secreto santuario<br \/>\nsobre la monta\u00f1a de los bosques sagrados.<\/p>\n<p style=\"padding-left: 40px;\">El autom\u00f3vil no funcionaba y,<br \/>\nya arreglado, mis pasos se retrasaron<br \/>\npara beber combustible, comer algo,<br \/>\nmientras las fuerzas se escapaban hacia un \u00e1rbol.<\/p>\n<p style=\"padding-left: 40px;\">Por fin llegu\u00e9 a donde las m\u00e1quinas<br \/>\nno alcanzaban<br \/>\ny plant\u00e9 tus cipreses y otros colosos en su germen<br \/>\npara que la tierra saltase de nuevo<br \/>\nhasta tu cielo, claro y abierto.<\/p>\n<p style=\"padding-left: 40px;\">Solitario sub\u00ed por la vereda<br \/>\nque siguen las bestias,<br \/>\nleyendo, monta\u00f1ero,<br \/>\nel\u00a0<em>Cantar de los cantares<\/em><br \/>\ny mi \u00faltimo libro:\u00a0<em>Amor y T\u00fa.<\/em><\/p>\n<p style=\"padding-left: 40px;\">Mareado, las rocas confund\u00edan mis ojos,<br \/>\narroyos y hojas que no hab\u00edan sido le\u00eddas<br \/>\nvest\u00edan los suelos de viejos oto\u00f1os reci\u00e9n nacidos<br \/>\ny explosiones de estrellas<br \/>\ninundaban mis pupilas rotas<br \/>\ncon otra noche, apagadas las farolas.<\/p>\n<p style=\"padding-left: 40px;\">Trepando, llegu\u00e9 al promontorio sobre<br \/>\nlos abismos,<br \/>\nal fondo un r\u00edo bramaba brillando,<br \/>\nfluido de diamantes que los peces<br \/>\nhoradaban con su plata afilada de vida sumergida.<\/p>\n<p style=\"padding-left: 40px;\">Extraje mi cuchillo para devorar<br \/>\ny cort\u00e9, junto a los alimentos, mi dedo.<\/p>\n<p style=\"padding-left: 40px;\">Sin se\u00f1alar ya, me tambaleo,<br \/>\nSe\u00f1or del Amor, en tu espera.<br \/>\nUna mata de espino que hace a\u00f1os<br \/>\nse clavaba en mi cuerpo<br \/>\nha sido por fin cortada<br \/>\ncon pensada violencia<br \/>\ny en tu trono de roca me he asentado,<br \/>\nesper\u00e1ndote,<br \/>\nca\u00eddo por mi lluvia de pecados.<\/p>\n<p style=\"padding-left: 40px;\">Pero s\u00e9 que vendr\u00e1s, aunque te hagas desear<br \/>\npues nunca fallas, Amor, sobre todos los dioses.<\/p>\n<p><em>\u00a0<\/em><\/p>\n<p><img loading=\"lazy\" decoding=\"async\" class=\"aligncenter size-full wp-image-1576\" src=\"https:\/\/tiberiades.org\/wp-content\/uploads\/2019\/05\/5-1.jpg\" alt=\"\" width=\"661\" height=\"960\" srcset=\"https:\/\/tiberiades.org\/wp-content\/uploads\/2019\/05\/5-1.jpg 661w, https:\/\/tiberiades.org\/wp-content\/uploads\/2019\/05\/5-1-207x300.jpg 207w\" sizes=\"auto, (max-width: 661px) 100vw, 661px\" \/><\/p>\n<p><em>\u00a0<\/em><\/p>\n<p style=\"padding-left: 40px;\"><strong><em>Inglaterra, Wells, 26 de agosto de 2008<\/em><\/strong><\/p>\n<p style=\"padding-left: 40px;\">Poder sacerdotal derramado en sus templos,<br \/>\nderretido en gotas de belleza sobre piedras<br \/>\nque se creyeron eternas.<br \/>\n\u00bfY el amor que nos gu\u00eda y quema?<br \/>\n\u00bfY el vivo genio que arrebata<br \/>\na la duda las masas y la fe les entrega<br \/>\nen lo m\u00e1s alto y hermoso<br \/>\nde nuestros internos firmamentos?<br \/>\n\u00bfY el fuego en el coraz\u00f3n que a los d\u00e9biles conforta?<br \/>\nHablan las rocas talladas como la Sacra Paloma<br \/>\ndel Libro.<br \/>\nLos sordos, miles, pasan.<br \/>\nCae la tarde, pero habr\u00e1 estrellas<br \/>\nen el inmenso campo de nuestra noche.<\/p>\n<figure id=\"attachment_1577\" aria-describedby=\"caption-attachment-1577\" style=\"width: 640px\" class=\"wp-caption aligncenter\"><img loading=\"lazy\" decoding=\"async\" class=\"size-large wp-image-1577\" src=\"https:\/\/tiberiades.org\/wp-content\/uploads\/2019\/05\/6-Foto-de-Jos\u00e9-Amador-Mart\u00edn-1024x688.jpg\" alt=\"\" width=\"640\" height=\"430\" srcset=\"https:\/\/tiberiades.org\/wp-content\/uploads\/2019\/05\/6-Foto-de-Jos\u00e9-Amador-Mart\u00edn-1024x688.jpg 1024w, https:\/\/tiberiades.org\/wp-content\/uploads\/2019\/05\/6-Foto-de-Jos\u00e9-Amador-Mart\u00edn-300x202.jpg 300w, https:\/\/tiberiades.org\/wp-content\/uploads\/2019\/05\/6-Foto-de-Jos\u00e9-Amador-Mart\u00edn-768x516.jpg 768w, https:\/\/tiberiades.org\/wp-content\/uploads\/2019\/05\/6-Foto-de-Jos\u00e9-Amador-Mart\u00edn-272x182.jpg 272w, https:\/\/tiberiades.org\/wp-content\/uploads\/2019\/05\/6-Foto-de-Jos\u00e9-Amador-Mart\u00edn.jpg 1958w\" sizes=\"auto, (max-width: 640px) 100vw, 640px\" \/><figcaption id=\"caption-attachment-1577\" class=\"wp-caption-text\">Foto de Jos\u00e9 Amador Mart\u00edn<\/figcaption><\/figure>\n","protected":false},"excerpt":{"rendered":"<p>Tiber\u00edades ha invitado al poeta y ensayista Ilia Gal\u00e1n para que nos haga conocer cuatro poemas de su libro La Cruz dorada (Ars Poetica, Oviedo, 2017. Pr\u00f3logo de Jos\u00e9 Jim\u00e9nez Lozano), un libro con genuino anclaje cristiano, sin complejos. Gal\u00e1n (Miranda de Ebro, Burgos, 1966), es profesor Titular de Est\u00e9tica y Teor\u00eda del Arte en la Universidad Carlos III de [&hellip;]<\/p>\n","protected":false},"author":2,"featured_media":1579,"comment_status":"open","ping_status":"closed","sticky":false,"template":"","format":"standard","meta":{"footnotes":""},"categories":[63,19],"tags":[],"class_list":["post-1581","post","type-post","status-publish","format-standard","has-post-thumbnail","hentry","category-ilia-galan","category-poemas-de"],"_links":{"self":[{"href":"https:\/\/tiberiades.org\/index.php?rest_route=\/wp\/v2\/posts\/1581","targetHints":{"allow":["GET"]}}],"collection":[{"href":"https:\/\/tiberiades.org\/index.php?rest_route=\/wp\/v2\/posts"}],"about":[{"href":"https:\/\/tiberiades.org\/index.php?rest_route=\/wp\/v2\/types\/post"}],"author":[{"embeddable":true,"href":"https:\/\/tiberiades.org\/index.php?rest_route=\/wp\/v2\/users\/2"}],"replies":[{"embeddable":true,"href":"https:\/\/tiberiades.org\/index.php?rest_route=%2Fwp%2Fv2%2Fcomments&post=1581"}],"version-history":[{"count":3,"href":"https:\/\/tiberiades.org\/index.php?rest_route=\/wp\/v2\/posts\/1581\/revisions"}],"predecessor-version":[{"id":1585,"href":"https:\/\/tiberiades.org\/index.php?rest_route=\/wp\/v2\/posts\/1581\/revisions\/1585"}],"wp:featuredmedia":[{"embeddable":true,"href":"https:\/\/tiberiades.org\/index.php?rest_route=\/wp\/v2\/media\/1579"}],"wp:attachment":[{"href":"https:\/\/tiberiades.org\/index.php?rest_route=%2Fwp%2Fv2%2Fmedia&parent=1581"}],"wp:term":[{"taxonomy":"category","embeddable":true,"href":"https:\/\/tiberiades.org\/index.php?rest_route=%2Fwp%2Fv2%2Fcategories&post=1581"},{"taxonomy":"post_tag","embeddable":true,"href":"https:\/\/tiberiades.org\/index.php?rest_route=%2Fwp%2Fv2%2Ftags&post=1581"}],"curies":[{"name":"wp","href":"https:\/\/api.w.org\/{rel}","templated":true}]}}