{"id":1638,"date":"2019-05-25T17:33:34","date_gmt":"2019-05-25T16:33:34","guid":{"rendered":"http:\/\/tiberiades.org\/?p=1638"},"modified":"2019-05-25T17:52:25","modified_gmt":"2019-05-25T16:52:25","slug":"jesus-fonseca","status":"publish","type":"post","link":"https:\/\/tiberiades.org\/?p=1638","title":{"rendered":"Jes\u00fas Fonseca"},"content":{"rendered":"<p><em>Tiber\u00edades ha invitado al poeta y periodista Jes\u00fas Fonseca para que nos haga conocer una muestra de sus \u00faltimos poemas escritos. Generosamente nos envi\u00f3 cinco textos in\u00e9ditos, un privilegio para nosotros. Jes\u00fas Fonseca Escart\u00edn (Canfranc- Estaci\u00f3n, Huesca, 1952) es poeta y licenciado en Ciencias de la Informaci\u00f3n por la Universidad Complutense de Madrid.<\/em><em> Hasta hace unos meses dirigi\u00f3 el peri\u00f3dico \u201cLa Raz\u00f3n\u201d en Castilla y Le\u00f3n, y el programa \u201cPalabras a medianoche\u201d de Castilla y Le\u00f3n Televisi\u00f3n. Ha sido corresponsal en Bruselas de Televisi\u00f3n Espa\u00f1ola y de ABC, y de este mismo diario en Portugal. Jefe de redacci\u00f3n de Blanco y Negro, dirigi\u00f3 tambi\u00e9n el diario \u201cInformaci\u00f3n\u201d de Alicante. Delegado de la Agencia Efe en Senegal, Guinea Ecuatorial, Colombia, Argentina y en Castilla y Le\u00f3n. Estuvo al frente de la direcci\u00f3n de Nacional de la Agencia Efe y de Informaci\u00f3n Nacional de los Servicios Informativos de Televisi\u00f3n Espa\u00f1ola. Tiene siete poemarios publicados y forma parte del prestigioso Premio Internacional de Poes\u00eda \u2018Pilar Fern\u00e1ndez Labrador\u2019 y miembro del Consejo Asesor de los Encuentros de Poetas Iberoamericanos que anualmente se celebran en Salamaca desde 1998.<\/em><\/p>\n<figure id=\"attachment_1635\" aria-describedby=\"caption-attachment-1635\" style=\"width: 640px\" class=\"wp-caption aligncenter\"><img loading=\"lazy\" decoding=\"async\" class=\"size-large wp-image-1635\" src=\"https:\/\/tiberiades.org\/wp-content\/uploads\/2019\/05\/2-Foto-de-Jos\u00e9-Amador-Mart\u00edn-2-1024x688.jpg\" alt=\"\" width=\"640\" height=\"430\" srcset=\"https:\/\/tiberiades.org\/wp-content\/uploads\/2019\/05\/2-Foto-de-Jos\u00e9-Amador-Mart\u00edn-2-1024x688.jpg 1024w, https:\/\/tiberiades.org\/wp-content\/uploads\/2019\/05\/2-Foto-de-Jos\u00e9-Amador-Mart\u00edn-2-300x202.jpg 300w, https:\/\/tiberiades.org\/wp-content\/uploads\/2019\/05\/2-Foto-de-Jos\u00e9-Amador-Mart\u00edn-2-768x516.jpg 768w, https:\/\/tiberiades.org\/wp-content\/uploads\/2019\/05\/2-Foto-de-Jos\u00e9-Amador-Mart\u00edn-2-272x182.jpg 272w, https:\/\/tiberiades.org\/wp-content\/uploads\/2019\/05\/2-Foto-de-Jos\u00e9-Amador-Mart\u00edn-2.jpg 1959w\" sizes=\"auto, (max-width: 640px) 100vw, 640px\" \/><figcaption id=\"caption-attachment-1635\" class=\"wp-caption-text\">Foto de Jos\u00e9 Amador Mart\u00edn<\/figcaption><\/figure>\n<h3 style=\"padding-left: 40px;\"><strong>Fuera no hay camino<\/strong><\/h3>\n<p style=\"padding-left: 40px;\">S\u00f3lo una cosa sabe:<br \/>\nque fuera no hay camino.<br \/>\nPor eso regresa,<br \/>\nuna vez y otra,<br \/>\na los adentros<br \/>\ncon el alma alegre,<br \/>\naunque extenuada<br \/>\npor el gozo radical de amar.<br \/>\nAll\u00ed permanece a salvo<br \/>\nde las horas de fatiga;<br \/>\nde lo que sin entender entiende.<\/p>\n<p style=\"padding-left: 40px;\">S\u00f3lo una cosa sabe:<br \/>\nque no puede vivir<br \/>\nsin el ser amado,<br \/>\na pesar de la duda,<br \/>\nla desolaci\u00f3n y el miedo.<br \/>\nPor eso anhela un sentir distinto<br \/>\nde realidad sin fin,<br \/>\ncon sus heridas y l\u00edmites.<\/p>\n<p style=\"padding-left: 40px;\">S\u00f3lo una cosa sabe:<br \/>\nque dentro s\u00ed hay camino.<br \/>\nEl camino de la fragilidad,<br \/>\nlejos de la mirada ajena,<br \/>\nsin ruido de palabras,<br \/>\nsino de silencios.<\/p>\n<p style=\"padding-left: 40px;\">As\u00ed, despojada de todo,<br \/>\npara que \u00c9l viva, va dando pasos<br \/>\nsin desertar de la vida,<br \/>\nhacia lo duradero,<br \/>\nhacia lo que existe<br \/>\npara siempre, para siempre.<br \/>\nHacia lo que su coraz\u00f3n barrunta.<\/p>\n<figure id=\"attachment_1636\" aria-describedby=\"caption-attachment-1636\" style=\"width: 745px\" class=\"wp-caption aligncenter\"><img loading=\"lazy\" decoding=\"async\" class=\"size-full wp-image-1636\" src=\"https:\/\/tiberiades.org\/wp-content\/uploads\/2019\/05\/3-Foto-de-Jos\u00e9-Amador-Mart\u00edn-1.jpg\" alt=\"\" width=\"745\" height=\"500\" srcset=\"https:\/\/tiberiades.org\/wp-content\/uploads\/2019\/05\/3-Foto-de-Jos\u00e9-Amador-Mart\u00edn-1.jpg 745w, https:\/\/tiberiades.org\/wp-content\/uploads\/2019\/05\/3-Foto-de-Jos\u00e9-Amador-Mart\u00edn-1-300x201.jpg 300w, https:\/\/tiberiades.org\/wp-content\/uploads\/2019\/05\/3-Foto-de-Jos\u00e9-Amador-Mart\u00edn-1-272x182.jpg 272w\" sizes=\"auto, (max-width: 745px) 100vw, 745px\" \/><figcaption id=\"caption-attachment-1636\" class=\"wp-caption-text\">Foto de Jos\u00e9 Amador Mart\u00edn<\/figcaption><\/figure>\n<h3 style=\"padding-left: 40px;\"><strong>Meditar es esto<\/strong><\/h3>\n<p style=\"padding-left: 40px;\">Lo supe tard\u00edamente.<br \/>\nCasi todo nos llega a deshora.<br \/>\nSe te pide simplemente perseverar<br \/>\nentregado, abandonado,<br \/>\nal que nos busca siempre.<br \/>\nPermanecer en su regazo;<br \/>\nestar en el ser, estar en ti<br \/>\naunque te pueda el cansancio,<br \/>\naunque te venza el tedio;<br \/>\nante cualquier fatiga.<br \/>\nMeditar es una llamada,<br \/>\nal misterio de escuchar,<br \/>\nuna forma de ser<br \/>\ny de estar en la vida.<br \/>\nUn existir con la Presencia<br \/>\nque nos habita.<br \/>\nMeditar es esto.<\/p>\n<figure id=\"attachment_1629\" aria-describedby=\"caption-attachment-1629\" style=\"width: 640px\" class=\"wp-caption aligncenter\"><img loading=\"lazy\" decoding=\"async\" class=\"size-large wp-image-1629\" src=\"https:\/\/tiberiades.org\/wp-content\/uploads\/2019\/05\/4-Foto-de-Jos\u00e9-Amador-Mart\u00edn-1-1024x684.jpg\" alt=\"\" width=\"640\" height=\"428\" srcset=\"https:\/\/tiberiades.org\/wp-content\/uploads\/2019\/05\/4-Foto-de-Jos\u00e9-Amador-Mart\u00edn-1-1024x684.jpg 1024w, https:\/\/tiberiades.org\/wp-content\/uploads\/2019\/05\/4-Foto-de-Jos\u00e9-Amador-Mart\u00edn-1-300x200.jpg 300w, https:\/\/tiberiades.org\/wp-content\/uploads\/2019\/05\/4-Foto-de-Jos\u00e9-Amador-Mart\u00edn-1-768x513.jpg 768w, https:\/\/tiberiades.org\/wp-content\/uploads\/2019\/05\/4-Foto-de-Jos\u00e9-Amador-Mart\u00edn-1-272x182.jpg 272w, https:\/\/tiberiades.org\/wp-content\/uploads\/2019\/05\/4-Foto-de-Jos\u00e9-Amador-Mart\u00edn-1.jpg 2048w\" sizes=\"auto, (max-width: 640px) 100vw, 640px\" \/><figcaption id=\"caption-attachment-1629\" class=\"wp-caption-text\">Foto de Jos\u00e9 Amador Mart\u00edn<\/figcaption><\/figure>\n<h3 style=\"padding-left: 40px;\"><strong>El crujir de una rama<\/strong><\/h3>\n<p style=\"text-align: center;\"><em>Para Ramiro Calle<\/em><\/p>\n<p><em>\u00a0<\/em><\/p>\n<p style=\"padding-left: 40px;\">Es en los adentros donde arraigan las ra\u00edces.<br \/>\nEn la sombra y el l\u00edmite,<br \/>\ny en la lentitud de todas las cosas.<br \/>\nEs en el crujido de una rama,<br \/>\ndonde brota la armon\u00eda.<br \/>\nEn las olas del mar y su aventura<br \/>\ninabarcable del m\u00e1s all\u00e1.<br \/>\nEs en la pureza inextinguible de la luz,<br \/>\ndonde se refleja el universo entero.<br \/>\nEn la desnudez del alma, donde se abre<br \/>\na la vida el gozo que abraza el d\u00eda.<br \/>\nEs en el manantial del silencio donde el amor<br \/>\nsigue siendo m\u00e1s fuerte que la muerte.<\/p>\n<figure id=\"attachment_1630\" aria-describedby=\"caption-attachment-1630\" style=\"width: 640px\" class=\"wp-caption aligncenter\"><img loading=\"lazy\" decoding=\"async\" class=\"size-large wp-image-1630\" src=\"https:\/\/tiberiades.org\/wp-content\/uploads\/2019\/05\/5-Foto-de-Jos\u00e9-Amador-Mart\u00edn-1-1024x708.jpg\" alt=\"\" width=\"640\" height=\"443\" srcset=\"https:\/\/tiberiades.org\/wp-content\/uploads\/2019\/05\/5-Foto-de-Jos\u00e9-Amador-Mart\u00edn-1-1024x708.jpg 1024w, https:\/\/tiberiades.org\/wp-content\/uploads\/2019\/05\/5-Foto-de-Jos\u00e9-Amador-Mart\u00edn-1-300x207.jpg 300w, https:\/\/tiberiades.org\/wp-content\/uploads\/2019\/05\/5-Foto-de-Jos\u00e9-Amador-Mart\u00edn-1-768x531.jpg 768w, https:\/\/tiberiades.org\/wp-content\/uploads\/2019\/05\/5-Foto-de-Jos\u00e9-Amador-Mart\u00edn-1.jpg 1978w\" sizes=\"auto, (max-width: 640px) 100vw, 640px\" \/><figcaption id=\"caption-attachment-1630\" class=\"wp-caption-text\">Foto de Jos\u00e9 Amador Mart\u00edn<\/figcaption><\/figure>\n<h3 style=\"padding-left: 40px;\"><strong>Abrirse al cielo<\/strong><\/h3>\n<p style=\"padding-left: 40px;\">Frente a los picos altivos de Collarada,<br \/>\nescucho los gritos de entusiasmo del Alto Arag\u00f3n,<br \/>\ny contemplo la fatalidad de estos pueblos,<br \/>\nalguna vez rebosantes de vida y m\u00e1s vida,<br \/>\ny ahora desamparados como un s\u00f3rdido <em>gulag<\/em><br \/>\nen su mentira final.<\/p>\n<p style=\"padding-left: 40px;\">Frente a las monta\u00f1as apretadas de los Pirineos,<br \/>\npregunto por los cauces de esperanza<br \/>\nque se anegaron, el dolor de existir y los d\u00edas<br \/>\nsin rumbo cierto de sus gentes.<\/p>\n<p style=\"padding-left: 40px;\">Frente a las erguidas monta\u00f1as de Ordesa<br \/>\ny de Benasque, me pregunto<br \/>\npor el estercolero de las horas,<br \/>\nmientras toco con los dedos la plenitud,<br \/>\ndesde el gozo de vivir,<br \/>\ncomo quien no tiene nada que ocultarse.<br \/>\nMientras escucho, en silencio,esa voz<br \/>\nque viene de lejos, como un chorro de agua fresca.<\/p>\n<figure id=\"attachment_1631\" aria-describedby=\"caption-attachment-1631\" style=\"width: 640px\" class=\"wp-caption aligncenter\"><img loading=\"lazy\" decoding=\"async\" class=\"size-large wp-image-1631\" src=\"https:\/\/tiberiades.org\/wp-content\/uploads\/2019\/05\/6-Foto-de-Jos\u00e9-Amador-Mart\u00edn-1-1024x683.jpg\" alt=\"\" width=\"640\" height=\"427\" srcset=\"https:\/\/tiberiades.org\/wp-content\/uploads\/2019\/05\/6-Foto-de-Jos\u00e9-Amador-Mart\u00edn-1-1024x683.jpg 1024w, https:\/\/tiberiades.org\/wp-content\/uploads\/2019\/05\/6-Foto-de-Jos\u00e9-Amador-Mart\u00edn-1-300x200.jpg 300w, https:\/\/tiberiades.org\/wp-content\/uploads\/2019\/05\/6-Foto-de-Jos\u00e9-Amador-Mart\u00edn-1-768x512.jpg 768w, https:\/\/tiberiades.org\/wp-content\/uploads\/2019\/05\/6-Foto-de-Jos\u00e9-Amador-Mart\u00edn-1-272x182.jpg 272w, https:\/\/tiberiades.org\/wp-content\/uploads\/2019\/05\/6-Foto-de-Jos\u00e9-Amador-Mart\u00edn-1.jpg 2048w\" sizes=\"auto, (max-width: 640px) 100vw, 640px\" \/><figcaption id=\"caption-attachment-1631\" class=\"wp-caption-text\">Foto de Jos\u00e9 Amador Mart\u00edn<\/figcaption><\/figure>\n<h3 style=\"padding-left: 40px;\"><strong>Volvamos al silencio<\/strong><\/h3>\n<p style=\"padding-left: 40px;\">Volvamos al silencio,<br \/>\na esa quietud prolongada<br \/>\nde la eternidad.<br \/>\nAl amor apetecido<br \/>\nantes de la vida<br \/>\ny su verdad sin fin.<br \/>\nVolvamos al gozo<br \/>\nalegre y despreocupado<br \/>\ndel que ama y quiere<br \/>\nser amado, desde<br \/>\nel l\u00edmite espl\u00e9ndido<br \/>\nde esta hora \u00fanica.<\/p>\n<figure id=\"attachment_1632\" aria-describedby=\"caption-attachment-1632\" style=\"width: 640px\" class=\"wp-caption aligncenter\"><img loading=\"lazy\" decoding=\"async\" class=\"size-large wp-image-1632\" src=\"https:\/\/tiberiades.org\/wp-content\/uploads\/2019\/05\/7-Foto-de-Jos\u00e9-Amador-Mart\u00edn-1-1024x687.jpg\" alt=\"\" width=\"640\" height=\"429\" srcset=\"https:\/\/tiberiades.org\/wp-content\/uploads\/2019\/05\/7-Foto-de-Jos\u00e9-Amador-Mart\u00edn-1-1024x687.jpg 1024w, https:\/\/tiberiades.org\/wp-content\/uploads\/2019\/05\/7-Foto-de-Jos\u00e9-Amador-Mart\u00edn-1-300x201.jpg 300w, https:\/\/tiberiades.org\/wp-content\/uploads\/2019\/05\/7-Foto-de-Jos\u00e9-Amador-Mart\u00edn-1-768x515.jpg 768w, https:\/\/tiberiades.org\/wp-content\/uploads\/2019\/05\/7-Foto-de-Jos\u00e9-Amador-Mart\u00edn-1-272x182.jpg 272w, https:\/\/tiberiades.org\/wp-content\/uploads\/2019\/05\/7-Foto-de-Jos\u00e9-Amador-Mart\u00edn-1.jpg 1950w\" sizes=\"auto, (max-width: 640px) 100vw, 640px\" \/><figcaption id=\"caption-attachment-1632\" class=\"wp-caption-text\">Foto de Jos\u00e9 Amador Mart\u00edn<\/figcaption><\/figure>\n<figure id=\"attachment_1633\" aria-describedby=\"caption-attachment-1633\" style=\"width: 640px\" class=\"wp-caption aligncenter\"><img loading=\"lazy\" decoding=\"async\" class=\"size-large wp-image-1633\" src=\"https:\/\/tiberiades.org\/wp-content\/uploads\/2019\/05\/8-Jes\u00fas-Fonseca-retratado-por-Dos-Santos-683x1024.jpg\" alt=\"\" width=\"640\" height=\"960\" srcset=\"https:\/\/tiberiades.org\/wp-content\/uploads\/2019\/05\/8-Jes\u00fas-Fonseca-retratado-por-Dos-Santos-683x1024.jpg 683w, https:\/\/tiberiades.org\/wp-content\/uploads\/2019\/05\/8-Jes\u00fas-Fonseca-retratado-por-Dos-Santos-200x300.jpg 200w, https:\/\/tiberiades.org\/wp-content\/uploads\/2019\/05\/8-Jes\u00fas-Fonseca-retratado-por-Dos-Santos-768x1152.jpg 768w\" sizes=\"auto, (max-width: 640px) 100vw, 640px\" \/><figcaption id=\"caption-attachment-1633\" class=\"wp-caption-text\">Jes\u00fas Fonseca retratado por Dos Santos<\/figcaption><\/figure>\n","protected":false},"excerpt":{"rendered":"<p>Tiber\u00edades ha invitado al poeta y periodista Jes\u00fas Fonseca para que nos haga conocer una muestra de sus \u00faltimos poemas escritos. Generosamente nos envi\u00f3 cinco textos in\u00e9ditos, un privilegio para nosotros. Jes\u00fas Fonseca Escart\u00edn (Canfranc- Estaci\u00f3n, Huesca, 1952) es poeta y licenciado en Ciencias de la Informaci\u00f3n por la Universidad Complutense de Madrid. Hasta hace unos meses dirigi\u00f3 el peri\u00f3dico [&hellip;]<\/p>\n","protected":false},"author":2,"featured_media":1634,"comment_status":"open","ping_status":"closed","sticky":false,"template":"","format":"standard","meta":{"footnotes":""},"categories":[19],"tags":[],"class_list":["post-1638","post","type-post","status-publish","format-standard","has-post-thumbnail","hentry","category-poemas-de"],"_links":{"self":[{"href":"https:\/\/tiberiades.org\/index.php?rest_route=\/wp\/v2\/posts\/1638","targetHints":{"allow":["GET"]}}],"collection":[{"href":"https:\/\/tiberiades.org\/index.php?rest_route=\/wp\/v2\/posts"}],"about":[{"href":"https:\/\/tiberiades.org\/index.php?rest_route=\/wp\/v2\/types\/post"}],"author":[{"embeddable":true,"href":"https:\/\/tiberiades.org\/index.php?rest_route=\/wp\/v2\/users\/2"}],"replies":[{"embeddable":true,"href":"https:\/\/tiberiades.org\/index.php?rest_route=%2Fwp%2Fv2%2Fcomments&post=1638"}],"version-history":[{"count":6,"href":"https:\/\/tiberiades.org\/index.php?rest_route=\/wp\/v2\/posts\/1638\/revisions"}],"predecessor-version":[{"id":1644,"href":"https:\/\/tiberiades.org\/index.php?rest_route=\/wp\/v2\/posts\/1638\/revisions\/1644"}],"wp:featuredmedia":[{"embeddable":true,"href":"https:\/\/tiberiades.org\/index.php?rest_route=\/wp\/v2\/media\/1634"}],"wp:attachment":[{"href":"https:\/\/tiberiades.org\/index.php?rest_route=%2Fwp%2Fv2%2Fmedia&parent=1638"}],"wp:term":[{"taxonomy":"category","embeddable":true,"href":"https:\/\/tiberiades.org\/index.php?rest_route=%2Fwp%2Fv2%2Fcategories&post=1638"},{"taxonomy":"post_tag","embeddable":true,"href":"https:\/\/tiberiades.org\/index.php?rest_route=%2Fwp%2Fv2%2Ftags&post=1638"}],"curies":[{"name":"wp","href":"https:\/\/api.w.org\/{rel}","templated":true}]}}