{"id":1689,"date":"2019-06-06T18:38:29","date_gmt":"2019-06-06T17:38:29","guid":{"rendered":"http:\/\/tiberiades.org\/?p=1689"},"modified":"2019-06-06T18:50:31","modified_gmt":"2019-06-06T17:50:31","slug":"jose-brissos-linio","status":"publish","type":"post","link":"https:\/\/tiberiades.org\/?p=1689","title":{"rendered":"Jos\u00e9 Brissos-Lino"},"content":{"rendered":"<p><strong><br \/>\n<\/strong><em>Tiber\u00edades se congratula en difundir siete poemas del \u00faltimo libro publicado por el poeta portugu\u00e9s, \u2018Vest\u00edgios de azul\u2019 (Calipso, Portugal, 2019). La traducci\u00f3n al castellano es obra de A. P. Alencart<\/em><\/p>\n<p><em>&nbsp;<\/em><\/p>\n<h3 style=\"padding-left: 40px;\"><strong>L\u00e1zaro, amigo, sal de esa sombra<\/strong><\/h3>\n<p style=\"padding-left: 40px;\">L\u00e1zaro, amigo, sal de esa sombra<br \/>\nese miedo que hace lavar los ojos<br \/>\na los que aman<br \/>\nen las aguas de la distancia<br \/>\nesa tiniebla que nos aprieta en las entra\u00f1as<br \/>\ny duele<br \/>\nag\u00e1rrate a mi voz, L\u00e1zaro amigo<br \/>\nregresa a m\u00ed que alguien te desatar\u00e1 las mortajas<br \/>\npara un libre y jubiloso abrazo.<\/p>\n<figure id=\"attachment_1683\" aria-describedby=\"caption-attachment-1683\" style=\"width: 640px\" class=\"wp-caption aligncenter\"><img loading=\"lazy\" decoding=\"async\" width=\"640\" height=\"431\" class=\"size-large wp-image-1683\" alt=\"\" src=\"https:\/\/tiberiades.org\/wp-content\/uploads\/2019\/06\/2-Foto-de-Jos\u00e9-Amador-Mart\u00edn-1024x689.jpg\" srcset=\"https:\/\/tiberiades.org\/wp-content\/uploads\/2019\/06\/2-Foto-de-Jos\u00e9-Amador-Mart\u00edn-1024x689.jpg 1024w, https:\/\/tiberiades.org\/wp-content\/uploads\/2019\/06\/2-Foto-de-Jos\u00e9-Amador-Mart\u00edn-300x202.jpg 300w, https:\/\/tiberiades.org\/wp-content\/uploads\/2019\/06\/2-Foto-de-Jos\u00e9-Amador-Mart\u00edn-768x517.jpg 768w, https:\/\/tiberiades.org\/wp-content\/uploads\/2019\/06\/2-Foto-de-Jos\u00e9-Amador-Mart\u00edn-272x182.jpg 272w, https:\/\/tiberiades.org\/wp-content\/uploads\/2019\/06\/2-Foto-de-Jos\u00e9-Amador-Mart\u00edn.jpg 1962w\" sizes=\"auto, (max-width: 640px) 100vw, 640px\" \/><figcaption id=\"caption-attachment-1683\" class=\"wp-caption-text\">Foto de Jos\u00e9 Amador Mart\u00edn<\/figcaption><\/figure>\n<p><strong>&nbsp;<\/strong><\/p>\n<h3 style=\"padding-left: 40px;\"><strong>En el principio<\/strong><\/h3>\n<p style=\"padding-left: 40px;\"><em>\u201cIn Principio erat Verbum\u201d<br \/>\n<\/em>(Evangelio de San Juan, 1:1)<\/p>\n<p style=\"padding-left: 40px;\">Todas las cosas despiertan<br \/>\nen el principio<br \/>\npero la primera fue el Verbo<br \/>\nuna expresi\u00f3n de voluntad<br \/>\nun prop\u00f3sito arrastrado<br \/>\na la realidad<br \/>\nya nada ser\u00e1 como aquel silencio<br \/>\nbas\u00e1ltico<br \/>\nel Vac\u00edo interior<br \/>\nahora existe una Voz que llama a las cosas<br \/>\na la existencia<br \/>\nun soplo de vida<br \/>\nun comenzar<br \/>\nuna luz infinita<br \/>\nque me alcanza.<\/p>\n<h3 style=\"padding-left: 40px;\"><strong>El olivo verde<\/strong><\/h3>\n<p style=\"padding-left: 40px;\">soy como el olivo verde<br \/>\nsaludable, fruct\u00edfero<br \/>\nenciendo el d\u00eda dentro de casa<br \/>\naderezo la mesa<br \/>\nunjo reyes y sacerdotes<br \/>\ny quito el miedo de las puertas que gimen<br \/>\nen el silencio de la noche oscura<\/p>\n<p style=\"padding-left: 40px;\">en la casa de mi Dios<br \/>\nestoy firmemente plantado<br \/>\nen suelo de misericordia<br \/>\nel roc\u00edo de la confianza me resbala<br \/>\npor las hojas.<\/p>\n<figure id=\"attachment_1684\" aria-describedby=\"caption-attachment-1684\" style=\"width: 640px\" class=\"wp-caption aligncenter\"><img loading=\"lazy\" decoding=\"async\" width=\"640\" height=\"431\" class=\"size-large wp-image-1684\" alt=\"\" src=\"https:\/\/tiberiades.org\/wp-content\/uploads\/2019\/06\/3-Foto-de-Jos\u00e9-Amador-Mart\u00edn-1024x689.jpg\" srcset=\"https:\/\/tiberiades.org\/wp-content\/uploads\/2019\/06\/3-Foto-de-Jos\u00e9-Amador-Mart\u00edn-1024x689.jpg 1024w, https:\/\/tiberiades.org\/wp-content\/uploads\/2019\/06\/3-Foto-de-Jos\u00e9-Amador-Mart\u00edn-300x202.jpg 300w, https:\/\/tiberiades.org\/wp-content\/uploads\/2019\/06\/3-Foto-de-Jos\u00e9-Amador-Mart\u00edn-768x517.jpg 768w, https:\/\/tiberiades.org\/wp-content\/uploads\/2019\/06\/3-Foto-de-Jos\u00e9-Amador-Mart\u00edn-272x182.jpg 272w, https:\/\/tiberiades.org\/wp-content\/uploads\/2019\/06\/3-Foto-de-Jos\u00e9-Amador-Mart\u00edn.jpg 1961w\" sizes=\"auto, (max-width: 640px) 100vw, 640px\" \/><figcaption id=\"caption-attachment-1684\" class=\"wp-caption-text\">Foto de Jos\u00e9 Amador Mart\u00edn<\/figcaption><\/figure>\n<p><strong>&nbsp;<\/strong><\/p>\n<h3 style=\"padding-left: 40px;\"><strong>Fue as\u00ed la salvaci\u00f3n<\/strong><\/h3>\n<p style=\"padding-left: 40px;\">Fue as\u00ed la Salvaci\u00f3n. Un Ni\u00f1o<br \/>\ndescendi\u00f3 a los hombres<br \/>\ncon la paz en el bolsillo<br \/>\ny estrellas en la boca<br \/>\nmientras unos ojos de sol y de luna<br \/>\nles calentar\u00e1n los d\u00edas<br \/>\ny los sue\u00f1os<br \/>\npara siempre.<\/p>\n<h3 style=\"padding-left: 40px;\"><strong>Yo quer\u00eda ser \u00e1ngel<\/strong><\/h3>\n<p style=\"padding-left: 40px;\">Yo quer\u00eda ser \u00e1ngel<br \/>\ny suavizar los cielos de Bel\u00e9n<br \/>\ncon m\u00fasicas de altura<br \/>\ndespertar pastores durmientes<br \/>\ncargar toneladas de esperanza<br \/>\ndorada. Para esparcir como lluvia tard\u00eda<br \/>\nel coraz\u00f3n de las gentes.<\/p>\n<figure id=\"attachment_1685\" aria-describedby=\"caption-attachment-1685\" style=\"width: 640px\" class=\"wp-caption aligncenter\"><img loading=\"lazy\" decoding=\"async\" width=\"640\" height=\"431\" class=\"size-large wp-image-1685\" alt=\"\" src=\"https:\/\/tiberiades.org\/wp-content\/uploads\/2019\/06\/4-Foto-de-Jos\u00e9-Amador-Mart\u00edn-1024x690.jpg\" srcset=\"https:\/\/tiberiades.org\/wp-content\/uploads\/2019\/06\/4-Foto-de-Jos\u00e9-Amador-Mart\u00edn-1024x690.jpg 1024w, https:\/\/tiberiades.org\/wp-content\/uploads\/2019\/06\/4-Foto-de-Jos\u00e9-Amador-Mart\u00edn-300x202.jpg 300w, https:\/\/tiberiades.org\/wp-content\/uploads\/2019\/06\/4-Foto-de-Jos\u00e9-Amador-Mart\u00edn-768x518.jpg 768w, https:\/\/tiberiades.org\/wp-content\/uploads\/2019\/06\/4-Foto-de-Jos\u00e9-Amador-Mart\u00edn-272x182.jpg 272w, https:\/\/tiberiades.org\/wp-content\/uploads\/2019\/06\/4-Foto-de-Jos\u00e9-Amador-Mart\u00edn.jpg 1969w\" sizes=\"auto, (max-width: 640px) 100vw, 640px\" \/><figcaption id=\"caption-attachment-1685\" class=\"wp-caption-text\">Foto de Jos\u00e9 Amador Mart\u00edn<\/figcaption><\/figure>\n<p><strong>&nbsp;<\/strong><\/p>\n<h3 style=\"padding-left: 40px;\"><strong>Samaritando<\/strong><\/h3>\n<p style=\"padding-left: 40px;\">\u00bfQu\u00e9 gentil hombre es este<br \/>\nque planta en mis ojos<br \/>\nrosas como palabras<\/p>\n<p style=\"padding-left: 40px;\">y me conoce por dentro<br \/>\nhaciendo bailar aqu\u00ed<br \/>\nuna esperanza fresca<br \/>\ncomo si fuera fuente<br \/>\nmejor que la de Jacob?<\/p>\n<h3 style=\"padding-left: 40px;\"><strong>Oraci\u00f3n del pan<\/strong><strong>&nbsp;<\/strong><\/h3>\n<p style=\"padding-left: 40px;\">Dame, Se\u00f1or, el pan nuestro de hoy<br \/>\nay\u00fadame a masticar el de ayer<br \/>\nantes que llegue el de ma\u00f1ana<br \/>\ndame, pues, ese pan<br \/>\nmismo que encontr\u00e9 despu\u00e9s de muchos d\u00edas<br \/>\nsobre las aguas de la existencia<br \/>\nay\u00fadame a repartir ese pan bendecido<br \/>\nque no es m\u00edo<br \/>\npero s\u00ed nuestro<br \/>\ncomo si diese al pr\u00f3jimo<br \/>\nun pedazo de m\u00ed mismo<br \/>\ncomo t\u00fa Te diste a nosotros<br \/>\npero al completo.<\/p>\n<figure id=\"attachment_1686\" aria-describedby=\"caption-attachment-1686\" style=\"width: 640px\" class=\"wp-caption aligncenter\"><img loading=\"lazy\" decoding=\"async\" width=\"640\" height=\"411\" class=\"size-large wp-image-1686\" alt=\"\" src=\"https:\/\/tiberiades.org\/wp-content\/uploads\/2019\/06\/5-Foto-de-Jos\u00e9-Amador-Mart\u00edn-1024x657.jpg\" srcset=\"https:\/\/tiberiades.org\/wp-content\/uploads\/2019\/06\/5-Foto-de-Jos\u00e9-Amador-Mart\u00edn-1024x657.jpg 1024w, https:\/\/tiberiades.org\/wp-content\/uploads\/2019\/06\/5-Foto-de-Jos\u00e9-Amador-Mart\u00edn-300x192.jpg 300w, https:\/\/tiberiades.org\/wp-content\/uploads\/2019\/06\/5-Foto-de-Jos\u00e9-Amador-Mart\u00edn-768x492.jpg 768w, https:\/\/tiberiades.org\/wp-content\/uploads\/2019\/06\/5-Foto-de-Jos\u00e9-Amador-Mart\u00edn.jpg 2048w\" sizes=\"auto, (max-width: 640px) 100vw, 640px\" \/><figcaption id=\"caption-attachment-1686\" class=\"wp-caption-text\">Foto de Jos\u00e9 Amador Mart\u00edn<\/figcaption><\/figure>\n<p><strong>&nbsp;<\/strong><\/p>\n<p><em>Jos\u00e9 Brissos-Lino nasceu em Lisboa (1954), \u00e9 casado, tem dois filhos e um neto. Doutorado em Psicologia, Especialista em \u00c9tica e em Ci\u00eancia das Religi\u00f5es, \u00e9 director do Mestrado em Ci\u00eancia das Religi\u00f5es na Universidade Lus\u00f3fona, em Lisboa, coordenador do Instituto de Cristianismo Contempor\u00e2neo e investigador.&nbsp; Desenvolve h\u00e1 muitos anos intensa actividade em institui\u00e7\u00f5es culturais, humanit\u00e1rias e de solidariedade social, algumas das quais fundou. Foi presidente da Liga dos Amigos do Hospital de S\u00e3o Bernardo, fundador e reitor da Universidade S\u00e9nior de Set\u00fabal. Fundou e presidiu \u00e0 Direc\u00e7\u00e3o da BARA-Associa\u00e7\u00e3o Evang\u00e9lica de Cultura e dirigiu a revista cultural da mesma. Integrou a Direc\u00e7\u00e3o da Alian\u00e7a Evang\u00e9lica Portuguesa assim como a respectiva Assessoria de Teologia e \u00c9tica. \u00c9 pastor protestante. Conferencista e autor com obra publicada nas \u00e1reas de fic\u00e7\u00e3o (romance), poesia, ensaio, e cronista na imprensa regional e nacional, em 1974 assinou com Joanyr de Oliveira e J.T.Parreira o \u201cManifesto por uma Nova Poesia Evang\u00e9lica\u201d em Portugal. Presidiu \u00e0 Comiss\u00e3o Organizadora do congresso internacional \u201cUm construtor da Modernidade \u2013 Lutero \u2013 Teses \u2013 500 anos\u201d (Lisboa, 2017). <\/em><em>Integra o ConsejoAsesor Iberoamericano da Red Iberoamericana de Poetas y Cr\u00edticos Literarios Cristianos TIBERIADES.<\/em><\/p>\n<p><em>&nbsp;<\/em><\/p>\n<p><img loading=\"lazy\" decoding=\"async\" width=\"640\" height=\"988\" class=\"aligncenter size-large wp-image-1687\" alt=\"\" src=\"https:\/\/tiberiades.org\/wp-content\/uploads\/2019\/06\/6-663x1024.jpg\" srcset=\"https:\/\/tiberiades.org\/wp-content\/uploads\/2019\/06\/6-663x1024.jpg 663w, https:\/\/tiberiades.org\/wp-content\/uploads\/2019\/06\/6-194x300.jpg 194w, https:\/\/tiberiades.org\/wp-content\/uploads\/2019\/06\/6-768x1187.jpg 768w, https:\/\/tiberiades.org\/wp-content\/uploads\/2019\/06\/6.jpg 1161w\" sizes=\"auto, (max-width: 640px) 100vw, 640px\" \/><\/p>\n","protected":false},"excerpt":{"rendered":"<p>Tiber\u00edades se congratula en difundir siete poemas del \u00faltimo libro publicado por el poeta portugu\u00e9s, \u2018Vest\u00edgios de azul\u2019 (Calipso, Portugal, 2019). La traducci\u00f3n al castellano es obra de A. P. Alencart &nbsp; L\u00e1zaro, amigo, sal de esa sombra L\u00e1zaro, amigo, sal de esa sombra ese miedo que hace lavar los ojos a los que aman en las aguas de la [&hellip;]<\/p>\n","protected":false},"author":2,"featured_media":1682,"comment_status":"open","ping_status":"closed","sticky":false,"template":"","format":"standard","meta":{"footnotes":""},"categories":[29,19],"tags":[],"class_list":["post-1689","post","type-post","status-publish","format-standard","has-post-thumbnail","hentry","category-jose-brissos-lino","category-poemas-de"],"_links":{"self":[{"href":"https:\/\/tiberiades.org\/index.php?rest_route=\/wp\/v2\/posts\/1689","targetHints":{"allow":["GET"]}}],"collection":[{"href":"https:\/\/tiberiades.org\/index.php?rest_route=\/wp\/v2\/posts"}],"about":[{"href":"https:\/\/tiberiades.org\/index.php?rest_route=\/wp\/v2\/types\/post"}],"author":[{"embeddable":true,"href":"https:\/\/tiberiades.org\/index.php?rest_route=\/wp\/v2\/users\/2"}],"replies":[{"embeddable":true,"href":"https:\/\/tiberiades.org\/index.php?rest_route=%2Fwp%2Fv2%2Fcomments&post=1689"}],"version-history":[{"count":6,"href":"https:\/\/tiberiades.org\/index.php?rest_route=\/wp\/v2\/posts\/1689\/revisions"}],"predecessor-version":[{"id":1697,"href":"https:\/\/tiberiades.org\/index.php?rest_route=\/wp\/v2\/posts\/1689\/revisions\/1697"}],"wp:featuredmedia":[{"embeddable":true,"href":"https:\/\/tiberiades.org\/index.php?rest_route=\/wp\/v2\/media\/1682"}],"wp:attachment":[{"href":"https:\/\/tiberiades.org\/index.php?rest_route=%2Fwp%2Fv2%2Fmedia&parent=1689"}],"wp:term":[{"taxonomy":"category","embeddable":true,"href":"https:\/\/tiberiades.org\/index.php?rest_route=%2Fwp%2Fv2%2Fcategories&post=1689"},{"taxonomy":"post_tag","embeddable":true,"href":"https:\/\/tiberiades.org\/index.php?rest_route=%2Fwp%2Fv2%2Ftags&post=1689"}],"curies":[{"name":"wp","href":"https:\/\/api.w.org\/{rel}","templated":true}]}}