{"id":1705,"date":"2019-06-08T16:12:18","date_gmt":"2019-06-08T15:12:18","guid":{"rendered":"http:\/\/tiberiades.org\/?p=1705"},"modified":"2019-06-08T16:15:09","modified_gmt":"2019-06-08T15:15:09","slug":"jorge-palma","status":"publish","type":"post","link":"https:\/\/tiberiades.org\/?p=1705","title":{"rendered":"Jorge Palma"},"content":{"rendered":"<h3 style=\"padding-left: 40px;\"><strong>Todas las ciudades tienen su Monte de Olivos <\/strong><\/h3>\n<p style=\"padding-left: 40px;\">Todas las ciudades tienen su monte de olivos<br \/>\ndonde estar m\u00e1s cerca del cielo.<br \/>\nAun las m\u00e1s terribles de todas.<br \/>\nAun no habiendo sitio para<br \/>\nque los \u00fanicos p\u00e1jaros que quedan<br \/>\npasen de perfil, entre los<br \/>\nedificios espejados que reflejan<br \/>\nla soledad y el ego\u00edsmo.<\/p>\n<p style=\"padding-left: 40px;\">Pasando el piso 343,<br \/>\nen las lejan\u00edsimas azoteas<br \/>\nuno puede, si quiere, orar.<br \/>\nA\u00fan, con el poqu\u00edsimo oxigeno<br \/>\nque resta.<br \/>\nLo dem\u00e1s son excusas.<\/p>\n<h3 style=\"padding-left: 40px;\"><strong>El rel\u00e1mpago y el trueno <\/strong><\/h3>\n<p style=\"padding-left: 40px;\">He visto a Jos\u00e9 de Arimatea<br \/>\ncruzar el G\u00f3lgota<br \/>\ncon m\u00e1s convicci\u00f3n que temor<br \/>\naunque le tiemblan las r\u00f3tulas<br \/>\ny por momentos<br \/>\nle fallan los tendones de sus pies.<br \/>\nPero con la ayuda que ha pedido al cielo<br \/>\nha bajado del madero el cuerpo muerto<br \/>\nde Jes\u00fas.<\/p>\n<p style=\"padding-left: 40px;\">Fugaz como un rel\u00e1mpago<br \/>\nvi en el rostro de Jos\u00e9 el temor<br \/>\ncruzado por una sombra verde,<br \/>\npero en sus ojos, el rel\u00e1mpago<br \/>\nse hab\u00eda convertido en una antorcha.<\/p>\n<figure id=\"attachment_1703\" aria-describedby=\"caption-attachment-1703\" style=\"width: 960px\" class=\"wp-caption aligncenter\"><img loading=\"lazy\" decoding=\"async\" class=\"size-full wp-image-1703\" src=\"https:\/\/tiberiades.org\/wp-content\/uploads\/2019\/06\/2-Foto-de-Jos\u00e9-Amador-Mart\u00edn-1.jpg\" alt=\"\" width=\"960\" height=\"597\" srcset=\"https:\/\/tiberiades.org\/wp-content\/uploads\/2019\/06\/2-Foto-de-Jos\u00e9-Amador-Mart\u00edn-1.jpg 960w, https:\/\/tiberiades.org\/wp-content\/uploads\/2019\/06\/2-Foto-de-Jos\u00e9-Amador-Mart\u00edn-1-300x187.jpg 300w, https:\/\/tiberiades.org\/wp-content\/uploads\/2019\/06\/2-Foto-de-Jos\u00e9-Amador-Mart\u00edn-1-768x478.jpg 768w\" sizes=\"auto, (max-width: 960px) 100vw, 960px\" \/><figcaption id=\"caption-attachment-1703\" class=\"wp-caption-text\">Foto de Jos\u00e9 Amador Mart\u00edn<\/figcaption><\/figure>\n<h3 style=\"padding-left: 40px;\"><strong>No tardar\u00e1 en arder <\/strong><\/h3>\n<p style=\"padding-left: 40px;\">No necesito recordar<br \/>\nla suerte de Balaam<br \/>\npara saber que no debo<br \/>\ncaminar hacia tu frente,<br \/>\nporque todo arder\u00e1.<\/p>\n<p style=\"padding-left: 40px;\">Han quemado los bosques<br \/>\nlos lagos los cuerpos<br \/>\nla esperanza de ser libres,<br \/>\nen un mundo que era,<br \/>\nhasta no hace mucho,<br \/>\nun ed\u00e9n, un para\u00edso, un cielo.<\/p>\n<p style=\"padding-left: 40px;\">No hay casa segura<br \/>\nni techo que la cubra.<br \/>\nTodo se mueve<br \/>\ny no tardar\u00e1 en arder.<\/p>\n<p style=\"padding-left: 40px;\">\u201cPrimero fue el agua\u201d.<br \/>\n\u201cAcu\u00e9rdate bien\u201d.<br \/>\n\u201cAhora vendr\u00e1 el fuego\u201d.<\/p>\n<p style=\"padding-left: 40px;\">No volver\u00e9 a caminar<br \/>\npor Babilonia, ni respirar<br \/>\nsu aire presurizado.<br \/>\nNo regresar\u00e9 a Sodoma,<br \/>\ny har\u00e9 hasta lo imposible<br \/>\npara que la mujer que amo<br \/>\nno se vuelva estatua de sal.<\/p>\n<p style=\"padding-left: 40px;\">No devolver\u00e9 los vi\u00e1ticos no usados<br \/>\nporque no habr\u00e1 nadie<br \/>\na quien devolver. \u00bfTodos habr\u00e1n huido?<br \/>\nO se habr\u00e1n dormido<br \/>\na la hora de orar?<br \/>\nS\u00f3lo les hab\u00edamos pedido que oraran<br \/>\nmientras \u00edbamos hasta el cielo<br \/>\npara bajar una estrella. \u201c<\/p>\n<p style=\"padding-left: 40px;\">NADA QUEDAR\u00c1 EN SU SITIO\u201d<br \/>\n\u201cNADA SER\u00c1 LO MISMO\u201d.<\/p>\n<p style=\"padding-left: 40px;\">Grito en las esquinas<br \/>\nenvenenadas de la ciudad<br \/>\ny nadie responde. \u00bfHabr\u00e1n huido ya?<\/p>\n<p style=\"padding-left: 40px;\">No hay casa segura<br \/>\nni techo que la cubra.<br \/>\nTodo se mueve<br \/>\ny no tardar\u00e1 en arder.<\/p>\n<p style=\"padding-left: 40px;\">\u00bfHabr\u00e1n huido ya?<\/p>\n<p style=\"padding-left: 40px;\">Al fin de cuentas, siempre<br \/>\nhemos sido fugitivos del cielo.<\/p>\n<figure id=\"attachment_1704\" aria-describedby=\"caption-attachment-1704\" style=\"width: 640px\" class=\"wp-caption aligncenter\"><img loading=\"lazy\" decoding=\"async\" class=\"size-large wp-image-1704\" src=\"https:\/\/tiberiades.org\/wp-content\/uploads\/2019\/06\/3-Foto-de-Jos\u00e9-Amador-Mart\u00edn-1-1024x706.jpg\" alt=\"\" width=\"640\" height=\"441\" srcset=\"https:\/\/tiberiades.org\/wp-content\/uploads\/2019\/06\/3-Foto-de-Jos\u00e9-Amador-Mart\u00edn-1-1024x706.jpg 1024w, https:\/\/tiberiades.org\/wp-content\/uploads\/2019\/06\/3-Foto-de-Jos\u00e9-Amador-Mart\u00edn-1-300x207.jpg 300w, https:\/\/tiberiades.org\/wp-content\/uploads\/2019\/06\/3-Foto-de-Jos\u00e9-Amador-Mart\u00edn-1-768x529.jpg 768w, https:\/\/tiberiades.org\/wp-content\/uploads\/2019\/06\/3-Foto-de-Jos\u00e9-Amador-Mart\u00edn-1.jpg 2048w\" sizes=\"auto, (max-width: 640px) 100vw, 640px\" \/><figcaption id=\"caption-attachment-1704\" class=\"wp-caption-text\">Foto de Jos\u00e9 Amador Mart\u00edn<\/figcaption><\/figure>\n<h3 style=\"padding-left: 40px;\"><strong>El herrero de Jes\u00fas\u00a0<\/strong><\/h3>\n<p style=\"padding-left: 40px;\">El herrero que en su fragua<br \/>\ndio forma a los enormes clavos<br \/>\nque atravesaron el cuerpo de Jes\u00fas,<br \/>\ndecidi\u00f3 terminar sus d\u00edas golpe\u00e1ndose<br \/>\nlas manos hasta deshacerlas, con el<br \/>\nmismo martillo que aquella tarde cenicienta<br \/>\nsac\u00f3 las chispas que quemaron<br \/>\nla frente de la humanidad para siempre.<\/p>\n<h3 style=\"padding-left: 40px;\"><strong>Reservistas <\/strong><\/h3>\n<p style=\"padding-left: 40px;\">Dicen que Jos\u00e9 de Arimatea<br \/>\npidi\u00f3 a Pilato llevarse<br \/>\nel cuerpo sin vida de Jes\u00fas.<br \/>\nPero no se dijo que luego<br \/>\nvolvi\u00f3 para llevarse el madero.<\/p>\n<p style=\"padding-left: 40px;\">Dicen que Eva guard\u00f3 en un trapo oscuro<br \/>\nel cuchillo que Ca\u00edn us\u00f3<br \/>\npara matar a su hermano.<\/p>\n<p style=\"padding-left: 40px;\">Pero no se dijo que Ad\u00e1n, la vigil\u00f3<br \/>\nla noche entera, para evitar<br \/>\nque se cometiera otra imprudencia.<\/p>\n<figure id=\"attachment_1698\" aria-describedby=\"caption-attachment-1698\" style=\"width: 640px\" class=\"wp-caption aligncenter\"><img loading=\"lazy\" decoding=\"async\" class=\"size-large wp-image-1698\" src=\"https:\/\/tiberiades.org\/wp-content\/uploads\/2019\/06\/4-Foto-de-Jos\u00e9-Amador-Mart\u00edn-1-1024x683.jpg\" alt=\"\" width=\"640\" height=\"427\" srcset=\"https:\/\/tiberiades.org\/wp-content\/uploads\/2019\/06\/4-Foto-de-Jos\u00e9-Amador-Mart\u00edn-1-1024x683.jpg 1024w, https:\/\/tiberiades.org\/wp-content\/uploads\/2019\/06\/4-Foto-de-Jos\u00e9-Amador-Mart\u00edn-1-300x200.jpg 300w, https:\/\/tiberiades.org\/wp-content\/uploads\/2019\/06\/4-Foto-de-Jos\u00e9-Amador-Mart\u00edn-1-768x512.jpg 768w, https:\/\/tiberiades.org\/wp-content\/uploads\/2019\/06\/4-Foto-de-Jos\u00e9-Amador-Mart\u00edn-1-272x182.jpg 272w, https:\/\/tiberiades.org\/wp-content\/uploads\/2019\/06\/4-Foto-de-Jos\u00e9-Amador-Mart\u00edn-1.jpg 1782w\" sizes=\"auto, (max-width: 640px) 100vw, 640px\" \/><figcaption id=\"caption-attachment-1698\" class=\"wp-caption-text\">Foto de Jos\u00e9 Amador Mart\u00edn<\/figcaption><\/figure>\n<h3 style=\"padding-left: 40px;\"><strong>El sonido de los bosques <\/strong><\/h3>\n<p style=\"padding-left: 40px;\">El sonido de los bosques<br \/>\nes m\u00e1s puro que el sonido<br \/>\nde tus huesos,<br \/>\nque no crujen de miedo<br \/>\ncomo los hermosos huesos<br \/>\ndel Rey David.<\/p>\n<p style=\"padding-left: 40px;\">Tus huesos<br \/>\ntiemblan ante el vac\u00edo<br \/>\nsusurran ante el silencio<br \/>\nse sacuden ante<br \/>\nlo inesperado<br \/>\nse estrujan ante el temor.<\/p>\n<p style=\"padding-left: 40px;\">Todas esas cosas que los \u00e1rboles<br \/>\nm\u00e1s antiguos de la tierra conocen, saben<br \/>\ny est\u00e1 escrito en cada uno<br \/>\nde los c\u00edrculos conc\u00e9ntricos<br \/>\nque nos dicen cu\u00e1ntos a\u00f1os<br \/>\ntienen o est\u00e1n por cumplir.<\/p>\n<p style=\"padding-left: 40px;\">Ya saben c\u00f3mo es vivir<br \/>\nen el mundo.<br \/>\nPor eso el sonido de los bosques<br \/>\nes tan puro y sabio.<\/p>\n<figure id=\"attachment_1699\" aria-describedby=\"caption-attachment-1699\" style=\"width: 640px\" class=\"wp-caption aligncenter\"><img loading=\"lazy\" decoding=\"async\" class=\"size-large wp-image-1699\" src=\"https:\/\/tiberiades.org\/wp-content\/uploads\/2019\/06\/5-Foto-de-Jos\u00e9-Amador-Mart\u00edn-1-1024x684.jpg\" alt=\"\" width=\"640\" height=\"428\" srcset=\"https:\/\/tiberiades.org\/wp-content\/uploads\/2019\/06\/5-Foto-de-Jos\u00e9-Amador-Mart\u00edn-1-1024x684.jpg 1024w, https:\/\/tiberiades.org\/wp-content\/uploads\/2019\/06\/5-Foto-de-Jos\u00e9-Amador-Mart\u00edn-1-300x200.jpg 300w, https:\/\/tiberiades.org\/wp-content\/uploads\/2019\/06\/5-Foto-de-Jos\u00e9-Amador-Mart\u00edn-1-768x513.jpg 768w, https:\/\/tiberiades.org\/wp-content\/uploads\/2019\/06\/5-Foto-de-Jos\u00e9-Amador-Mart\u00edn-1-272x182.jpg 272w, https:\/\/tiberiades.org\/wp-content\/uploads\/2019\/06\/5-Foto-de-Jos\u00e9-Amador-Mart\u00edn-1.jpg 1788w\" sizes=\"auto, (max-width: 640px) 100vw, 640px\" \/><figcaption id=\"caption-attachment-1699\" class=\"wp-caption-text\">Foto de Jos\u00e9 Amador Mart\u00edn<\/figcaption><\/figure>\n<h3 style=\"padding-left: 40px;\"><strong>Hiroshima, hora cero\u00a0<\/strong><\/h3>\n<p style=\"padding-left: 40px;\">Sostenme, Se\u00f1or, en esta hora<br \/>\nen que he visto a tus hijos<br \/>\ndestrozados por el odio<br \/>\ny la ambici\u00f3n.<br \/>\nDame fuerzas, sostenme<br \/>\nen esta hora<br \/>\nen que s\u00f3lo queda<br \/>\nen el aire, olor<br \/>\na carne quemada<br \/>\nolor a azufre y el humo<br \/>\ncontamina la sangre de la tierra.<\/p>\n<p style=\"padding-left: 40px;\">\u201c\u00bfQuemaron el cielo, Pap\u00e1?\u201d, pregunt\u00f3<br \/>\nJoko, tanteando con dificultad<br \/>\nlas paredes humeantes de la casa.<\/p>\n<p style=\"padding-left: 40px;\">\u201cEso han dicho\u201d, contest\u00f3 su padre,<br \/>\nagarrado del hombro de su hijo<br \/>\nintentando encontrar<br \/>\nel lugar de la casa<br \/>\ndonde estaba el dormitorio.<\/p>\n<p style=\"padding-left: 40px;\">\u201cDespacio, hijo\u201d, se escuch\u00f3<br \/>\nen la oscuridad del d\u00eda<br \/>\nque reinaba.<\/p>\n<p style=\"padding-left: 40px;\">\u201cNo vayas a tropezar\u201d.<\/p>\n<figure id=\"attachment_1700\" aria-describedby=\"caption-attachment-1700\" style=\"width: 640px\" class=\"wp-caption aligncenter\"><img loading=\"lazy\" decoding=\"async\" class=\"size-large wp-image-1700\" src=\"https:\/\/tiberiades.org\/wp-content\/uploads\/2019\/06\/6-Foto-de-Jos\u00e9-Amador-Mart\u00edn-1024x685.jpg\" alt=\"\" width=\"640\" height=\"428\" srcset=\"https:\/\/tiberiades.org\/wp-content\/uploads\/2019\/06\/6-Foto-de-Jos\u00e9-Amador-Mart\u00edn-1024x685.jpg 1024w, https:\/\/tiberiades.org\/wp-content\/uploads\/2019\/06\/6-Foto-de-Jos\u00e9-Amador-Mart\u00edn-300x201.jpg 300w, https:\/\/tiberiades.org\/wp-content\/uploads\/2019\/06\/6-Foto-de-Jos\u00e9-Amador-Mart\u00edn-768x514.jpg 768w, https:\/\/tiberiades.org\/wp-content\/uploads\/2019\/06\/6-Foto-de-Jos\u00e9-Amador-Mart\u00edn-272x182.jpg 272w, https:\/\/tiberiades.org\/wp-content\/uploads\/2019\/06\/6-Foto-de-Jos\u00e9-Amador-Mart\u00edn.jpg 1957w\" sizes=\"auto, (max-width: 640px) 100vw, 640px\" \/><figcaption id=\"caption-attachment-1700\" class=\"wp-caption-text\">Foto de Jos\u00e9 Amador Mart\u00edn<\/figcaption><\/figure>\n<p><em>Jorge Palma (Montevideo, Uruguay, 1961). Poeta y narrador. Durante a\u00f1os ha trabajado para varios peri\u00f3dicos y emisoras de radio. Ha coordinado y dirigido talleres de escritura narrativa y poes\u00eda. En cuanto a poes\u00eda, tiene publicados los siguientes libros: \u00abEntre el viento y la sombra\u00bb (Banda Oriental, 1989), \u00abEl olvido\u00bb (Trilce, 1990), \u00abLa v\u00eda l\u00e1ctea\u00bb (Trilce, 2006), \u00abDiarios del cielo\u00bb (Trilce, 2006) y \u00abLugar de las utop\u00edas\u00bb (Trilce, 2007). El poema \u00abLa destrucci\u00f3n de la sangre\u00bb fue incluido en la antolog\u00eda Aldea Po\u00e9tica (selecci\u00f3n de poes\u00eda in\u00e9dita de 29 pa\u00edses, publicado por Opera Prima, Madrid, 1997). Sus poemas han aparecido en diferentes revistas virtuales, como Letralia, de Venezuela y \u00abPeri\u00f3dico de poes\u00eda\u00bb, publicado por la Universidad Aut\u00f3noma de M\u00e9xico. Tambi\u00e9n es autor de \u00abPara\u00edsos artificiales\u00bb (Trilce, 1990), un libro de cuentos. La historia corta \u00abAlguien respira en la sombra\u00bb fue parte de la antolog\u00eda La cara oculta de la luna, Narradores j\u00f3venes del Uruguay (Linardi Risso, 1996). Algunos de sus poemas han sido traducidos al ingl\u00e9s, \u00e1rabe y macedonio. Ha sido invitado al XIV Festival Internacional de poes\u00eda en la Habana (Cuba), 48 noches de poes\u00eda de Struga (Macedonia), VI Festival Internacional de poes\u00eda de Granada (Nicaragua) y 14\u00b0 Festival Poes\u00eda \u00c1frica, Durban (Sud\u00e1frica).<\/em><\/p>\n<p><img loading=\"lazy\" decoding=\"async\" class=\"aligncenter size-full wp-image-1701\" src=\"https:\/\/tiberiades.org\/wp-content\/uploads\/2019\/06\/7.jpg\" alt=\"\" width=\"640\" height=\"480\" srcset=\"https:\/\/tiberiades.org\/wp-content\/uploads\/2019\/06\/7.jpg 640w, https:\/\/tiberiades.org\/wp-content\/uploads\/2019\/06\/7-300x225.jpg 300w\" sizes=\"auto, (max-width: 640px) 100vw, 640px\" \/><\/p>\n","protected":false},"excerpt":{"rendered":"<p>Todas las ciudades tienen su Monte de Olivos Todas las ciudades tienen su monte de olivos donde estar m\u00e1s cerca del cielo. Aun las m\u00e1s terribles de todas. Aun no habiendo sitio para que los \u00fanicos p\u00e1jaros que quedan pasen de perfil, entre los edificios espejados que reflejan la soledad y el ego\u00edsmo. Pasando el piso 343, en las lejan\u00edsimas [&hellip;]<\/p>\n","protected":false},"author":2,"featured_media":1702,"comment_status":"open","ping_status":"closed","sticky":false,"template":"","format":"standard","meta":{"footnotes":""},"categories":[72,19],"tags":[],"class_list":["post-1705","post","type-post","status-publish","format-standard","has-post-thumbnail","hentry","category-jorge-palma","category-poemas-de"],"_links":{"self":[{"href":"https:\/\/tiberiades.org\/index.php?rest_route=\/wp\/v2\/posts\/1705","targetHints":{"allow":["GET"]}}],"collection":[{"href":"https:\/\/tiberiades.org\/index.php?rest_route=\/wp\/v2\/posts"}],"about":[{"href":"https:\/\/tiberiades.org\/index.php?rest_route=\/wp\/v2\/types\/post"}],"author":[{"embeddable":true,"href":"https:\/\/tiberiades.org\/index.php?rest_route=\/wp\/v2\/users\/2"}],"replies":[{"embeddable":true,"href":"https:\/\/tiberiades.org\/index.php?rest_route=%2Fwp%2Fv2%2Fcomments&post=1705"}],"version-history":[{"count":3,"href":"https:\/\/tiberiades.org\/index.php?rest_route=\/wp\/v2\/posts\/1705\/revisions"}],"predecessor-version":[{"id":1708,"href":"https:\/\/tiberiades.org\/index.php?rest_route=\/wp\/v2\/posts\/1705\/revisions\/1708"}],"wp:featuredmedia":[{"embeddable":true,"href":"https:\/\/tiberiades.org\/index.php?rest_route=\/wp\/v2\/media\/1702"}],"wp:attachment":[{"href":"https:\/\/tiberiades.org\/index.php?rest_route=%2Fwp%2Fv2%2Fmedia&parent=1705"}],"wp:term":[{"taxonomy":"category","embeddable":true,"href":"https:\/\/tiberiades.org\/index.php?rest_route=%2Fwp%2Fv2%2Fcategories&post=1705"},{"taxonomy":"post_tag","embeddable":true,"href":"https:\/\/tiberiades.org\/index.php?rest_route=%2Fwp%2Fv2%2Ftags&post=1705"}],"curies":[{"name":"wp","href":"https:\/\/api.w.org\/{rel}","templated":true}]}}