{"id":1829,"date":"2019-07-13T09:39:30","date_gmt":"2019-07-13T08:39:30","guid":{"rendered":"http:\/\/tiberiades.org\/?p=1829"},"modified":"2019-07-13T09:54:55","modified_gmt":"2019-07-13T08:54:55","slug":"george-reyes-silabario-para-escribir-tres-nombres","status":"publish","type":"post","link":"https:\/\/tiberiades.org\/?p=1829","title":{"rendered":"George Reyes: Silabario para escribir tres nombres"},"content":{"rendered":"<p style=\"text-align: right;\">\u00a1Oh Compasivo Se\u00f1or, \u2026 cumpliste<br \/>\nla ley, aceptando voluntariamente<br \/>\nla circuncisi\u00f3n de la carne,<br \/>\npara anular las sombras y quitar el velo<br \/>\nde nuestras pasiones. \u00a1Gloria a tu Divinidad!<br \/>\n\u00a1Gloria a tu misericordia! \u00a1Gloria a tu<br \/>\ncondescendencia, oh Verbo!<\/p>\n<p style=\"text-align: right;\">An\u00f3nimo<\/p>\n<h2 style=\"padding-left: 40px;\"><strong>Primer nombre<\/strong><\/h2>\n<h3 style=\"padding-left: 40px;\"><strong>T\u00fa y yo, y los adjetivos<\/strong><\/h3>\n<p style=\"padding-left: 40px;\">T\u00fa, oh Dios, Se\u00f1or eterno, misterio uno en tres;<br \/>\nyo, galope de ola de un oc\u00e9ano de paisaje hermoso<br \/>\nque a solas en vaiv\u00e9n se enjuaga<br \/>\nen la playaque se aferra al tiempo donde acamp\u00f3 tu Hijo.<br \/>\nSabes t\u00fa, piedad hablante,<br \/>\nmi torrente rumoroso<br \/>\nzarp\u00f3 con horas submarinas,<br \/>\nrevuelto de corales y de arenas en su carne,<br \/>\nm\u00e1rgenes,<br \/>\nasombro,<br \/>\nsue\u00f1os que no saben despertar;<br \/>\nsabore\u00f3 la tierra y se agrav\u00f3 de humano,<br \/>\nmas no durmi\u00f3 en la muerte;<br \/>\nas\u00ed entonces<br \/>\nsus<br \/>\npen<br \/>\ndi<br \/>\ndo en redes,<br \/>\nlo perenne de tener ans\u00eda en h\u00edmnica cadencia:<br \/>\nlas tres perlas que aspergea en su voz<br \/>\nal polvo n\u00f3mada del tiempo.<\/p>\n<figure id=\"attachment_1827\" aria-describedby=\"caption-attachment-1827\" style=\"width: 640px\" class=\"wp-caption aligncenter\"><img loading=\"lazy\" decoding=\"async\" width=\"640\" height=\"430\" class=\"size-large wp-image-1827\" alt=\"\" src=\"https:\/\/tiberiades.org\/wp-content\/uploads\/2019\/07\/2-Foto-de-Jos\u00e9-Amador-Mart\u00edn-1024x688.jpg\" srcset=\"https:\/\/tiberiades.org\/wp-content\/uploads\/2019\/07\/2-Foto-de-Jos\u00e9-Amador-Mart\u00edn-1024x688.jpg 1024w, https:\/\/tiberiades.org\/wp-content\/uploads\/2019\/07\/2-Foto-de-Jos\u00e9-Amador-Mart\u00edn-300x202.jpg 300w, https:\/\/tiberiades.org\/wp-content\/uploads\/2019\/07\/2-Foto-de-Jos\u00e9-Amador-Mart\u00edn-768x516.jpg 768w, https:\/\/tiberiades.org\/wp-content\/uploads\/2019\/07\/2-Foto-de-Jos\u00e9-Amador-Mart\u00edn-272x182.jpg 272w, https:\/\/tiberiades.org\/wp-content\/uploads\/2019\/07\/2-Foto-de-Jos\u00e9-Amador-Mart\u00edn.jpg 1958w\" sizes=\"auto, (max-width: 640px) 100vw, 640px\" \/><figcaption id=\"caption-attachment-1827\" class=\"wp-caption-text\">Foto de Jos\u00e9 Amador Mart\u00edn<\/figcaption><\/figure>\n<h2 style=\"padding-left: 40px;\"><strong>Segundo nombre<\/strong><\/h2>\n<h3 style=\"padding-left: 40px;\"><strong>Verbo<\/strong><\/h3>\n<p style=\"padding-left: 40px;\">\u00a1Verbo de vida engendrado del Padre<br \/>\nse conjuga en el lenguaje del verso<br \/>\ny se lee en sus tres cadencias de ruise\u00f1or!<br \/>\n\u00a1Del principio esencia cuando \u00c9l ya era<br \/>\ny brizna de luz que ca\u00eda a este hemisferio en gran estiaje!<\/p>\n<p style=\"padding-left: 40px;\">En el idioma del silabario<br \/>\nse escribe Verbo con la tilde de compasi\u00f3n<br \/>\nY de su boca a mis manos salta agigantadas por siete d\u00edas;<br \/>\nsoy sauce en la acuarela<br \/>\nal pie de un r\u00edo mi ramaje inclino en el trisagio<br \/>\ny me pongo esbelto a silabar la incesante plegaria del coraz\u00f3n<br \/>\nal mediod\u00eda que frasea el ruido,<br \/>\na la tarde que parte el sol,<br \/>\na la noche que deambula el sue\u00f1o,<br \/>\na la ma\u00f1ana que aun respiro.<\/p>\n<figure id=\"attachment_1828\" aria-describedby=\"caption-attachment-1828\" style=\"width: 640px\" class=\"wp-caption aligncenter\"><img loading=\"lazy\" decoding=\"async\" width=\"640\" height=\"428\" class=\"size-large wp-image-1828\" alt=\"\" src=\"https:\/\/tiberiades.org\/wp-content\/uploads\/2019\/07\/3-Foto-de-Jos\u00e9-Amador-Mart\u00edn-1024x684.jpg\" srcset=\"https:\/\/tiberiades.org\/wp-content\/uploads\/2019\/07\/3-Foto-de-Jos\u00e9-Amador-Mart\u00edn-1024x684.jpg 1024w, https:\/\/tiberiades.org\/wp-content\/uploads\/2019\/07\/3-Foto-de-Jos\u00e9-Amador-Mart\u00edn-300x201.jpg 300w, https:\/\/tiberiades.org\/wp-content\/uploads\/2019\/07\/3-Foto-de-Jos\u00e9-Amador-Mart\u00edn-768x513.jpg 768w, https:\/\/tiberiades.org\/wp-content\/uploads\/2019\/07\/3-Foto-de-Jos\u00e9-Amador-Mart\u00edn-272x182.jpg 272w, https:\/\/tiberiades.org\/wp-content\/uploads\/2019\/07\/3-Foto-de-Jos\u00e9-Amador-Mart\u00edn.jpg 1791w\" sizes=\"auto, (max-width: 640px) 100vw, 640px\" \/><figcaption id=\"caption-attachment-1828\" class=\"wp-caption-text\">Foto de Jos\u00e9 Amador Mart\u00edn<\/figcaption><\/figure>\n<h2 style=\"padding-left: 40px;\"><strong>Tercer nombre<\/strong><\/h2>\n<h3 style=\"padding-left: 40px;\"><strong>Vivificante<\/strong><\/h3>\n<p style=\"padding-left: 40px;\">Aleteaba en lo que ayer el creador hac\u00eda;<br \/>\ntiene igual esencia<br \/>\ndel padre y del hijo;<br \/>\nprocedi\u00f3 del padre,<br \/>\nrepos\u00f3 en el hijo<br \/>\ny cual lengua ardiente sobre doce en la tertulia;<br \/>\nsiembra don y vida en los surcos de los huesos.<\/p>\n<p style=\"padding-left: 40px;\">Eres bueno; el verbo hablante<br \/>\nque salt\u00f3 al tiempo en elim para\u00edso<br \/>\nlo escribes en la tabla de mi pecho<br \/>\ny all\u00ed completas d\u00eda a d\u00eda su nombre en cada l\u00ednea;<br \/>\neres hontanar que mana el para\u00edso entres c\u00e1ntaros<br \/>\ny le riegas claridades a mi sien yaciendo en sue\u00f1o;<br \/>\nla tornas f\u00e9rtil en la noche suelta<br \/>\ny al brincar a mi silueta en sombras<br \/>\nla estrella que orea a la ma\u00f1ana.<\/p>\n<h2 style=\"padding-left: 40px;\">II<\/h2>\n<h2 style=\"padding-left: 40px;\"><strong>Salmos menores<\/strong><\/h2>\n<h3 style=\"padding-left: 40px;\">1<\/h3>\n<h3 style=\"padding-left: 40px;\"><strong>Re-confesi\u00f3n<\/strong><\/h3>\n<p style=\"padding-left: 40px;\">Hueso soy de lodo hoy ya seco que amasara Dios,<br \/>\nencarnado del destino de Ad\u00e1n<br \/>\nque alter\u00f3 la geometr\u00eda del alma.<\/p>\n<p style=\"padding-left: 40px;\">Se\u00f1or, en m\u00ed has agregado lo lejano<\/p>\n<p style=\"padding-left: 40px;\">vida que es eterna, porque en el tr\u00e1nsito mor\u00eda,<br \/>\nclaridad de amanecida tuya,<br \/>\nporque aun soy sombra hasta en los dedos,<br \/>\ny algo tan hermoso como un ser alguna vez en afon\u00eda:<br \/>\npaz en el fondo de la noche,<br \/>\naquella sin el arpa de jilgueros<br \/>\nni un clavel de mi recuerdo en el bur\u00f3,<br \/>\ncuya p\u00e1gina da vuelta con ruido de reverso,<br \/>\ncuando el tinte santo de colora en mi acuarela.<\/p>\n<figure id=\"attachment_1822\" aria-describedby=\"caption-attachment-1822\" style=\"width: 640px\" class=\"wp-caption aligncenter\"><img loading=\"lazy\" decoding=\"async\" width=\"640\" height=\"448\" class=\"size-large wp-image-1822\" alt=\"\" src=\"https:\/\/tiberiades.org\/wp-content\/uploads\/2019\/07\/4-Foto-de-Jos\u00e9-Amador-Mart\u00edn-1024x716.jpg\" srcset=\"https:\/\/tiberiades.org\/wp-content\/uploads\/2019\/07\/4-Foto-de-Jos\u00e9-Amador-Mart\u00edn-1024x716.jpg 1024w, https:\/\/tiberiades.org\/wp-content\/uploads\/2019\/07\/4-Foto-de-Jos\u00e9-Amador-Mart\u00edn-300x210.jpg 300w, https:\/\/tiberiades.org\/wp-content\/uploads\/2019\/07\/4-Foto-de-Jos\u00e9-Amador-Mart\u00edn-768x537.jpg 768w, https:\/\/tiberiades.org\/wp-content\/uploads\/2019\/07\/4-Foto-de-Jos\u00e9-Amador-Mart\u00edn.jpg 1859w\" sizes=\"auto, (max-width: 640px) 100vw, 640px\" \/><figcaption id=\"caption-attachment-1822\" class=\"wp-caption-text\">Foto de Jos\u00e9 Amador Mart\u00edn<\/figcaption><\/figure>\n<h3 style=\"padding-left: 40px;\">2<\/h3>\n<h3 style=\"padding-left: 40px;\"><strong>Kyrie eleison<\/strong><\/h3>\n<p style=\"padding-left: 40px;\">Piedad, Se\u00f1or,<br \/>\nsoy estallido de voz<br \/>\nque rompe tu tierra y t\u00edmpano<br \/>\ncuando me empapa el vaho de boca<br \/>\nde estambres de dalias sin polen,<br \/>\nde un claro que barre la tolvanera,<br \/>\nde hambrientos rumores que nunca mueren;<br \/>\nsoy estallido de voz<br \/>\ncuando me suelto en porf\u00eda<br \/>\na ti, tr\u00edo de nombre,<br \/>\nsanto,<br \/>\nluz,<br \/>\nreposo, gacela en vuelo.<\/p>\n<p style=\"padding-left: 40px;\">Piedad, Se\u00f1or,<br \/>\nsoy estallido de voz<br \/>\nque suelto respiro de infante que duerme,<br \/>\nquietud de ejido y de brazos.<\/p>\n<p style=\"padding-left: 40px;\">Y quedo en la tarde que no tiene voz,<br \/>\nmas una, a lo lejos, de la cascada<br \/>\nque ahoga lo que fue estallido en su espuma lechosa.<\/p>\n<p style=\"padding-left: 40px;\">Piedad, Se\u00f1or.<\/p>\n<h3 style=\"padding-left: 40px;\">3<\/h3>\n<h3 style=\"padding-left: 40px;\"><strong>El agua que cay\u00f3 a mi boca<\/strong><\/h3>\n<p style=\"padding-left: 40px;\">\u201cDichosos aquellos que escuchan la palabra de Dios y la guardan\u201d.<\/p>\n<p style=\"padding-left: 40px;\">Porque la sed me aturde,<br \/>\nagua cay\u00f3 a mi boca, bajando a mi estatura;<br \/>\nes el verbo que respir\u00f3 el Esp\u00edritu,<br \/>\npan por el Padre amasado<br \/>\nal golpe del grito de mi hambruna de ni\u00f1o.<\/p>\n<p style=\"padding-left: 40px;\">Verbo en presente,<br \/>\nastilla el verbo en pasado que sabe de m\u00ed,<br \/>\ntraspasa junturas y m\u00e9dulas de toda mi carne.<\/p>\n<p style=\"padding-left: 40px;\">Su jota y tilde vencen al tiempo.<br \/>\nPiedad de nosotros en lo que somos breves:<br \/>\nel cuerpo embarrado de tierra que se cae de sue\u00f1o<br \/>\ny el nombre callado que grit\u00f3 en el verso.<\/p>\n<figure id=\"attachment_1823\" aria-describedby=\"caption-attachment-1823\" style=\"width: 642px\" class=\"wp-caption aligncenter\"><img loading=\"lazy\" decoding=\"async\" width=\"642\" height=\"960\" class=\"size-full wp-image-1823\" alt=\"\" src=\"https:\/\/tiberiades.org\/wp-content\/uploads\/2019\/07\/5-Foto-de-Jos\u00e9-Amador-Mart\u00edn.jpg\" srcset=\"https:\/\/tiberiades.org\/wp-content\/uploads\/2019\/07\/5-Foto-de-Jos\u00e9-Amador-Mart\u00edn.jpg 642w, https:\/\/tiberiades.org\/wp-content\/uploads\/2019\/07\/5-Foto-de-Jos\u00e9-Amador-Mart\u00edn-201x300.jpg 201w\" sizes=\"auto, (max-width: 642px) 100vw, 642px\" \/><figcaption id=\"caption-attachment-1823\" class=\"wp-caption-text\">Foto de Jos\u00e9 Amador Mart\u00edn<\/figcaption><\/figure>\n<h3 style=\"padding-left: 40px;\">4<\/h3>\n<h3 style=\"padding-left: 40px;\"><strong>En otro encino de Mamr\u00e9 te espere<\/strong><\/h3>\n<p style=\"padding-left: 40px;\">\u00bfC\u00f3mo contemplar lo que es misterio?<br \/>\n\u00bfC\u00f3mo expresar lo inmensurable?<br \/>\n\u00a1Con quien lo ha plasmado en la carne y hueso!<\/p>\n<p style=\"padding-left: 40px;\">Deja por eso que mis sombras a la hora t\u00f3rrida del d\u00eda<br \/>\ndebajo de otro encino de Mamr\u00e9 te esperen;<br \/>\npero no pasen de largo,<br \/>\nque a la hora del reloj que no ha dormido all\u00ed estar\u00e1n;<br \/>\nyo me inclinar\u00e9 al suelo no de sue\u00f1o,<br \/>\nsino porque la luz cae de ti<br \/>\ny se rompe vuestro pecho portan grande coraz\u00f3n.<\/p>\n<p style=\"padding-left: 40px;\">Salta a mi epidermis el oro de tu luz<br \/>\ny el pl\u00e1cido rasgueo de tu lengua<br \/>\nsaliendo de tus labios de piedad.<\/p>\n<p style=\"padding-left: 40px;\">Aqu\u00ed, bajo este encinar,<br \/>\nnada se ha quedado como l\u00e1minas de sue\u00f1o ido:<\/p>\n<p style=\"padding-left: 40px;\">oscurece sin crep\u00fasculos, sin aurora arriba el d\u00eda,<br \/>\nse desgrana un salmo de mi boca al cuenco de tus t\u00edmpanos<br \/>\ny el llanto que se r\u00ede en tu golfo se desagua y con azul lo lavas.<\/p>\n<figure id=\"attachment_1824\" aria-describedby=\"caption-attachment-1824\" style=\"width: 640px\" class=\"wp-caption aligncenter\"><img loading=\"lazy\" decoding=\"async\" width=\"640\" height=\"430\" class=\"size-large wp-image-1824\" alt=\"\" src=\"https:\/\/tiberiades.org\/wp-content\/uploads\/2019\/07\/6-Foto-de-Jos\u00e9-Amador-Mart\u00edn-1024x688.jpg\" srcset=\"https:\/\/tiberiades.org\/wp-content\/uploads\/2019\/07\/6-Foto-de-Jos\u00e9-Amador-Mart\u00edn-1024x688.jpg 1024w, https:\/\/tiberiades.org\/wp-content\/uploads\/2019\/07\/6-Foto-de-Jos\u00e9-Amador-Mart\u00edn-300x202.jpg 300w, https:\/\/tiberiades.org\/wp-content\/uploads\/2019\/07\/6-Foto-de-Jos\u00e9-Amador-Mart\u00edn-768x516.jpg 768w, https:\/\/tiberiades.org\/wp-content\/uploads\/2019\/07\/6-Foto-de-Jos\u00e9-Amador-Mart\u00edn-272x182.jpg 272w, https:\/\/tiberiades.org\/wp-content\/uploads\/2019\/07\/6-Foto-de-Jos\u00e9-Amador-Mart\u00edn.jpg 1957w\" sizes=\"auto, (max-width: 640px) 100vw, 640px\" \/><figcaption id=\"caption-attachment-1824\" class=\"wp-caption-text\">Foto de Jos\u00e9 Amador Mart\u00edn<\/figcaption><\/figure>\n<h3 style=\"padding-left: 40px;\">5<\/h3>\n<h3 style=\"padding-left: 40px;\"><strong>Se\u00f1or, ahora d\u00e9jame ir contigo<\/strong><\/h3>\n<p style=\"padding-left: 40px;\">Junto a ti, en el encino estoy;<br \/>\nen tanto duermo, mi coraz\u00f3n vela,<br \/>\nla humedad del tiempo por mi carne corre,<br \/>\nmi cabeza est\u00e1 de roc\u00edo empapada,<br \/>\ncon algas que se acorazan en los troncos de mis cabellos,<br \/>\ncon nubes que sangra el solen mi atardecer.<\/p>\n<p style=\"padding-left: 40px;\">Trastornado est\u00e1s de la saliva que agitan bocas,<br \/>\n&#8212;me dijo, en queda voz, uno de ellos;<br \/>\n\u00a1d\u00e9jenme hablarles de tanta hartura<br \/>\nde los o\u00eddos en los que se enroscala medianoche!<\/p>\n<p style=\"padding-left: 40px;\">Yo no r\u00edo que mi d\u00eda viene;<br \/>\ns\u00e9 que t\u00fa lo puedes todo, como que en la noche densa<br \/>\nse golpee un nuevo viento contra las piedras de miles de a\u00f1os.<\/p>\n<p style=\"padding-left: 40px;\">D\u00e9jame ir contigo a un pueblo en colmo,<br \/>\nsin el bet\u00fan ya en los ojos, con la piedad que yo te imploro.<\/p>\n<p><img loading=\"lazy\" decoding=\"async\" width=\"405\" height=\"293\" class=\"aligncenter size-full wp-image-1825\" alt=\"\" src=\"https:\/\/tiberiades.org\/wp-content\/uploads\/2019\/07\/7.jpg\" srcset=\"https:\/\/tiberiades.org\/wp-content\/uploads\/2019\/07\/7.jpg 405w, https:\/\/tiberiades.org\/wp-content\/uploads\/2019\/07\/7-300x217.jpg 300w\" sizes=\"auto, (max-width: 405px) 100vw, 405px\" \/><\/p>\n<p><em>George Reyes&nbsp;es poeta, ensayista, editor y te\u00f3logo ecuatoriano-mexicano. Es licenciado y tiene dos maestr\u00edas en Teolog\u00eda, adem\u00e1s de ser candidato PhD en Teolog\u00eda. Ha publicado dos libros sobre hermen\u00e9utica b\u00edblica y es coautor de dos libros de Teolog\u00eda. Sus ensayos teol\u00f3gicos han sido publicados en revistas especializadas y en sitios virtuales tales como Ensayistas Hispanoamericanos. Sus dos poemarios son&nbsp;<\/em>El azul de la tarde&nbsp;<em>(Santiago de chile, Chile: Apostrophes Ediciones, 2015) y&nbsp;<\/em>Ese otro exilio, esa otra patria<em>&nbsp;(Santiago de Chile, Chile: Hebel Ediciones, 2016). Forma parte de la Antolog\u00eda de Poes\u00eda Mundial Poetas del siglo XXI y es miembro del Consejo Asesor Iberoamericano de la Red Tiber\u00edades.<\/em><\/p>\n","protected":false},"excerpt":{"rendered":"<p>\u00a1Oh Compasivo Se\u00f1or, \u2026 cumpliste la ley, aceptando voluntariamente la circuncisi\u00f3n de la carne, para anular las sombras y quitar el velo de nuestras pasiones. \u00a1Gloria a tu Divinidad! \u00a1Gloria a tu misericordia! \u00a1Gloria a tu condescendencia, oh Verbo! An\u00f3nimo Primer nombre T\u00fa y yo, y los adjetivos T\u00fa, oh Dios, Se\u00f1or eterno, misterio uno en tres; yo, galope de [&hellip;]<\/p>\n","protected":false},"author":2,"featured_media":1826,"comment_status":"open","ping_status":"closed","sticky":false,"template":"","format":"standard","meta":{"footnotes":""},"categories":[80,19],"tags":[79],"class_list":["post-1829","post","type-post","status-publish","format-standard","has-post-thumbnail","hentry","category-g-reyes","category-poemas-de","tag-george-reyes"],"_links":{"self":[{"href":"https:\/\/tiberiades.org\/index.php?rest_route=\/wp\/v2\/posts\/1829","targetHints":{"allow":["GET"]}}],"collection":[{"href":"https:\/\/tiberiades.org\/index.php?rest_route=\/wp\/v2\/posts"}],"about":[{"href":"https:\/\/tiberiades.org\/index.php?rest_route=\/wp\/v2\/types\/post"}],"author":[{"embeddable":true,"href":"https:\/\/tiberiades.org\/index.php?rest_route=\/wp\/v2\/users\/2"}],"replies":[{"embeddable":true,"href":"https:\/\/tiberiades.org\/index.php?rest_route=%2Fwp%2Fv2%2Fcomments&post=1829"}],"version-history":[{"count":7,"href":"https:\/\/tiberiades.org\/index.php?rest_route=\/wp\/v2\/posts\/1829\/revisions"}],"predecessor-version":[{"id":1841,"href":"https:\/\/tiberiades.org\/index.php?rest_route=\/wp\/v2\/posts\/1829\/revisions\/1841"}],"wp:featuredmedia":[{"embeddable":true,"href":"https:\/\/tiberiades.org\/index.php?rest_route=\/wp\/v2\/media\/1826"}],"wp:attachment":[{"href":"https:\/\/tiberiades.org\/index.php?rest_route=%2Fwp%2Fv2%2Fmedia&parent=1829"}],"wp:term":[{"taxonomy":"category","embeddable":true,"href":"https:\/\/tiberiades.org\/index.php?rest_route=%2Fwp%2Fv2%2Fcategories&post=1829"},{"taxonomy":"post_tag","embeddable":true,"href":"https:\/\/tiberiades.org\/index.php?rest_route=%2Fwp%2Fv2%2Ftags&post=1829"}],"curies":[{"name":"wp","href":"https:\/\/api.w.org\/{rel}","templated":true}]}}