{"id":2020,"date":"2019-09-09T18:37:00","date_gmt":"2019-09-09T17:37:00","guid":{"rendered":"http:\/\/tiberiades.org\/?p=2020"},"modified":"2019-09-09T18:42:11","modified_gmt":"2019-09-09T17:42:11","slug":"daniel-cotta-dios-a-media-voz","status":"publish","type":"post","link":"https:\/\/tiberiades.org\/?p=2020","title":{"rendered":"Daniel Cotta, Dios a media voz"},"content":{"rendered":"<h3><em><br \/>\n<\/em><em><br \/>\nDIOS A MEDIA VOZ<\/em><em><br \/>\n<\/em>Premio Nacional de Poes\u00eda M\u00edstica (Albacara) San Juan de la Cruz 2018<\/h3>\n<p>(fragmentos)<\/p>\n<p style=\"padding-left: 40px;\">Me has tocado, Se\u00f1or, has sido T\u00fa.<br \/>\nLo has hecho con la punta de los dedos.<br \/>\nAndaba entre el gent\u00edo y me has parado.<br \/>\nMe cercaban sonrisas y quejidos,<br \/>\nSe me agarraban a los hombros sue\u00f1os,<br \/>\nproyectos de grandeza.<br \/>\nSent\u00eda manotazos, empujones.<br \/>\nY de pronto,<br \/>\n\u00bfqui\u00e9n me ha tocado?<br \/>\n\u00bfQui\u00e9n?<br \/>\n\u00bfQui\u00e9n me ha rozado<br \/>\nla t\u00fanica del alma<br \/>\nque he sentido un poder en mis adentros?<br \/>\nComo si el arco de un viol\u00edn rindiese la voz de los ca\u00f1ones,<br \/>\ncomo si el vuelo de una mariposa detuviese un glaciar,<br \/>\ntu mano me ha parado,<br \/>\nme ha querido<br \/>\nen mitad de mi vida,<br \/>\nen mitad de mi muerte.<br \/>\n\u00bfPara qu\u00e9?<br \/>\n\u00bfQu\u00e9 milagro, Se\u00f1or, quieres hacerme?<\/p>\n<figure id=\"attachment_2016\" aria-describedby=\"caption-attachment-2016\" style=\"width: 960px\" class=\"wp-caption aligncenter\"><img loading=\"lazy\" decoding=\"async\" class=\"wp-image-2016 size-full\" src=\"https:\/\/tiberiades.org\/wp-content\/uploads\/2019\/09\/2-Foto-de-Jos\u00e9-Amador-Mart\u00edn.jpg\" alt=\"\" width=\"960\" height=\"643\" srcset=\"https:\/\/tiberiades.org\/wp-content\/uploads\/2019\/09\/2-Foto-de-Jos\u00e9-Amador-Mart\u00edn.jpg 960w, https:\/\/tiberiades.org\/wp-content\/uploads\/2019\/09\/2-Foto-de-Jos\u00e9-Amador-Mart\u00edn-300x201.jpg 300w, https:\/\/tiberiades.org\/wp-content\/uploads\/2019\/09\/2-Foto-de-Jos\u00e9-Amador-Mart\u00edn-768x514.jpg 768w, https:\/\/tiberiades.org\/wp-content\/uploads\/2019\/09\/2-Foto-de-Jos\u00e9-Amador-Mart\u00edn-272x182.jpg 272w\" sizes=\"auto, (max-width: 960px) 100vw, 960px\" \/><figcaption id=\"caption-attachment-2016\" class=\"wp-caption-text\">Foto de Jos\u00e9 Amador Mart\u00edn<\/figcaption><\/figure>\n<p style=\"padding-left: 40px;\">Escarba en mi interior y busca a fondo:<br \/>\nmuy dentro est\u00e1 esa parte de m\u00ed que era tu imagen,<br \/>\ntu semejanza ya descolorida,<br \/>\nborrosa por el paso de mi carne.<br \/>\nAparta paletadas de ceguera,<br \/>\ncava sin tregua hasta encontrarme el \u00e1ngel.<br \/>\nY entonces, esa espina<br \/>\nque te maldije antes<br \/>\ntraspasar\u00e1 mi alma<br \/>\nigual que el sol, quebr\u00e1ndose,<br \/>\ntraspasa el claro coraz\u00f3n del agua.<br \/>\nPre\u00f1adas de oro dejar\u00e1s mis m\u00e1rgenes<br \/>\ny \u2014ahora s\u00ed\u2014 en el fondo,<br \/>\nSe\u00f1or, podr\u00e1s buscarte,<br \/>\nseguirte<br \/>\ny encontrarte.<br \/>\nY me dir\u00e1s d\u00f3nde qued\u00f3 clavada<br \/>\nla punta de mi espina. Fue en tu sangre.<\/p>\n<p style=\"padding-left: 40px;\">Me has tocado, Se\u00f1or, has sido T\u00fa.<br \/>\nMe has brindado una astilla del Madero<br \/>\npara que yo la lleve,<br \/>\npara que vaya acompa\u00f1ando a otros<br \/>\nque llevan sus astillas al Calvario,<br \/>\nen una procesi\u00f3n que abarca el mundo,<br \/>\nen una marcha que se llama Hombre.<br \/>\nSubimos lentamente,<br \/>\nsufrimos lentamente.<br \/>\nAlgunos arraigamos en las piedras<br \/>\no vamos encorvados hasta el suelo,<br \/>\ncon el alma colgando por la boca.<br \/>\nNos pesa nuestra astilla,<br \/>\nno podemos con ella.<br \/>\n\u00a1Y a\u00fan queda tanto hasta llegar al G\u00f3lgota&#8230;!<br \/>\nLa sangre y el sudor nublan la vista,<br \/>\ntanto, Se\u00f1or, que ni siquiera vemos<br \/>\nque somos las astillas,<br \/>\nque somos el Calvario,<br \/>\nque somos esa Cruz,<br \/>\nque T\u00fa nos llevas.<\/p>\n<figure id=\"attachment_2017\" aria-describedby=\"caption-attachment-2017\" style=\"width: 640px\" class=\"wp-caption aligncenter\"><img loading=\"lazy\" decoding=\"async\" class=\"size-large wp-image-2017\" src=\"https:\/\/tiberiades.org\/wp-content\/uploads\/2019\/09\/3-Foto-de-Jos\u00e9-Amador-Mart\u00edn-1024x685.jpg\" alt=\"\" width=\"640\" height=\"428\" srcset=\"https:\/\/tiberiades.org\/wp-content\/uploads\/2019\/09\/3-Foto-de-Jos\u00e9-Amador-Mart\u00edn-1024x685.jpg 1024w, https:\/\/tiberiades.org\/wp-content\/uploads\/2019\/09\/3-Foto-de-Jos\u00e9-Amador-Mart\u00edn-300x201.jpg 300w, https:\/\/tiberiades.org\/wp-content\/uploads\/2019\/09\/3-Foto-de-Jos\u00e9-Amador-Mart\u00edn-768x513.jpg 768w, https:\/\/tiberiades.org\/wp-content\/uploads\/2019\/09\/3-Foto-de-Jos\u00e9-Amador-Mart\u00edn-272x182.jpg 272w, https:\/\/tiberiades.org\/wp-content\/uploads\/2019\/09\/3-Foto-de-Jos\u00e9-Amador-Mart\u00edn.jpg 2048w\" sizes=\"auto, (max-width: 640px) 100vw, 640px\" \/><figcaption id=\"caption-attachment-2017\" class=\"wp-caption-text\">Foto de Jos\u00e9 Amador Mart\u00edn<\/figcaption><\/figure>\n<p style=\"padding-left: 40px;\">Embri\u00e1game, Se\u00f1or, colma mi copa,<br \/>\nque se me suba al coraz\u00f3n tu amor.<br \/>\nAg\u00edtame, sac\u00fademe, desc\u00f3rchame,<br \/>\nque estalle el g\u00e9iser ebrio de mi vida,<br \/>\nque toque el sol y luego inunde el suelo.<br \/>\nPara que T\u00fa me lo emborraches todo,<br \/>\npara que todo me parezca T\u00fa,<br \/>\ny vaya haciendo el loco por los d\u00edas,<br \/>\nlos a\u00f1os y los siglos.<br \/>\nQue sea regocijo, luz, burbuja,<br \/>\nque diga yo tus obras<br \/>\nen todos los idiomas del silencio.<br \/>\nY cuando me derrumbe la resaca,<br \/>\nac\u00e9rcate otra vez para esperar,<br \/>\npara salvarme.<\/p>\n<p style=\"padding-left: 40px;\">Me has tocado, Se\u00f1or, has sido T\u00fa.<br \/>\nLo has hecho con la punta de los dedos.<br \/>\nYo andaba distra\u00eddo por los a\u00f1os,<br \/>\nobeso de esperanzas ya cumplidas,<br \/>\ncomo buscando nada.<br \/>\nY de repente T\u00fa,<br \/>\nT\u00fa me has tocado.<br \/>\nMe has rozado la t\u00fanica del alma<br \/>\ny has volcado el milagro en mis adentros.<br \/>\nY dol\u00eda.<br \/>\nDol\u00eda, pero amaba.<br \/>\nEra metal fundido quem\u00e1ndome las venas.<br \/>\nEra metal que, al enfriarse, es oro.<br \/>\nEso era mi dolor:<br \/>\noro fundido.<br \/>\nY ahora que percibo sus quilates,<br \/>\nay\u00fadame a tallarlo, a someterlo.<br \/>\nQue sea una medalla en mi garganta,<br \/>\nque sea una alianza en mi anular,<br \/>\nque sea un coraz\u00f3n, un lirio abierto,<br \/>\nque sea una sonrisa,<br \/>\nque sea la ma\u00f1ana,<br \/>\nque sea una oraci\u00f3n,<br \/>\nque seas T\u00fa.<\/p>\n<figure id=\"attachment_2018\" aria-describedby=\"caption-attachment-2018\" style=\"width: 640px\" class=\"wp-caption aligncenter\"><img loading=\"lazy\" decoding=\"async\" class=\"size-large wp-image-2018\" src=\"https:\/\/tiberiades.org\/wp-content\/uploads\/2019\/09\/4-Foto-de-Jos\u00e9-Amador-Mart\u00edn-1024x685.jpg\" alt=\"\" width=\"640\" height=\"428\" srcset=\"https:\/\/tiberiades.org\/wp-content\/uploads\/2019\/09\/4-Foto-de-Jos\u00e9-Amador-Mart\u00edn-1024x685.jpg 1024w, https:\/\/tiberiades.org\/wp-content\/uploads\/2019\/09\/4-Foto-de-Jos\u00e9-Amador-Mart\u00edn-300x201.jpg 300w, https:\/\/tiberiades.org\/wp-content\/uploads\/2019\/09\/4-Foto-de-Jos\u00e9-Amador-Mart\u00edn-768x513.jpg 768w, https:\/\/tiberiades.org\/wp-content\/uploads\/2019\/09\/4-Foto-de-Jos\u00e9-Amador-Mart\u00edn-272x182.jpg 272w, https:\/\/tiberiades.org\/wp-content\/uploads\/2019\/09\/4-Foto-de-Jos\u00e9-Amador-Mart\u00edn.jpg 2048w\" sizes=\"auto, (max-width: 640px) 100vw, 640px\" \/><figcaption id=\"caption-attachment-2018\" class=\"wp-caption-text\">Foto de Jos\u00e9 Amador Mart\u00edn<\/figcaption><\/figure>\n<p style=\"padding-left: 40px;\"><strong><em>\u00a0<\/em><\/strong><\/p>\n<p style=\"padding-left: 40px;\">Ese era tu regalo: amor y gracia,<br \/>\nenvuelto bajo el lazo del dolor.<br \/>\n\u00a1Y mis ojos, sin verlo!<br \/>\n\u00a1Mis manos, sin abrirlo!<br \/>\n\u00a1Y T\u00fa, llama que llama al coraz\u00f3n!<br \/>\nAbierto para Ti lo tengo ahora,<br \/>\nabierto para que entre bien el sol.<br \/>\nT\u00fa c\u00e1ntame, T\u00fa ens\u00e9\u00f1ame al o\u00eddo<br \/>\nel idioma de Dios,<br \/>\nimprime en mi cabeza la sintaxis<br \/>\nexacta del amor,<br \/>\ncon verbos de silencio<br \/>\ny nombres de perd\u00f3n.<br \/>\nAhora que soy m\u00e1s que las estrellas,<br \/>\nahora que me prestas tu dolor,<br \/>\npuedo o\u00edr la canci\u00f3n del Universo,<br \/>\ntu m\u00fasica, Se\u00f1or,<br \/>\no\u00edr c\u00f3mo repara mis adentros<br \/>\nla m\u00fasica de Dios a media voz.<\/p>\n<p><strong><em>Daniel Cotta Lobato <\/em><\/strong><em>naci\u00f3 en M\u00e1laga en 1974, aunque reside en C\u00f3rdoba desde 2008. Es Licenciado en Filolog\u00ed<\/em><em>a Hisp<\/em><em>\u00e1nica y ejerce en la actualidad como profesor de Lengua en el<\/em><em> instituto <\/em><em>Nuevas Poblaciones de La Carlota.<\/em> <em>Ha publicado cuatro poemarios: <\/em>Beethoven explicado para sordos<em> (Diputaci\u00f3n de C\u00f3rdoba, 2016), por el que obtuvo el acc\u00e9sit del Premio Rosal\u00eda de Castro de la Casa de Galicia en C\u00f3rdoba; <\/em>Alma inmortalmente enferma<em> (editado por De Torres Editores en 2017); <\/em>Como si nada<em> (2017), volumen n\u00ba 14 en la Colecci\u00f3n DKV de Poes\u00eda, dirigida por Jos\u00e9 Mateos; y <\/em>Dios a media voz<em>, Premio Nacional de Poes\u00eda M\u00edstica (Albacara) San Juan de la Cruz 2018, publicado por el Excmo. Ayto. de Caravaca de la Cruz. Este oto\u00f1o ver\u00e1 la luz su libro <\/em>El beso de buenas noches<em> en la editorial Renacimiento.<\/em> <em>Su incursi\u00f3n en la narrativa comienza en 2012, cuando publica su novela <\/em>Videojugarse la vida<em> (Funambulista), una obra de humor que sigue la estela del inolvidable <\/em><em>Gurb<\/em><em> de Eduardo Mendoza. En 2017 obtiene el VI Premio de Narrativa Infantil Diputaci\u00f3<\/em><em>n de C<\/em><em>\u00f3rdoba por <\/em>El duende de los videojuegos<em>, publicada por la editorial Premium en el a\u00f1o en curso. Ha publicado tambi<\/em><em>\u00e9<\/em><em>n una novela hist\u00f3<\/em><em>rica, <\/em>Verdugos de la media luna<em> (Almuzara, 2018), con la que viaja a la C\u00f3rdoba del siglo IX en el ocaso de la cultura moz\u00e1rabe. Por otro libro suyo, recientemente qued\u00f3 como finalista del Premio Rey David de Poes\u00eda B\u00edblica Iberoamericana.<\/em><\/p>\n<p><img loading=\"lazy\" decoding=\"async\" class=\"aligncenter size-large wp-image-2019\" src=\"https:\/\/tiberiades.org\/wp-content\/uploads\/2019\/09\/5-657x1024.jpg\" alt=\"\" width=\"640\" height=\"998\" srcset=\"https:\/\/tiberiades.org\/wp-content\/uploads\/2019\/09\/5-657x1024.jpg 657w, https:\/\/tiberiades.org\/wp-content\/uploads\/2019\/09\/5-193x300.jpg 193w, https:\/\/tiberiades.org\/wp-content\/uploads\/2019\/09\/5-768x1197.jpg 768w, https:\/\/tiberiades.org\/wp-content\/uploads\/2019\/09\/5.jpg 1028w\" sizes=\"auto, (max-width: 640px) 100vw, 640px\" \/><\/p>\n","protected":false},"excerpt":{"rendered":"<p>DIOS A MEDIA VOZ Premio Nacional de Poes\u00eda M\u00edstica (Albacara) San Juan de la Cruz 2018 (fragmentos) Me has tocado, Se\u00f1or, has sido T\u00fa. Lo has hecho con la punta de los dedos. Andaba entre el gent\u00edo y me has parado. Me cercaban sonrisas y quejidos, Se me agarraban a los hombros sue\u00f1os, proyectos de grandeza. Sent\u00eda manotazos, empujones. Y [&hellip;]<\/p>\n","protected":false},"author":2,"featured_media":2015,"comment_status":"open","ping_status":"closed","sticky":false,"template":"","format":"standard","meta":{"footnotes":""},"categories":[88],"tags":[89,90],"class_list":["post-2020","post","type-post","status-publish","format-standard","has-post-thumbnail","hentry","category-daniel-cotta","tag-daniel-cotta","tag-premio-rey-david"],"_links":{"self":[{"href":"https:\/\/tiberiades.org\/index.php?rest_route=\/wp\/v2\/posts\/2020","targetHints":{"allow":["GET"]}}],"collection":[{"href":"https:\/\/tiberiades.org\/index.php?rest_route=\/wp\/v2\/posts"}],"about":[{"href":"https:\/\/tiberiades.org\/index.php?rest_route=\/wp\/v2\/types\/post"}],"author":[{"embeddable":true,"href":"https:\/\/tiberiades.org\/index.php?rest_route=\/wp\/v2\/users\/2"}],"replies":[{"embeddable":true,"href":"https:\/\/tiberiades.org\/index.php?rest_route=%2Fwp%2Fv2%2Fcomments&post=2020"}],"version-history":[{"count":3,"href":"https:\/\/tiberiades.org\/index.php?rest_route=\/wp\/v2\/posts\/2020\/revisions"}],"predecessor-version":[{"id":2023,"href":"https:\/\/tiberiades.org\/index.php?rest_route=\/wp\/v2\/posts\/2020\/revisions\/2023"}],"wp:featuredmedia":[{"embeddable":true,"href":"https:\/\/tiberiades.org\/index.php?rest_route=\/wp\/v2\/media\/2015"}],"wp:attachment":[{"href":"https:\/\/tiberiades.org\/index.php?rest_route=%2Fwp%2Fv2%2Fmedia&parent=2020"}],"wp:term":[{"taxonomy":"category","embeddable":true,"href":"https:\/\/tiberiades.org\/index.php?rest_route=%2Fwp%2Fv2%2Fcategories&post=2020"},{"taxonomy":"post_tag","embeddable":true,"href":"https:\/\/tiberiades.org\/index.php?rest_route=%2Fwp%2Fv2%2Ftags&post=2020"}],"curies":[{"name":"wp","href":"https:\/\/api.w.org\/{rel}","templated":true}]}}