{"id":209,"date":"2019-02-17T17:45:39","date_gmt":"2019-02-17T17:45:39","guid":{"rendered":"http:\/\/tiberiades.org\/?p=209"},"modified":"2019-03-17T10:05:10","modified_gmt":"2019-03-17T09:05:10","slug":"poemas-de-frank-estevez-guerra-1963-2014","status":"publish","type":"post","link":"https:\/\/tiberiades.org\/?p=209","title":{"rendered":"Poemas de Frank Est\u00e9vez Guerra (1963-2014)"},"content":{"rendered":"\n<p class=\"wp-block-paragraph\"><em>Anticipamos algunos poemas de la antolog\u00eda po\u00e9tica del canario Frank Est\u00e9vez, la cual publicaremos en Tiber\u00edades Ediciones como segunda obra de su Colecci\u00f3n \u201cEn Memoria\u201d.<\/em><\/p>\n\n\n\n<pre class=\"wp-block-verse\"><strong>NO FALLASTE, SE\u00d1OR, T\u00da NO FALLASTE<br> <\/strong><br> No fallaste, Se\u00f1or, t\u00fa no fallaste,<br> nuestro libre albedr\u00edo nos traiciona<br> y turba nuestra mente y la emociona<br> y confunde ese plan que planeaste.<br> <br> No faltaste, Se\u00f1or, t\u00fa no faltaste,<br> viniste a cada cita y en persona,<br> entregaste tu vida y tu corona<br> y de tanto entregarme te entregaste.<br> <br> No juzgaste, Se\u00f1or, no fui acusado,<br> regalaste tu vida por salvarme<br> y en la cruz que sufriste perdonaste.<br> <br> Hoy me siento, Se\u00f1or, tan perdonado<br> que apenas reconozco que al mirarme<br> sea yo la persona que salvaste.&nbsp;<\/pre>\n\n\n\n<div class=\"wp-block-image\"><figure class=\"aligncenter is-resized\"><img loading=\"lazy\" decoding=\"async\" src=\"https:\/\/tiberiades.org\/wp-content\/uploads\/2019\/02\/fe2-Frank-Est\u00e9vez-leyendo-en-Salamanca-1024x610.jpg\" alt=\"\" class=\"wp-image-216\" width=\"512\" height=\"305\" srcset=\"https:\/\/tiberiades.org\/wp-content\/uploads\/2019\/02\/fe2-Frank-Est\u00e9vez-leyendo-en-Salamanca-1024x610.jpg 1024w, https:\/\/tiberiades.org\/wp-content\/uploads\/2019\/02\/fe2-Frank-Est\u00e9vez-leyendo-en-Salamanca-300x179.jpg 300w, https:\/\/tiberiades.org\/wp-content\/uploads\/2019\/02\/fe2-Frank-Est\u00e9vez-leyendo-en-Salamanca-768x457.jpg 768w, https:\/\/tiberiades.org\/wp-content\/uploads\/2019\/02\/fe2-Frank-Est\u00e9vez-leyendo-en-Salamanca.jpg 1110w\" sizes=\"auto, (max-width: 512px) 100vw, 512px\" \/><figcaption>Frank Est\u00e9vez  leyendo en Salamanca<\/figcaption><\/figure><\/div>\n\n\n\n<pre class=\"wp-block-verse\"><strong>SE\u00d1OR, SI ABRES LA PUERTA QUE<br> YO CIERRO\u2026<br> <\/strong><br> Se\u00f1or, si abres la puerta que yo cierro<br> ser\u00e1 porque es mejor dejarla abierta,<br> porque tienes un plan sin que lo advierta<br> la propia sinraz\u00f3n a que me aferro.<br> <br> Se\u00f1or, perd\u00f3n, no s\u00e9 por qu\u00e9 me aterro<br> si es que libras de m\u00ed tanta reyerta<br> y mi alma librar\u00e1s en la hora cierta<br> porque anhelo alcanzarte con mi entierro.<br> <br> Se\u00f1or, mi Dios, me das pero me quitas<br> porque amas mi persona en tus amores;<br> no quiero estar sin ti, no lo permitas.<br> <br> Se\u00f1or Jes\u00fas, conoces mis errores,<br> sabes de mis pecados y me invitas<br> a caminar contigo en tus dolores.&nbsp;<\/pre>\n\n\n\n<div class=\"wp-block-image\"><figure class=\"aligncenter is-resized\"><img loading=\"lazy\" decoding=\"async\" src=\"https:\/\/tiberiades.org\/wp-content\/uploads\/2019\/02\/fe3-Est\u00e9vez-Alencart-y-Tarquis-en-Toral-de-los-Guzmanes-1024x630.jpg\" alt=\"\" class=\"wp-image-211\" width=\"512\" height=\"315\" srcset=\"https:\/\/tiberiades.org\/wp-content\/uploads\/2019\/02\/fe3-Est\u00e9vez-Alencart-y-Tarquis-en-Toral-de-los-Guzmanes-1024x630.jpg 1024w, https:\/\/tiberiades.org\/wp-content\/uploads\/2019\/02\/fe3-Est\u00e9vez-Alencart-y-Tarquis-en-Toral-de-los-Guzmanes-300x184.jpg 300w, https:\/\/tiberiades.org\/wp-content\/uploads\/2019\/02\/fe3-Est\u00e9vez-Alencart-y-Tarquis-en-Toral-de-los-Guzmanes-768x472.jpg 768w\" sizes=\"auto, (max-width: 512px) 100vw, 512px\" \/><figcaption>Est\u00e9vez, Alencart y Tarquis, en Toral de los Guzmanes<\/figcaption><\/figure><\/div>\n\n\n\n<pre class=\"wp-block-verse\"><strong>\u00a1OH SE\u00d1OR, CU\u00c1NTO AF\u00c1N TURB\u00d3 MI VIDA!<br> <\/strong><em>(1 Jn 2: 16-17, 4: 20 y 2: 9)<br> <\/em><br> \u00a1Oh Se\u00f1or, cu\u00e1nto af\u00e1n turb\u00f3 mi vida!,<br> \u00a1cu\u00e1ntas horas perd\u00ed por no perderlas!,<br> \u00a1cu\u00e1nta fama gan\u00e9 junto a otras perlas!,<br> \u00a1cu\u00e1nto error comet\u00ed con tanta herida!<br> <br> \u00a1Oh Se\u00f1or, cu\u00e1nto hedor tras mi partida!,<br> \u00a1cu\u00e1ntas faltas busqu\u00e9 tras cometerlas<br> y cu\u00e1ntas me buscaron por hacerlas!<br> Ya me cuesta esperar por tu Venida.<br> <br> Puedo estar en la cruz, sentir tu aliento<br> palpitando al comp\u00e1s de los dolores<br> y siento que tu amor es lo que siento;<br> <br> conozco tu Palabra y sus actores;<br> puedo, adem\u00e1s, decir que ya no miento<br> cuando miento a la luz de tus amores.<\/pre>\n\n\n\n<div class=\"wp-block-image\"><figure class=\"aligncenter is-resized\"><img loading=\"lazy\" decoding=\"async\" src=\"https:\/\/tiberiades.org\/wp-content\/uploads\/2019\/02\/fe4-Est\u00e9vez-Alencart-Sampr\u00f3n-Salvado-y-Corral-en-Salamanca-1024x573.jpg\" alt=\"\" class=\"wp-image-212\" width=\"512\" height=\"287\" srcset=\"https:\/\/tiberiades.org\/wp-content\/uploads\/2019\/02\/fe4-Est\u00e9vez-Alencart-Sampr\u00f3n-Salvado-y-Corral-en-Salamanca-1024x573.jpg 1024w, https:\/\/tiberiades.org\/wp-content\/uploads\/2019\/02\/fe4-Est\u00e9vez-Alencart-Sampr\u00f3n-Salvado-y-Corral-en-Salamanca-300x168.jpg 300w, https:\/\/tiberiades.org\/wp-content\/uploads\/2019\/02\/fe4-Est\u00e9vez-Alencart-Sampr\u00f3n-Salvado-y-Corral-en-Salamanca-768x430.jpg 768w\" sizes=\"auto, (max-width: 512px) 100vw, 512px\" \/><figcaption>Est\u00e9vez, Alencart, Sampr\u00f3n, Salvado y Corral, en Salamanca<\/figcaption><\/figure><\/div>\n\n\n\n<pre class=\"wp-block-verse\"><strong>SI EL MAESTRO DIJERA...<br> <\/strong><br> ... Hacen falta las manos del que quiera<br> a\u00f1adir a esta Iglesia nuevos br\u00edos,<br> por sentir el correr de nuevos r\u00edos<br> al interior del alma que lo espera.<br> <br> Hacen falta el esfuerzo y la madera<br> y guardar en tu ser los dichos m\u00edos<br> por desterrar del Cuerpo los hast\u00edos<br> que invitan al Esp\u00edritu a que muera.<br> <br> Hoy quisiera decirte como hermano<br> que no pido el esfuerzo para que huyas<br> ni apenas compromiso cotidiano<br> <br> y sepas en los dedos con que arrullas<br> y en la mente en que sabes ser cristiano:<br> que no tengo otras manos que las tuyas.<\/pre>\n\n\n\n<div class=\"wp-block-image\"><figure class=\"aligncenter is-resized\"><img loading=\"lazy\" decoding=\"async\" src=\"https:\/\/tiberiades.org\/wp-content\/uploads\/2019\/02\/fe5-Frank-Est\u00e9vez-leyendo-en-Toral-de-los-Guzmanes.jpg\" alt=\"\" class=\"wp-image-213\" width=\"471\" height=\"290\" srcset=\"https:\/\/tiberiades.org\/wp-content\/uploads\/2019\/02\/fe5-Frank-Est\u00e9vez-leyendo-en-Toral-de-los-Guzmanes.jpg 942w, https:\/\/tiberiades.org\/wp-content\/uploads\/2019\/02\/fe5-Frank-Est\u00e9vez-leyendo-en-Toral-de-los-Guzmanes-300x184.jpg 300w, https:\/\/tiberiades.org\/wp-content\/uploads\/2019\/02\/fe5-Frank-Est\u00e9vez-leyendo-en-Toral-de-los-Guzmanes-768x472.jpg 768w\" sizes=\"auto, (max-width: 471px) 100vw, 471px\" \/><figcaption>Frank Est\u00e9vez leyendo en Toral de los Guzmanes<\/figcaption><\/figure><\/div>\n\n\n\n<pre class=\"wp-block-verse\"><strong>PORQUE EN \u00c9L SE DISIPAN LOS TEMORES<br><\/strong> <em>(Juan 14: 6)<\/em><br><br> Porque en \u00c9l se disipan los temores<br> tengo al fin claridad en el destino<br> cuando admito viajar en el Camino<br> donde anduvo el Se\u00f1or de los se\u00f1ores.<br> <br> Porque a ti se dirige mi existencia<br> quiero al fin existir con tu permiso<br> y no quiero anhelar un para\u00edso<br> no ce\u00f1ido a tu Ser o a tu conciencia.<br> <br> S\u00f3lo quiero en Verdad vivir la Vida,<br> no esa muerte vital que he padecido<br> por tanta inexistencia consumida.<br> <br> S\u00f3lo quiero el Camino haber seguido<br> que me d\u00e9 la Verdad por despedida.<br> Y este adi\u00f3s con la Vida es lo que pido.<br><\/pre>\n\n\n\n<div class=\"wp-block-image\"><figure class=\"aligncenter is-resized\"><img loading=\"lazy\" decoding=\"async\" src=\"https:\/\/tiberiades.org\/wp-content\/uploads\/2019\/02\/fe6-Para-CV-al-final.jpg\" alt=\"\" class=\"wp-image-214\" width=\"317\" height=\"323\" srcset=\"https:\/\/tiberiades.org\/wp-content\/uploads\/2019\/02\/fe6-Para-CV-al-final.jpg 633w, https:\/\/tiberiades.org\/wp-content\/uploads\/2019\/02\/fe6-Para-CV-al-final-294x300.jpg 294w\" sizes=\"auto, (max-width: 317px) 100vw, 317px\" \/><\/figure><\/div>\n\n\n\n<p class=\"wp-block-paragraph\" style=\"text-align:left\"><em>Fran Est\u00e9vez Guerra (G\u00e1ldar, Gran Canaria,1963\u2013Madrid, 2014).<strong> <\/strong>Adem\u00e1s de poeta y pastor, Frank Est\u00e9vez fue un destacado ensayista que se licenci\u00f3 en Filolog\u00eda Hisp\u00e1nica y realiz\u00f3 estudios de Teolog\u00eda y Antropolog\u00eda. En vida public\u00f3 once libros de poes\u00eda y cinco de ensayo literario. Entre sus poemarios destacan <\/em>Como del mar, las olas<em> (1986), <\/em>Alas para no volar<em> (1997), <\/em>Convidado a vivir<em> (1998), <\/em>Del barco del recuerdo<em> (1998), <\/em>Pret\u00e9ritas sombras<em> (1998), <\/em>Vino nuevo en odres tiernos<em> (1999), <\/em>Ayer que fuimos<em> (1999), <\/em>En el espejo de la memoria<em> (2000), <\/em>D\u00e9cimas teoc\u00e9ntricas<em> (2000), <\/em>Peregrino hacia el<em> <\/em>Jord\u00e1n <em>(2001) y la antolog\u00eda <\/em>Atravesando el Jord\u00e1n<em> (2009). Particip\u00f3 en los Encuentro \u2018Los poetas y Dios\u2019, de Toral de los Guzmanes (Le\u00f3n) y en el Encuentro de Poetas Iberoamericanos de Salamanca.<br> <br> <\/em>Fotograf\u00edas de Jacqueline Alencar<\/p>\n","protected":false},"excerpt":{"rendered":"<p>Anticipamos algunos poemas de la antolog\u00eda po\u00e9tica del canario Frank Est\u00e9vez, la cual publicaremos en Tiber\u00edades Ediciones como segunda obra de su Colecci\u00f3n \u201cEn Memoria\u201d. NO FALLASTE, SE\u00d1OR, T\u00da NO FALLASTE No fallaste, Se\u00f1or, t\u00fa no fallaste, nuestro libre albedr\u00edo nos traiciona y turba nuestra mente y la emociona y confunde ese plan que planeaste. No faltaste, Se\u00f1or, t\u00fa no [&hellip;]<\/p>\n","protected":false},"author":2,"featured_media":995,"comment_status":"open","ping_status":"closed","sticky":false,"template":"","format":"standard","meta":{"footnotes":""},"categories":[21,19],"tags":[],"class_list":["post-209","post","type-post","status-publish","format-standard","has-post-thumbnail","hentry","category-frank-estevez","category-poemas-de"],"_links":{"self":[{"href":"https:\/\/tiberiades.org\/index.php?rest_route=\/wp\/v2\/posts\/209","targetHints":{"allow":["GET"]}}],"collection":[{"href":"https:\/\/tiberiades.org\/index.php?rest_route=\/wp\/v2\/posts"}],"about":[{"href":"https:\/\/tiberiades.org\/index.php?rest_route=\/wp\/v2\/types\/post"}],"author":[{"embeddable":true,"href":"https:\/\/tiberiades.org\/index.php?rest_route=\/wp\/v2\/users\/2"}],"replies":[{"embeddable":true,"href":"https:\/\/tiberiades.org\/index.php?rest_route=%2Fwp%2Fv2%2Fcomments&post=209"}],"version-history":[{"count":7,"href":"https:\/\/tiberiades.org\/index.php?rest_route=\/wp\/v2\/posts\/209\/revisions"}],"predecessor-version":[{"id":239,"href":"https:\/\/tiberiades.org\/index.php?rest_route=\/wp\/v2\/posts\/209\/revisions\/239"}],"wp:featuredmedia":[{"embeddable":true,"href":"https:\/\/tiberiades.org\/index.php?rest_route=\/wp\/v2\/media\/995"}],"wp:attachment":[{"href":"https:\/\/tiberiades.org\/index.php?rest_route=%2Fwp%2Fv2%2Fmedia&parent=209"}],"wp:term":[{"taxonomy":"category","embeddable":true,"href":"https:\/\/tiberiades.org\/index.php?rest_route=%2Fwp%2Fv2%2Fcategories&post=209"},{"taxonomy":"post_tag","embeddable":true,"href":"https:\/\/tiberiades.org\/index.php?rest_route=%2Fwp%2Fv2%2Ftags&post=209"}],"curies":[{"name":"wp","href":"https:\/\/api.w.org\/{rel}","templated":true}]}}