{"id":2135,"date":"2019-11-29T09:40:20","date_gmt":"2019-11-29T08:40:20","guid":{"rendered":"http:\/\/tiberiades.org\/?p=2135"},"modified":"2019-11-29T10:16:53","modified_gmt":"2019-11-29T09:16:53","slug":"andres-quintanilla-buey-vendimia-de-la-fe","status":"publish","type":"post","link":"https:\/\/tiberiades.org\/?p=2135","title":{"rendered":"Andr\u00e9s Quintanilla Buey: vendimia de la fe"},"content":{"rendered":"<p><strong>\u00a0<\/strong><\/p>\n<h2><strong>UN POETA CASTELLANO<\/strong><\/h2>\n<p>\u201c<em>Amor es lo que traigo y amor vengo a buscar\u201d, <\/em>escuch\u00e9 decir a un poeta de Dios, en cierta lectura celebrada all\u00e1 por los inicios de este siglo y en la salmantina Casa de las Conchas. Desde entonces sagrada fue nuestra fraternidad, al reconocernos de la familia de la Cruz, unidos por siempre en Cristo. Pienso en el Poeta y pienso en su seguidor. Pienso en la Cruz de ambos, y escribo.<\/p>\n<p>Acudir a la Cruz, como un ni\u00f1o que busca desempolvar esplendores mientras madura su Esperanza. Tener la Cruz presente a lo largo del tr\u00e1nsito existencial <em>(Como la pisada en el Camino<\/em>). Sentirla asombrosamente, cual regia pasi\u00f3n que s\u00f3lo sabe decir: \u201cBienvenido\u201d. Luego, ya pueden venir barbaries o enfermedades a mermar carnes o a trizar osamentas: el esp\u00edritu se resarce con el Esp\u00edritu; prevalece la fuerza suprema del poeta que siempre se sinti\u00f3 asociado al Poeta mayor del reino.<\/p>\n<p>Esta Fe reconcentrada la <em>palp\u00e9<\/em> en Andr\u00e9s Quintanilla Buey (1932-2008), palentino nacido en Juneda (L\u00e9rida) y quien ocup\u00f3 hasta su \u00faltimo d\u00eda la direcci\u00f3n de la Academia Castellana y Leonesa de la Poes\u00eda. Valladolid (y Castilla y Le\u00f3n en toda su extensi\u00f3n) era la vieja tierra donde el poeta supo plantar su \u00e1rbol del pan de cada d\u00eda; la vieja tierra donde su voz modulaba lo que su bondadoso coraz\u00f3n telegrafiaba con evang\u00e9licas resonancias: <em>\u201cAqu\u00ed me muero a diario\/<\/em> <em>y a diario resucito\u201d.<\/em><\/p>\n<p>Por aquellos primeros d\u00edas de julio de 2008, tras la noticia de su viaje al hemisferio de Cristo, un poeta de la Iglesia Evang\u00e9lica de Le\u00f3n -un magn\u00edfico poeta llamado Leopoldo L\u00f3pez Sampr\u00f3n, natural de El Bierzo- quiso honrar la vida y obra de su amigo y compa\u00f1ero en los Encuentros que anualmente se celebran en Toral de los Guzmanes, bajo el ep\u00edgrafe \u201cLos poetas y Dios\u201d:<\/p>\n<p style=\"padding-left: 40px;\"><em>Con s\u00f3lo escribir tu nombre<br \/>\nla voz me tiembla,<br \/>\na\u00fan sin mendigar palabras.<br \/>\n(\u2026)<br \/>\nAndr\u00e9s Quintanilla Buey,<br \/>\nDios y t\u00fa sois dos poetas<br \/>\nde muy distintas batallas<br \/>\npero del mismo lenguaje.<\/em><\/p>\n<figure id=\"attachment_2131\" aria-describedby=\"caption-attachment-2131\" style=\"width: 640px\" class=\"wp-caption aligncenter\"><img loading=\"lazy\" decoding=\"async\" class=\"size-large wp-image-2131\" src=\"https:\/\/tiberiades.org\/wp-content\/uploads\/2019\/11\/2-Lectura-de-Andr\u00e9s-Quintanilla-en-Toral-foto-de-Jacqueline-Alencar-1024x670.jpg\" alt=\"\" width=\"640\" height=\"419\" srcset=\"https:\/\/tiberiades.org\/wp-content\/uploads\/2019\/11\/2-Lectura-de-Andr\u00e9s-Quintanilla-en-Toral-foto-de-Jacqueline-Alencar-1024x670.jpg 1024w, https:\/\/tiberiades.org\/wp-content\/uploads\/2019\/11\/2-Lectura-de-Andr\u00e9s-Quintanilla-en-Toral-foto-de-Jacqueline-Alencar-300x196.jpg 300w, https:\/\/tiberiades.org\/wp-content\/uploads\/2019\/11\/2-Lectura-de-Andr\u00e9s-Quintanilla-en-Toral-foto-de-Jacqueline-Alencar-768x503.jpg 768w, https:\/\/tiberiades.org\/wp-content\/uploads\/2019\/11\/2-Lectura-de-Andr\u00e9s-Quintanilla-en-Toral-foto-de-Jacqueline-Alencar.jpg 1422w\" sizes=\"auto, (max-width: 640px) 100vw, 640px\" \/><figcaption id=\"caption-attachment-2131\" class=\"wp-caption-text\">Lectura de Andr\u00e9s Quintanilla en Toral (foto de Jacqueline Alencar)<\/figcaption><\/figure>\n<p>As\u00ed es la ecum\u00e9nica comuni\u00f3n cristiana que han logrado cimentar los poetas (de Dios) en dicho pueblo leon\u00e9s, milagrosamente m\u00e1s firme que la triste realidad del desmembrado Cuerpo. Y as\u00ed, con una serenidad trazada en el camino real del Evangelio, Quintanilla Buey, escribi\u00f3 lo que deseaba para cuando ya sus latidos estuviesen electrizados, a miles de metros del cielo o de la tierra:<\/p>\n<p style=\"padding-left: 40px;\">PARA DESPU\u00c9S<\/p>\n<p style=\"padding-left: 40px;\"><em>Poned, junto a una flor, no s\u00e9, mi nombre,<br \/>\nlas letras hacia arriba: Andr\u00e9s. Y luego,<br \/>\nno s\u00e9, quiz\u00e1s la fecha, junto al ruego<br \/>\n<\/em><em>de <\/em><em>una oraci\u00f3n: orad por este hombre.<\/em><\/p>\n<p style=\"padding-left: 40px;\">Tumbada, mi mejor fotograf\u00eda,<br \/>\npara que se deshaga a escarcha y fuego.<br \/>\nDejad, no s\u00e9, un rinc\u00f3n para el espliego.<br \/>\nSi hay que poner cruz, poned la m\u00eda.<\/p>\n<p style=\"padding-left: 40px;\"><em>Sembradme, a poder ser, a flor de tierra;<br \/>\nsi no es mucho <\/em><em>pedir, <\/em><em>junto al camino.<br \/>\nSin llanto: una canci\u00f3n y una sonrisa.<\/em><\/p>\n<p style=\"padding-left: 40px;\"><em>Y recordadme siempre en pie de guerra.<br \/>\nDecid: uni\u00f3 a esta tierra su destino;<br \/>\nnadie am\u00f3 tanto y nadie tan deprisa.<\/em><\/p>\n<h2>LO QUE PARA DIOS UNI\u00d3 EL POETA\u2026<\/h2>\n<p>Lo que para Dios uni\u00f3 el poeta jam\u00e1s lo desuna el ant\u00f3logo. Y como ahora me corresponde esa mera labor recolectora de parte de los versos que Quintanilla escribiera para el Se\u00f1or, tengan por seguro que no disgregar\u00e9 los cuatro sonetos antol\u00f3gicos (escritos en tiempos distantes) que \u00e9l orden\u00f3 en la plaqueta <em>Donde Dios,<\/em> aparecida el \u00faltimo s\u00e1bado de septiembre de 2007, bajo el sello de la vallisoletana editorial Azul (Talleres de la Casa Ambrosio Rodr\u00edguez).<\/p>\n<p>Hombre con el m\u00e1ximo de kilates de bondad, exquisito poeta, cristiano militante, no dudaba en destacar la religaci\u00f3n entre su poes\u00eda y lo divino: \u201cEn toda mi obra po\u00e9tica se encuentra presente Dios. Y no deliberadamente. Me pongo a escribir y surge, se me cuela, por cualquier resquicio. Desde mi primer poema, hasta ahora mismo\u201d. Tres vol\u00famenes contienen buena parte de su obra po\u00e9tica: <em>En resumidas cuentas<\/em> (I Breve antolog\u00eda 1951-2001, publicada por la Fundaci\u00f3n Jorge Guill\u00e9n el a\u00f1o 2001); <em>P\u00e1ramo<\/em> (En resumidas cuentas II, publicada por Talleres Gr\u00e1ficos de Ambrosio Rodr\u00edguez, Valladolid, 2001), y, finalmente, <em>Plaza de ciegos<\/em> (En resumidas cuentas III, publicada por la Academia Castellana y Leonesa de la Poes\u00eda, 2006).<\/p>\n<p>Aqu\u00ed los cuatro sonetos exquisitos, cual mejor ofrenda. Aqu\u00ed la vendimia de los mejores frutos de su Fe. Est\u00e1n precedidos de dos citas certeramente elegidas por este palentino: \u201c\u00a1Quiero vivir! A Dios voy\/ y a Dios no se va muriendo\u201d, del salmantino Jos\u00e9 Mar\u00eda Gabriel y Gal\u00e1n; y \u201cMorir s\u00f3lo es morir.\/ Morir se acaba\u201d, del toledano Jos\u00e9 Luis Mart\u00edn Descalzo.<\/p>\n<p style=\"padding-left: 40px;\">TE LLAMO Y ME VOY<\/p>\n<p style=\"padding-left: 40px;\"><em>Te llamo y me voy; me llamas y me vienes.<br \/>\nCuando me ves hirviendo, me enroc\u00edas.<br \/>\nSusto para mis noches y mis d\u00edas,<br \/>\nsabiendo que te tengo y que me tienes.<\/em><\/p>\n<p style=\"padding-left: 40px;\">Dormir\u00e9 hasta que al alba me serenes.<br \/>\nMientras, prepara el tren y arma las v\u00edas<br \/>\ny cuida de tus cosas y las m\u00edas<br \/>\nen la seguridad de tus andenes.<\/p>\n<p style=\"padding-left: 40px;\">Ay, este coraz\u00f3n&#8230; Tuyo es mi sue\u00f1o,<br \/>\ntuyos tambi\u00e9n el sol, tambi\u00e9n la clara<br \/>\nestaci\u00f3n de las horas amarillas.<\/p>\n<p style=\"padding-left: 40px;\"><em>Mientras, sigue conmigo; s\u00e9 mi due\u00f1o,<br \/>\ncuando me miras cara a cara<br \/>\ny me desbordas y me desorillas.<\/em><\/p>\n<p style=\"padding-left: 40px;\">DONDE DIOS<\/p>\n<p style=\"padding-left: 40px;\"><em>Donde mis ojos y la luz del d\u00eda;<br \/>\ndonde mis manos y donde el aliento<br \/>\ndel agua, a veces nieve; donde el viento<br \/>\nque llega del jard\u00edn. Y su alegr\u00eda.<\/em><\/p>\n<p style=\"padding-left: 40px;\">Donde mi coraz\u00f3n, la melod\u00eda<br \/>\nde la tarde; y el llanto y la ternura<br \/>\nde ser hombre, tambi\u00e9n su desventura,<br \/>\ndonde el oto\u00f1o y su melancol\u00eda.<\/p>\n<p style=\"padding-left: 40px;\">Donde la vida en cada senda, dura<br \/>\nla tierra, donde el pie busca acomodo;<br \/>\ndonde, al acecho, Dios en cada tramo.<\/p>\n<p style=\"padding-left: 40px;\"><em>Donde la herida, Dios, que me la cura<br \/>\nlami\u00e9ndome la piel. Donde todo,<br \/>\ndonde aqu\u00ed, donde all\u00ed, donde le llamo.<\/em><\/p>\n<p style=\"padding-left: 40px;\">Para Alfredo P\u00e9rez Alencart<\/p>\n<p><img loading=\"lazy\" decoding=\"async\" class=\"aligncenter size-full wp-image-2133\" src=\"https:\/\/tiberiades.org\/wp-content\/uploads\/2019\/11\/4-1.jpg\" alt=\"\" width=\"320\" height=\"570\" srcset=\"https:\/\/tiberiades.org\/wp-content\/uploads\/2019\/11\/4-1.jpg 320w, https:\/\/tiberiades.org\/wp-content\/uploads\/2019\/11\/4-1-168x300.jpg 168w\" sizes=\"auto, (max-width: 320px) 100vw, 320px\" \/><\/p>\n<p style=\"padding-left: 40px;\">LLEGAR\u00c9 DE IMPROVISO<\/p>\n<p style=\"padding-left: 40px;\"><em>Llegar\u00e9 de improviso, por sorpresa.<br \/>\nNo puedo precisar c\u00f3mo ni cu\u00e1ndo.<br \/>\nSer\u00e1 pronto. Y hambriento. Y preguntando:<br \/>\n\u00bfD\u00f3nde est\u00e1 Juan y d\u00f3nde est\u00e1 Teresa?<\/em><\/p>\n<p style=\"padding-left: 40px;\">Tanta luz de repente, tras la espesa<br \/>\nnegrura. Deslumbrado, ir\u00e9 palpando<br \/>\ncontornos tan extra\u00f1os, barruntando<br \/>\npresencias: la ansiedad del que regresa.<\/p>\n<p style=\"padding-left: 40px;\">De pronto, \u00bfT\u00fa? \u00bfM\u00e1s luz y T\u00fa en el centro?<br \/>\nComo un ni\u00f1o cobarde ir\u00e9 al encuentro<br \/>\nligero el vientre, vacilante el paso,<\/p>\n<p style=\"padding-left: 40px;\"><em>sin miedo, pero qu\u00e9 desvanecido&#8230;<br \/>\n-Soy Andr\u00e9s, te dir\u00e9; me he entretenido.<br \/>\nYa estoy aqu\u00ed, perd\u00f3n por el retraso.<\/em><\/p>\n<p style=\"padding-left: 40px;\">YA ESTOY AQU\u00cd<\/p>\n<p style=\"padding-left: 40px;\"><em>Ya<\/em><em> estoy aqu\u00ed, perd\u00f3n por el retraso.<br \/>\nQu\u00e9 \u00faltima la tarde. Aqu\u00ed terminan<br \/>\nel paso y el camino, se eliminan<br \/>\ncontornos y colores. Nada. Acaso<\/em><\/p>\n<p style=\"padding-left: 40px;\"><em>esta sed todav\u00eda. Me repaso<br \/>\ny todos los recuerdos me encaminan<br \/>\n<\/em><em>a Ti; se me destapan e iluminan.<br \/>\n<\/em><em>Tanta tu inmensidad, yo tan escaso&#8230;<\/em><\/p>\n<p style=\"padding-left: 40px;\">Pero te acercar\u00e1s a mi estatura<br \/>\npara que te comprenda:<br \/>\n-Bienvenido.<br \/>\nY me desatar\u00e1s para que vuele.<\/p>\n<p style=\"padding-left: 40px;\"><em>(Pienso que ser\u00e1 as\u00ed. Y la quemadura<br \/>\ndel coraz\u00f3n, que tanto me ha dolido,<br \/>\nya no me duele, Dios, ya no me duele.)<\/em><\/p>\n<figure id=\"attachment_2122\" aria-describedby=\"caption-attachment-2122\" style=\"width: 820px\" class=\"wp-caption aligncenter\"><img loading=\"lazy\" decoding=\"async\" class=\"size-full wp-image-2122\" src=\"https:\/\/tiberiades.org\/wp-content\/uploads\/2019\/11\/5-Araceli-Sag\u00fcillo-y-Andr\u00e9s-Quintanilla-Buey-foto-de-Jacqueline-Alencar.jpg\" alt=\"\" width=\"820\" height=\"504\" srcset=\"https:\/\/tiberiades.org\/wp-content\/uploads\/2019\/11\/5-Araceli-Sag\u00fcillo-y-Andr\u00e9s-Quintanilla-Buey-foto-de-Jacqueline-Alencar.jpg 820w, https:\/\/tiberiades.org\/wp-content\/uploads\/2019\/11\/5-Araceli-Sag\u00fcillo-y-Andr\u00e9s-Quintanilla-Buey-foto-de-Jacqueline-Alencar-300x184.jpg 300w, https:\/\/tiberiades.org\/wp-content\/uploads\/2019\/11\/5-Araceli-Sag\u00fcillo-y-Andr\u00e9s-Quintanilla-Buey-foto-de-Jacqueline-Alencar-768x472.jpg 768w\" sizes=\"auto, (max-width: 820px) 100vw, 820px\" \/><figcaption id=\"caption-attachment-2122\" class=\"wp-caption-text\">Araceli Sag\u00fcillo y Andr\u00e9s Quintanilla Buey (foto de Jacqueline Alencar)<\/figcaption><\/figure>\n<h2><strong>CRISTIANO Y POETA: VOCERO DE DIOS<\/strong><\/h2>\n<p>As\u00ed escrib\u00eda, en uno de sus poemas: \u201cS\u00f3lo con Dios encima se entiende este paisaje.\/ Con Dios a las espaldas todo es verdad y tiene sentido\u201d. Dios siempre acompa\u00f1ando su andadura por Castilla y Le\u00f3n. Dios sin desgajarse de su alma. Dios oxigenando su poes\u00eda.<\/p>\n<p>Anoto un aleccionador testimonio suyo, v\u00e1lido para todo poeta creyente. Fue escrito en 2004 para el Encuentro \u201clos poetas y Dios\u201d. Hasta hoy se encontraba in\u00e9dito: \u201cCreo en Dios por convicci\u00f3n, no por necesidad, y en Dios me sostengo y por Dios espero ser acogido alg\u00fan d\u00eda. Y conmigo, mi canci\u00f3n. As\u00ed de sencillo. Sin m\u00e1s. En sus manos me pongo, confiadamente, todos los d\u00edas. Los poetas que creemos, tenemos la obligaci\u00f3n de decirlo en cuantas ocasiones se nos presenten. Sin rubor. Con serenidad. Y decirlo con orgullo, sin complejos, trasladando a todo cuanto escribimos nuestra postura ante la vida, que es esto tan maravilloso\u00a0\u00a0 que nos sucede. Desde la fe, todas las cosas se ven distintas, con m\u00e1s luz, y se reciben y se aceptan de otra manera. Lo triste y lo alegre. Y es bueno que las gentes que nos lean o nos escuchen perciban que detr\u00e1s de todas nuestras palabras se encuentra Dios anim\u00e1ndolas. Y que donde algunos otros poetas ponen con habilidad, sabiamente, cerebro, c\u00e1lculo, nosotros ponemos tambi\u00e9n, y muy principalmente, alma, que es, a mi modo de ver, el mejor y m\u00e1s alto veh\u00edculo para transmitir la poes\u00eda y con ella entregarnos por entero a quienes han de leernos o escu\u00adcharnos\u201d.<\/p>\n<p>As\u00ed era \u00e9l: por ello algunos poetas imitamos su ejemplo, dando testimonio del Evangelio a trav\u00e9s de la poes\u00eda. \u00c9l tambi\u00e9n supo seguir el ejemplo de Pablo (Fil. 3: 7, 8), perdiendo oropeles y reconocimientos por amor a Cristo, dejando de lado previsibles ganancias porque significaban abdicar de la Fe. Ya se sabe que el mundillo literario ve con lupa la poes\u00eda religiosa, para luego degradarla a categor\u00edas inferiores. \u00a1Qu\u00e9 importancia puede tener tal actitud si el compromiso es ofrendar el mejor Verbo para el Se\u00f1or!<\/p>\n<p>Y eso lo ten\u00eda bien asumido Andr\u00e9s Quintanilla Buey. Entonces, cuando Manuel Corral e Isidoro Herrero sacaron adelante la primera cita de Toral, \u00e9l no dud\u00f3 en celebrarlo, pues ve\u00eda que otros puntos de misi\u00f3n po\u00e9tica cristiana se abr\u00edan en Castilla y Le\u00f3n: \u201cDeseo agradecer y tambi\u00e9n felicitar muy calurosamente a todas las personas, a todos los organismos, que la han hecho posible. Una bell\u00edsima iniciativa, muy valiente, esta de dedicar unos actos a unos poetas, para que hablen de Dios, y que los que creamos en \u00c9l, podamos manifestarlo libremente, en estos momentos en los que tan ferozmente se est\u00e1 atacando, desde todos los \u00e1ngulos, a todo aquello que tenga algo que ver con la vida espiritual, cristiana\u2026\u201d<strong>. <\/strong>Este nuevo Pablo de los poetas castellanos supo ir por ciudades y pueblos pregonando su profunda fe en Cristo. En cientos de recitales y encuentros literarios le\u00eda, para disgusto de algunos distantes o soberbios, versos de absoluta humildad ante el Amado galileo. Versos como estos:<\/p>\n<p style=\"padding-left: 40px;\"><em>(\u2026)<\/em><\/p>\n<p style=\"padding-left: 40px;\"><em>\u00a1Con qu\u00e9 extra\u00f1a ternura mi boca te pronuncia!<br \/>\nParece haber hallado alg\u00fan nuevo lenguaje;<\/em><\/p>\n<p style=\"padding-left: 40px;\">\u00a1Qu\u00e9 pobre soy ahora!&#8230; Nada de lo que \u00c9l quiere<br \/>\nencuentro entre mis manos y mi verdad me asusta.<br \/>\nYo s\u00e9 que no le gusta,<br \/>\nyo s\u00e9 lo que le hiere,<\/p>\n<p style=\"padding-left: 40px;\">haber adivinado mi doloroso empe\u00f1o<br \/>\npor disfrazar mi alma, tan de hombre repleta&#8230;<br \/>\n\u00a1Y yo, que soy poeta,<br \/>\nfabricador de sue\u00f1o,<\/p>\n<p style=\"padding-left: 40px;\">escondo ahora, temblando, mi torpe desali\u00f1o!<br \/>\nNo quiero que \u00c9l advierta los pliegues de mi nombre<br \/>\ny que me llame hombre,<br \/>\nen vez de decir ni\u00f1o.<\/p>\n<p style=\"padding-left: 40px;\"><em>\u2026Quisiera ser la paja, mullirme en el Pesebre,<br \/>\nhacerme casi lumbre en su primer roc\u00edo<br \/>\ny calentar su fr\u00edo con mi calor de fiebre.<\/em><\/p>\n<figure id=\"attachment_2123\" aria-describedby=\"caption-attachment-2123\" style=\"width: 396px\" class=\"wp-caption aligncenter\"><img loading=\"lazy\" decoding=\"async\" class=\"size-full wp-image-2123\" src=\"https:\/\/tiberiades.org\/wp-content\/uploads\/2019\/11\/6-Andr\u00e9s-Quintanilla-Buey-por-Miguel-El\u00edas.jpg\" alt=\"\" width=\"396\" height=\"570\" srcset=\"https:\/\/tiberiades.org\/wp-content\/uploads\/2019\/11\/6-Andr\u00e9s-Quintanilla-Buey-por-Miguel-El\u00edas.jpg 396w, https:\/\/tiberiades.org\/wp-content\/uploads\/2019\/11\/6-Andr\u00e9s-Quintanilla-Buey-por-Miguel-El\u00edas-208x300.jpg 208w\" sizes=\"auto, (max-width: 396px) 100vw, 396px\" \/><figcaption id=\"caption-attachment-2123\" class=\"wp-caption-text\">Andr\u00e9s Quintanilla Buey, por Miguel El\u00edas<\/figcaption><\/figure>\n<h2><strong>TODO ES AMOR, TODO SER\u00c1 AMOR <\/strong><\/h2>\n<p>Toda una vida casado con la palentina Araceli Sag\u00fcillo. Ella, poeta como \u00e9l, fue el Otro centro medular del pensamiento y la poes\u00eda de Andr\u00e9s Quintanilla Buey. Hay un poema suyo, \u201cTengo para llorar tan s\u00f3lo un alma\u201d, donde premonitoriamente conjuga este Amor-Amor; pues si en la dedicatoria se\u00f1ala: <em>\u201cPara Araceli, otra vez. Como entonces. Como siempre\u201d, <\/em>en los versos ya est\u00e1 con Cristo y, desde all\u00ed, su amorosa sombra acompa\u00f1a a la amada, susurr\u00e1ndole as\u00ed: \u201c\u2026Y s\u00f3lo un coraz\u00f3n, con el que he escrito\/ un \u00fanico poema: ese que canta\/\/ un p\u00e1jaro cualquiera y que conoces,\/ amor, por la palabra irrepetida,\/ aquella que la otra tarde hall\u00e9 escondida\/ all\u00e1 donde dio Cristo las tres voces.\/ Una palabra, amor, que nadie nombra,\/ que s\u00f3lo yo conozco y que te digo\/ desde esta soledad, mientras te sigo\/ como una sombra, amor como una sombra\u201d. O tambi\u00e9n cuando este maestro del soneto destila su querer y prepara su despedida:<\/p>\n<p style=\"padding-left: 40px;\">AHORA DIGO AMOR<\/p>\n<p style=\"padding-left: 40px;\"><em>Ahora digo amor, que es el momento; llena<br \/>\nmi boca esta palabra y aclara mi camino,<br \/>\nla como, la respiro, es mi pan y es mi vino,<br \/>\nla mezclo con mi sangre, la grito en cada vena.<\/em><\/p>\n<p style=\"padding-left: 40px;\">Amor. Y fin. Me planto -se acab\u00f3 mi condena-<br \/>\nen este sentimiento tan dulce y repentino.<br \/>\nPorque me da la gana. Yo elijo mi destino.<br \/>\nVolver a lo vivido no merece la pena.<\/p>\n<p style=\"padding-left: 40px;\">La tarde me regala su perfumado aliento.<br \/>\nEl hambre del desnudo con poco se contenta:<br \/>\nyo amor. Y una esperanza crecida en cada mano.<\/p>\n<p style=\"padding-left: 40px;\"><em>Y as\u00ed, desde esta lluvia y sin resentimiento,<br \/>\nme voy hacia los muertos como sin darme cuenta,<br \/>\ncomo si comenzara mi \u00faltimo verano.<\/em><\/p>\n<p>Toda una muerte destilando el reencuentro bajo la invisibilidad del amor: \u201cLas preguntas y respuestas,\/ en los ojos, no en los labios.\/\/ Ninguna palabra, solos\/ entre nubes y p\u00e1jaros.\/\/ Coraz\u00f3n y coraz\u00f3n.\/ Ni m\u00e1s fuente, ni m\u00e1s \u00e1rbol\/ que nosotros, siempre juntos.\/ Y siempre, siempre, encontr\u00e1ndonos\u201d. Toda una muerte tapiando el cauce de las l\u00e1grimas, dando instrucciones a su Araceli amad\u00edsima. Todo es Amor; todo ser\u00e1 Amor:<\/p>\n<p style=\"padding-left: 40px;\"><em>Mas t\u00fa sabes, amor, que la ternura<br \/>\nno est\u00e1 ni en el palabra ni en el gesto.<br \/>\nEst\u00e1 donde la puso Dios un d\u00eda.<br \/>\nQuiz\u00e1s en la mirada; o en el alma,<br \/>\nque es eso que tenemos no s\u00e9 d\u00f3nde,<br \/>\npero que nos aprieta y que nos duele.<br \/>\nT\u00fa lo sabes, amor, porque me esperas.<br \/>\nEse regreso m\u00edo, a sol muriendo,<br \/>\nsin palabras, amor, hasta tus brazos.<\/em><\/p>\n<figure id=\"attachment_2124\" aria-describedby=\"caption-attachment-2124\" style=\"width: 640px\" class=\"wp-caption aligncenter\"><img loading=\"lazy\" decoding=\"async\" class=\"size-large wp-image-2124\" src=\"https:\/\/tiberiades.org\/wp-content\/uploads\/2019\/11\/7-Quintanilla-Buey-con-los-poetas-Tundidor-Merlino-Mart\u00edn-Alencart-Sag\u00fcillo-Hern\u00e1ndez-Cilloniz-y-H\u00e4sler-en-Salamanca-2004-foto-de-Jacqueline-Alencar-1024x606.jpg\" alt=\"\" width=\"640\" height=\"379\" srcset=\"https:\/\/tiberiades.org\/wp-content\/uploads\/2019\/11\/7-Quintanilla-Buey-con-los-poetas-Tundidor-Merlino-Mart\u00edn-Alencart-Sag\u00fcillo-Hern\u00e1ndez-Cilloniz-y-H\u00e4sler-en-Salamanca-2004-foto-de-Jacqueline-Alencar-1024x606.jpg 1024w, https:\/\/tiberiades.org\/wp-content\/uploads\/2019\/11\/7-Quintanilla-Buey-con-los-poetas-Tundidor-Merlino-Mart\u00edn-Alencart-Sag\u00fcillo-Hern\u00e1ndez-Cilloniz-y-H\u00e4sler-en-Salamanca-2004-foto-de-Jacqueline-Alencar-300x177.jpg 300w, https:\/\/tiberiades.org\/wp-content\/uploads\/2019\/11\/7-Quintanilla-Buey-con-los-poetas-Tundidor-Merlino-Mart\u00edn-Alencart-Sag\u00fcillo-Hern\u00e1ndez-Cilloniz-y-H\u00e4sler-en-Salamanca-2004-foto-de-Jacqueline-Alencar-768x454.jpg 768w, https:\/\/tiberiades.org\/wp-content\/uploads\/2019\/11\/7-Quintanilla-Buey-con-los-poetas-Tundidor-Merlino-Mart\u00edn-Alencart-Sag\u00fcillo-Hern\u00e1ndez-Cilloniz-y-H\u00e4sler-en-Salamanca-2004-foto-de-Jacqueline-Alencar-1536x908.jpg 1536w, https:\/\/tiberiades.org\/wp-content\/uploads\/2019\/11\/7-Quintanilla-Buey-con-los-poetas-Tundidor-Merlino-Mart\u00edn-Alencart-Sag\u00fcillo-Hern\u00e1ndez-Cilloniz-y-H\u00e4sler-en-Salamanca-2004-foto-de-Jacqueline-Alencar.jpg 1659w\" sizes=\"auto, (max-width: 640px) 100vw, 640px\" \/><figcaption id=\"caption-attachment-2124\" class=\"wp-caption-text\">Quintanilla Buey con los poetas Tundidor, Merlino, Mart\u00edn, Alencart, Sag\u00fcillo, Hern\u00e1ndez, Cilloniz y H\u00e4sler en Salamanca , 2004 (foto de Jacqueline Alencar)<\/figcaption><\/figure>\n<h2>SOBRE LA EXISTENCIA DE DIOS<\/h2>\n<p>Desde el huerto profundo de su fe; desde la carne boreal de su Fe, Quintanilla expresaba su humana palabra para sustentar la firme creencia que transfiguraba sus d\u00edas: \u201cSe han escrito, por eminentes pensadores, por grandes hombres de ciencia, cientos de miles de p\u00e1ginas para tratar de demostrar la no existencia de Dios, retorci\u00e9ndoles el sentido a las cosas, invent\u00e1ndose argumentos para tratar de demostrar que todo es producto de una casualidad, de una com\u00adbinaci\u00f3n de sucesos, f\u00edsicos, qu\u00edmicos, que dieron origen al mundo sin la intervenci\u00f3n de ning\u00fan ente superior; que las rosas, el roc\u00edo, la nieve, los mares y los r\u00edos, los \u00e1rboles, las estaciones, el hombre, estamos aqu\u00ed sin m\u00e1s ni m\u00e1s, porque s\u00ed, y que nos iremos de la misma manera que hemos llegado, que pasaremos de una oscuridad a otra oscuridad sin l\u00edmites, sin m\u00e1s pena ni m\u00e1s gloria, y que nuestra desaparici\u00f3n ser\u00e1 absoluta, pasando a ser <em>eternamente nada.<\/em> Pues no. Todo tiene que tener una explicaci\u00f3n m\u00e1s sencilla, y, sobre todo, m\u00e1s hermosa. Y es necesario que mantengamos la esperanza, intacta nuestra capacidad de asombro, nuestra seguridad de que hay algo -Dios- por encima de nosotros, que nos espera. Que Dios no es algo simplemente necesario, sino algo cierto y hermos\u00edsimo, cuyo aliento le pone sentido, sal y gracia, a nuestra existencia\u201d<\/p>\n<h2><strong>TORAL DE LOS P\u00c1JAROS<\/strong><\/h2>\n<p>Andr\u00e9s Quintanilla Buey fue un p\u00e1jaro risue\u00f1o que siempre delat\u00f3 su nido (Cristo). Me recuerda lo del Salmo 84: <em>\u201cAun el gorri\u00f3n halla casa, y la golondrina nido para s\u00ed, donde ponga sus polluelos, cerca de tus altares, oh Jehov\u00e1\u2026 Dios m\u00edo\u201d<\/em>. Y tambi\u00e9n fue un p\u00e1jaro agradecido con Toral de los Guzmanes. Aprecien, en este texto in\u00e9dito que leyera en Salamanca el 23 de enero de 2007, lo que \u00e9l sent\u00eda por Toral y por sus p\u00e1jaros-poetas: \u201cHay muy cerca de aqu\u00ed, en la tierra hermana y bienamada de Le\u00f3n, un peque\u00f1o lugar, un pueblo-pueblo, con olor a campo, a pan, a vino, a conciencia tranquila y a amistad, en el cual han instalado su ONU los p\u00e1jaros. Est\u00e1n todos, viviendo milagrosamente, en precario, en sabe Dios qu\u00e9 laberintos del aire; todos, mezclados, entrevistos, mejor presentidos, tremendamente felices y ruidosos. Todos los p\u00e1jaros-p\u00e1jaros. Los de verdad. Los benditos p\u00e1jaros. Puesto que, al contrario que en la ONU de los hombres, no son admitidos los p\u00e1jaros de cuenta, ni los de mal ag\u00fcero. El lugar se llama Toral de los Guzmanes\u2026\u201d.<\/p>\n<p>As\u00ed, en comuni\u00f3n, mezclados, sin contiendas: los poetas de Dios. Y \u00e9l, tan sanjuanista (como todo poeta que se precie de ser un humilde hacedor de l\u00edneas para Dios), en una oportunidad hasta dej\u00f3 de asistir a la cita anual de Fontiveros, donde era secretario de la Academia de Juglares, porque coincidi\u00f3 con la cita anual en Toral de los Guzmanes. La tarde de aquel s\u00e1bado, al no poder bilocarse, bien sentado en la acogedora salita de la casona de la Calle Mayor, me recit\u00f3 estos versos que otrora dedicara a Juan de Yepes: \u201c\u00a1Qu\u00e9 grande la distancia!&#8230; Y el empuje\/ del coraz\u00f3n que grita, qu\u00e9 peque\u00f1o\u2026\u201d<\/p>\n<p>Como Antonio Salvado, como muchos otros poetas que acuden a Toral, Quintanilla all\u00ed acud\u00eda para recibir pureza, calor humano en medio de la sencillez. En un gesto que hasta el d\u00eda de hoy me conmueve por completo, el pueblo de Toral de los Guzmanes, con su alcalde Miguel \u00c1ngel Fern\u00e1ndez, en julio de 2010 inaugur\u00f3 la Plaza del poeta Andr\u00e9s Quintanilla Buey. Lo sencillo es lo que no traiciona ni se deja cegar por oropeles y barnices. Y ver al pastor Manuel Corral, sol\u00edcito y feliz adecentando la placa para el acto inaugural, fue otra prueba del incontenido abrazo entre cristianos.<\/p>\n<p><img loading=\"lazy\" decoding=\"async\" class=\"aligncenter size-large wp-image-2125\" src=\"https:\/\/tiberiades.org\/wp-content\/uploads\/2019\/11\/8-1-647x1024.jpg\" alt=\"\" width=\"640\" height=\"1013\" srcset=\"https:\/\/tiberiades.org\/wp-content\/uploads\/2019\/11\/8-1-647x1024.jpg 647w, https:\/\/tiberiades.org\/wp-content\/uploads\/2019\/11\/8-1-190x300.jpg 190w, https:\/\/tiberiades.org\/wp-content\/uploads\/2019\/11\/8-1-768x1216.jpg 768w, https:\/\/tiberiades.org\/wp-content\/uploads\/2019\/11\/8-1-970x1536.jpg 970w, https:\/\/tiberiades.org\/wp-content\/uploads\/2019\/11\/8-1-1294x2048.jpg 1294w, https:\/\/tiberiades.org\/wp-content\/uploads\/2019\/11\/8-1-scaled.jpg 1617w\" sizes=\"auto, (max-width: 640px) 100vw, 640px\" \/><\/p>\n<h2>LECTURA INAUGURAL EN 2005<\/h2>\n<p>Quintanilla Buey tuvo a su cargo la lecci\u00f3n-lectura inaugural del Encuentro de 2005. La recuerdo vivamente: Comenz\u00f3 su intervenci\u00f3n refiri\u00e9ndose a una escena de su obra teatral <em>Los p\u00e1jaros muertos,<\/em> en la que un hombre, instalado en una situaci\u00f3n l\u00edmite, se dirige a los dem\u00e1s personajes gritando: \u201cYo, en Dios, s\u00ed creo. Pero en nada m\u00e1s\u201d. A lo que una mujer le responde: \u201cEs que no hay nada m\u00e1s, hijo m\u00edo; no hay nada m\u00e1s\u201d. A partir de dicho arranque, fue citando a un buen n\u00famero de autores, como Gloria Fuertes, Jos\u00e9 Luis Mart\u00edn Descalzo, Le\u00f3n Tolstoi, Blas de Otero y Antonio Machado, entre otros, en parte de cuya obra es posible hallar la huella de Dios. Y complet\u00f3 su conferencia con un extenso recorrido sobre su propia obra po\u00e9tica, con la lectura de algunos poemas, entre ellos, los siguientes:<\/p>\n<p style=\"padding-left: 40px;\">ANSIEDAD<\/p>\n<p style=\"padding-left: 40px;\"><em>Alma, pregunta a Dios si es este el d\u00eda<br \/>\nque contiene la hora del encuentro.<br \/>\nYo creo que esta lluvia es el mensaje<br \/>\nque me anuncia la pronta amanecida.<\/em><\/p>\n<p style=\"padding-left: 40px;\">Aqu\u00ed estoy, repartido entre la gente<br \/>\nlo mismo que un rebojo entre mendigos.<br \/>\nComo el postrer adi\u00f3s de un moribundo,<br \/>\ncomo la lluvia ahora, entre la tierra.<\/p>\n<p style=\"padding-left: 40px;\">Apenas me distingo entre las luces<br \/>\ny espero en el bordillo de la acera<br \/>\nque alguien llame a la puerta de mi hombro.<\/p>\n<p style=\"padding-left: 40px;\"><em>S\u00ed. Busco ansiosamente su llamada,<br \/>\nlo mismo que aquel ni\u00f1o aquella mano<br \/>\nque ha perdido junto a los escaparates.<br \/>\n<\/em>(1963)<\/p>\n<p style=\"padding-left: 40px;\">ME EST\u00c1 MIRANDO DIOS<\/p>\n<p style=\"padding-left: 40px;\"><em>Me est\u00e1 mirando Dios en la noche sin luna,<br \/>\nme est\u00e1 mirando dios y me gui\u00f1a los ojos.<br \/>\nYo cre\u00ed que no estaba, cuando al doblar la esquina<br \/>\ndi una patada al perro que me lami\u00f3 las manos.<\/em><\/p>\n<p style=\"padding-left: 40px;\">Me est\u00e1 mirando Dios. Est\u00e1 serio conmigo<br \/>\nporque la otra ma\u00f1ana cort\u00e9 una margarita.<br \/>\nY porque vi morir a aquel ni\u00f1o peque\u00f1o<br \/>\ny no puse mi boca junto a su boca helada.<\/p>\n<p style=\"padding-left: 40px;\">Me he metido en el parque y en un rinc\u00f3n sombr\u00edo,<br \/>\nme he sentado en un banco, a pesar de la escarcha,<br \/>\ny me adormece, helado, un rumor en las ramas<br \/>\nque, tiritando, tienen temblor de sobresalto.<\/p>\n<p style=\"padding-left: 40px;\"><em>Me est\u00e1 mirando Dios. Presiento su mirada,<br \/>\nla toco, la respiro, a\u00fan cerrando los ojos.<br \/>\nMe ha tocado en la frente, en el pecho, en las manos,<br \/>\nla siento junto a m\u00ed. Mirad. Est\u00e1 aqu\u00ed mismo.<\/em><\/p>\n<figure id=\"attachment_2126\" aria-describedby=\"caption-attachment-2126\" style=\"width: 640px\" class=\"wp-caption aligncenter\"><img loading=\"lazy\" decoding=\"async\" class=\"size-large wp-image-2126\" src=\"https:\/\/tiberiades.org\/wp-content\/uploads\/2019\/11\/9-Andr\u00e9s-Quintanilla-Buey-y-Alfredo-P.-Alencart-en-la-Casa-de-las-Conchas-julio-de-2007-1024x570.jpg\" alt=\"\" width=\"640\" height=\"356\" srcset=\"https:\/\/tiberiades.org\/wp-content\/uploads\/2019\/11\/9-Andr\u00e9s-Quintanilla-Buey-y-Alfredo-P.-Alencart-en-la-Casa-de-las-Conchas-julio-de-2007-1024x570.jpg 1024w, https:\/\/tiberiades.org\/wp-content\/uploads\/2019\/11\/9-Andr\u00e9s-Quintanilla-Buey-y-Alfredo-P.-Alencart-en-la-Casa-de-las-Conchas-julio-de-2007-300x167.jpg 300w, https:\/\/tiberiades.org\/wp-content\/uploads\/2019\/11\/9-Andr\u00e9s-Quintanilla-Buey-y-Alfredo-P.-Alencart-en-la-Casa-de-las-Conchas-julio-de-2007-768x428.jpg 768w, https:\/\/tiberiades.org\/wp-content\/uploads\/2019\/11\/9-Andr\u00e9s-Quintanilla-Buey-y-Alfredo-P.-Alencart-en-la-Casa-de-las-Conchas-julio-de-2007.jpg 1266w\" sizes=\"auto, (max-width: 640px) 100vw, 640px\" \/><figcaption id=\"caption-attachment-2126\" class=\"wp-caption-text\">Andr\u00e9s Quintanilla Buey y Alfredo P. Alencart, en la Casa de las Conchas (julio de 2007)<\/figcaption><\/figure>\n<p style=\"padding-left: 40px;\">LA ROSA BLANCA (El regalo)<br \/>\nA Santiago Castelo<\/p>\n<p style=\"padding-left: 40px;\"><em>Aqu\u00ed no hay m\u00e1s palabra que la que arde<br \/>\nni m\u00e1s color que la que tiene el d\u00eda.<br \/>\nUn solo aroma: la melancol\u00eda<br \/>\nde esta rosa: Y una verdad: la tarde.<\/em><\/p>\n<p style=\"padding-left: 40px;\">Llega Dios a destiempo, en un alarde<br \/>\nde extra\u00f1a compasi\u00f3n y cercan\u00eda.<br \/>\nMe dice: toma, aqu\u00ed est\u00e1 la alegr\u00eda.<br \/>\nY me la entrega para que la guarde.<\/p>\n<p style=\"padding-left: 40px;\">Es una rosa blanca, que me mira<br \/>\ncomo miran las rosas, cuando saben<br \/>\nperdidos la alborada y el roc\u00edo.<\/p>\n<p style=\"padding-left: 40px;\"><em>Ya tengo llanto, mientras se me estira<br \/>\nla piel del alma, hasta que se acaben<br \/>\nlos ojos. No el amor. Gracias, Dios m\u00edo.<\/em><\/p>\n<p>Luego ley\u00f3 varios poemas del libro <em>Rogelio,<\/em> que deb\u00eda entenderse como un homenaje de admiraci\u00f3n, de respeto y de cari\u00f1o a los hombres de la castellana Tierra de Campos. Quintanilla dijo: \u201cCuando escrib\u00ed los poemas de este libro, era una tierra traicionada, sumida en un profundo dolor. Y vac\u00eda. En cada poema se habla de una situaci\u00f3n, de la gigante estatura de unos hombres, de los pueblos de siempre, siempre heroicos. Un retrato ya amarillo. Para recordar. Y claro, todo, todo, con Dios al fondo. Nunca me he sentido tan cerca de \u00c9l como cuando estaba escribiendo, a campo abierto, este libro\u201d. De los varios poemas que de dicho poemario ley\u00f3, cuyo primer texto era aclaratorio: <strong>\u201c<\/strong>Antes de comenzar, quiero advertiros\/ que Rogelio existi\u00f3. Y os aseguro\/ que fue aqu\u00ed, en esta tierra, en este duro\/ paisaje de Castilla&#8230;\u201d, dejo constancia de uno de ellos:<\/p>\n<p style=\"padding-left: 40px;\">PAN RECIENTE<\/p>\n<p style=\"padding-left: 40px;\"><em>Porque lo quiso Dios, sudo la frente<br \/>\ny se hizo espiga el surco, noble adorno<br \/>\n-casi alegre- en el \u00e1spero contorno<br \/>\nde este paisaje gris, nunca riente.<\/em><\/p>\n<p style=\"padding-left: 40px;\">Porque lo quiso Dios, se hizo caliente<br \/>\ny abri\u00f3 de par en par su puerta el horno.<br \/>\nY porque Dios lo quiso, de retorno,<br \/>\nlleg\u00f3 a manos del hombre el pan reciente.<\/p>\n<p style=\"padding-left: 40px;\">Rogelio, absorto, vio c\u00f3mo la espiga<br \/>\nque \u00e9l arranc\u00f3 del surco con fatiga<br \/>\nse volv\u00eda milagro en un momento&#8230;<\/p>\n<p style=\"padding-left: 40px;\"><em>Y comiendo del pan la blanca miga,<br \/>\nsin notarlo exclam\u00f3: Dios te bendiga.<br \/>\n(Y Dios era aquel pan y su alimento).<\/em><\/p>\n<figure id=\"attachment_2127\" aria-describedby=\"caption-attachment-2127\" style=\"width: 640px\" class=\"wp-caption aligncenter\"><img loading=\"lazy\" decoding=\"async\" class=\"size-large wp-image-2127\" src=\"https:\/\/tiberiades.org\/wp-content\/uploads\/2019\/11\/10-Andr\u00e9s-Quintanilla-Buey-foto-de-Jacqueline-Alencar-1024x785.jpg\" alt=\"\" width=\"640\" height=\"491\" srcset=\"https:\/\/tiberiades.org\/wp-content\/uploads\/2019\/11\/10-Andr\u00e9s-Quintanilla-Buey-foto-de-Jacqueline-Alencar-1024x785.jpg 1024w, https:\/\/tiberiades.org\/wp-content\/uploads\/2019\/11\/10-Andr\u00e9s-Quintanilla-Buey-foto-de-Jacqueline-Alencar-300x230.jpg 300w, https:\/\/tiberiades.org\/wp-content\/uploads\/2019\/11\/10-Andr\u00e9s-Quintanilla-Buey-foto-de-Jacqueline-Alencar-768x589.jpg 768w, https:\/\/tiberiades.org\/wp-content\/uploads\/2019\/11\/10-Andr\u00e9s-Quintanilla-Buey-foto-de-Jacqueline-Alencar-1536x1178.jpg 1536w, https:\/\/tiberiades.org\/wp-content\/uploads\/2019\/11\/10-Andr\u00e9s-Quintanilla-Buey-foto-de-Jacqueline-Alencar-2048x1571.jpg 2048w\" sizes=\"auto, (max-width: 640px) 100vw, 640px\" \/><figcaption id=\"caption-attachment-2127\" class=\"wp-caption-text\">Andr\u00e9s Quintanilla Buey (foto de Jacqueline Alencar)<\/figcaption><\/figure>\n<h2><strong>LA HUELLA DEL SE\u00d1OR<\/strong><\/h2>\n<p>Para en el encuentro de 2006, y siempre en Toral de los Guzmanes, Quintanilla Buey supo conmovernos con la lectura de un poema que tiene huellas de su mortal zambullida en el coraz\u00f3n de Cristo. All\u00ed anot\u00e9 esta frase con la que comenz\u00f3 su lectura: \u201cY siempre, en cada poema, la presencia de Dios. Tambi\u00e9n en mis poemas de amor, de tristeza, de alegr\u00eda&#8230; Su Huella\u201d. Ahora transcribo s\u00f3lo unos fragmentos:<\/p>\n<p style=\"padding-left: 40px;\">COMO LA PISADA EN EL CAMINO<\/p>\n<p style=\"padding-left: 40px;\">(\u2026)<br \/>\n<em>(D\u00eda a d\u00eda te asomas<br \/>\na m\u00ed, Dios, y desplomas<br \/>\nsobre mi sobresalto todo un mundo de amor:<\/em><\/p>\n<p style=\"padding-left: 40px;\">Yo he nacido, Se\u00f1or,<br \/>\npara asustar a las palomas.<br \/>\nY he sido pecador<br \/>\nen todos los idiomas).<\/p>\n<p style=\"padding-left: 40px;\">He andado mil senderos para encontrar el d\u00eda<br \/>\nde hablarle a Dios a solas\u2026<\/p>\n<p style=\"padding-left: 40px;\">(Yo, Se\u00f1or, soy aquel que tantas veces<br \/>\nha faltado a la mesa.<br \/>\nYo soy el que ha llegado por sorpresa,<br \/>\nguiado por los peces,<\/p>\n<p style=\"padding-left: 40px;\">corriente arriba, en busca de la fuente<br \/>\nque da origen al r\u00edo, para calmar mi urgente<br \/>\nnecesidad de Amor.<br \/>\nY he llegado muy tarde, Se\u00f1or.<\/p>\n<p style=\"padding-left: 40px;\">Yo s\u00e9 que est\u00e1s en medio de todo, como el jueves,<br \/>\ny que es posible hallarte en todos los lugares.<br \/>\nDe Ti nace la lluvia por los siete mares<br \/>\ny el viento sabe a viento s\u00f3lo cuando te mueves.<\/p>\n<p style=\"padding-left: 40px;\">Me lo ha dicho la savia de los \u00e1rboles viejos<br \/>\nahora florecidos, porque hoy es primavera.<br \/>\nTambi\u00e9n me lo han contado, a su simple manera,<br \/>\nla hierba y el camino y el p\u00e1jaro&#8230; Reflejos<\/p>\n<p style=\"padding-left: 40px;\">exactos de Tu Cuerpo en cada cosa;<br \/>\nTu Cuerpo en la mirada de un ni\u00f1o y en el breve<br \/>\nbalido de un cordero; y Tu Cuerpo en la nieve<br \/>\ny en la rosa.<\/p>\n<p style=\"padding-left: 40px;\">Ni un m\u00ednimo recodo<br \/>\nsin Ti; que todo tiene sabida tu Presencia.<br \/>\nTodo de Ti Repleto. Y T\u00fa, hasta la demencia,<br \/>\nen todo, en todo, en todo).<br \/>\n(\u2026)<br \/>\n(Dios en m\u00ed, como estoy yo en la tristeza:<br \/>\ndel todo acumulado en pan y en vino.<br \/>\nHe aqu\u00ed que soy milagro y no adivino<br \/>\nd\u00f3nde me acaba Dios, d\u00f3nde me empieza.<\/p>\n<p style=\"padding-left: 40px;\">Dios en m\u00ed, como el ni\u00f1o en la pureza<br \/>\ny como la pisada en el camino.<\/p>\n<p style=\"padding-left: 40px;\">Y huelo a tierra herida, a cielo herido;<br \/>\nhuelo a treinta monedas en las manos<br \/>\napretadas de todos los humanos:<br \/>\na Cristo desangrado y repartido.<\/p>\n<p style=\"padding-left: 40px;\">Huelo a llanto de Dios; a tarde muerta.<br \/>\nA ni\u00f1o enfermo y solo; a madrugada<br \/>\ncon hambre en la memoria; a carcajada<br \/>\nde esclavo envilecido. Huelo a puerta<br \/>\ncerrada a cal y canto. A fr\u00edo. A nada).<br \/>\n(\u2026)<br \/>\n(Los hombres y los peces; los p\u00e1jaros, las rocas,<br \/>\nel mar, la tierra&#8230;; todo en Ti a partes iguales.<br \/>\nPor entre los majuelos, por entre los trigales,<br \/>\nte est\u00e1n buscando ahora un enjambre de bocas.<\/p>\n<p style=\"padding-left: 40px;\"><em>Y la m\u00eda tambi\u00e9n, aunque me oigas gritar<br \/>\nmi verso dolorido, que otra cosa no puedo\u2026<\/em><\/p>\n<p><img loading=\"lazy\" decoding=\"async\" class=\"aligncenter size-full wp-image-2128\" src=\"https:\/\/tiberiades.org\/wp-content\/uploads\/2019\/11\/11.jpg\" alt=\"\" width=\"570\" height=\"570\" srcset=\"https:\/\/tiberiades.org\/wp-content\/uploads\/2019\/11\/11.jpg 570w, https:\/\/tiberiades.org\/wp-content\/uploads\/2019\/11\/11-300x300.jpg 300w, https:\/\/tiberiades.org\/wp-content\/uploads\/2019\/11\/11-150x150.jpg 150w, https:\/\/tiberiades.org\/wp-content\/uploads\/2019\/11\/11-400x400.jpg 400w\" sizes=\"auto, (max-width: 570px) 100vw, 570px\" \/><\/p>\n<h2><strong>HASTA QUE DIOS QUIERA<\/strong><\/h2>\n<p>Grande y fraternal este Poeta que durante casi sesenta a\u00f1os de creaci\u00f3n y publicaci\u00f3n de su obra l\u00edrica, supo dedicarla al Se\u00f1or y a su tierra castellana. Tambi\u00e9n supo ser generoso con quienes empezaban. Y nada pod\u00eda con su modo de ser, cristiano verdadero, ni siquiera las ingratitudes, pues \u00e9l sab\u00eda repetir: \u201cVencido, alabe\/ a Dios mi coraz\u00f3n\u201d<\/p>\n<p>Esta noche salmantina cuando escribo sobre \u00e9l y cuando me enternezco memorando su ejemplo, creo o\u00edr su voz junto al r\u00edo Tormes que pasa bajo mi balc\u00f3n. Es el viento quien trae un liger\u00edsimo rumor, algo que creo asociar a la voz de mi querido Andr\u00e9s, como cuando otrora le escuchaba decir:<\/p>\n<p style=\"padding-left: 40px;\"><em>Nada m\u00e1s. Sencillamente<br \/>\ndormirse junto a la piedra.<\/em><\/p>\n<p style=\"padding-left: 40px;\"><em>Sencillamente, esperar<br \/>\ndormido hasta que Dios quiera.<\/em><\/p>\n<figure id=\"attachment_2129\" aria-describedby=\"caption-attachment-2129\" style=\"width: 570px\" class=\"wp-caption aligncenter\"><img loading=\"lazy\" decoding=\"async\" class=\"size-full wp-image-2129\" src=\"https:\/\/tiberiades.org\/wp-content\/uploads\/2019\/11\/12-Ant\u00f3nio-Salvado-Alfredo-P\u00e9rez-Alencart-y-Andr\u00e9s-Quintanilla-Buey-en-Toral-J.-Alencar-2006.jpg\" alt=\"\" width=\"570\" height=\"417\" srcset=\"https:\/\/tiberiades.org\/wp-content\/uploads\/2019\/11\/12-Ant\u00f3nio-Salvado-Alfredo-P\u00e9rez-Alencart-y-Andr\u00e9s-Quintanilla-Buey-en-Toral-J.-Alencar-2006.jpg 570w, https:\/\/tiberiades.org\/wp-content\/uploads\/2019\/11\/12-Ant\u00f3nio-Salvado-Alfredo-P\u00e9rez-Alencart-y-Andr\u00e9s-Quintanilla-Buey-en-Toral-J.-Alencar-2006-300x219.jpg 300w\" sizes=\"auto, (max-width: 570px) 100vw, 570px\" \/><figcaption id=\"caption-attachment-2129\" class=\"wp-caption-text\">Ant\u00f3nio Salvado, Alfredo P\u00e9rez Alencart y Andr\u00e9s Quintanilla Buey, en Toral (J. Alencar, 2006)<\/figcaption><\/figure>\n","protected":false},"excerpt":{"rendered":"<p>\u00a0 UN POETA CASTELLANO \u201cAmor es lo que traigo y amor vengo a buscar\u201d, escuch\u00e9 decir a un poeta de Dios, en cierta lectura celebrada all\u00e1 por los inicios de este siglo y en la salmantina Casa de las Conchas. Desde entonces sagrada fue nuestra fraternidad, al reconocernos de la familia de la Cruz, unidos por siempre en Cristo. Pienso [&hellip;]<\/p>\n","protected":false},"author":2,"featured_media":2130,"comment_status":"open","ping_status":"closed","sticky":false,"template":"","format":"standard","meta":{"footnotes":""},"categories":[4,3],"tags":[101],"class_list":["post-2135","post","type-post","status-publish","format-standard","has-post-thumbnail","hentry","category-alfredo-perez-alencart","category-colaboraciones","tag-quintanilla-buey"],"_links":{"self":[{"href":"https:\/\/tiberiades.org\/index.php?rest_route=\/wp\/v2\/posts\/2135","targetHints":{"allow":["GET"]}}],"collection":[{"href":"https:\/\/tiberiades.org\/index.php?rest_route=\/wp\/v2\/posts"}],"about":[{"href":"https:\/\/tiberiades.org\/index.php?rest_route=\/wp\/v2\/types\/post"}],"author":[{"embeddable":true,"href":"https:\/\/tiberiades.org\/index.php?rest_route=\/wp\/v2\/users\/2"}],"replies":[{"embeddable":true,"href":"https:\/\/tiberiades.org\/index.php?rest_route=%2Fwp%2Fv2%2Fcomments&post=2135"}],"version-history":[{"count":17,"href":"https:\/\/tiberiades.org\/index.php?rest_route=\/wp\/v2\/posts\/2135\/revisions"}],"predecessor-version":[{"id":2154,"href":"https:\/\/tiberiades.org\/index.php?rest_route=\/wp\/v2\/posts\/2135\/revisions\/2154"}],"wp:featuredmedia":[{"embeddable":true,"href":"https:\/\/tiberiades.org\/index.php?rest_route=\/wp\/v2\/media\/2130"}],"wp:attachment":[{"href":"https:\/\/tiberiades.org\/index.php?rest_route=%2Fwp%2Fv2%2Fmedia&parent=2135"}],"wp:term":[{"taxonomy":"category","embeddable":true,"href":"https:\/\/tiberiades.org\/index.php?rest_route=%2Fwp%2Fv2%2Fcategories&post=2135"},{"taxonomy":"post_tag","embeddable":true,"href":"https:\/\/tiberiades.org\/index.php?rest_route=%2Fwp%2Fv2%2Ftags&post=2135"}],"curies":[{"name":"wp","href":"https:\/\/api.w.org\/{rel}","templated":true}]}}