{"id":2723,"date":"2020-04-19T09:34:53","date_gmt":"2020-04-19T08:34:53","guid":{"rendered":"http:\/\/tiberiades.org\/?p=2723"},"modified":"2020-04-19T09:46:08","modified_gmt":"2020-04-19T08:46:08","slug":"inverness-esquivando-el-exito","status":"publish","type":"post","link":"https:\/\/tiberiades.org\/?p=2723","title":{"rendered":"Inverness: esquivando el \u00e9xito"},"content":{"rendered":"<p>Luego de escuchar varios \u00e1lbumes de la banda Inverness record\u00e9 una frase que ellos mismos levantan como un estandarte: esquivando el \u00e9xito.<\/p>\n<p>Si esquivar el \u00e9xito significa compromiso con las personas d\u00e1ndole la espalda a la aparente calidez de la fama, suena bien.<\/p>\n<p>Si esquivar el \u00e9xito implica tener tiempo en casa con los que aman y quienes los aman sin importar la condici\u00f3n de un resultado, suena mejor.<\/p>\n<p>Y si ese \u00e9xito que esquivan, impl\u00edcitamente, de forma voluntaria fuese la demostraci\u00f3n de un compromiso que va m\u00e1s all\u00e1 del \u00e9xito, suena extraordinario.<\/p>\n<p>Esto trajo a la memoria un recuerdo algo doloroso, pero necesario: nunca reprob\u00e9 un ramo en la universidad, todo mis ex\u00e1menes orales fueron aprobados cada fin de a\u00f1o, nunca qued\u00e9, como se dec\u00eda entonces, para marzo.<\/p>\n<p>Pero al final de mi carrera universitaria deb\u00eda enfrentar un Goliat: el famoso examen de grado. Muchos de mis compa\u00f1eros fueron a ver ese examen, algunos daban por hecho que lo aprobar\u00eda sin dificultad. No fue as\u00ed. Reprob\u00e9 la \u00faltima etapa de ese examen \u2013\u2013derecho procesal\u2013\u2013, lo que generaba la reprobaci\u00f3n total. La pregunta macabra fue qu\u00e9 es lo que hace el <em>procurador del n\u00famero<\/em>, yo contest\u00e9 lo que no hace, ahora advierto que fui fiel a ver las cosas de otra forma. No fue suficiente.<\/p>\n<p>Llegu\u00e9 a casa, mis pap\u00e1s estaban expectantes, contentos, sab\u00edan que hab\u00eda estudiado, fueron cerca de 8 meses, me dijeron cu\u00e9ntanos todo\u2026 solo atin\u00e9 a decir: reprob\u00e9. No lo cre\u00edan, pensaron que bromeaba, cuando vieron que no me re\u00eda, el rostro les cambi\u00f3. Cont\u00e9 lo sucedido, not\u00e9 al profesor de procesal inc\u00f3modo en la silla, era alto, hac\u00eda honor a su apellido, Cuesta, parec\u00eda apurado y mis respuestas no ayudaron a su comodidad.<\/p>\n<p>Ese a\u00f1o mis pap\u00e1s me recompensaron a pesar del resultado\u2026 y conoc\u00ed donde vivi\u00f3 Ernest Hemingway y record\u00e9 una frase de mi pap\u00e1 dicha en otro momento clave: lo importante es que des lo mejor de ti. Hoy repito la misma frase a mis hijos y agrego: esfu\u00e9rcense y sean valientes, porque el resultado es una expectativa, una aspiraci\u00f3n que depende de muchos factores y respecto de los cuales los m\u00e1s importantes no dependen de uno. \u00bfO acaso eligieron d\u00f3nde nacer? \u00bfQu\u00e9 padres tener?<\/p>\n<p>Con el tiempo agradec\u00ed esa experiencia, ya que en la segunda oportunidad, tuve la osad\u00eda de pedir ayuda en mi preparaci\u00f3n para procesal, a quien en esa \u00e9poca fuese relatora del pleno de la Corte Suprema y nuestra profesora de procesal durante el periodo de la universidad junto al ministro Marcos Libedinsky. Lo relevante fue que en esa ocasi\u00f3n no cont\u00e9 a nadie en qu\u00e9 fecha dar\u00eda mi nuevo examen, y aunque mis pap\u00e1s me vieron salir de traje, solo les dije que iba a realizar un tr\u00e1mite y no expliqu\u00e9 m\u00e1s detalles. Tampoco me delat\u00e9 por la ansiedad. No obstante ello, a la salida del examen, que aprob\u00e9, me esperaba quien fuese en esa \u00e9poca mi mejor amiga, quien lleg\u00f3 averiguando, ya que nunca le dije ni la fecha ni el lugar. Hoy esa amiga es mi esposa y sigue siendo mi mejor amiga.<\/p>\n<p>Es cierto, la vida tambi\u00e9n nos sorprende con paradojas bellas y desafiantes que nos recuerdan tantas veces que no tenemos el control y que lo mejor que podemos hacer es estar preparados\u2026 sea lo que sea que eso signifique para cada uno de nosotros.<\/p>\n<p>Lo que deseo destacar de todo esto es que a\u00fan podemos so\u00f1ar y elegir en d\u00f3nde vivir: en el \u00e9xito de ayer o en la victoria esquiva de ma\u00f1ana.<\/p>\n<p>En otras palabras, si el \u00e9xito para Inverness es un resultado, quiz\u00e1s est\u00e9n resolviendo mal la ecuaci\u00f3n, como muchos de nosotros en diferentes \u00e1reas de nuestra vida, o tal vez el \u00e9xito al que aluden no es el \u00e9xito al que todos aspiran: un proceso, el proceso que no todos est\u00e1n dispuestos a transitar.<\/p>\n<p>La cadencia de la voz de Jarque \u2013\u2013vocalista del grupo\u2013\u2013 puede despertar nostalgia, como advertir\u00e1n, y la nostalgia siempre nos regresa al dolor, cualquiera sea su reminiscencia o evocaci\u00f3n: as\u00ed es la memoria del agua, se cuela por todas partes al final.<\/p>\n<p>Y si el \u00e9xito fuese tocar las <em>Nubes<strong>[1]<\/strong><\/em>\u2026 quiz\u00e1s ellos ya las han tocado y no se han dado cuenta, porque cada vez que su m\u00fasica y letra despierta algo en nosotros\u2026 vale la pena dar un aplauso\u2026 y, en mi caso, recordar lo mejor de mis fracasos.<\/p>\n<figure id=\"attachment_2722\" aria-describedby=\"caption-attachment-2722\" style=\"width: 854px\" class=\"wp-caption aligncenter\"><img loading=\"lazy\" decoding=\"async\" class=\"size-full wp-image-2722\" src=\"https:\/\/tiberiades.org\/wp-content\/uploads\/2020\/04\/3-V\u00edctor-Ilich-con-su-esposa-Rosita.jpeg\" alt=\"\" width=\"854\" height=\"551\" srcset=\"https:\/\/tiberiades.org\/wp-content\/uploads\/2020\/04\/3-V\u00edctor-Ilich-con-su-esposa-Rosita.jpeg 854w, https:\/\/tiberiades.org\/wp-content\/uploads\/2020\/04\/3-V\u00edctor-Ilich-con-su-esposa-Rosita-300x194.jpeg 300w, https:\/\/tiberiades.org\/wp-content\/uploads\/2020\/04\/3-V\u00edctor-Ilich-con-su-esposa-Rosita-768x496.jpeg 768w\" sizes=\"auto, (max-width: 854px) 100vw, 854px\" \/><figcaption id=\"caption-attachment-2722\" class=\"wp-caption-text\">V\u00edctor Ilich, con su esposa Rosita<\/figcaption><\/figure>\n<p><strong>Inverness<\/strong>\u00a0 es una banda\u00a0de rock alternativo, formada en 2009, en Santiago de Chile. Su material se puede encontrar en <a href=\"https:\/\/lerock.cl\/\" target=\"_blank\" rel=\"noopener noreferrer\">www.lerock.cl<\/a><\/p>\n<p><em>\u00a0<\/em><\/p>\n<p><em><img loading=\"lazy\" decoding=\"async\" class=\"alignleft size-medium wp-image-2673\" src=\"https:\/\/tiberiades.org\/wp-content\/uploads\/2020\/04\/4-300x200.jpeg\" alt=\"\" width=\"300\" height=\"200\" srcset=\"https:\/\/tiberiades.org\/wp-content\/uploads\/2020\/04\/4-300x200.jpeg 300w, https:\/\/tiberiades.org\/wp-content\/uploads\/2020\/04\/4-768x513.jpeg 768w, https:\/\/tiberiades.org\/wp-content\/uploads\/2020\/04\/4-272x182.jpeg 272w, https:\/\/tiberiades.org\/wp-content\/uploads\/2020\/04\/4.jpeg 1024w\" sizes=\"auto, (max-width: 300px) 100vw, 300px\" \/>V\u00edctor Ilich (Santiago de Chile, 1978). Egresado del Instituto Nacional y de la Escuela de Derecho de la Universidad Finis Terrae, en la cual estudi\u00f3 becado. Abogado y Juez de Garant\u00eda en la regi\u00f3n de O\u00b4Higgins. Autor de m\u00e1s de una docena de obras literarias. Algunas de ellas han sido prologadas y comentadas por destacados acad\u00e9micos, escritores y cr\u00edticos como Hugo Zepeda Coll, Thomas Harris, Andr\u00e9s Morales, Alfredo Lewin y Juan Mihovilovich. Entre sus obras se puede citar <\/em>Infrarrojo<em>, poemario presentado por el acad\u00e9mico, escritor, poeta y miembro de la Academia Chilena de la Lengua, Juan Antonio Massone del Campo, quien le ha antologado; <\/em>R\u00e9quiem para un hombre vivo<em>, poemario dedicado al poeta Juan Guzm\u00e1n Cruchaga (presentado por el ministro de la Corte Suprema y escritor Carlos Ar\u00e1nguiz Z\u00fa\u00f1iga y el ex ministro de la Corte de Apelaciones de Santiago Juan Guzm\u00e1n Tapia);<\/em> La insurrecci\u00f3n de la palabra<em>; <\/em>Arte de un ocaso vital<em>; <\/em>Baladas de un ruise\u00f1or<em> (poemario er\u00f3tico rom\u00e1ntico); <\/em>Drag\u00f3n, escorpiones y palomas<em>; <\/em>Hojas de t\u00e9<em>; <\/em>La letra mata (un texto que resucita la palabra)<em>; <\/em>El silencio de los jueces, un texto para sazonar el coraz\u00f3n<em>, prologado, en su primera edici\u00f3n, entre otros, por Sergio Mu\u00f1oz Gajardo, quien fuese presidente de la Corte Suprema (2014-2015); <\/em>Disparates<em>, poemario relativo a la libertad de expresi\u00f3n y los prejuicios (2016); <\/em>Cada d\u00eda tiene su af\u00e1n<em> (2017), que procura motivar en la lucha del c\u00e1ncer, presentado por Haroldo Brito Cruz, quien tambi\u00e9n fue presidente del m\u00e1ximo tribunal del pa\u00eds, con ocasi\u00f3n de la celebraci\u00f3n del D\u00eda Internacional del Libro. Y, adem\u00e1s, el poemario titulado <\/em>Toma de raz\u00f3n<em>, en coautor\u00eda con Roberto Contreras Olivares, poeta y ministro de la Corte de Apelaciones de San Miguel, presentado en Hanga Roa, Isla de Pascua, en agosto de 2017. En abril de 2018 junto a otros tres jueces penales public\u00f3 el libro <\/em>Duda<em>, texto fruto del taller literario que imparti\u00f3, el cual luego de terminar denomin\u00f3 \u201cNi tan exacto ni tan literal\u201d. Adem\u00e1s, en octubre de 2019, en pleno estallido social, public\u00f3 <\/em>Venga tu reino<em>, poemario prologado por Felipe Berr\u00edos, S..J. y Alfredo P\u00e9rez Alencart, poeta y docente de la Universidad de Salamanca. Por \u00faltimo, en marzo de este a\u00f1o 2020, public\u00f3 el libro <\/em>Al derecho y al rev\u00e9s<em>, que recopila las columnas de opini\u00f3n y cr\u00edtica literaria escritas bajo el alero del diario <\/em>El Heraldo de Linares<em>, quien patrocin\u00f3 su cuidada edici\u00f3n. Libro prologado por Lamberto Cisternas Rocha, quien fuese vocero de la Corte Suprema.<\/em><\/p>\n<p><em>V\u00edctor Ilich forma parte de la Red Tiber\u00edades.<\/em><\/p>\n<p>[1] Canci\u00f3n del \u00e1lbum <em>Illuminaciones<\/em> de Inverness<\/p>\n<p><iframe loading=\"lazy\" src=\"https:\/\/open.spotify.com\/embed\/track\/3BmKCIYee9GaMI3yvWl4no\" width=\"300\" height=\"380\" frameborder=\"0\"><\/iframe><\/p>\n","protected":false},"excerpt":{"rendered":"<p>Luego de escuchar varios \u00e1lbumes de la banda Inverness record\u00e9 una frase que ellos mismos levantan como un estandarte: esquivando el \u00e9xito. Si esquivar el \u00e9xito significa compromiso con las personas d\u00e1ndole la espalda a la aparente calidez de la fama, suena bien. Si esquivar el \u00e9xito implica tener tiempo en casa con los que aman y quienes los aman [&hellip;]<\/p>\n","protected":false},"author":2,"featured_media":2721,"comment_status":"open","ping_status":"closed","sticky":false,"template":"","format":"standard","meta":{"footnotes":""},"categories":[93],"tags":[106],"class_list":["post-2723","post","type-post","status-publish","format-standard","has-post-thumbnail","hentry","category-victor-ilich","tag-victor-ilich"],"_links":{"self":[{"href":"https:\/\/tiberiades.org\/index.php?rest_route=\/wp\/v2\/posts\/2723","targetHints":{"allow":["GET"]}}],"collection":[{"href":"https:\/\/tiberiades.org\/index.php?rest_route=\/wp\/v2\/posts"}],"about":[{"href":"https:\/\/tiberiades.org\/index.php?rest_route=\/wp\/v2\/types\/post"}],"author":[{"embeddable":true,"href":"https:\/\/tiberiades.org\/index.php?rest_route=\/wp\/v2\/users\/2"}],"replies":[{"embeddable":true,"href":"https:\/\/tiberiades.org\/index.php?rest_route=%2Fwp%2Fv2%2Fcomments&post=2723"}],"version-history":[{"count":5,"href":"https:\/\/tiberiades.org\/index.php?rest_route=\/wp\/v2\/posts\/2723\/revisions"}],"predecessor-version":[{"id":2728,"href":"https:\/\/tiberiades.org\/index.php?rest_route=\/wp\/v2\/posts\/2723\/revisions\/2728"}],"wp:featuredmedia":[{"embeddable":true,"href":"https:\/\/tiberiades.org\/index.php?rest_route=\/wp\/v2\/media\/2721"}],"wp:attachment":[{"href":"https:\/\/tiberiades.org\/index.php?rest_route=%2Fwp%2Fv2%2Fmedia&parent=2723"}],"wp:term":[{"taxonomy":"category","embeddable":true,"href":"https:\/\/tiberiades.org\/index.php?rest_route=%2Fwp%2Fv2%2Fcategories&post=2723"},{"taxonomy":"post_tag","embeddable":true,"href":"https:\/\/tiberiades.org\/index.php?rest_route=%2Fwp%2Fv2%2Ftags&post=2723"}],"curies":[{"name":"wp","href":"https:\/\/api.w.org\/{rel}","templated":true}]}}