{"id":2747,"date":"2020-04-25T18:53:24","date_gmt":"2020-04-25T17:53:24","guid":{"rendered":"http:\/\/tiberiades.org\/?p=2747"},"modified":"2020-04-25T19:14:03","modified_gmt":"2020-04-25T18:14:03","slug":"marcelo-gatica-poemas-de-el-mar-ya-no-es-accesit-del-premio-internacional-pilar-fernandez-labrador","status":"publish","type":"post","link":"https:\/\/tiberiades.org\/?p=2747","title":{"rendered":"Marcelo Gatica, Poemas de \u2018El mar ya no es\u2019, Acc\u00e9sit del Premio Internacional Pilar Fern\u00e1ndez Labrador"},"content":{"rendered":"<p><em>Un jurado, integrado por<\/em><em> Ant\u00f3nio Salvado, <\/em><em>Carmen Ruiz Barrionuevo<\/em><em>, Pilar Fern\u00e1ndez Labrador, Jes\u00fas Fonseca, Alfredo P\u00e9rez Alencart, Carlos Aganzo, Jos\u00e9 Mar\u00eda Mu\u00f1oz Quir\u00f3s, Inmaculada Guadalupe Salas y David Mingo, con<\/em> <em>Victoria P\u00e9rez Castrillo como secretaria, concedi\u00f3 el Acc\u00e9sit del prestigioso VII Premio Internacional de Poes\u00eda \u2018Pilar Fern\u00e1ndez Labrador\u2019 a su libro \u2018El mar ya no es\u2019, del cual se ha seleccionado esta muestra que hoy ofrecemos en primicia. Tiber\u00edades agradece este privilegio a la entidad convocante del galard\u00f3n. El libro ser\u00e1 publicado por Ediciones de la Diputaci\u00f3n de Salamanca y est\u00e1 prevista su presentaci\u00f3n el mes de octubre, dentro de los actos del XXIII Encuentro de Poetas Iberoamericanos, que estar\u00e1 dedicado a Nezahualc\u00f3yotl.<\/em><\/p>\n<p><em>Publicamos todos los poemas de la primera parte del libro, y el poema inicial de la segunda parte.<\/em><\/p>\n<p style=\"padding-left: 240px;\"><em> [ Ya no habr\u00e1 muerte, ni habr\u00e1 m\u00e1s llanto, ni clamor, ni dolor; porque las primeras cosas pasaron [&#8230;] Vi un cielo nuevo y una tierra nueva; porque el primer cielo y la primera tierra pasaron, y el mar ya no es ]<br>\n<\/em><strong>Apocalipisis 21: 1-4 <\/strong><\/p>\n<p><strong>&nbsp;<\/strong><\/p>\n<h3><strong>POSTALES FRENTE AL MAR<br>\n<\/strong><strong>(O FRAGMENTOS A LA MUERTE DE MI PADRE)<\/strong><\/h3>\n<p><strong>&nbsp;<\/strong><\/p>\n<h4 style=\"padding-left: 40px;\"><strong><span style=\"text-decoration: line-through;\">EL MAR YA NO ES<\/span><\/strong><\/h4>\n<p style=\"padding-left: 40px;\"><strong>&nbsp;<\/strong><strong>&lt;<\/strong> descubrir la lengua del mar es seguir la caminata en c\u00edrculos de los elefantes <strong>&lt;<\/strong> quiz\u00e1s no hay conciencia del primer paso <strong>&lt;<\/strong> salvo la certidumbre de un oleaje eterno <strong>&lt; <\/strong>para descubrir la lengua del mar <strong>&lt;<\/strong> primero se aprende a leer el silencio de los padres <strong>&lt; <\/strong>la b\u00fasqueda de los nombres es un trabajo que cuesta la vida <strong>&lt; <\/strong>sabemos a ciencia cierta que la palabra mar no cabe en ning\u00fan poema <strong>&lt;<\/strong> pero lo escribimos porque es como respirar <strong>&lt; <\/strong>si cont\u00e1ramos todas las veces que lo hemos nombrado <strong>&lt;<\/strong> no habr\u00eda objeto que lo abarcara <strong>&lt; <\/strong>y cuando creo detectar el trayecto de los elefantes <strong>&lt;<\/strong> soy roca rota <strong>&lt;<\/strong> tomo concienca del \u00faltimo paso, es decir, mi primera palabra en la lengua del mar <strong>&lt;<\/strong> mi primera palabra que apenas pronuncio <span style=\"text-decoration: line-through;\">desaparece<\/span> <strong>&lt;<\/strong><\/p>\n<p style=\"text-align: right;\"><em>Desde una terraza con forma de agua, febrero, 2XXX.<\/em><\/p>\n<figure id=\"attachment_2744\" aria-describedby=\"caption-attachment-2744\" style=\"width: 640px\" class=\"wp-caption aligncenter\"><img loading=\"lazy\" decoding=\"async\" width=\"640\" height=\"368\" class=\"wp-image-2744 size-large\" alt=\"\" src=\"https:\/\/tiberiades.org\/wp-content\/uploads\/2020\/04\/2-Oleaje-de-Miguel-El\u00edas-Ilustraci\u00f3n-para-el-Acc\u00e9sit-1024x588.jpg\" srcset=\"https:\/\/tiberiades.org\/wp-content\/uploads\/2020\/04\/2-Oleaje-de-Miguel-El\u00edas-Ilustraci\u00f3n-para-el-Acc\u00e9sit-1024x588.jpg 1024w, https:\/\/tiberiades.org\/wp-content\/uploads\/2020\/04\/2-Oleaje-de-Miguel-El\u00edas-Ilustraci\u00f3n-para-el-Acc\u00e9sit-300x172.jpg 300w, https:\/\/tiberiades.org\/wp-content\/uploads\/2020\/04\/2-Oleaje-de-Miguel-El\u00edas-Ilustraci\u00f3n-para-el-Acc\u00e9sit-768x441.jpg 768w, https:\/\/tiberiades.org\/wp-content\/uploads\/2020\/04\/2-Oleaje-de-Miguel-El\u00edas-Ilustraci\u00f3n-para-el-Acc\u00e9sit.jpg 1488w\" sizes=\"auto, (max-width: 640px) 100vw, 640px\" \/><figcaption id=\"caption-attachment-2744\" class=\"wp-caption-text\">Oleaje, de Miguel El\u00edas (Ilustraci\u00f3n para el Acc\u00e9sit)<\/figcaption><\/figure>\n<h4 style=\"padding-left: 40px;\"><strong>LA SALA DE URGENCIAS<\/strong><\/h4>\n<p style=\"padding-left: 40px;\"><strong>&nbsp;<\/strong><strong>&lt;<\/strong> Padre, en la sala de urgencias escarbas sobre la superficie del tiempo &lt; ara\u00f1as con estrategias de los a\u00f1os setenta &lt; cuando pese a tener tu primer televisor sintonizabas los partidos de f\u00fatbol por la radio, &lt; tus ojos cruzan los atardeceres en la lentitud de un p\u00e1jaro migratorio &lt; sonr\u00edes porque un jugador fantasma ha tocado la gloria y escuchas el eco de un estadio vac\u00edo &lt; pero tus ojos se llenan de un oc\u00e9ano vital &lt; de una mueca sonriente donde el tiempo adquiere extensiones insospechadas &lt; cuando el dign\u00f3stico es reservado &lt; discutimos los nombres de jugadores fantasmas y confudimos tu infancia con la m\u00eda &lt; pero no importa &lt; a\u00fan aletea la memoria sobre las paredas blancas de la sala de urgencias &lt; sobre las ventanas tus palabras son gotas oc\u00e9anicas en mi desierto de interrogantes &lt;<\/p>\n<p style=\"text-align: right;\"><em>Desde un pasillo que es lo m\u00e1s parecido a un r\u00edo evaporado, abril, 2019.<\/em><\/p>\n<h4 style=\"padding-left: 40px;\"><strong>UNA CALLE QUE PARECE R\u00cdO <\/strong><\/h4>\n<p style=\"padding-left: 40px;\"><strong>&lt;<\/strong> me resisto a salir de aquella sala gris &lt; una puerta me indica el doctor con aspecto de juez &lt; se escuchan sombras por los pasillos pero me sostengo &lt; susurro pero me sostengo en el bal\u00f3n de cuero de Italia 90 como si fuera un faro en medio de un hurac\u00e1n invisible &lt; en la sala de urgencias se posa una tarde sin nombre &lt; el abuelo siempre dijo que el mundo nunca m\u00e1s ser\u00eda destruido por agua y aqu\u00ed estoy ahog\u00e1ndome como un animal de barro &lt; ahora percibo el eco de tus ojos sonrientes &lt; veo como se evaporan tus \u00faltimos estallidos numinosos &lt; en la sala de urgencias ya despega tu c\u00e1psula al fondo de un espejo &lt; solo queda un silencio de piano &lt; solo entonces, me cobijo como un reci\u00e9n nacido &lt;<\/p>\n<p style=\"text-align: right;\">&nbsp;&nbsp;&nbsp;&nbsp;&nbsp;&nbsp;&nbsp;&nbsp;&nbsp;&nbsp;<em>Desde una silla con forma de espejo, agosto, 2019.<\/em><\/p>\n<figure id=\"attachment_2745\" aria-describedby=\"caption-attachment-2745\" style=\"width: 640px\" class=\"wp-caption aligncenter\"><img loading=\"lazy\" decoding=\"async\" width=\"640\" height=\"428\" class=\"wp-image-2745 size-large\" alt=\"\" src=\"https:\/\/tiberiades.org\/wp-content\/uploads\/2020\/04\/3-Foto-de-Jos\u00e9-Amador-Mart\u00edn-1024x684.jpg\" srcset=\"https:\/\/tiberiades.org\/wp-content\/uploads\/2020\/04\/3-Foto-de-Jos\u00e9-Amador-Mart\u00edn-1024x684.jpg 1024w, https:\/\/tiberiades.org\/wp-content\/uploads\/2020\/04\/3-Foto-de-Jos\u00e9-Amador-Mart\u00edn-300x200.jpg 300w, https:\/\/tiberiades.org\/wp-content\/uploads\/2020\/04\/3-Foto-de-Jos\u00e9-Amador-Mart\u00edn-768x513.jpg 768w, https:\/\/tiberiades.org\/wp-content\/uploads\/2020\/04\/3-Foto-de-Jos\u00e9-Amador-Mart\u00edn-1536x1026.jpg 1536w, https:\/\/tiberiades.org\/wp-content\/uploads\/2020\/04\/3-Foto-de-Jos\u00e9-Amador-Mart\u00edn-272x182.jpg 272w, https:\/\/tiberiades.org\/wp-content\/uploads\/2020\/04\/3-Foto-de-Jos\u00e9-Amador-Mart\u00edn.jpg 2048w\" sizes=\"auto, (max-width: 640px) 100vw, 640px\" \/><figcaption id=\"caption-attachment-2745\" class=\"wp-caption-text\">Foto de Jos\u00e9 Amador Mart\u00edn<\/figcaption><\/figure>\n<h4 style=\"padding-left: 40px;\"><strong>EN LA SUPERFICIE DE LAS NUBES <\/strong><\/h4>\n<p style=\"padding-left: 40px;\"><strong>&lt;<\/strong> a 12.000 mil metros de Altura &lt; a 800 km por hora &lt; a 8 horas de casa &lt; el tiempo sigue siendo un pliegue geom\u00e9trico del viento &lt; Pap\u00e1, te lanzas en ca\u00edda libre al mar &lt; abres la puerta sin tiempo ni espacio &lt; el universo se contrae y la palabra padre por m\u00e1s que la pronuncie o escriba nunca volver\u00e1 a tener la misma temperatura &lt; veo un agujero negro en cada gesto &lt; mientras se oscurece el iris de mis ojos &lt; es el fin del mundo, quise decir, del nuestro &lt; a una distancia de una palabra &lt; el Hielo &lt; mientras cruzo el Atl\u00e1ntico pienso en ciertas se\u00f1ales perdidas &lt; veo azafatas ap\u00f3crifas mintiendo sobre el poder de las turbulencias porque estamos en un salto sin retorno &lt; en primera clase sacan los crucifijos con direcci\u00f3n a una nada con silueta de espuma &lt; los rezos por momentos son p\u00e1jaros incapaces de salir del avi\u00f3n &lt; Pap\u00e1, sab\u00edamos que la noche era s\u00f3lo Agua &lt; Pap\u00e1, somos tragados por un Kraken en las entra\u00f1as del oc\u00e9ano &lt; nos encontramos como si nada hubiera pasado &lt; me saludas con la mano en forma de pu\u00f1o&lt; de cometa &lt; con esa sonrisa expansiva permaneces indemne bajo las sombras del Kraken &lt; Pap\u00e1, las turbulencias cesan y las azafatas vuelven con sus sonrisas evaporadas &lt; los pasajeros sumergidos en las pantallas virtuales &lt; aunque todo el Atl\u00e1ntico cabe en una l\u00e1grima &lt; me miras de reojo, abrazado al mar en aquel fondo &lt; Pap\u00e1, el silencio es el lenguaje de los elegidos porque <span style=\"text-decoration: line-through;\">el mar ya no es<\/span> &lt;<\/p>\n<p style=\"text-align: right;\"><em>Desde una silla \u00e1rea en medio del Atl\u00e1ntico, <\/em><em>agosto, 2019.<\/em><\/p>\n<p><strong>&nbsp;<\/strong><\/p>\n<h4 style=\"padding-left: 40px;\"><strong>HIELO ROJO BAJO EL CUERPO<\/strong><\/h4>\n<p style=\"padding-left: 40px;\"><strong>&lt; <\/strong>la met\u00e1stasis aparece primero en la pantalla del ordenador de la doctora &lt; transita invisible bajo tu sonrisa que va en paraca\u00eddas &lt; la met\u00e1stasis nombrada por la especialista es un jerogl\u00edfico inerte &lt; la met\u00e1stasis de nivel 4 &lt; repite &lt; es una met\u00e1stasis nivel 4 &lt; se que los terremotos perceptibles al hombre comienzan en esa escala &lt; pero algo se quebr\u00f3 adentro &lt; y se repite como una replica &lt; es una met\u00e1stasis nivel 4 &lt; y la met\u00e1stasis es un ente carn\u00edvoro sumergido en las torrentes del esp\u00edritu &lt; c\u00f3mo le explico a mi hijo que la metastasis va triturando y devorando al abuelo cada d\u00eda &lt; en el teledario aparece hielo rojo en la Ant\u00e1rtida &lt; dicen que son unas algas contaminantes &lt; unas flores de nieve &lt; [debido al color rojo-carmes\u00ed, la nieve refleja menos luz solar y se derrite m\u00e1s r\u00e1pido] dice un cient\u00edfico ucranio &lt; la met\u00e1stasis devora la luz de los ojos &lt; la met\u00e1stasis te agarra de los pies &lt; ya no caminas &lt; la met\u00e1stasis no te deja tarchar las pala<span style=\"text-decoration: line-through;\">bras<\/span> &lt; aquella rutina cuando terminabas de hacer tus presupuestos en la municipalidad del pueblo &lt; la mestastasis es como esa alga roja que derrite las gotas de esp\u00edritu &lt; recuerdas la man\u00eda de escribir el signo <em>menos que <\/em>&lt; cuando terminabas una tarea &lt; la met\u00e1stasis nivel 4 bajo el cuerpo &lt; se repite como ese signo infinitamente hasta que se evapore toda la sangre que llevas dentro &lt;<\/p>\n<p style=\"text-align: right;\"><em>Desde una casa de agua, junio, 2019.<\/em><\/p>\n<figure id=\"attachment_2739\" aria-describedby=\"caption-attachment-2739\" style=\"width: 640px\" class=\"wp-caption aligncenter\"><img loading=\"lazy\" decoding=\"async\" width=\"640\" height=\"406\" class=\"wp-image-2739 size-large\" alt=\"\" src=\"https:\/\/tiberiades.org\/wp-content\/uploads\/2020\/04\/4-Foto-de-Jos\u00e9-Amador-Mart\u00edn-1024x650.jpg\" srcset=\"https:\/\/tiberiades.org\/wp-content\/uploads\/2020\/04\/4-Foto-de-Jos\u00e9-Amador-Mart\u00edn-1024x650.jpg 1024w, https:\/\/tiberiades.org\/wp-content\/uploads\/2020\/04\/4-Foto-de-Jos\u00e9-Amador-Mart\u00edn-300x190.jpg 300w, https:\/\/tiberiades.org\/wp-content\/uploads\/2020\/04\/4-Foto-de-Jos\u00e9-Amador-Mart\u00edn-768x487.jpg 768w, https:\/\/tiberiades.org\/wp-content\/uploads\/2020\/04\/4-Foto-de-Jos\u00e9-Amador-Mart\u00edn-1536x975.jpg 1536w, https:\/\/tiberiades.org\/wp-content\/uploads\/2020\/04\/4-Foto-de-Jos\u00e9-Amador-Mart\u00edn.jpg 1708w\" sizes=\"auto, (max-width: 640px) 100vw, 640px\" \/><figcaption id=\"caption-attachment-2739\" class=\"wp-caption-text\">Foto de Jos\u00e9 Amador Mart\u00edn<\/figcaption><\/figure>\n<p><strong>&nbsp;<\/strong><\/p>\n<h4 style=\"padding-left: 40px;\"><strong>CRUZASTE EL MAR<\/strong><\/h4>\n<p style=\"padding-left: 40px;\"><strong>&lt;<\/strong> Pap\u00e1, cruzaste el mar &lt; no miraste hacia atr\u00e1s como aquella estatua de sal &lt; cruzaste la carne el musgo la roca &lt; te veo en el oleaje repetido de las horas &lt; te veo en tu Chevrolet Opala 78, al que llamabas Titanic &lt; era el tiempo sin cinturones de seguridad &lt; y en el asiento trasero no se c\u00f3mo pero cab\u00edamos cinco cr\u00edas &lt; somos seres de agua dec\u00eda la profesora de Ciencias Naturales &lt; dicen que al otro lado del mar &lt; no hay dolor &lt; ni llanto &lt; ni enfermdedad &lt; ni met\u00e1stasis &lt;las primeras cosas pasaron dice mi madre y ella cree a pie junto en esos versos del Apocalipisis &lt; el mar ya no es &lt; la muerte posee la sincron\u00eda natural del oleaje ensamblado como forma y fondo de la vida misma &lt; se repiten las im\u00e1genes de la primera vez que cabalgamos en un caballo blanco &lt; los partidos de f\u00fatbol y las largas conversaciones con los t\u00edos del campo &lt; el mar ya no es &lt; parece un verso espuma en la piel de estos \u00faltimos d\u00edas &lt; Padre, ya cruzaste al otro lado del mar &lt; el tiempo es s\u00f3lo un oasis del espacio &lt; sab\u00edas que el reloj se vac\u00eda en la playa y se hace grano de arena &lt; la distancia entre las dos orillas es leve &lt; s\u00f3lo has apagado la luz de tu habitaci\u00f3n primero &lt;<\/p>\n<p style=\"text-align: right;\"><em>En la orilla de una playa sin tiempo, Noviembre 2019.<\/em><\/p>\n<p><strong>&nbsp;<\/strong><\/p>\n<h4 style=\"padding-left: 40px;\"><strong>LA B\u00daSQUEDA DEL MAR <\/strong><\/h4>\n<p style=\"padding-left: 40px;\"><strong>&lt;<\/strong> a veces las corazonadas po\u00e9ticas son laberintos nubosos &lt; en un principio sin saber alquil\u00e9 un apartamento en Carrer de las muses n\u00famero 25 &lt; pero las aplicaciones tecnol\u00f3gicas y las musas en la vida real se asemejan a un juego de espejos &lt; la diferencia entre habitar como turista el mundo o com\u00e9rselo cada d\u00eda &lt; es invierno y si algunos coleccionan estampillas yo persigo silencios en las iglesias. &lt; soy un adicto a sus luces y sombras &lt; no tomo fotos &lt; solo me siento como una flor de loto bajo sus c\u00fapulas &lt; es lo m\u00e1s parecido a estar frente al mar &lt; una vela encendida es un puesta de sol invertida &lt; entonces &lt; s\u00f3lo entonces, retorno al sonido de la palabra <span style=\"text-decoration: line-through;\">con<\/span><em>templar<\/em> &lt;<\/p>\n<p style=\"text-align: right;\"><em>En la L\u00ednea 1 del Metro de Barcelona, febrero 2XXX.<\/em><\/p>\n<figure id=\"attachment_2740\" aria-describedby=\"caption-attachment-2740\" style=\"width: 640px\" class=\"wp-caption aligncenter\"><img loading=\"lazy\" decoding=\"async\" width=\"640\" height=\"429\" class=\"wp-image-2740 size-large\" alt=\"\" src=\"https:\/\/tiberiades.org\/wp-content\/uploads\/2020\/04\/5-Foto-de-Jos\u00e9-Amador-Mart\u00edn-1024x687.jpg\" srcset=\"https:\/\/tiberiades.org\/wp-content\/uploads\/2020\/04\/5-Foto-de-Jos\u00e9-Amador-Mart\u00edn-1024x687.jpg 1024w, https:\/\/tiberiades.org\/wp-content\/uploads\/2020\/04\/5-Foto-de-Jos\u00e9-Amador-Mart\u00edn-300x201.jpg 300w, https:\/\/tiberiades.org\/wp-content\/uploads\/2020\/04\/5-Foto-de-Jos\u00e9-Amador-Mart\u00edn-768x515.jpg 768w, https:\/\/tiberiades.org\/wp-content\/uploads\/2020\/04\/5-Foto-de-Jos\u00e9-Amador-Mart\u00edn-1536x1031.jpg 1536w, https:\/\/tiberiades.org\/wp-content\/uploads\/2020\/04\/5-Foto-de-Jos\u00e9-Amador-Mart\u00edn-272x182.jpg 272w, https:\/\/tiberiades.org\/wp-content\/uploads\/2020\/04\/5-Foto-de-Jos\u00e9-Amador-Mart\u00edn.jpg 1805w\" sizes=\"auto, (max-width: 640px) 100vw, 640px\" \/><figcaption id=\"caption-attachment-2740\" class=\"wp-caption-text\">Foto de Jos\u00e9 Amador Mart\u00edn<\/figcaption><\/figure>\n<p><strong>&nbsp;<\/strong><\/p>\n<h4 style=\"padding-left: 40px;\"><strong>LA IMPOSIBLIDAD DE ESCRIBIR UN POEMA M\u00cdSTICO <\/strong><strong>A LA MEMORIA DE MI PADRE EN LA SAGRADA FAMILIA<\/strong><\/h4>\n<p style=\"padding-left: 40px;\"><strong>&lt;<\/strong> me sumerjo en la l\u00ednea uno del metro &lt; aparecen las escalares en medio de una marea de telef\u00f3nos y c\u00e1maras sin rostros amontonados bajo las c\u00fapulas de la Sagrada Familia &lt; los ojos son organismos carn\u00edvoros de im\u00e1genes fugaces &lt; el Cristo de la calle <em>Carrer de Mallorca<\/em> reclina su cabeza como dici\u00e9ndome huye &lt; busca el mar que es lo m\u00e1s parecido a un templo o a una puerta al cielo &lt; aqu\u00ed sigo cargando turistas que persisten en ser estatuas de sal con ojos que no ven &lt; afina tu o\u00eddo, ese caracol que llevamos todos bajo la piel &lt; en el oleaje asomar\u00e1n las palabras exactas de tu padre &lt; \u00a1V\u00e9te ya! &lt; coge una piedra y escrib\u00ed lo indecible &lt; l\u00e1nzala al fondo abismal &lt; no importa si se quema la tierra porque <span style=\"text-decoration: line-through;\">el mar ya no es<\/span> &lt;<\/p>\n<p style=\"text-align: right;\"><em>En la orilla del mar en la playa Bogatel, febrero 2XXX.<\/em><\/p>\n<p style=\"text-align: center;\">***<\/p>\n<figure id=\"attachment_2741\" aria-describedby=\"caption-attachment-2741\" style=\"width: 640px\" class=\"wp-caption aligncenter\"><img loading=\"lazy\" decoding=\"async\" width=\"640\" height=\"434\" class=\"wp-image-2741 size-large\" alt=\"\" src=\"https:\/\/tiberiades.org\/wp-content\/uploads\/2020\/04\/6-Foto-de-Jos\u00e9-Amador-Mart\u00edn-1024x695.jpg\" srcset=\"https:\/\/tiberiades.org\/wp-content\/uploads\/2020\/04\/6-Foto-de-Jos\u00e9-Amador-Mart\u00edn-1024x695.jpg 1024w, https:\/\/tiberiades.org\/wp-content\/uploads\/2020\/04\/6-Foto-de-Jos\u00e9-Amador-Mart\u00edn-300x204.jpg 300w, https:\/\/tiberiades.org\/wp-content\/uploads\/2020\/04\/6-Foto-de-Jos\u00e9-Amador-Mart\u00edn-768x522.jpg 768w, https:\/\/tiberiades.org\/wp-content\/uploads\/2020\/04\/6-Foto-de-Jos\u00e9-Amador-Mart\u00edn-1536x1043.jpg 1536w, https:\/\/tiberiades.org\/wp-content\/uploads\/2020\/04\/6-Foto-de-Jos\u00e9-Amador-Mart\u00edn.jpg 1767w\" sizes=\"auto, (max-width: 640px) 100vw, 640px\" \/><figcaption id=\"caption-attachment-2741\" class=\"wp-caption-text\">Foto de Jos\u00e9 Amador Mart\u00edn<\/figcaption><\/figure>\n<p><strong>&nbsp;<\/strong><\/p>\n<h4 style=\"padding-left: 40px;\"><strong>El CHOQUE GENERACIONAL ENTRE LA ORALIDAD <\/strong><strong>DE MI ABUELO Y MI MUNDO VIRTUAL<\/strong><\/h4>\n<p style=\"padding-left: 360px;\"><em>\u201c <\/em><em>Esperando y apresur\u00e1ndoos para la venida del d\u00eda de Dios, en el cual los cielos, encendi\u00e9ndose, ser\u00e1n deshechos, y los elementos, siendo quemados, se fundir\u00e1n<\/em><em>\u00ab.<br>\n<\/em><strong>2&nbsp; de Pedro 3:12&nbsp;<\/strong><\/p>\n<p style=\"padding-left: 160px;\">[el tiempo sigue siendo un espejismo<br>\nnum\u00e9rico<br>\nlo dec\u00eda mi abuelo<br>\nprofesor de cu\u00e1ntica sagrada<br>\nconocedor del caballo y la luna<br>\ndel movimiento terr\u00e1queo<br>\ndel agua<br>\nde la semilla muerta<br>\nque da fruto<br>\nen el preciso instante de la lengua<br>\nabierta<br>\nal ox\u00edgeno].<\/p>\n<p style=\"padding-left: 160px;\">[aprende a leer el oc\u00e9ano<br>\nlatente<br>\nentre las palabras<br>\ny los objetos]<\/p>\n<p style=\"padding-left: 200px;\">[ el d\u00eda llegar\u00e1 en que los meteoritos<br>\nfundir\u00e1n la tierra,<br>\ncomo lo dec\u00eda el patrono de los<br>\noc\u00e9anos<br>\ntal vez, s\u00f3lo tal vez se mueva<br>\nel velo<br>\ndel mar y podremos<br>\ncontemplar desnudos lo que<br>\ns\u00f3lo ve\u00edamos por sombras]<\/p>\n<figure id=\"attachment_2742\" aria-describedby=\"caption-attachment-2742\" style=\"width: 640px\" class=\"wp-caption aligncenter\"><img loading=\"lazy\" decoding=\"async\" width=\"640\" height=\"443\" class=\"wp-image-2742 size-large\" alt=\"\" src=\"https:\/\/tiberiades.org\/wp-content\/uploads\/2020\/04\/7-Helina-Aulis-Lukas-Gatica-Aulis-y-Marcelo-Gatica-1024x709.jpg\" srcset=\"https:\/\/tiberiades.org\/wp-content\/uploads\/2020\/04\/7-Helina-Aulis-Lukas-Gatica-Aulis-y-Marcelo-Gatica-1024x709.jpg 1024w, https:\/\/tiberiades.org\/wp-content\/uploads\/2020\/04\/7-Helina-Aulis-Lukas-Gatica-Aulis-y-Marcelo-Gatica-300x208.jpg 300w, https:\/\/tiberiades.org\/wp-content\/uploads\/2020\/04\/7-Helina-Aulis-Lukas-Gatica-Aulis-y-Marcelo-Gatica-768x532.jpg 768w, https:\/\/tiberiades.org\/wp-content\/uploads\/2020\/04\/7-Helina-Aulis-Lukas-Gatica-Aulis-y-Marcelo-Gatica-1536x1063.jpg 1536w, https:\/\/tiberiades.org\/wp-content\/uploads\/2020\/04\/7-Helina-Aulis-Lukas-Gatica-Aulis-y-Marcelo-Gatica-2048x1417.jpg 2048w\" sizes=\"auto, (max-width: 640px) 100vw, 640px\" \/><figcaption id=\"caption-attachment-2742\" class=\"wp-caption-text\">Helina Aulis, Lukas Gatica Aulis y Marcelo Gatica<\/figcaption><\/figure>\n<p><em>Marcelo Gatica (Cauquenes, Chile, 1976), poeta y Doctor en Literatura Hispanoamericana por la Universidad de Salamanca, con una tesis titulada titulada: \u201cRodrigo Lira Canguilhem: Una propuesta po\u00e9tica en tiempos de desolaci\u00f3n\u201d. Ha publicado los poemarios<\/em><em>&nbsp;<\/em><em>\u2018<\/em>El extramuro \/V\u00e4ljaspool-m\u00fc\u00fcre<em>\u2019 (Estonia, 2018),<\/em><em>&nbsp;<\/em><em>\u2018<\/em>Anclado al Pescador de Mares<em>\u2019 (2016), \u2018<\/em>Crucial\u2019 <em>(con Pablo Guti\u00e9rrez, 2014), \u2018<\/em>Portafolio. Poemas a Pie de P\u00e1gina<em>\u2019 (Con Camilo Cantillana, 2014). En Chile public\u00f3 \u2018<\/em>Barios buelos: boladas boludas<em>\u2019, de Rodrigo Lira Canguilhem (Pi\u00e9lago Casa Editorial, Santiago de Chile, 2016), y en Estonia \u2018<\/em>Vientos del sur \/ Lounatuuled<em>\u2019, antolog\u00eda de poes\u00eda chilena seleccionada e introducida por \u00e9l, con traducci\u00f3n de Carolina Pihelgas, Mariliin Vassenin y Helina Aulis. Tallin, 2015). En su pa\u00eds tambi\u00e9n public\u00f3 el poemario colectivo <\/em>Taller Literario<em> (2001), el libro de poes\u00eda a tres manos <\/em>A-Trio Po\u00e9tico<em> (2003) y poemas varios en <\/em>Cal\u00edope<em>, revista de poes\u00eda (2000-2003), obteniendo el Premio de Poes\u00eda de la UMCE (2003). Ha recibido el Acc\u00e9sit del Premio Internacional de Poes\u00eda \u201cLuis L\u00f3pez Anglada\u201d (Burgohondo, \u00c1vila, 2008) y el primer acc\u00e9sit del Premio Gonz\u00e1lez-Warris de Poes\u00eda (Barcelona, 2012). Sus poemas se encuentran en una decena de antolog\u00edas publicadas en Espa\u00f1a y Portugal.<\/em><\/p>\n\n\n<div class=\"wp-block-image\"><figure class=\"aligncenter size-large\"><a href=\"https:\/\/tiberiades.org\/wp-content\/uploads\/2020\/04\/8-Noticia-del-Acc\u00e9sit-en-El-Norte-de-Castilla-el-peri\u00f3dico-decano-de-Espa\u00f1a.jpg\" target=\"_blank\" rel=\"noopener noreferrer\"><img loading=\"lazy\" decoding=\"async\" width=\"869\" height=\"1024\" src=\"https:\/\/tiberiades.org\/wp-content\/uploads\/2020\/04\/8-Noticia-del-Acc\u00e9sit-en-El-Norte-de-Castilla-el-peri\u00f3dico-decano-de-Espa\u00f1a-869x1024.jpg\" alt=\"\" class=\"wp-image-2756\" srcset=\"https:\/\/tiberiades.org\/wp-content\/uploads\/2020\/04\/8-Noticia-del-Acc\u00e9sit-en-El-Norte-de-Castilla-el-peri\u00f3dico-decano-de-Espa\u00f1a-869x1024.jpg 869w, https:\/\/tiberiades.org\/wp-content\/uploads\/2020\/04\/8-Noticia-del-Acc\u00e9sit-en-El-Norte-de-Castilla-el-peri\u00f3dico-decano-de-Espa\u00f1a-255x300.jpg 255w, https:\/\/tiberiades.org\/wp-content\/uploads\/2020\/04\/8-Noticia-del-Acc\u00e9sit-en-El-Norte-de-Castilla-el-peri\u00f3dico-decano-de-Espa\u00f1a-768x905.jpg 768w, https:\/\/tiberiades.org\/wp-content\/uploads\/2020\/04\/8-Noticia-del-Acc\u00e9sit-en-El-Norte-de-Castilla-el-peri\u00f3dico-decano-de-Espa\u00f1a.jpg 1136w\" sizes=\"auto, (max-width: 869px) 100vw, 869px\" \/><\/a><figcaption>Noticia del Acc\u00e9sit en  El Norte de Castilla, el peri\u00f3dico decano de Espa\u00f1a<\/figcaption><\/figure><\/div>\n","protected":false},"excerpt":{"rendered":"<p>Un jurado, integrado por Ant\u00f3nio Salvado, Carmen Ruiz Barrionuevo, Pilar Fern\u00e1ndez Labrador, Jes\u00fas Fonseca, Alfredo P\u00e9rez Alencart, Carlos Aganzo, Jos\u00e9 Mar\u00eda Mu\u00f1oz Quir\u00f3s, Inmaculada Guadalupe Salas y David Mingo, con Victoria P\u00e9rez Castrillo como secretaria, concedi\u00f3 el Acc\u00e9sit del prestigioso VII Premio Internacional de Poes\u00eda \u2018Pilar Fern\u00e1ndez Labrador\u2019 a su libro \u2018El mar ya no es\u2019, del cual se ha [&hellip;]<\/p>\n","protected":false},"author":2,"featured_media":2743,"comment_status":"open","ping_status":"closed","sticky":false,"template":"","format":"standard","meta":{"footnotes":""},"categories":[46],"tags":[157,160],"class_list":["post-2747","post","type-post","status-publish","format-standard","has-post-thumbnail","hentry","category-marcelo-gatica","tag-marcelo-gatica","tag-premio-pilar-fernandez-labrador"],"_links":{"self":[{"href":"https:\/\/tiberiades.org\/index.php?rest_route=\/wp\/v2\/posts\/2747","targetHints":{"allow":["GET"]}}],"collection":[{"href":"https:\/\/tiberiades.org\/index.php?rest_route=\/wp\/v2\/posts"}],"about":[{"href":"https:\/\/tiberiades.org\/index.php?rest_route=\/wp\/v2\/types\/post"}],"author":[{"embeddable":true,"href":"https:\/\/tiberiades.org\/index.php?rest_route=\/wp\/v2\/users\/2"}],"replies":[{"embeddable":true,"href":"https:\/\/tiberiades.org\/index.php?rest_route=%2Fwp%2Fv2%2Fcomments&post=2747"}],"version-history":[{"count":11,"href":"https:\/\/tiberiades.org\/index.php?rest_route=\/wp\/v2\/posts\/2747\/revisions"}],"predecessor-version":[{"id":2759,"href":"https:\/\/tiberiades.org\/index.php?rest_route=\/wp\/v2\/posts\/2747\/revisions\/2759"}],"wp:featuredmedia":[{"embeddable":true,"href":"https:\/\/tiberiades.org\/index.php?rest_route=\/wp\/v2\/media\/2743"}],"wp:attachment":[{"href":"https:\/\/tiberiades.org\/index.php?rest_route=%2Fwp%2Fv2%2Fmedia&parent=2747"}],"wp:term":[{"taxonomy":"category","embeddable":true,"href":"https:\/\/tiberiades.org\/index.php?rest_route=%2Fwp%2Fv2%2Fcategories&post=2747"},{"taxonomy":"post_tag","embeddable":true,"href":"https:\/\/tiberiades.org\/index.php?rest_route=%2Fwp%2Fv2%2Ftags&post=2747"}],"curies":[{"name":"wp","href":"https:\/\/api.w.org\/{rel}","templated":true}]}}