{"id":295,"date":"2019-02-18T21:39:04","date_gmt":"2019-02-18T21:39:04","guid":{"rendered":"http:\/\/tiberiades.org\/?p=295"},"modified":"2019-02-18T21:39:04","modified_gmt":"2019-02-18T21:39:04","slug":"poemas-de-beatriz-garrido","status":"publish","type":"post","link":"https:\/\/tiberiades.org\/?p=295","title":{"rendered":"Poemas de Beatriz Garrido"},"content":{"rendered":"\n<pre class=\"wp-block-verse\"><strong>ENTRE LIRIOS<br> <\/strong><br>Mi rosa de Sar\u00f3n y el lirio de mis valles,<br> Prendiste todo mi ser con tu dulzor.<br> Tu suave voz y todos tus aromas,<br> Enredaron mi alma como hiedra prendida en amor.<br> <br> Tu nombre es como suave ung\u00fcento derramado.<br> Atr\u00e1eme una y otra vez en pos de ti.<br> \u00a1Hazme saber, amor, cu\u00e1nto me amas!<br> Y correr\u00e9 en tu busca, como paloma en mes de Abril.<br> <br> Tu fruto es tan dulce ,amado m\u00edo,<br> que estoy enferma de amor si no est\u00e1s t\u00fa.<br> Abr\u00e1zame con fuerza y con ternura,<br> y haz de tu amor bandera de transparente luz.<br> <br> Llega la primavera amor, march\u00f3 el invierno,<br> y suave canci\u00f3n de t\u00f3rtola susurra por ah\u00ed.<br> Apaci\u00e9ntame entre lirios hasta que apunte el alba<br> y huyan todas las sombras que hay en m\u00ed.<br> <br> Ponme como un sello sobre tu dulce alma,<br> Como una marca eterna sobre tu brazo y coraz\u00f3n.<br> No dejes que este amor se acabe nunca,<br> Y enr\u00e9dame en tu seno con pasi\u00f3n.<br> <br> Porque este amor es fuerte as\u00ed como la muerte,<br> sus brasas como fuego que me hace enardecer.<br> No podr\u00e1n apagarlo ni las muchas aguas,<br> ni r\u00edos caudalosos de eterno atardecer.<br><\/pre>\n\n\n\n<div class=\"wp-block-image\"><figure class=\"aligncenter\"><img loading=\"lazy\" decoding=\"async\" width=\"1024\" height=\"692\" src=\"https:\/\/tiberiades.org\/wp-content\/uploads\/2019\/02\/2-Foto-de-Jos\u00e9-Amador-Mart\u00edn-1-1024x692.jpg\" alt=\"\" class=\"wp-image-275\" srcset=\"https:\/\/tiberiades.org\/wp-content\/uploads\/2019\/02\/2-Foto-de-Jos\u00e9-Amador-Mart\u00edn-1-1024x692.jpg 1024w, https:\/\/tiberiades.org\/wp-content\/uploads\/2019\/02\/2-Foto-de-Jos\u00e9-Amador-Mart\u00edn-1-300x203.jpg 300w, https:\/\/tiberiades.org\/wp-content\/uploads\/2019\/02\/2-Foto-de-Jos\u00e9-Amador-Mart\u00edn-1-768x519.jpg 768w, https:\/\/tiberiades.org\/wp-content\/uploads\/2019\/02\/2-Foto-de-Jos\u00e9-Amador-Mart\u00edn-1.jpg 1978w\" sizes=\"auto, (max-width: 1024px) 100vw, 1024px\" \/><figcaption>Foto de Jos\u00e9 Amador Mart\u00edn<\/figcaption><\/figure><\/div>\n\n\n\n<div class=\"wp-block-image\"><figure class=\"aligncenter\"><img loading=\"lazy\" decoding=\"async\" width=\"642\" height=\"960\" src=\"https:\/\/tiberiades.org\/wp-content\/uploads\/2019\/02\/3-Foto-de-Jos\u00e9-Amador-Mart\u00edn-2.jpg\" alt=\"\" class=\"wp-image-296\" srcset=\"https:\/\/tiberiades.org\/wp-content\/uploads\/2019\/02\/3-Foto-de-Jos\u00e9-Amador-Mart\u00edn-2.jpg 642w, https:\/\/tiberiades.org\/wp-content\/uploads\/2019\/02\/3-Foto-de-Jos\u00e9-Amador-Mart\u00edn-2-201x300.jpg 201w\" sizes=\"auto, (max-width: 642px) 100vw, 642px\" \/><figcaption>Foto de Jos\u00e9 Amador Mart\u00edn<\/figcaption><\/figure><\/div>\n\n\n\n<pre class=\"wp-block-verse\"><strong>CUANDO LLEGUE EL OTO\u00d1O SERENO DE MI VIDA\u2026<br><\/strong><br> Cuando llegue el oto\u00f1o sereno de mi vida, <br> cuando las hojas, lentas, se caigan a mis pies; <br> me sentar\u00e9 a tu lado y me echar\u00e9 en tu hombro, <br> y recordar\u00e9 aquel d\u00eda cuando te comenc\u00e9 a querer.<br> <br> Cuando llegue el oto\u00f1o sereno de mi vida, <br> ya lejos de trabajos, problemas y ansiedad, <br> recordaremos juntos, con el rostro cansado, <br> los momentos de luchas, problemas y pesar.<br> <br> Cuando llegue el oto\u00f1o sereno de mi vida <br> y el mar -en la ventana- se vuelva espuma gris, <br> recordar\u00e9 momentos de juventud intensa, <br> cuando en sus fieras aguas inmersa me sent\u00ed.<br> <br> Cuando llegue el oto\u00f1o sereno de mi vida, <br> y los d\u00edas corran lentos en tonos pastel, <br> te tomar\u00e9 las manos suaves y cansadas, <br> e igual que aquella tarde las acariciar\u00e9.<br> <br> Cuando llegue el oto\u00f1o sereno de mi vida, <br> recordaremos juntos nuestro servicio a Dios, <br> en diferentes formas, maneras y colores; <br> pero siempre pensando ofrecerte lo mejor.<br> <br> Cuando llegue el oto\u00f1o sereno de mi vida, <br> me quedar\u00e9 dormida tranquila, junto a ti; <br> y si es que en la otra vida existe amor alguno, <br> volver\u00eda a buscarte, por siempre inmersa en ti. <\/pre>\n\n\n\n<div class=\"wp-block-image\"><figure class=\"aligncenter\"><img loading=\"lazy\" decoding=\"async\" width=\"620\" height=\"421\" src=\"https:\/\/tiberiades.org\/wp-content\/uploads\/2019\/02\/4-Moros-Garrido-Quintana-y-Pav\u00f3n-autoras-del-libro-dedicado-a-Teresa-de-\u00c1vila-Foto-MGala.jpg\" alt=\"\" class=\"wp-image-277\" srcset=\"https:\/\/tiberiades.org\/wp-content\/uploads\/2019\/02\/4-Moros-Garrido-Quintana-y-Pav\u00f3n-autoras-del-libro-dedicado-a-Teresa-de-\u00c1vila-Foto-MGala.jpg 620w, https:\/\/tiberiades.org\/wp-content\/uploads\/2019\/02\/4-Moros-Garrido-Quintana-y-Pav\u00f3n-autoras-del-libro-dedicado-a-Teresa-de-\u00c1vila-Foto-MGala-300x204.jpg 300w\" sizes=\"auto, (max-width: 620px) 100vw, 620px\" \/><figcaption>Moros, Garrido, Quintana y Pav\u00f3n, autoras del libro dedicado a Teresa de \u00c1vila (Foto M Gala)<\/figcaption><\/figure><\/div>\n\n\n\n<pre class=\"wp-block-verse\"><strong>PARA TI, TERESA<br> <\/strong><br> Buena estatura y en su mocedad hermosa<br> y, a\u00fan de vieja, preciosa harto bien.<br> Ojos vivos y graciosos, manos peque\u00f1as y finas\u2026<br> As\u00ed te defini\u00f3 alguien \u00a1Encaja bien con tu ser!<br> <br> Me encanta ver tu osad\u00eda y hasta tu atrevimiento:<br> ten\u00edas las cosas claras, sin dudarlo ni en un alto.<br> Bien puede que t\u00fa llevaras los dos pies muy bien descalzos,<br> Aquello de\u2026 \u201cPisa morena.\u201d\u00a0 Te defin\u00eda Ipso facto.<br> <br> Mujer valiente donde las hubiera,<br> Culta, inteligente, apasionada y hasta desbordante.<br> Al mism\u00edsimo Inquisidor le diste dos med\u00edas tuercas.<br> \u00a1ni sabes lo que dar\u00eda por abrazarte al instante!<br> <br> Prohibida, juzgada, criticada y observada.<br> No creo que fuera f\u00e1cil sobrellevar esa carga,<br> Pero el m\u00e1s grande Amor de tu alma y de tu vida,<br> Te ayudaba a soportarla; todo por \u00c9l aguantabas.<br> <br> \u00bfMe dicen qu\u00e9 medio hermana?...<br> \u00a1Hermana entera yo digo!<br> No puede quien a Dios ama,<br> ir separada conmigo.<br> <br> \u00a1Te admiro Teresa m\u00eda! Casi dir\u00eda\u2026 \u00a1Te envidio!<br> Tu huella fue tan profunda,<br> que ni los m\u00e1s detractores ni grandes inquisidores<br> han podido disiparla, destruirla ni apagarla.<br> <br> Vivo sin vivir en m\u00ed\u2026<br> El que de Dios el reino busca con ansia\u2026<br> Vuestra soy, para Vos nac\u00ed<br> \u00bfqu\u00e9 mand\u00e1is hacer de mi?<br> <br> Yo s\u00e9 que voy a encontrarte<br> En aquel lugar hermoso, inmarcesible y eterno.<br> Cuando llegue all\u00ed, te busco<br> y mi abrazo para ti ser\u00e1 inmenso y deseable!<\/pre>\n\n\n\n<div class=\"wp-block-image\"><figure class=\"aligncenter\"><img loading=\"lazy\" decoding=\"async\" width=\"1024\" height=\"689\" src=\"https:\/\/tiberiades.org\/wp-content\/uploads\/2019\/02\/5-Foto-de-Jos\u00e9-Amador-Mart\u00edn-1-1024x689.jpg\" alt=\"\" class=\"wp-image-278\" srcset=\"https:\/\/tiberiades.org\/wp-content\/uploads\/2019\/02\/5-Foto-de-Jos\u00e9-Amador-Mart\u00edn-1-1024x689.jpg 1024w, https:\/\/tiberiades.org\/wp-content\/uploads\/2019\/02\/5-Foto-de-Jos\u00e9-Amador-Mart\u00edn-1-300x202.jpg 300w, https:\/\/tiberiades.org\/wp-content\/uploads\/2019\/02\/5-Foto-de-Jos\u00e9-Amador-Mart\u00edn-1-768x516.jpg 768w, https:\/\/tiberiades.org\/wp-content\/uploads\/2019\/02\/5-Foto-de-Jos\u00e9-Amador-Mart\u00edn-1.jpg 1960w\" sizes=\"auto, (max-width: 1024px) 100vw, 1024px\" \/><figcaption> Foto de Jos\u00e9 Amador Mart\u00edn<\/figcaption><\/figure><\/div>\n\n\n\n<pre class=\"wp-block-verse\"><strong>AL ALBA<br> <\/strong><br> Me encuentro, mi Se\u00f1or, con tu mirada,\u00a0<br> cada alba del d\u00eda de mi vida;<br> y es hermoso ese encuentro sin palabras,<br> cuando T\u00fa me despiertas entre nubes blancas.<br> <br> Comienzas a mirarme y comienzo a ver la luz del d\u00eda,<br> y mis ojos se abren a tu encanto,<br> a tu Amor, a tu dulzura y alegr\u00edas.<br> <br> Me tomas como flor sutil y fr\u00e1gil,<br> y me acaricias el alma cada d\u00eda.<br> Si T\u00fa no est\u00e1s Se\u00f1or, no vivir\u00eda,<br> no seria, no respirar\u00eda.<br> <br> Porque eres el dador de nueva vida,<br> el que brilla en el alma y existencia,<br> quien pago de una vez todas mis deudas;<br> mi esperanza, redenci\u00f3n y estrella m\u00eda.<br> <br> \u00bfQu\u00e9 podr\u00eda yo dar Se\u00f1or, ante tal Gracia?<br> \u00bfc\u00f3mo podr\u00eda pagar regalo inmerecido?<br> s\u00f3lo rindiendo el alma con fragancia,<br> s\u00f3lo rindiendo el ser, toda la vida.\u00a0<\/pre>\n\n\n\n<div class=\"wp-block-image\"><figure class=\"aligncenter\"><img loading=\"lazy\" decoding=\"async\" width=\"1024\" height=\"685\" src=\"https:\/\/tiberiades.org\/wp-content\/uploads\/2019\/02\/6-Foto-de-Jos\u00e9-Amador-Mart\u00edn-1-1024x685.jpg\" alt=\"\" class=\"wp-image-279\" srcset=\"https:\/\/tiberiades.org\/wp-content\/uploads\/2019\/02\/6-Foto-de-Jos\u00e9-Amador-Mart\u00edn-1-1024x685.jpg 1024w, https:\/\/tiberiades.org\/wp-content\/uploads\/2019\/02\/6-Foto-de-Jos\u00e9-Amador-Mart\u00edn-1-300x201.jpg 300w, https:\/\/tiberiades.org\/wp-content\/uploads\/2019\/02\/6-Foto-de-Jos\u00e9-Amador-Mart\u00edn-1-768x514.jpg 768w, https:\/\/tiberiades.org\/wp-content\/uploads\/2019\/02\/6-Foto-de-Jos\u00e9-Amador-Mart\u00edn-1.jpg 1958w\" sizes=\"auto, (max-width: 1024px) 100vw, 1024px\" \/><figcaption>Foto de Jos\u00e9 Amador Mart\u00edn<\/figcaption><\/figure><\/div>\n\n\n\n<pre class=\"wp-block-verse\"><strong>S\u00d3LO RENDIDA ANTE TI<\/strong><br> \u00a0 <br> Hoy vengo rendida<br> <br> Hoy vengo rendida en adoraci\u00f3n,<br> postrada y rendida ante ti.<br> No tengo que darte, tan s\u00f3lo mi ser,<br> humilde \u00a1es todo de ti.<br> Y busco que darte, y busco el que dar,<br> y no encuentro palabras ni voz.<br> Ni obras que pueda a\u00f1adir a tu Cruz,<br> tan s\u00f3lo te doy lo que soy.<br> <br> Me veo tan pobre ante tu Majestad,<br> me veo tan poco a tus pies.<br> Que s\u00f3lo me entrego, que s\u00f3lo me doy,<br> Y adoro postrada ante el Rey.<br> <br> Me amaste primero, te diste por mi<br> \u00bfqu\u00e9 puedo ofrecerte Se\u00f1or?<br> Tan s\u00f3lo mi vida, s\u00f3lo el coraz\u00f3n,<br> delante del Trono, en adoraci\u00f3n.\u00a0<\/pre>\n\n\n\n<div class=\"wp-block-image\"><figure class=\"aligncenter\"><img loading=\"lazy\" decoding=\"async\" width=\"1024\" height=\"685\" src=\"https:\/\/tiberiades.org\/wp-content\/uploads\/2019\/02\/7-Foto-de-Jos\u00e9-Amador-Mart\u00edn-1024x685.jpg\" alt=\"\" class=\"wp-image-280\" srcset=\"https:\/\/tiberiades.org\/wp-content\/uploads\/2019\/02\/7-Foto-de-Jos\u00e9-Amador-Mart\u00edn-1024x685.jpg 1024w, https:\/\/tiberiades.org\/wp-content\/uploads\/2019\/02\/7-Foto-de-Jos\u00e9-Amador-Mart\u00edn-300x201.jpg 300w, https:\/\/tiberiades.org\/wp-content\/uploads\/2019\/02\/7-Foto-de-Jos\u00e9-Amador-Mart\u00edn-768x514.jpg 768w, https:\/\/tiberiades.org\/wp-content\/uploads\/2019\/02\/7-Foto-de-Jos\u00e9-Amador-Mart\u00edn.jpg 1793w\" sizes=\"auto, (max-width: 1024px) 100vw, 1024px\" \/><figcaption>Foto de Jos\u00e9 Amador Mart\u00edn<\/figcaption><\/figure><\/div>\n\n\n\n<pre class=\"wp-block-verse\"><strong>COMO AGUA <br> <\/strong><br> Hazme, mi Se\u00f1or, transparente como el agua,<br> y no dejes nunca que se deslice mi hablar;<br> dame un habla dulce y muy suave.<br> Y no dejes que me enrede mi pensar.<br> Ay\u00fadame a tener compasi\u00f3n por el herido,<br> dame cari\u00f1o a raudales para compartir:<br> quiero danzar entre lluvia fina y agua,<br> s\u00f3lo quiero ser un reflejo fiel de ti.<br> Me encanta el agua mansa de mis r\u00edas,<br> me encanta el agua brava de mi mar:<br> pero hoy necesito de tu agua,<br> necesito sumergirme en tu so\u00f1ar.<br> Llena mis manos de agua fresca y dulce,<br> agua preciosa para compartir;<br> compartir con el necesitado y el que sufre,<br> quiero ser bendici\u00f3n y poder bendecir.<br> Y cuando llegue al r\u00edo de tus aguas de ensue\u00f1o,<br> suj\u00e9tame con fuerza para no caer;<br> y ll\u00e9vame a la orilla y envu\u00e9lveme en tu seno,<br> Dios de la vida m\u00eda, de la transparencia y paz.<br> Hoy quiero ser Se\u00f1or tal como el agua,<br> y quiero que me empape el coraz\u00f3n;<br> agua de vida y sanidad profunda,<br> que lleve en cada gota tu mensaje y tu Amor.\u00a0<\/pre>\n\n\n\n<div class=\"wp-block-image\"><figure class=\"aligncenter\"><img loading=\"lazy\" decoding=\"async\" width=\"1024\" height=\"684\" src=\"https:\/\/tiberiades.org\/wp-content\/uploads\/2019\/02\/8-Foto-de-Jos\u00e9-Amador-Mart\u00edn-1024x684.jpg\" alt=\"\" class=\"wp-image-281\" srcset=\"https:\/\/tiberiades.org\/wp-content\/uploads\/2019\/02\/8-Foto-de-Jos\u00e9-Amador-Mart\u00edn-1024x684.jpg 1024w, https:\/\/tiberiades.org\/wp-content\/uploads\/2019\/02\/8-Foto-de-Jos\u00e9-Amador-Mart\u00edn-300x200.jpg 300w, https:\/\/tiberiades.org\/wp-content\/uploads\/2019\/02\/8-Foto-de-Jos\u00e9-Amador-Mart\u00edn-768x513.jpg 768w, https:\/\/tiberiades.org\/wp-content\/uploads\/2019\/02\/8-Foto-de-Jos\u00e9-Amador-Mart\u00edn.jpg 1788w\" sizes=\"auto, (max-width: 1024px) 100vw, 1024px\" \/><figcaption>Foto de Jos\u00e9 Amador Mart\u00edn<\/figcaption><\/figure><\/div>\n\n\n\n<pre class=\"wp-block-verse\"><strong>DESTINOS EXTRAORDINARIOS<\/strong> <br> <br> Nunca supe y nunca s\u00e9,<br> y nunca sabr\u00e9 hasta verte;<br> s\u00f3lo s\u00e9 que me escogiste<br> para amarte y no perderte.<br> <br> Y te amo porque amas<br> como jam\u00e1s hayan hecho;<br> por mi entregaste tu vida,<br> y por ti entrego mi techo.<br> <br> Me has pasado por el fuego<br> y por las aguas profundas;<br> pero en cada recoveco,\u00a0<br> me ha amparado tu fiel pecho.<br> <br> Y no quiero deslizarme,<br> y no quiero marchar nunca;<br> de tu fuerza, de tu abrazo,<br> ni de tu Cruz hecha lucha.<br> <br> Una lucha ya vencida,<br> una lucha bien ganada;<br> una victoria que acoge<br> mi ser en suave balada.<br> <br> Y nunca sabr\u00e9 hasta verte<br> el porqu\u00e9 de cada cosa,<br> de cada prueba que duele<br> o de la dulce enramada.<br> <br> Se\u00f1or de la vida m\u00eda,<br> hay prop\u00f3sito en tus planes.<br> Y yo me rindo de nuevo,<br> sabiendo que tu luz clara ilumina mi mirada.<br> <br> Dios del sol y de la luna,<br> de las estrellas brillantes;<br> aqu\u00ed me tienes de nuevo,<br> con valor de diamante.<br> <br> Y al final de mi carrera,<br> cuando me encuentre ante el Trono;<br> s\u00f3lo podr\u00e9 contemplarte, \u00a0adorarte <br> en mar de vidrio, perlas blancas, y abandono.\u00a0<\/pre>\n\n\n\n<div class=\"wp-block-image\"><figure class=\"aligncenter\"><img loading=\"lazy\" decoding=\"async\" width=\"960\" height=\"672\" src=\"https:\/\/tiberiades.org\/wp-content\/uploads\/2019\/02\/9-Foto-de-Jos\u00e9-Amador-Mart\u00edn.jpg\" alt=\"\" class=\"wp-image-282\" srcset=\"https:\/\/tiberiades.org\/wp-content\/uploads\/2019\/02\/9-Foto-de-Jos\u00e9-Amador-Mart\u00edn.jpg 960w, https:\/\/tiberiades.org\/wp-content\/uploads\/2019\/02\/9-Foto-de-Jos\u00e9-Amador-Mart\u00edn-300x210.jpg 300w, https:\/\/tiberiades.org\/wp-content\/uploads\/2019\/02\/9-Foto-de-Jos\u00e9-Amador-Mart\u00edn-768x538.jpg 768w\" sizes=\"auto, (max-width: 960px) 100vw, 960px\" \/><figcaption>Foto de Jos\u00e9 Amador Mart\u00edn<\/figcaption><\/figure><\/div>\n\n\n\n<pre class=\"wp-block-verse\"><strong>CRUZAMOS JUNTOS<\/strong><br> <br> Llevo el alma desnuda y muy cansada,<br> y se me abre la puerta una vez m\u00e1s.<br> Me pesan las amarras, la mochila,<br> el zurr\u00f3n, la harina, y el costal.<br> <br> Y recuerdo aquel golpe en las entra\u00f1as,<br> el dolor del amigo que fall\u00f3,<br> la decepci\u00f3n, los golpes de la espada;<br> pero tu abrigo fiel en el dolor.<br> <br> Envu\u00e9lveme en ternuras y cari\u00f1o,<br> en flor de la canela y en pasi\u00f3n.<br> Emp\u00e1pame en tu Gracia y en tu Llama,<br> y haz arder mi alma y coraz\u00f3n.<br> <br> Y seguimos camino \u00a1Padre m\u00edo!<br> y subimos monta\u00f1as, nubes, y fulgor.<br> Siempre muy juntos, yo a tus pies y T\u00fa a mi vera;<br> en cada luz del alba, y en cada estrella llena de color.<br> <br> Y hoy cruzamos la puerta que me lleva al Trono,<br> La puerta de otro a\u00f1o que no s\u00e9 que tendr\u00e1.<br> Pero cruzamos juntos \u00a1Amor de mis amores!<br> La cruzo muy tranquila, me llevas al Hogar.\u00a0<\/pre>\n\n\n\n<div class=\"wp-block-image\"><figure class=\"aligncenter\"><img loading=\"lazy\" decoding=\"async\" width=\"1024\" height=\"668\" src=\"https:\/\/tiberiades.org\/wp-content\/uploads\/2019\/02\/10-Foto-de-Jos\u00e9-Amador-Mart\u00edn-1024x668.jpg\" alt=\"\" class=\"wp-image-283\" srcset=\"https:\/\/tiberiades.org\/wp-content\/uploads\/2019\/02\/10-Foto-de-Jos\u00e9-Amador-Mart\u00edn-1024x668.jpg 1024w, https:\/\/tiberiades.org\/wp-content\/uploads\/2019\/02\/10-Foto-de-Jos\u00e9-Amador-Mart\u00edn-300x196.jpg 300w, https:\/\/tiberiades.org\/wp-content\/uploads\/2019\/02\/10-Foto-de-Jos\u00e9-Amador-Mart\u00edn-768x501.jpg 768w, https:\/\/tiberiades.org\/wp-content\/uploads\/2019\/02\/10-Foto-de-Jos\u00e9-Amador-Mart\u00edn.jpg 1749w\" sizes=\"auto, (max-width: 1024px) 100vw, 1024px\" \/><figcaption>Foto de Jos\u00e9 Amador Mart\u00edn<\/figcaption><\/figure><\/div>\n\n\n\n<pre class=\"wp-block-verse\"><strong>HILOS DE PLATA<\/strong><br> <br> Hilos de plata manejan mi vida,<br> me envuelven, me atrapan y me hacen so\u00f1ar.<br> Los hilos suaves que gu\u00edan mis pasos,<br> y hacen que brille todo el caminar.<br> <br> Hilos de plata que mi Dios me pone,<br> no por fuerza ni orden, s\u00f3lo por amor.<br> Amor que me abraza, Amor que me enreda,<br> tal como la hiedra mirando hac\u00eda el sol.<br> <br> Hilos de plata llevar\u00e1n un d\u00eda,<br> al dulce destino que me espera all\u00e1.<br> M\u00e1s alto que nubes, que luces y estrellas,<br> junto al Dios que un d\u00eda me vino a salvar.<\/pre>\n\n\n\n<div class=\"wp-block-image\"><figure class=\"aligncenter\"><img loading=\"lazy\" decoding=\"async\" width=\"1024\" height=\"638\" src=\"https:\/\/tiberiades.org\/wp-content\/uploads\/2019\/02\/11-Alencart-Stuart-Park-Beatriz-Garrido-y-Juan-Carlos-Mart\u00edn-foto-MGala-1024x638.jpg\" alt=\"\" class=\"wp-image-284\" srcset=\"https:\/\/tiberiades.org\/wp-content\/uploads\/2019\/02\/11-Alencart-Stuart-Park-Beatriz-Garrido-y-Juan-Carlos-Mart\u00edn-foto-MGala-1024x638.jpg 1024w, https:\/\/tiberiades.org\/wp-content\/uploads\/2019\/02\/11-Alencart-Stuart-Park-Beatriz-Garrido-y-Juan-Carlos-Mart\u00edn-foto-MGala-300x187.jpg 300w, https:\/\/tiberiades.org\/wp-content\/uploads\/2019\/02\/11-Alencart-Stuart-Park-Beatriz-Garrido-y-Juan-Carlos-Mart\u00edn-foto-MGala-768x479.jpg 768w\" sizes=\"auto, (max-width: 1024px) 100vw, 1024px\" \/><figcaption>Alencart, Stuart Park, Beatriz Garrido y Juan Carlos Mart\u00edn (foto M Gala)<\/figcaption><\/figure><\/div>\n\n\n\n<pre class=\"wp-block-verse\"><strong>FUEGO LENTO <br> <\/strong><br> Te vi sobre un trono alto entre alas de querubines, <br> y se estremec\u00edan puertas, humo, voces celestes serenas. <br> Y me llamaste por nombre, y me pediste que fuera; <br> yo no pude resistirlo, y te respond\u00ed que s\u00ed entre envolventes estrellas. \u00a0 <br> <br> Y yo comenc\u00e9 a seguirte aunque me cre\u00eda ni\u00f1o, <br> pero tu silbo apacible me hizo salir de mi cueva. <br> Me rode\u00f3 con tus besos, me rode\u00f3 de cari\u00f1o, <br> y tus palabras hermosas confirmaron mi destino. \u00a0 <br> <br> A fuego lento me amaste, a fuego lento llamaste, <br> trabajaste a fuego lento mi pasi\u00f3n y desvar\u00edos. <br> A veces el fuego ard\u00eda, a veces era suave; <br> pero fuiste poco a poco llevando mis desatinos. \u00a0 <br> <br> En las colinas m\u00e1s altas, tu fuego lento me herv\u00eda.<br> \u00a0En los m\u00e1s profundos valles, me acariciaba ese fuego; <br> mas en cada lado m\u00edo, en tu sendero que andaba, <br> fuiste siempre a fuego lento llevando mi pie ligero. <br> \u00a0 <br> Trabajaste mis errores, me llenaste de tu vida, <br> me ense\u00f1aste, me guiaste, y lo mismo que una vela <br> a fuego lento guardaste y utilizaste mi vida. <br> Jam\u00e1s t\u00fa me abandonaste en la lucha, la batalla, o el calentar de la cera. \u00a0 <br> <br> Y sigues a fuego lento tomando mi vida entera,<br> y a cada paso que ando me acerco m\u00e1s a tu vera. <br> Que no hay nada tan profundo, ni alto ni principado, <br> que no me acerque a tu bien, a tu presencia y entrega. \u00a0 <br> <br> Y un d\u00eda me llevar\u00e1s y ver\u00e9 tus ojos bellos, <br> entonces ya no habr\u00e1 prisa y seguir\u00e9 a fuego lento. <br> Tendr\u00e9 dulzura infinita para envolverme en tus brazos, <br> Y a fuego lento sin fin ser\u00e1 el cielo, ser\u00e1s t\u00fa, ser\u00e1 mi ensue\u00f1o bien cierto.<br> <br> <em>Poema reconocido con el acc\u00e9sit en la XXXII edici\u00f3n <br> del certamen literario de relato y poes\u00eda Gonz\u00e1lez-Waris<\/em><\/pre>\n\n\n\n<div class=\"wp-block-image\"><figure class=\"aligncenter\"><img loading=\"lazy\" decoding=\"async\" width=\"570\" height=\"381\" src=\"https:\/\/tiberiades.org\/wp-content\/uploads\/2019\/02\/12-Tarquis-Alencart-y-Garrido-foto-MGala.jpg\" alt=\"\" class=\"wp-image-285\" srcset=\"https:\/\/tiberiades.org\/wp-content\/uploads\/2019\/02\/12-Tarquis-Alencart-y-Garrido-foto-MGala.jpg 570w, https:\/\/tiberiades.org\/wp-content\/uploads\/2019\/02\/12-Tarquis-Alencart-y-Garrido-foto-MGala-300x201.jpg 300w\" sizes=\"auto, (max-width: 570px) 100vw, 570px\" \/><figcaption>Tarquis, Alencart y Garrido (foto M. Gala)<\/figcaption><\/figure><\/div>\n\n\n\n<p class=\"wp-block-paragraph\"><em>Beatriz Garrido (La Coru\u00f1a, Espa\u00f1a), poeta, conferenciante, locutora de radio y presentadora, junto con Jaime Fern\u00e1ndez, del programa de radio de \u00abNacer de novo\u00bb, programa de todas las iglesias evang\u00e9licas de Galicia. Escribe los domingos en el peri\u00f3dico Protestante Digital, en su blog personal \u201cFollas Novas\u201d. Forma parte de la Junta nacional de la UDME (Uni\u00f3n de Mujeres Evang\u00e9licas de Espa\u00f1a) y del Consejo asesor espa\u00f1ol de TIBER\u00cdADES. Ha obtenido varios galardones por sus creaciones po\u00e9ticas.<br> <\/em><\/p>\n\n\n\n<div class=\"wp-block-image\"><figure class=\"aligncenter\"><img loading=\"lazy\" decoding=\"async\" width=\"418\" height=\"570\" src=\"https:\/\/tiberiades.org\/wp-content\/uploads\/2019\/02\/13.jpg\" alt=\"\" class=\"wp-image-286\" srcset=\"https:\/\/tiberiades.org\/wp-content\/uploads\/2019\/02\/13.jpg 418w, https:\/\/tiberiades.org\/wp-content\/uploads\/2019\/02\/13-220x300.jpg 220w\" sizes=\"auto, (max-width: 418px) 100vw, 418px\" \/><figcaption>Ofrendas para Teresa, poemario que contiene versos de Beatriz Garrido<\/figcaption><\/figure><\/div>\n","protected":false},"excerpt":{"rendered":"<p>ENTRE LIRIOS Mi rosa de Sar\u00f3n y el lirio de mis valles, Prendiste todo mi ser con tu dulzor. Tu suave voz y todos tus aromas, Enredaron mi alma como hiedra prendida en amor. Tu nombre es como suave ung\u00fcento derramado. Atr\u00e1eme una y otra vez en pos de ti. \u00a1Hazme saber, amor, cu\u00e1nto me amas! Y correr\u00e9 en tu [&hellip;]<\/p>\n","protected":false},"author":2,"featured_media":274,"comment_status":"open","ping_status":"closed","sticky":false,"template":"","format":"standard","meta":{"footnotes":""},"categories":[25,19,1],"tags":[],"class_list":["post-295","post","type-post","status-publish","format-standard","has-post-thumbnail","hentry","category-beatriz-garrido","category-poemas-de","category-uncategorized"],"_links":{"self":[{"href":"https:\/\/tiberiades.org\/index.php?rest_route=\/wp\/v2\/posts\/295","targetHints":{"allow":["GET"]}}],"collection":[{"href":"https:\/\/tiberiades.org\/index.php?rest_route=\/wp\/v2\/posts"}],"about":[{"href":"https:\/\/tiberiades.org\/index.php?rest_route=\/wp\/v2\/types\/post"}],"author":[{"embeddable":true,"href":"https:\/\/tiberiades.org\/index.php?rest_route=\/wp\/v2\/users\/2"}],"replies":[{"embeddable":true,"href":"https:\/\/tiberiades.org\/index.php?rest_route=%2Fwp%2Fv2%2Fcomments&post=295"}],"version-history":[{"count":2,"href":"https:\/\/tiberiades.org\/index.php?rest_route=\/wp\/v2\/posts\/295\/revisions"}],"predecessor-version":[{"id":298,"href":"https:\/\/tiberiades.org\/index.php?rest_route=\/wp\/v2\/posts\/295\/revisions\/298"}],"wp:featuredmedia":[{"embeddable":true,"href":"https:\/\/tiberiades.org\/index.php?rest_route=\/wp\/v2\/media\/274"}],"wp:attachment":[{"href":"https:\/\/tiberiades.org\/index.php?rest_route=%2Fwp%2Fv2%2Fmedia&parent=295"}],"wp:term":[{"taxonomy":"category","embeddable":true,"href":"https:\/\/tiberiades.org\/index.php?rest_route=%2Fwp%2Fv2%2Fcategories&post=295"},{"taxonomy":"post_tag","embeddable":true,"href":"https:\/\/tiberiades.org\/index.php?rest_route=%2Fwp%2Fv2%2Ftags&post=295"}],"curies":[{"name":"wp","href":"https:\/\/api.w.org\/{rel}","templated":true}]}}