{"id":3023,"date":"2020-05-28T17:51:42","date_gmt":"2020-05-28T16:51:42","guid":{"rendered":"http:\/\/tiberiades.org\/?p=3023"},"modified":"2020-06-02T09:16:26","modified_gmt":"2020-06-02T08:16:26","slug":"el-nombre-de-la-rosa-1986-de-jean-jacques-annaud-por-jose-alfredo-perez-alencar","status":"publish","type":"post","link":"https:\/\/tiberiades.org\/?p=3023","title":{"rendered":"El nombre de la rosa (1986), de Jean-Jacques Annaud"},"content":{"rendered":"<p>Si alguien pretende salirse de los l\u00edmites establecidos, sufrir\u00e1 consecuencias negativas; esta es la premisa que se deriva de la pel\u00edcula. El director hace cine con la novela de Umberto Eco y, de qu\u00e9 manera, pues en esta peque\u00f1a abad\u00eda italiana se compendian gran parte de los aspectos negativos de la Iglesia Cat\u00f3lica de la \u00e9poca. Quiero dejar constancia, desde un primer momento, que no trato de causar afecci\u00f3n a la imagen de esta rama de la religi\u00f3n cristiana, bas\u00e1ndome en hechos y realidades que son fehacientes, pues soy de la creencia de que la pertenencia a una confesi\u00f3n u otra no hace a la persona.<\/p>\n<p>No es el primer \u00e9xito de este director, ya que con anterioridad hab\u00eda ganado un \u00d3scar a la mejor pel\u00edcula extranjera y, aunque no he tenido el gusto de ver m\u00e1s trabajos suyos, como amante de la historia que versa sobre la Segunda Guerra Mundial, puedo decir que <em>Enemigo a las puertas<\/em> (2001), es una pel\u00edcula en may\u00fasculas. Annaud acoge el nombre de la novela para su proyecto, un t\u00edtulo que es acertado si tenemos en cuenta que el escritor tambi\u00e9n pens\u00f3 en llamarla <em>La abad\u00eda del crimen<\/em>, que no hubiera estado mal, pero no englobar\u00eda los m\u00faltiples aspectos de la obra.<\/p>\n<figure id=\"attachment_3021\" aria-describedby=\"caption-attachment-3021\" style=\"width: 640px\" class=\"wp-caption aligncenter\"><img loading=\"lazy\" decoding=\"async\" width=\"640\" height=\"640\" class=\"size-large wp-image-3021\" alt=\"\" src=\"https:\/\/tiberiades.org\/wp-content\/uploads\/2020\/05\/2-Sean-Connery-y-Jean-Jacques-Annaud-1024x1024.jpg\" srcset=\"https:\/\/tiberiades.org\/wp-content\/uploads\/2020\/05\/2-Sean-Connery-y-Jean-Jacques-Annaud-1024x1024.jpg 1024w, https:\/\/tiberiades.org\/wp-content\/uploads\/2020\/05\/2-Sean-Connery-y-Jean-Jacques-Annaud-300x300.jpg 300w, https:\/\/tiberiades.org\/wp-content\/uploads\/2020\/05\/2-Sean-Connery-y-Jean-Jacques-Annaud-150x150.jpg 150w, https:\/\/tiberiades.org\/wp-content\/uploads\/2020\/05\/2-Sean-Connery-y-Jean-Jacques-Annaud-768x768.jpg 768w, https:\/\/tiberiades.org\/wp-content\/uploads\/2020\/05\/2-Sean-Connery-y-Jean-Jacques-Annaud-400x400.jpg 400w, https:\/\/tiberiades.org\/wp-content\/uploads\/2020\/05\/2-Sean-Connery-y-Jean-Jacques-Annaud.jpg 1400w\" sizes=\"auto, (max-width: 640px) 100vw, 640px\" \/><figcaption id=\"caption-attachment-3021\" class=\"wp-caption-text\">Sean Connery y Jean-Jacques Annaud<\/figcaption><\/figure>\n<p>La trama se inicia con la llegada de dos monjes de la orden franciscana a un lugar alejado donde se encuentra una abad\u00eda que acaba de perder a uno de sus miembros en oscuras circunstancias. Un aura de secretismo y aflicci\u00f3n se cierne sobre los esp\u00edritus de estos cl\u00e9rigos&#8230;<\/p>\n<p>El filme se imbuye de un suspense policiaco y, no es para menos, ya que Fray Guillermo de Baskerville (Sean Connery, reputado actor escoc\u00e9s que ha hecho pel\u00edculas de la <em>saga de 007 <\/em>o<em> Los intocables de Elliot Ness, <\/em>1987) es un Sherlock Holmes en potencia. Es clave la andadura de este personaje, avanzado a su tiempo, estudioso de los fil\u00f3sofos griegos y que alberga un sentido de la tolerancia que no tiene cabida en ese mundo eclesi\u00e1stico del siglo XIV. Lo acompa\u00f1a su pupilo, Adso de Melk (un joven Christian Slater, <em>Robin Hood<\/em>, 1991;<em> Ask me anything,<\/em> 2014;<em> Mentiras e ilusiones, <\/em>2009), un chico ingenuo, pero que vivir\u00e1 una serie de experiencias sobrecogedoras que lo convertir\u00e1n en el narrador detr\u00e1s de la obra. Si alguien se pregunta sobre la posibilidad de que en un contexto como el de la pel\u00edcula surja el amor, en Adso tenemos la respuesta; en su personaje la cr\u00edtica que se hace a lo largo de los minutos se torna en un dilema \u00faltimo.<\/p>\n<p>Podemos se\u00f1alar que es una pel\u00edcula que goza de vigencia en nuestros tiempos y es demoledora con el silencio de ciertas cuestiones poco abordadas en el cine, por ejemplo, fij\u00e9monos en un filme actual como es <em>Spotlight <\/em>(2015), basado en hechos reales, que se queda corto en comparaci\u00f3n con la pel\u00edcula que comento, ya que si bien se centra en los esc\u00e1ndalos de la Iglesia Cat\u00f3lica en referencia a la pederastia, <strong><em>El nombre de la Rosa<\/em><\/strong> va mucho m\u00e1s all\u00e1, tratando no solo el tema de la sexualidad entre los monjes, y la de \u00e9stos con alguna que otra persona secular, sino que impone en el foco de visi\u00f3n la excesiva opulencia de un sector de la Iglesia con respecto a la decadencia del pueblo llano, \u00bfd\u00f3nde queda el amor al pr\u00f3jimo? Si escribo acerca de la ornamentaci\u00f3n o los \u00e1nimos de la ostentaci\u00f3n es porque es otro elemento clave del filme, pues la orden franciscana corre peligro a causa de contradecir, en cierta manera, los pilares que fundamentan ese estatus que parece traer consigo el olvido de la proclama de que todos los hombres son iguales ante los ojos de Dios.<\/p>\n<p><img loading=\"lazy\" decoding=\"async\" width=\"600\" height=\"850\" class=\"aligncenter size-full wp-image-3022\" alt=\"\" src=\"https:\/\/tiberiades.org\/wp-content\/uploads\/2020\/05\/3-7.jpg\" srcset=\"https:\/\/tiberiades.org\/wp-content\/uploads\/2020\/05\/3-7.jpg 600w, https:\/\/tiberiades.org\/wp-content\/uploads\/2020\/05\/3-7-212x300.jpg 212w\" sizes=\"auto, (max-width: 600px) 100vw, 600px\" \/><\/p>\n<p>&nbsp;<\/p>\n<p>Otro aspecto de enorme relevancia es la tiran\u00eda del conocimiento para unos pocos, la cual es un elemento amigo de las dictaduras. No es sorprendente la llegada de Mart\u00edn Lutero (recomiendo la visi\u00f3n del filme <em>Lutero, <\/em>2003, o tambi\u00e9n la lectura del libro de Mario Escobar, <em>\u201cMatar a Lutero\u201d <\/em>(Grupo Nelson, 2011), unos cuantos a\u00f1os m\u00e1s tarde), el monje agustino que en 1517 clav\u00f3 sus 95 tesis en el port\u00f3n de la iglesia de Todos los Santos de Wittenberg, indignado contra lo que se predicaba entre el pueblo acerca de las indulgencias, por ejemplo, que si se pagaba dinero para la construcci\u00f3n de la bas\u00edlica romana de San Pedro se reducir\u00edan los a\u00f1os de condena en el purgatorio. Lutero ser\u00eda como el palad\u00edn en aras de luchar contra esas injusticias que sus ojos se negaron a aceptar y de ofrecer al pueblo alem\u00e1n, que adolec\u00eda de conocimientos, la posibilidad de envolverse en la literatura b\u00edblica que hasta entonces se resguardaba bajo su escritura en lat\u00edn.<\/p>\n<p>No quiere esto decir que la Reforma protestante fuera perfecta, pero el cisma que tuvo lugar era necesario, dado que estos \u201cactivistas\u201d protestantes pretend\u00edan sustituir la verticalidad reflejada en el poder de la iglesia, por una estructura horizontal, lo que no resulta para nada una idea descabellada si se lee la Biblia.<\/p>\n<p>En este supuesto, ser\u00e1 la risa el pecado y, como cita el venerable Jorge (Feodor Chaliapin, Jr.) en la pel\u00edcula,<em> \u201cCristo nunca ri\u00f3\u201d<\/em>. Los monjes de aquel rec\u00f3ndito lugar se hacen eco de unas normas r\u00edgidas que olvidan en algunos aspectos el estigma positivo de las primeras comunidades cristianas, transgrediendo sus votos con los fr\u00edos muros de piedra como testigos.<\/p>\n<p><img loading=\"lazy\" decoding=\"async\" width=\"512\" height=\"288\" class=\"aligncenter size-full wp-image-3017\" alt=\"\" src=\"https:\/\/tiberiades.org\/wp-content\/uploads\/2020\/05\/4-1.png\" srcset=\"https:\/\/tiberiades.org\/wp-content\/uploads\/2020\/05\/4-1.png 512w, https:\/\/tiberiades.org\/wp-content\/uploads\/2020\/05\/4-1-300x169.png 300w\" sizes=\"auto, (max-width: 512px) 100vw, 512px\" \/><\/p>\n<p>&nbsp;<\/p>\n<p>Para F. Murray Abraham (aquel envidioso Salieri en <em>Amadeus, <\/em>1984<em>)<\/em>, quien tambi\u00e9n participa en otros filmes como <em>Scarface <\/em>(1983) o<em> Marcado por la muerte <\/em>(2013), quiz\u00e1s sea su interpretaci\u00f3n m\u00e1s brillante, encarnando el papel del inquisidor Bernardo Gui; sin desaprovechar la oportunidad de encandilarnos con su talento, representa uno de los brazos m\u00e1s turbios de la iglesia, la Santa Inquisici\u00f3n. Podr\u00edamos perfectamente decir que sienta precedentes para lo que en la historia moderna conocemos como polic\u00edas secretas, aunque la discreci\u00f3n no era un atributo de este \u00f3rgano, el cual se val\u00eda de la tortura para extraer confesiones de dudosa veracidad. En la pel\u00edcula evocan una aut\u00e9ntica \u201ccaza de brujas\u201d, el monje jorobado Salvatore (Ron Perlman) es buena prueba de ello, para dar respuesta a los cr\u00edmenes en serie que est\u00e1n teniendo lugar; de nuevo la l\u00f3gica y la abundancia de conocimientos por parte de Fray Guillermo no encuentran la luz.<\/p>\n<p>La pel\u00edcula es pol\u00e9mica, desde luego, pero solo para quien no le interese ahondar en sucesos reales, los cuales, a pesar de todos los medios de que dispone esa estructura jerarquizada, no se han podido seguir escondiendo. Es fruto de la historia que evidencia la realizaci\u00f3n de actos atroces en nombre de Dios, pero \u00fanicamente quedan manchadas las manos de los ejecutores, y de nuevo cobra vida el argumento, ya que dentro de la propia Iglesia hubo disidentes, m\u00e1s o menos fervientes, que se negaron a continuar en una senda escabrosa. Hoy en d\u00eda ya no podemos utilizar ese calificativo, pero si subsiste la divisi\u00f3n entre las perspectivas de c\u00f3mo ha de evolucionar la Iglesia, as\u00ed nos lo intenta demostrar Fernando Meirelles en su filme <em>Los dos papas<\/em> (2019), que est\u00e1 rozando casi el g\u00e9nero de la comedia. Hoy difiero con \u00e9l, ya que se trata de un tema muy serio, en el sentido de que no debe ser tomado a la ligera quien da nombre a cada relevo de los papas; de ello depende el permanecer en la idea de una instituci\u00f3n del pasado o lograr progresos como la abolici\u00f3n del secreto pontificio.<\/p>\n<p>Una pel\u00edcula que vale tanto para el entretenimiento como para la reflexi\u00f3n, porque pertenece a esa categor\u00eda de las que se pueden ver en varias ocasiones, ya que cada vez se descubren nuevos aspectos.<\/p>\n<figure id=\"attachment_3018\" aria-describedby=\"caption-attachment-3018\" style=\"width: 640px\" class=\"wp-caption aligncenter\"><img loading=\"lazy\" decoding=\"async\" width=\"640\" height=\"360\" class=\"wp-image-3018 size-full\" alt=\"\" src=\"https:\/\/tiberiades.org\/wp-content\/uploads\/2020\/05\/5-El-venerable-Jorge-interpretado-por-el-espa\u00f1ol-Jorge-Burgos-e1590684620493.jpg\"><figcaption id=\"caption-attachment-3018\" class=\"wp-caption-text\">El venerable Jorge, interpretado por el espa\u00f1ol Jorge Burgos<\/figcaption><\/figure>\n<p>&nbsp;<\/p>\n<p><em>Jos\u00e9 Alfredo P\u00e9rez Alencar (Salamanca, 1994), aprendiz de jurista y de poeta, pero apasionado al s\u00e9ptimo arte. Cuando ni\u00f1o la imprenta Kadmos le public\u00f3 una carpeta de poemas titulada \u2018El barco de las ilusiones\u2019 (2002, con 17 acuarelas del pintor Miguel El\u00edas). Posteriormente public\u00f3 seis poemas en la antolog\u00eda \u2018Los poetas y Dios\u2019 (Diputaci\u00f3n de Le\u00f3n, 2007) y otro poema en la antolog\u00eda \u2018Por ocho centurias\u2019 (Salamanca, 2018). Pr\u00f3ximamente la revista portuguesa \u2018Cintila\u00e7\u00f5es\u2019<\/em>&nbsp;<em>(de Editora Labirinto), coordinada por el poeta Victor Oliveira Mateus, publicar\u00e1 un poema suyo traducido al idioma de Cam\u00f5es. Tambi\u00e9n este a\u00f1o dar\u00e1 a imprenta su nuevo libro de poemas, en el que est\u00e1 trabajando, titulado \u2018Tambores en el abismo\u2019. Escribe art\u00edculos de contenido jur\u00eddico y social en su blog \u2018Iuris tantum\u2019, que mantiene en el peri\u00f3dico digital SALAMANCArtv AL D\u00cdA y cr\u00edtica de cine en la revista literaria digital Crear en Salamanca. Form\u00f3 parte del equipo de apoyo del XXII Encuentro de Poetas Iberoamericanos, que en 2019 rindi\u00f3 homenaje a San Juan de la cruz y a Eunice Odio.<\/em><\/p>\n<figure id=\"attachment_3019\" aria-describedby=\"caption-attachment-3019\" style=\"width: 300px\" class=\"wp-caption alignleft\"><img loading=\"lazy\" decoding=\"async\" width=\"300\" height=\"227\" class=\"wp-image-3019 size-medium\" alt=\"\" src=\"https:\/\/tiberiades.org\/wp-content\/uploads\/2020\/05\/6-Jos\u00e9-Alfredo-P\u00e9rez-Alencar-300x227.jpg\" srcset=\"https:\/\/tiberiades.org\/wp-content\/uploads\/2020\/05\/6-Jos\u00e9-Alfredo-P\u00e9rez-Alencar-300x227.jpg 300w, https:\/\/tiberiades.org\/wp-content\/uploads\/2020\/05\/6-Jos\u00e9-Alfredo-P\u00e9rez-Alencar.jpg 740w\" sizes=\"auto, (max-width: 300px) 100vw, 300px\" \/><figcaption id=\"caption-attachment-3019\" class=\"wp-caption-text\">Jos\u00e9 Alfredo P\u00e9rez Alencar<\/figcaption><\/figure>\n<p>&nbsp;<\/p>\n","protected":false},"excerpt":{"rendered":"<p>Si alguien pretende salirse de los l\u00edmites establecidos, sufrir\u00e1 consecuencias negativas; esta es la premisa que se deriva de la pel\u00edcula. El director hace cine con la novela de Umberto Eco y, de qu\u00e9 manera, pues en esta peque\u00f1a abad\u00eda italiana se compendian gran parte de los aspectos negativos de la Iglesia Cat\u00f3lica de la \u00e9poca. Quiero dejar constancia, desde [&hellip;]<\/p>\n","protected":false},"author":2,"featured_media":3079,"comment_status":"open","ping_status":"closed","sticky":false,"template":"","format":"standard","meta":{"footnotes":""},"categories":[132],"tags":[181,133],"class_list":["post-3023","post","type-post","status-publish","format-standard","has-post-thumbnail","hentry","category-jose-alfredo-perez-alencar","tag-el-nombre-de-la-rosa","tag-jose-alfredo-perez-alencar"],"_links":{"self":[{"href":"https:\/\/tiberiades.org\/index.php?rest_route=\/wp\/v2\/posts\/3023","targetHints":{"allow":["GET"]}}],"collection":[{"href":"https:\/\/tiberiades.org\/index.php?rest_route=\/wp\/v2\/posts"}],"about":[{"href":"https:\/\/tiberiades.org\/index.php?rest_route=\/wp\/v2\/types\/post"}],"author":[{"embeddable":true,"href":"https:\/\/tiberiades.org\/index.php?rest_route=\/wp\/v2\/users\/2"}],"replies":[{"embeddable":true,"href":"https:\/\/tiberiades.org\/index.php?rest_route=%2Fwp%2Fv2%2Fcomments&post=3023"}],"version-history":[{"count":4,"href":"https:\/\/tiberiades.org\/index.php?rest_route=\/wp\/v2\/posts\/3023\/revisions"}],"predecessor-version":[{"id":3090,"href":"https:\/\/tiberiades.org\/index.php?rest_route=\/wp\/v2\/posts\/3023\/revisions\/3090"}],"wp:featuredmedia":[{"embeddable":true,"href":"https:\/\/tiberiades.org\/index.php?rest_route=\/wp\/v2\/media\/3079"}],"wp:attachment":[{"href":"https:\/\/tiberiades.org\/index.php?rest_route=%2Fwp%2Fv2%2Fmedia&parent=3023"}],"wp:term":[{"taxonomy":"category","embeddable":true,"href":"https:\/\/tiberiades.org\/index.php?rest_route=%2Fwp%2Fv2%2Fcategories&post=3023"},{"taxonomy":"post_tag","embeddable":true,"href":"https:\/\/tiberiades.org\/index.php?rest_route=%2Fwp%2Fv2%2Ftags&post=3023"}],"curies":[{"name":"wp","href":"https:\/\/api.w.org\/{rel}","templated":true}]}}