{"id":3056,"date":"2020-05-31T11:00:00","date_gmt":"2020-05-31T10:00:00","guid":{"rendered":"http:\/\/tiberiades.org\/?p=3056"},"modified":"2020-06-02T09:14:56","modified_gmt":"2020-06-02T08:14:56","slug":"a-p-alencart-la-poesia-teologal-de-samuel-escobar","status":"publish","type":"post","link":"https:\/\/tiberiades.org\/?p=3056","title":{"rendered":"La poes\u00eda teologal de Samuel Escobar"},"content":{"rendered":"<p><em>Como homenaje a la grande humildad y sapiencia de mi paisano Samuel Escobar, recupero el texto que le\u00ed el 12 de marzo de 2011 en el Aula Miguel de Unamuno de la Universidad de Salamanca, en la ceremonia donde se le hizo entrega del Premio \u201cJorge Borrow de Difusi\u00f3n B\u00edblica\u201d.<\/em><\/p>\n<h3><strong><br \/>\n<\/strong><strong>Invitaci\u00f3n a Jes\u00fas: Samuel Escobar, peregrino<\/strong><\/h3>\n<p>El Per\u00fa es tierra de notables poetas. Uno muy cercano a Samuel Escobar, por lo de haber nacido en la ciudad de Arequipa, es Mariano Melgar (1790-1815), tambi\u00e9n hijo de espa\u00f1ol y de india como el Inca Garcilaso de la Vega (1539-1616), paradigma del m\u00e1s notable mestizaje \u00e9tnico y cultural de Espa\u00f1a en Am\u00e9rica. Y claro, ah\u00ed est\u00e1n Eguren\u2026<\/p>\n<p>De \u00e9se linaje po\u00e9tico viene Samuel Escobar. De \u00e9se, es cierto, pero m\u00e1s mezclado a\u00fan con las imprescindibles lecturas de C\u00e9sar Vallejo, el poeta en lengua espa\u00f1ola m\u00e1s pre\u00f1ante del siglo XX y, posiblemente, de los que vendr\u00e1n. Escobar es poeta, y no por ello deja de perge\u00f1ar su sentir la cristiandad, como cuando habla de la acogida al extranjero: \u201c\u2026 As\u00ed que la pr\u00e1ctica de recibir al otro y aceptarlo se fundamenta en verdades centrales del Evangelio. Este recibir al otro no se queda en lo que podr\u00edamos llamar un lirismo teol\u00f3gico idealista\u201d.<\/p>\n<p>Porque fue por Vallejo que el te\u00f3logo y educador Samuel Escobar me descubri\u00f3 parte de su obra po\u00e9tica. As\u00ed es, apreciados amigos y hermanos: tal como el respetado te\u00f3logo Dietrich Bonhoeffer, resulta que Samuel Escobar tambi\u00e9n es poeta desde muy atr\u00e1s, posiblemente desde sus a\u00f1os de estudiante en la Facultad de Filosof\u00eda y Letras de la antigua Universidad de San Marcos de Lima. Le hab\u00eda enviado algunos poemas m\u00edos, y otro del chileno Gonzalo Rojas, dedicado a Vallejo y escrito a diez mil metros de altura, mientras volaba por los Andes. A vuelta de correo electr\u00f3nico, recib\u00ed su apreciaci\u00f3n: \u201cMe gustaron sus poemas, y el de Gonzalo Rojas me hizo pensar en otras cosas que yo he escrito desde la altura. Rebuscando en los cajones de musa temprana y tard\u00eda he rescatado los que le adjunto. No difundo mis versos, pero Ud. es el tipo de amigo que sabr\u00e1 apreciarlos\u201d.<\/p>\n<p>No traicionar\u00e9, del todo, su confianza. Pero hay dulces traiciones que uno debe cometer por la patria, o por el Reino, o por el homenaje que hoy se le tributa en la universitaria Salamanca y en el Aula dedicada a su admirado Miguel de Unamuno. S\u00f3lo revelar\u00e9 algunos poemas suyos, di\u00e1fanos hasta redoblar su fulgor de diario \u00edntimo del paisaje americano y de sus propias vivencias del Dios que le llena el coraz\u00f3n.<\/p>\n<p>En su poema \u201cTr\u00f3pico desde el aire\u201d, escrito llegando a Costa Rica, en enero de 1999, Escobar dice: <em>\u201cVerde te hace gritar \/ te hace menearte.\/ Ocre te hace callar, te pone en vena\/ contemplativa y honda y permanente\/ como aliento vital,\/ como poema,\/ como br\u00fajula luego,\/ como esperanza siempre\u201d.<\/em><\/p>\n<p>La misi\u00f3n de la poes\u00eda es la de sustentar la esperanza. Por ello se entiende su necesidad para el Esp\u00edritu, y tambi\u00e9n por ello se entiende un pensamiento escrito por Escobar: \u201cEl mundo que tenemos por delante hoy es un mundo sin utop\u00edas ni sue\u00f1os, por tanto desesperanzado, y al mismo tiempo un mundo consciente de la necesidad de principios \u00e9ticos que permitan la sobrevivencia. Es un mundo de pluralismo religioso conflictivo, de migraci\u00f3n intensa y extensa, de excesos tecnol\u00f3gicos y mitos como el f\u00fatbol o la vida alegre de los \u00eddolos que los medios de comunicaci\u00f3n promueven\u201d.<\/p>\n<figure id=\"attachment_3052\" aria-describedby=\"caption-attachment-3052\" style=\"width: 640px\" class=\"wp-caption aligncenter\"><img loading=\"lazy\" decoding=\"async\" class=\"size-large wp-image-3052\" src=\"https:\/\/tiberiades.org\/wp-content\/uploads\/2020\/05\/2-Samuel-Escobar-en-la-entrega-del-Premio-Jorge-Borrow-en-el-Aula-Unamuno-de-la-Universidad-de-Salamanca-foto-de-Jacqueline-Alencar-1024x685.jpg\" alt=\"\" width=\"640\" height=\"428\" srcset=\"https:\/\/tiberiades.org\/wp-content\/uploads\/2020\/05\/2-Samuel-Escobar-en-la-entrega-del-Premio-Jorge-Borrow-en-el-Aula-Unamuno-de-la-Universidad-de-Salamanca-foto-de-Jacqueline-Alencar-1024x685.jpg 1024w, https:\/\/tiberiades.org\/wp-content\/uploads\/2020\/05\/2-Samuel-Escobar-en-la-entrega-del-Premio-Jorge-Borrow-en-el-Aula-Unamuno-de-la-Universidad-de-Salamanca-foto-de-Jacqueline-Alencar-300x201.jpg 300w, https:\/\/tiberiades.org\/wp-content\/uploads\/2020\/05\/2-Samuel-Escobar-en-la-entrega-del-Premio-Jorge-Borrow-en-el-Aula-Unamuno-de-la-Universidad-de-Salamanca-foto-de-Jacqueline-Alencar-768x514.jpg 768w, https:\/\/tiberiades.org\/wp-content\/uploads\/2020\/05\/2-Samuel-Escobar-en-la-entrega-del-Premio-Jorge-Borrow-en-el-Aula-Unamuno-de-la-Universidad-de-Salamanca-foto-de-Jacqueline-Alencar-1536x1028.jpg 1536w, https:\/\/tiberiades.org\/wp-content\/uploads\/2020\/05\/2-Samuel-Escobar-en-la-entrega-del-Premio-Jorge-Borrow-en-el-Aula-Unamuno-de-la-Universidad-de-Salamanca-foto-de-Jacqueline-Alencar-2048x1371.jpg 2048w, https:\/\/tiberiades.org\/wp-content\/uploads\/2020\/05\/2-Samuel-Escobar-en-la-entrega-del-Premio-Jorge-Borrow-en-el-Aula-Unamuno-de-la-Universidad-de-Salamanca-foto-de-Jacqueline-Alencar-272x182.jpg 272w\" sizes=\"auto, (max-width: 640px) 100vw, 640px\" \/><figcaption id=\"caption-attachment-3052\" class=\"wp-caption-text\">Samuel Escobar en la entrega del Premio Jorge Borrow, en el Aula Unamuno de la Universidad de Salamanca (foto de Jacqueline Alencar)<\/figcaption><\/figure>\n<h3><strong>CON LA PALABRA, POR EL MUNDO<\/strong><\/h3>\n<p>Nacido en 1934, Escobar ha vivido por largas temporadas en Argentina, Brasil, Estados Unidos, Canad\u00e1 y Espa\u00f1a, adem\u00e1s de haber viajado por los cinco continentes ofreciendo conferencias y cursos, o bien participando en importantes congresos teol\u00f3gicos. Aqu\u00ed les revelo un magn\u00edfico poema que testimonia su cumplimiento del mandato de Dios, yendo a todas partes para difundir su Palabra.<\/p>\n<h4 style=\"padding-left: 40px;\">PEREGRINO<\/h4>\n<p style=\"padding-left: 40px;\"><em>He llegado a mil destinos, peregrino.<br \/>\nSiempre se halla una sonrisa,<br \/>\nalg\u00fan rostro se ilumina, te hace hermano,<br \/>\nte hace humano:<br \/>\nun retazo de esta misma humanidad<br \/>\nadolorida,<br \/>\npensativa, esperanzada,<br \/>\ncruel, genial, alborozada,<br \/>\nsospechosa, fatigada.<br \/>\n\u00a1Yo la he visto en mil destinos, peregrino!<\/em><\/p>\n<p style=\"padding-left: 40px;\"><em>Una tarde all\u00e1 en la aldea,<br \/>\nme escap\u00e9.<br \/>\nDesde entonces, madre m\u00eda, t\u00fa me esperas<br \/>\ny regreso, y no regreso.<br \/>\nDebo andar de pueblo en pueblo,<br \/>\nir en pos de mil destinos,<br \/>\nperegrino a la procura de la mano y la sonrisa<br \/>\nde mi padre que se fue con su fusil,<br \/>\ncon sus libros, recorriendo<br \/>\nmil destinos por los pueblos del Per\u00fa.<br \/>\nY lo busco por el mundo\u2026<\/em><\/p>\n<p style=\"padding-left: 40px;\"><em>He llegado a mil destinos, peregrino.<br \/>\nHe llevado la Palabra,<br \/>\nla del Padre que va al frente:<br \/>\nnube grata en el calor de los desiertos,<br \/>\nllama ardiente en lo m\u00e1s negro de la noche:<br \/>\nSiempre al frente y yo le sigo a mil destinos.<\/em><\/p>\n<p style=\"padding-left: 40px;\">(Lima, junio 1999)<\/p>\n<figure id=\"attachment_3053\" aria-describedby=\"caption-attachment-3053\" style=\"width: 640px\" class=\"wp-caption aligncenter\"><img loading=\"lazy\" decoding=\"async\" class=\"size-large wp-image-3053\" src=\"https:\/\/tiberiades.org\/wp-content\/uploads\/2020\/05\/3-Fern\u00e1ndez-Labrador-Escobar-Glasscok-y-Alencart-en-el-Ayuntamiento-Salamanca-durante-la-recepci\u00f3n-a-Samuel-Escobar-foto-de-Jacqueline-Alencar-1024x687.jpg\" alt=\"\" width=\"640\" height=\"429\" srcset=\"https:\/\/tiberiades.org\/wp-content\/uploads\/2020\/05\/3-Fern\u00e1ndez-Labrador-Escobar-Glasscok-y-Alencart-en-el-Ayuntamiento-Salamanca-durante-la-recepci\u00f3n-a-Samuel-Escobar-foto-de-Jacqueline-Alencar-1024x687.jpg 1024w, https:\/\/tiberiades.org\/wp-content\/uploads\/2020\/05\/3-Fern\u00e1ndez-Labrador-Escobar-Glasscok-y-Alencart-en-el-Ayuntamiento-Salamanca-durante-la-recepci\u00f3n-a-Samuel-Escobar-foto-de-Jacqueline-Alencar-300x201.jpg 300w, https:\/\/tiberiades.org\/wp-content\/uploads\/2020\/05\/3-Fern\u00e1ndez-Labrador-Escobar-Glasscok-y-Alencart-en-el-Ayuntamiento-Salamanca-durante-la-recepci\u00f3n-a-Samuel-Escobar-foto-de-Jacqueline-Alencar-768x515.jpg 768w, https:\/\/tiberiades.org\/wp-content\/uploads\/2020\/05\/3-Fern\u00e1ndez-Labrador-Escobar-Glasscok-y-Alencart-en-el-Ayuntamiento-Salamanca-durante-la-recepci\u00f3n-a-Samuel-Escobar-foto-de-Jacqueline-Alencar-1536x1031.jpg 1536w, https:\/\/tiberiades.org\/wp-content\/uploads\/2020\/05\/3-Fern\u00e1ndez-Labrador-Escobar-Glasscok-y-Alencart-en-el-Ayuntamiento-Salamanca-durante-la-recepci\u00f3n-a-Samuel-Escobar-foto-de-Jacqueline-Alencar-2048x1374.jpg 2048w, https:\/\/tiberiades.org\/wp-content\/uploads\/2020\/05\/3-Fern\u00e1ndez-Labrador-Escobar-Glasscok-y-Alencart-en-el-Ayuntamiento-Salamanca-durante-la-recepci\u00f3n-a-Samuel-Escobar-foto-de-Jacqueline-Alencar-272x182.jpg 272w\" sizes=\"auto, (max-width: 640px) 100vw, 640px\" \/><figcaption id=\"caption-attachment-3053\" class=\"wp-caption-text\">Fern\u00e1ndez Labrador, Escobar, Glasscok y Alencart, en el Ayuntamiento Salamanca durante la recepci\u00f3n a Samuel Escobar (foto de Jacqueline Alencar)<\/figcaption><\/figure>\n<h3><strong>LITERATURA Y REALIDAD DE LOS PR\u00d3JIMOS<\/strong><\/h3>\n<p>Escobar rompe con esa equivocada concepci\u00f3n respecto a que la literatura solamente es evasi\u00f3n. Y es que tuvo notables maestros protestantes que le hicieron comprender lo sesgado que resulta encasillarse, lo negativo que es desde\u00f1ar la creaci\u00f3n literaria. Aqu\u00ed su testimonio: \u201cYo hab\u00eda aprendido del maestro Juan A. Mackay que, para entender las se\u00f1ales de los tiempos en un pa\u00eds o una regi\u00f3n, las buenas obras literarias eran imprescindibles. Y el extraordinario te\u00f3logo-predicador cubano Cecilio Arrast\u00eda nos hab\u00eda repetido muchas veces que, como predicadores, deb\u00edamos leer las se\u00f1ales de los tiempos y que las buenas novelas latinoamericanas eran un excelente medio para conocer la realidad dentro de la cual nos tocaba anunciar el Evangelio. En ese sentido, la obra de Vargas Llosa me ha ayudado mucho a entender mejor no s\u00f3lo el Per\u00fa y Latinoam\u00e9rica, sino tambi\u00e9n la condici\u00f3n humana en todas partes\u201d.<\/p>\n<p>Y por esas ense\u00f1anzas, el te\u00f3logo que viaja y viaja por las alturas, no s\u00f3lo tiene la vista puesta hacia el cielo, sino que tambi\u00e9n se siente impelido a cumplir la segunda Ley, y mira hacia abajo, a los pr\u00f3jimos todos, queri\u00e9ndolos como as\u00ed mismo, pero especialmente a los m\u00e1s desprotegidos, como lo hizo el Rab\u00ed. Y para ello emplea la poes\u00eda, al modo que lo hicieron los admirados profetas b\u00edblicos.<\/p>\n<h4 style=\"padding-left: 40px;\">ALDEAS ALL\u00c1 ABAJO<\/h4>\n<p style=\"padding-left: 40px;\"><em>Aldeas all\u00e1 abajo, aldeas pobres.<br \/>\nBrilla el sol en sus techos de hojalata,<br \/>\npacen los animales;<br \/>\nel camino es de tierra y adivino,<br \/>\ncasi veo,<br \/>\nsu trazo polvoriento y sus ni\u00f1os descalzos,<br \/>\nla madre con el pelo negro al aire<br \/>\ny el padre sudoroso<br \/>\ntratando de sacarle algo a la tierra.<\/em><\/p>\n<p style=\"padding-left: 40px;\"><em>Aldeas castigadas por desastres in\u00e9ditos,<br \/>\npor demagogos y propagandistas<br \/>\npor generales que hacen lo posible<br \/>\npara poner un gesto respetable.<\/em><\/p>\n<p style=\"padding-left: 40px;\"><em>Aldeas visitadas por monjes solitarios,<br \/>\npor hermanas y hermanos empe\u00f1osos, que han decidido al fin<br \/>\nescuchar el llamado<br \/>\ny poner manos a la obra.<\/em><\/p>\n<p style=\"padding-left: 40px;\"><em>Aldeas desde el aire,<br \/>\nde Bolivia o de Honduras,<br \/>\ndel mexicano sur<br \/>\no del peruano norte.<\/em><\/p>\n<p style=\"padding-left: 40px;\"><em>Aldeas all\u00e1 abajo: aldeas pobres.<\/em><\/p>\n<p style=\"padding-left: 40px;\">(Viajando de Panam\u00e1 a Guatemala, 5 de febrero de 2001)<\/p>\n<figure id=\"attachment_3054\" aria-describedby=\"caption-attachment-3054\" style=\"width: 640px\" class=\"wp-caption aligncenter\"><img loading=\"lazy\" decoding=\"async\" class=\"size-large wp-image-3054\" src=\"https:\/\/tiberiades.org\/wp-content\/uploads\/2020\/05\/4-Samuel-Escobar-recibiendo-el-Premio-Borrow-foto-de-Jacqueline-Alencar-1024x672.jpg\" alt=\"\" width=\"640\" height=\"420\" srcset=\"https:\/\/tiberiades.org\/wp-content\/uploads\/2020\/05\/4-Samuel-Escobar-recibiendo-el-Premio-Borrow-foto-de-Jacqueline-Alencar-1024x672.jpg 1024w, https:\/\/tiberiades.org\/wp-content\/uploads\/2020\/05\/4-Samuel-Escobar-recibiendo-el-Premio-Borrow-foto-de-Jacqueline-Alencar-300x197.jpg 300w, https:\/\/tiberiades.org\/wp-content\/uploads\/2020\/05\/4-Samuel-Escobar-recibiendo-el-Premio-Borrow-foto-de-Jacqueline-Alencar-768x504.jpg 768w, https:\/\/tiberiades.org\/wp-content\/uploads\/2020\/05\/4-Samuel-Escobar-recibiendo-el-Premio-Borrow-foto-de-Jacqueline-Alencar-1536x1007.jpg 1536w, https:\/\/tiberiades.org\/wp-content\/uploads\/2020\/05\/4-Samuel-Escobar-recibiendo-el-Premio-Borrow-foto-de-Jacqueline-Alencar-2048x1343.jpg 2048w\" sizes=\"auto, (max-width: 640px) 100vw, 640px\" \/><figcaption id=\"caption-attachment-3054\" class=\"wp-caption-text\">Samuel Escobar recibiendo el Premio Borrow (foto de Jacqueline Alencar)<\/figcaption><\/figure>\n<h3><strong>DOS POEMAS PARA ESTAR CON DIOS<\/strong><\/h3>\n<p>Muchas veces llenamos las horas con tantas ocupaciones que, pasado un tiempo, nos alejan de lo realmente importante. Para un creyente cristiano, esas prisas conducen a un cierto enfriamiento de la relaci\u00f3n con el Amado galileo. Aqu\u00ed les dejo dos poemas de Samuel Escobar, despertantes testimonios de un ejemplar hijo de Dios, de un poeta que est\u00e1 aportando varios granos de arena para vivificar la teolog\u00eda en lengua castellana.<\/p>\n<h4 style=\"padding-left: 40px;\">VEN A TOMARTE ESTE CAF\u00c9 CONMIGO<\/h4>\n<p style=\"padding-left: 40px;\"><em>\u00bfTe tomar\u00edas un caf\u00e9 conmigo, Jes\u00fas?<br \/>\nTengo al fin una pausa en la fatiga<br \/>\nde estos d\u00edas sin tregua.<\/em><\/p>\n<p style=\"padding-left: 40px;\"><em>La verdad, la verdad,<br \/>\nyo me he dado la pausa<br \/>\nporque quiero<br \/>\nescuchar tu palabra.<\/em><\/p>\n<p style=\"padding-left: 40px;\"><em>S\u00ed, Jes\u00fas, necesito<br \/>\ntu sonrisa, tu rostro,<br \/>\nese apret\u00f3n de manos del amigo.<\/em><\/p>\n<p style=\"padding-left: 40px;\"><em>Dime que s\u00ed, que vienes<br \/>\na tomarte un caf\u00e9,<br \/>\na pasar un momento as\u00ed, conmigo.<\/em><\/p>\n<p style=\"padding-left: 40px;\"><em>Jes\u00fas, te espero:<br \/>\ntengo un caf\u00e9 buenazo<br \/>\nser\u00e1 especial, Jes\u00fas:<br \/>\nte lo prometo.<br \/>\nLo har\u00e9 con el cari\u00f1o con que hiciste<br \/>\nen aquella ma\u00f1ana memorable,<br \/>\nen la playa, aquel buen pescado asado.<\/em><\/p>\n<p style=\"padding-left: 40px;\"><em>\u00bfT\u00fa recuerdas, Jes\u00fas?<br \/>\nYo s\u00ed recuerdo.<br \/>\nMe lo han contado varios,<br \/>\ntantas veces,<br \/>\nque me parece haber estado all\u00ed<br \/>\ncontigo.<\/em><\/p>\n<p style=\"padding-left: 40px;\"><em>Ven, por favor, Jes\u00fas,<br \/>\nven a tomarte este caf\u00e9 conmigo.<\/em><\/p>\n<p style=\"padding-left: 40px;\">(Filadelfia, 1996)<\/p>\n<figure id=\"attachment_3055\" aria-describedby=\"caption-attachment-3055\" style=\"width: 640px\" class=\"wp-caption aligncenter\"><img loading=\"lazy\" decoding=\"async\" class=\"size-large wp-image-3055\" src=\"https:\/\/tiberiades.org\/wp-content\/uploads\/2020\/05\/5-J.-A.-Monroy-y-Samuel-Escobar-en-el-Aula-Unamuno-foto-de-Jacqueline-Alencar-1024x768.jpg\" alt=\"\" width=\"640\" height=\"480\" srcset=\"https:\/\/tiberiades.org\/wp-content\/uploads\/2020\/05\/5-J.-A.-Monroy-y-Samuel-Escobar-en-el-Aula-Unamuno-foto-de-Jacqueline-Alencar-1024x768.jpg 1024w, https:\/\/tiberiades.org\/wp-content\/uploads\/2020\/05\/5-J.-A.-Monroy-y-Samuel-Escobar-en-el-Aula-Unamuno-foto-de-Jacqueline-Alencar-300x225.jpg 300w, https:\/\/tiberiades.org\/wp-content\/uploads\/2020\/05\/5-J.-A.-Monroy-y-Samuel-Escobar-en-el-Aula-Unamuno-foto-de-Jacqueline-Alencar-768x576.jpg 768w, https:\/\/tiberiades.org\/wp-content\/uploads\/2020\/05\/5-J.-A.-Monroy-y-Samuel-Escobar-en-el-Aula-Unamuno-foto-de-Jacqueline-Alencar-1536x1152.jpg 1536w, https:\/\/tiberiades.org\/wp-content\/uploads\/2020\/05\/5-J.-A.-Monroy-y-Samuel-Escobar-en-el-Aula-Unamuno-foto-de-Jacqueline-Alencar-2048x1536.jpg 2048w\" sizes=\"auto, (max-width: 640px) 100vw, 640px\" \/><figcaption id=\"caption-attachment-3055\" class=\"wp-caption-text\">J. A. Monroy y Samuel Escobar en el Aula Unamuno (foto de Jacqueline Alencar)<\/figcaption><\/figure>\n<p><strong>\u00a0<\/strong><\/p>\n<h4 style=\"padding-left: 40px;\">TODO EL TIEMPO DEL MUNDO<\/h4>\n<p style=\"padding-left: 40px;\"><em>\u00a1Todo el tiempo del mundo<br \/>\nse quisiera tener!<\/em><\/p>\n<p style=\"padding-left: 40px;\"><em>\u201cT\u00fa no me escuchas, hijo &#8211;<br \/>\ndice el Padre \u2013<br \/>\na este ritmo de vida<br \/>\ntodo el tiempo del mundo<br \/>\ntampoco alcanzar\u00eda\u201d.<\/em><\/p>\n<p style=\"padding-left: 40px;\"><em>Yo quisiera que venga el d\u00eda grato<br \/>\nen el cual yo llegara<br \/>\nal fin de la jornada,<br \/>\ncon esa sensaci\u00f3n desconocida<br \/>\nde haber ya terminado,<br \/>\ny de estar satisfecho.<\/em><\/p>\n<p style=\"padding-left: 40px;\"><em>Yo le dije a Jes\u00fas que yo quer\u00eda<br \/>\nque se tomase ese caf\u00e9 conmigo.<br \/>\nY se lo he dicho a Lilly, muchas veces<br \/>\nque llegar\u00e1 ese d\u00eda<br \/>\npara vivir con calma.<\/em><\/p>\n<p style=\"padding-left: 40px;\"><em>S\u00f3lo yo soy culpable,<br \/>\ndice el Padre, de que no llegue el d\u00eda.<br \/>\nMe mira sonriendo.<br \/>\nNo hay en esa sonrisa<br \/>\nburla ni escepticismo;<br \/>\nsonr\u00ede con paciencia<br \/>\ncomo yo mismo trato<br \/>\nde sonre\u00edrle a mi hija<br \/>\no a mi hijo,<br \/>\nen mi mejor momento.<\/em><\/p>\n<p style=\"padding-left: 40px;\"><em>As\u00ed pues, hoy, en esta tarde,<br \/>\nen la que el sol declina,<br \/>\na diez mil metros de altura<br \/>\nacallo el coraz\u00f3n<br \/>\npara escuchar al Padre.<\/em><\/p>\n<p style=\"padding-left: 40px;\">(Noviembre de 1999, volando de Filadelfia a Los \u00c1ngeles)<\/p>\n<p>El poeta Escobar, magnetizado a la Palabra, nos expone lo m\u00e1s profundo de s\u00ed. Yo lo abrazo ahora y siempre, para que no se agoten sus testimonios y oigamos c\u00f3mo crecen los frutos po\u00e9ticos que nacen desde su poderosa teolog\u00eda.<\/p>\n<p><em><br \/>\n(*) Texto le\u00eddo el 12 de marzo de 2011, en el Aula Miguel de Unamuno de la Universidad de Salamanca, en la ceremonia de entrega a Samuel Escobar del Premio \u201cJorge Borrow de Difusi\u00f3n B\u00edblica\u201d.<\/em><\/p>\n<p><em>\u00a0<\/em><\/p>\n<h4><strong><em>DOS POEMAS DE YAPA<\/em><\/strong><\/h4>\n<p><em>En nuestro Per\u00fa (de Escobar y m\u00edo), \u2018yapa\u2019 es un modismo para expresar que se trata de un extra sin pagar m\u00e1s, un agregado que se ofrece sin contraprestaci\u00f3n alguna. <\/em><\/p>\n<figure id=\"attachment_3045\" aria-describedby=\"caption-attachment-3045\" style=\"width: 640px\" class=\"wp-caption aligncenter\"><img loading=\"lazy\" decoding=\"async\" class=\"size-large wp-image-3045\" src=\"https:\/\/tiberiades.org\/wp-content\/uploads\/2020\/05\/6-Samuel-Escobar-y-Alfredo-P\u00e9rez-Alencart-caminando-por-Salamanca-Foto-de-Joel-Foster-2011-1024x412.jpg\" alt=\"\" width=\"640\" height=\"258\" srcset=\"https:\/\/tiberiades.org\/wp-content\/uploads\/2020\/05\/6-Samuel-Escobar-y-Alfredo-P\u00e9rez-Alencart-caminando-por-Salamanca-Foto-de-Joel-Foster-2011-1024x412.jpg 1024w, https:\/\/tiberiades.org\/wp-content\/uploads\/2020\/05\/6-Samuel-Escobar-y-Alfredo-P\u00e9rez-Alencart-caminando-por-Salamanca-Foto-de-Joel-Foster-2011-300x121.jpg 300w, https:\/\/tiberiades.org\/wp-content\/uploads\/2020\/05\/6-Samuel-Escobar-y-Alfredo-P\u00e9rez-Alencart-caminando-por-Salamanca-Foto-de-Joel-Foster-2011-768x309.jpg 768w, https:\/\/tiberiades.org\/wp-content\/uploads\/2020\/05\/6-Samuel-Escobar-y-Alfredo-P\u00e9rez-Alencart-caminando-por-Salamanca-Foto-de-Joel-Foster-2011-1536x618.jpg 1536w, https:\/\/tiberiades.org\/wp-content\/uploads\/2020\/05\/6-Samuel-Escobar-y-Alfredo-P\u00e9rez-Alencart-caminando-por-Salamanca-Foto-de-Joel-Foster-2011-2048x824.jpg 2048w\" sizes=\"auto, (max-width: 640px) 100vw, 640px\" \/><figcaption id=\"caption-attachment-3045\" class=\"wp-caption-text\">Samuel Escobar y Alfredo P\u00e9rez Alencart, caminando por Salamanca (Foto de Joel Forster 2011)<\/figcaption><\/figure>\n<h4 style=\"padding-left: 40px;\"><strong><br \/>\nDE CAMINO CON ALFREDO (*)<\/strong><\/h4>\n<p style=\"padding-left: 40px;\">Vamos hablando del pa\u00eds lejano querido y a\u00f1orado,<br \/>\nde C\u00e9sar o de Abraham, y del gran Mario.<br \/>\nEstas calles de piedra salmantinas<br \/>\nme recuerdan las calles empedradas<br \/>\nde la Arequipa de mis a\u00f1os mozos.<br \/>\nY la barba tupida de este Alfredo<br \/>\nme trae a la memoria<br \/>\nla misteriosa selva<br \/>\nde su Madre de Dios.<\/p>\n<p style=\"padding-left: 40px;\">Este Alfredo que en calles salmantinas<br \/>\nmaquina recitales y corre como loco<br \/>\npara hacer realidad esos encuentros,<br \/>\ncon los que nos regala<br \/>\nuna pausa de afecto y poes\u00eda<br \/>\nen nuestro af\u00e1n de vida y testimonio.<\/p>\n<p style=\"padding-left: 40px;\">Este Alfredo que diestro y persistente,<br \/>\nen su rinc\u00f3n tranquilo junto al Tormes,<br \/>\nforja <em>haikus<\/em> sonoros y valientes;<br \/>\ny que cada semana nos comparte<br \/>\nla riqueza de vates olvidados<br \/>\nque saca de su cofre de tesoros.<\/p>\n<p style=\"padding-left: 40px;\">Este Alfredo que alegre y de la mano<br \/>\nde Jacqueline, la musa de su vida,<br \/>\ncon coraz\u00f3n y mano generosa<br \/>\nnos dan la hospitalaria bienvenida.<\/p>\n<p style=\"padding-left: 40px;\">Hoy, recordando nuestras caminatas<br \/>\npor salmantinas calles,<br \/>\nelevo el coraz\u00f3n agradecido<br \/>\npor la estela de luz que va dejando<br \/>\neste Alfredo<br \/>\nperuano, y espa\u00f1ol, y americano.<\/p>\n<p><em>(*) Poema inspirado en la foto tomada por Joel Forster, durante un paseo salmantino. El texto fue escrito para el homenaje que un grupo de amigos me tribut\u00f3 en 2012, al celebrarse mis cincuenta a\u00f1os. Se public\u00f3 en el volumen titulado \u2018Arca de los Afectos\u2019 (Verbum, Madrid, 2012).<\/em><\/p>\n<figure id=\"attachment_3046\" aria-describedby=\"caption-attachment-3046\" style=\"width: 640px\" class=\"wp-caption aligncenter\"><img loading=\"lazy\" decoding=\"async\" class=\"size-large wp-image-3046\" src=\"https:\/\/tiberiades.org\/wp-content\/uploads\/2020\/05\/7-Tres-premiados-con-el-Borrow-Stuart-Park-Plutarco-Bonilla-y-Jos\u00e9-Luis-Andavert-en-el-balc\u00f3n-del-Ayuntamiento-de-Salamanca-foto-Jacqueline-Alencar-1024x586.jpg\" alt=\"\" width=\"640\" height=\"366\" srcset=\"https:\/\/tiberiades.org\/wp-content\/uploads\/2020\/05\/7-Tres-premiados-con-el-Borrow-Stuart-Park-Plutarco-Bonilla-y-Jos\u00e9-Luis-Andavert-en-el-balc\u00f3n-del-Ayuntamiento-de-Salamanca-foto-Jacqueline-Alencar-1024x586.jpg 1024w, https:\/\/tiberiades.org\/wp-content\/uploads\/2020\/05\/7-Tres-premiados-con-el-Borrow-Stuart-Park-Plutarco-Bonilla-y-Jos\u00e9-Luis-Andavert-en-el-balc\u00f3n-del-Ayuntamiento-de-Salamanca-foto-Jacqueline-Alencar-300x172.jpg 300w, https:\/\/tiberiades.org\/wp-content\/uploads\/2020\/05\/7-Tres-premiados-con-el-Borrow-Stuart-Park-Plutarco-Bonilla-y-Jos\u00e9-Luis-Andavert-en-el-balc\u00f3n-del-Ayuntamiento-de-Salamanca-foto-Jacqueline-Alencar-768x439.jpg 768w, https:\/\/tiberiades.org\/wp-content\/uploads\/2020\/05\/7-Tres-premiados-con-el-Borrow-Stuart-Park-Plutarco-Bonilla-y-Jos\u00e9-Luis-Andavert-en-el-balc\u00f3n-del-Ayuntamiento-de-Salamanca-foto-Jacqueline-Alencar-1536x879.jpg 1536w, https:\/\/tiberiades.org\/wp-content\/uploads\/2020\/05\/7-Tres-premiados-con-el-Borrow-Stuart-Park-Plutarco-Bonilla-y-Jos\u00e9-Luis-Andavert-en-el-balc\u00f3n-del-Ayuntamiento-de-Salamanca-foto-Jacqueline-Alencar.jpg 1655w\" sizes=\"auto, (max-width: 640px) 100vw, 640px\" \/><figcaption id=\"caption-attachment-3046\" class=\"wp-caption-text\">Tres premiados con el Borrow, Stuart Park, Plutarco Bonilla y Jos\u00e9 Luis Andavert en el balc\u00f3n del Ayuntamiento de Salamanca (foto Jacqueline Alencar)<\/figcaption><\/figure>\n<h4 style=\"padding-left: 40px;\"><em><br \/>\n<strong>ALL\u00c1 VA JOS\u00c9 LUIS (*)<\/strong><\/em><\/h4>\n<p style=\"padding-left: 40px;\">All\u00e1 va Jos\u00e9 Luis:<br \/>\nrecorriendo su Espa\u00f1a<br \/>\no las rutas de Am\u00e9rica<br \/>\ncon empe\u00f1o sin par.<\/p>\n<p style=\"padding-left: 40px;\">All\u00e1 va Jos\u00e9 Luis:<br \/>\npara que la Palabra<br \/>\nllegue a muchas m\u00e1s gentes<br \/>\ncon estilo sin par.<\/p>\n<p style=\"padding-left: 40px;\">All\u00e1 va Jos\u00e9 Luis:<br \/>\nufano negociando con unos<br \/>\ny con otros:<br \/>\n\u00a1Qu\u00e9 af\u00e1n de difundir!<\/p>\n<p style=\"padding-left: 40px;\">Hoy por todos los medios<br \/>\ntiene que difundirse<br \/>\nde Jes\u00fas el mensaje:<br \/>\n\u00a1Y all\u00e1 va Jos\u00e9 Luis!<\/p>\n<p style=\"padding-left: 40px;\"><em>Valencia, abril 2019 <\/em><\/p>\n<p><em>(*) El 6 de abril de 2019 se celebr\u00f3 el X Encuentro Cristiano de Literatura, en un acto realizado en el Aula Magna de la Facultad de Filolog\u00eda de la Universidad de Salamanca. Este encuentro, organizado por la Asociaci\u00f3n Cultural Evang\u00e9lica Jorge Borrow, cont\u00f3 con el apoyo de TIBER\u00cdADES, Red Iberoamericana de Poetas y Cr\u00edticos Literarios Cristianos. Aqu\u00ed el poema que Escobar escribi\u00f3 para el Encuentro, especialmente dedicado Jos\u00e9 Luis Andavert, a quien en dicho acto se le hizo entrega del Premio Jorge Borrow de Difusi\u00f3n B\u00edblica 2019.<\/em><\/p>\n<figure id=\"attachment_3047\" aria-describedby=\"caption-attachment-3047\" style=\"width: 640px\" class=\"wp-caption aligncenter\"><img loading=\"lazy\" decoding=\"async\" class=\"size-large wp-image-3047\" src=\"https:\/\/tiberiades.org\/wp-content\/uploads\/2020\/05\/8-Samuel-Escobar-y-Alfredo-P\u00e9rez-Alencart-en-Salamanca-foto-de-Jacqueline-Alencar-1024x643.jpg\" alt=\"\" width=\"640\" height=\"402\" srcset=\"https:\/\/tiberiades.org\/wp-content\/uploads\/2020\/05\/8-Samuel-Escobar-y-Alfredo-P\u00e9rez-Alencart-en-Salamanca-foto-de-Jacqueline-Alencar-1024x643.jpg 1024w, https:\/\/tiberiades.org\/wp-content\/uploads\/2020\/05\/8-Samuel-Escobar-y-Alfredo-P\u00e9rez-Alencart-en-Salamanca-foto-de-Jacqueline-Alencar-300x188.jpg 300w, https:\/\/tiberiades.org\/wp-content\/uploads\/2020\/05\/8-Samuel-Escobar-y-Alfredo-P\u00e9rez-Alencart-en-Salamanca-foto-de-Jacqueline-Alencar-768x482.jpg 768w, https:\/\/tiberiades.org\/wp-content\/uploads\/2020\/05\/8-Samuel-Escobar-y-Alfredo-P\u00e9rez-Alencart-en-Salamanca-foto-de-Jacqueline-Alencar-1536x964.jpg 1536w, https:\/\/tiberiades.org\/wp-content\/uploads\/2020\/05\/8-Samuel-Escobar-y-Alfredo-P\u00e9rez-Alencart-en-Salamanca-foto-de-Jacqueline-Alencar-2048x1286.jpg 2048w\" sizes=\"auto, (max-width: 640px) 100vw, 640px\" \/><figcaption id=\"caption-attachment-3047\" class=\"wp-caption-text\">Samuel Escobar y Alfredo P\u00e9rez Alencart, en Salamanca (foto de Jacqueline Alencar)<\/figcaption><\/figure>\n<p><strong>\u00a0<\/strong><\/p>\n<p><em><br \/>\nSamuel Escobar es catedr\u00e1tico em\u00e9rito de Misionolog\u00eda en el Seminario Teol\u00f3gico Palmer de Pennsylvania, EEUU; y profesor del Seminario Teol\u00f3gico de la UEBE en Madrid. Naci\u00f3 en Arequipa (Per\u00fa). Estudi\u00f3 en las Facultades de Letras y Educaci\u00f3n de la Universidad Nacional Mayor de San Marcos de Lima, obteniendo el t\u00edtulo de Profesor de Educaci\u00f3n Secundaria en 1966. Doctorado en filosof\u00eda y ciencias de la educaci\u00f3n por la Universidad Complutense de Madrid, donde se gradu\u00f3 (cum laude) en 1990, con una tesis acerca del educador brasile\u00f1o Paulo Freire. En 1997 la Universidad MacMaster de Canada le concedi\u00f3 un doctorado honorario en Teolog\u00eda. Entre los a\u00f1os 1955 y 1959 fue profesor en los niveles primario y secundario. Desde 1959 a 1985, Escobar y su esposa trabajaron como asesores estudiantiles con la Comunidad Internacional de Estudiantes Evang\u00e9licos (IFES), primero en los pa\u00edses andinos desde Lima, y luego en el Cono Sur, desde la ciudad de C\u00f3rdoba (Argentina), donde residi\u00f3 hasta 1979. Entre 1962 y 1964 fue asesor de la Alianza B\u00edblica Universitaria de Brasil, residiendo en Sao Paulo, y entre 1972 y 1975 fue secretario general de la Inter Varsity Christian Fellowship de Canad\u00e1. Su responsabilidad dentro de la comunidad estudiantil incluy\u00f3 tareas docentes, evangelizaci\u00f3n p\u00fablica, tareas editoriales y de relaciones p\u00fablicas. En 1953 viaj\u00f3 a R\u00edo de Janeiro (Brasil), representando a la juventud bautista del Per\u00fa en el Congreso Mundial de la Juventud Bautista. En 1958 presidi\u00f3 el Congreso de Estudiantes Evang\u00e9licos en Cochabamba (Bolivia), y en 1966 particip\u00f3 en el Congreso Mundial de Evangelizaci\u00f3n en Berl\u00edn; siendo orador en varios de los congresos que le siguieron: Bogot\u00e1 (1969); Toronto (1970) y Madrid (1974). Es uno de los firmantes de la Declaraci\u00f3n de Chicago sobre la Responsabilidad Social Evang\u00e9lica en 1973, y form\u00f3 parte de la Comisi\u00f3n de Programa del Congreso de Evangelizaci\u00f3n de Lausana (1974), siendo uno de los cuatro redactores del hist\u00f3rico Pacto de Lausana. En 1970 particip\u00f3 en la fundaci\u00f3n de la Fraternidad Teol\u00f3gica Latinoamericana, que busca una identidad evang\u00e9lica propia entre las teolog\u00edas de la liberaci\u00f3n y la influencia fundamentalista norteamericana, siendo su presidente hasta 1984, en que pasa a serlo de forma honoraria. <\/em><\/p>\n<p><img loading=\"lazy\" decoding=\"async\" class=\"aligncenter size-large wp-image-3048\" src=\"https:\/\/tiberiades.org\/wp-content\/uploads\/2020\/05\/9-2-719x1024.jpg\" alt=\"\" width=\"640\" height=\"911\" srcset=\"https:\/\/tiberiades.org\/wp-content\/uploads\/2020\/05\/9-2-719x1024.jpg 719w, https:\/\/tiberiades.org\/wp-content\/uploads\/2020\/05\/9-2-211x300.jpg 211w, https:\/\/tiberiades.org\/wp-content\/uploads\/2020\/05\/9-2-768x1094.jpg 768w, https:\/\/tiberiades.org\/wp-content\/uploads\/2020\/05\/9-2-1078x1536.jpg 1078w, https:\/\/tiberiades.org\/wp-content\/uploads\/2020\/05\/9-2-1438x2048.jpg 1438w, https:\/\/tiberiades.org\/wp-content\/uploads\/2020\/05\/9-2.jpg 1797w\" sizes=\"auto, (max-width: 640px) 100vw, 640px\" \/><\/p>\n<p><em><br \/>\nOrdenado como pastor bautista en la Iglesia Bautista Ebenezer de Miraflores (Lima), donde fue bautizado en 1951 y en cuyo cuerpo pastoral sirvi\u00f3 entre 1979 y 1984, Escobar particip\u00f3 en varias comisiones de trabajo del Concilio Nacional Evang\u00e9lico del Per\u00fa (CONEP). Fue profesor visitante del Seminario Evang\u00e9lico de Lima y uno de los fundadores de la Facultad Evang\u00e9lica Orlando E. Costas (v.). Entre 1983 y 1984 fue profesor multicultural en el Calvin College de Grand Rapids (Michigan, EE.UU.). En 1985 acept\u00f3 la invitaci\u00f3n del Seminario Bautista del Este de EE.UU. para asumir la c\u00e1tedra Thornley B. Wood de Misionolog\u00eda, que ocupo hasta junio de 2005.Fue miembro de la junta de gobierno de varias entidades misioneras y Presidente de las Sociedades B\u00edblicas Unidas de 1986 a 2004. Tambi\u00e9n fue Presidente de la Comunidad Internacional de Estudiantes Evang\u00e9licos (IFES) entre 1985 y 2003. Es miembro de la American Society of Missiology, que presidi\u00f3 en 2002. Colabora regularmente en revistas en castellano como El Eco Bautista, Andamio y Bolet\u00edn Teol\u00f3gico; y revistas especializadas en ingl\u00e9s, como Missiology e International Bulletin of Missionary Research. Casado desde 1958 con Lilly Artola D\u00edaz, quien desarroll\u00f3 por su parte un ministerio entre las reclusas del penal Santa M\u00f3nica en Chorrillos, Lima (Per\u00fa), y colabor\u00f3 como voluntaria con Misi\u00f3n Urbana en Valencia. Su hija Lilly Ester es profesora universitaria en Valencia y su hijo Alejandro es consultor del Banco Interamericano de Desarrollo en Washington, DC. <\/em><strong><em>Bibliograf\u00eda:<\/em><\/strong><strong><em>\u00a0<\/em><\/strong><em>Di\u00e1logo entre Cristo y Marx (1967); Decadencia de la religi\u00f3n (1973); Irrupci\u00f3n juvenil (1978); Evangelio y realidad social (1988); La fe evang\u00e9lica y las teolog\u00edas de la liberaci\u00f3n (1987), Paulo Freire: una pedagog\u00eda latinoamericana (1993), Tiempo de misi\u00f3n (1999), Changing Tides: Latin America and Christian Mission (2002), The New Global Mission (2003), La Palabra: vida de la iglesia (2006), entre otros. Tambi\u00e9n es poeta y miembro del Consejo Asesor de TIBER\u00cdADES, Red Iberoamericana de Poetas y Cr\u00edticos Literarios Cristianos.<\/em><\/p>\n<figure id=\"attachment_3049\" aria-describedby=\"caption-attachment-3049\" style=\"width: 640px\" class=\"wp-caption aligncenter\"><img loading=\"lazy\" decoding=\"async\" class=\"size-large wp-image-3049\" src=\"https:\/\/tiberiades.org\/wp-content\/uploads\/2020\/05\/10-Jacqueline-Alencart-Samuel-Escobar-y-Bernard-Coster-1024x617.jpg\" alt=\"\" width=\"640\" height=\"386\" srcset=\"https:\/\/tiberiades.org\/wp-content\/uploads\/2020\/05\/10-Jacqueline-Alencart-Samuel-Escobar-y-Bernard-Coster-1024x617.jpg 1024w, https:\/\/tiberiades.org\/wp-content\/uploads\/2020\/05\/10-Jacqueline-Alencart-Samuel-Escobar-y-Bernard-Coster-300x181.jpg 300w, https:\/\/tiberiades.org\/wp-content\/uploads\/2020\/05\/10-Jacqueline-Alencart-Samuel-Escobar-y-Bernard-Coster-768x463.jpg 768w, https:\/\/tiberiades.org\/wp-content\/uploads\/2020\/05\/10-Jacqueline-Alencart-Samuel-Escobar-y-Bernard-Coster-1536x926.jpg 1536w, https:\/\/tiberiades.org\/wp-content\/uploads\/2020\/05\/10-Jacqueline-Alencart-Samuel-Escobar-y-Bernard-Coster.jpg 1637w\" sizes=\"auto, (max-width: 640px) 100vw, 640px\" \/><figcaption id=\"caption-attachment-3049\" class=\"wp-caption-text\">Jacqueline Alencart, Samuel Escobar y Bernard Coster<\/figcaption><\/figure>\n<p><img loading=\"lazy\" decoding=\"async\" class=\"aligncenter size-large wp-image-3050\" src=\"https:\/\/tiberiades.org\/wp-content\/uploads\/2020\/05\/11-946x1024.jpg\" alt=\"\" width=\"640\" height=\"693\" srcset=\"https:\/\/tiberiades.org\/wp-content\/uploads\/2020\/05\/11-946x1024.jpg 946w, https:\/\/tiberiades.org\/wp-content\/uploads\/2020\/05\/11-277x300.jpg 277w, https:\/\/tiberiades.org\/wp-content\/uploads\/2020\/05\/11-768x831.jpg 768w, https:\/\/tiberiades.org\/wp-content\/uploads\/2020\/05\/11-1419x1536.jpg 1419w, https:\/\/tiberiades.org\/wp-content\/uploads\/2020\/05\/11-1893x2048.jpg 1893w\" sizes=\"auto, (max-width: 640px) 100vw, 640px\" \/><\/p>\n<p><em>\u00a0<\/em><\/p>\n<p><em>\u00a0<\/em><\/p>\n<p><em>\u00a0<\/em><\/p>\n<p><em>\u00a0<\/em><\/p>\n<p><em>\u00a0<\/em><\/p>\n<p><em>\u00a0<\/em><\/p>\n","protected":false},"excerpt":{"rendered":"<p>Como homenaje a la grande humildad y sapiencia de mi paisano Samuel Escobar, recupero el texto que le\u00ed el 12 de marzo de 2011 en el Aula Miguel de Unamuno de la Universidad de Salamanca, en la ceremonia donde se le hizo entrega del Premio \u201cJorge Borrow de Difusi\u00f3n B\u00edblica\u201d. Invitaci\u00f3n a Jes\u00fas: Samuel Escobar, peregrino El Per\u00fa es tierra [&hellip;]<\/p>\n","protected":false},"author":2,"featured_media":3051,"comment_status":"open","ping_status":"closed","sticky":false,"template":"","format":"standard","meta":{"footnotes":""},"categories":[4],"tags":[],"class_list":["post-3056","post","type-post","status-publish","format-standard","has-post-thumbnail","hentry","category-alfredo-perez-alencart"],"_links":{"self":[{"href":"https:\/\/tiberiades.org\/index.php?rest_route=\/wp\/v2\/posts\/3056","targetHints":{"allow":["GET"]}}],"collection":[{"href":"https:\/\/tiberiades.org\/index.php?rest_route=\/wp\/v2\/posts"}],"about":[{"href":"https:\/\/tiberiades.org\/index.php?rest_route=\/wp\/v2\/types\/post"}],"author":[{"embeddable":true,"href":"https:\/\/tiberiades.org\/index.php?rest_route=\/wp\/v2\/users\/2"}],"replies":[{"embeddable":true,"href":"https:\/\/tiberiades.org\/index.php?rest_route=%2Fwp%2Fv2%2Fcomments&post=3056"}],"version-history":[{"count":5,"href":"https:\/\/tiberiades.org\/index.php?rest_route=\/wp\/v2\/posts\/3056\/revisions"}],"predecessor-version":[{"id":3088,"href":"https:\/\/tiberiades.org\/index.php?rest_route=\/wp\/v2\/posts\/3056\/revisions\/3088"}],"wp:featuredmedia":[{"embeddable":true,"href":"https:\/\/tiberiades.org\/index.php?rest_route=\/wp\/v2\/media\/3051"}],"wp:attachment":[{"href":"https:\/\/tiberiades.org\/index.php?rest_route=%2Fwp%2Fv2%2Fmedia&parent=3056"}],"wp:term":[{"taxonomy":"category","embeddable":true,"href":"https:\/\/tiberiades.org\/index.php?rest_route=%2Fwp%2Fv2%2Fcategories&post=3056"},{"taxonomy":"post_tag","embeddable":true,"href":"https:\/\/tiberiades.org\/index.php?rest_route=%2Fwp%2Fv2%2Ftags&post=3056"}],"curies":[{"name":"wp","href":"https:\/\/api.w.org\/{rel}","templated":true}]}}