{"id":3797,"date":"2020-09-05T10:12:52","date_gmt":"2020-09-05T08:12:52","guid":{"rendered":"http:\/\/tiberiades.org\/?p=3797"},"modified":"2020-09-11T11:35:25","modified_gmt":"2020-09-11T09:35:25","slug":"luis-rivera-pagan-versos-tragicos-de-los-menospreciados-sobre-triptico-de-la-indignacion-de-perez-alencart","status":"publish","type":"post","link":"https:\/\/tiberiades.org\/?p=3797","title":{"rendered":"Versos tr\u00e1gicos de los menospreciados. Sobre \u201cTr\u00edptico de la indignaci\u00f3n\u201d, de P\u00e9rez Alencart"},"content":{"rendered":"<p><em>Tiber\u00edades agradece al reconocido te\u00f3logo y ensayista Luis Rivera-Pag\u00e1n, y a Trilce Ediciones, por permitirnos publicar en exclusiva el prefacio de la nueva obra&nbsp; de A. P. Alencart&nbsp; \u201cTr\u00edptico de la indignaci\u00f3n\u201d (Trilce Ediciones, Salamanca, 2020, con pinturas del espa\u00f1ol Jos\u00e9 Carralero realizada durante su estancia en El Salvador, 1971-1973), tres poemas del autor peruano-salmantino, traducidos a quince idiomas. Una obra que pronto empezar\u00e1 a difundirse en descarga libre.<\/em><\/p>\n<p><img loading=\"lazy\" decoding=\"async\" class=\"aligncenter  wp-image-3798\" src=\"https:\/\/tiberiades.org\/wp-content\/uploads\/2020\/09\/2-Cubierta-de-Triptico-de-la-indignacion-1024x518.jpg\" alt=\"\" width=\"900\" height=\"455\" srcset=\"https:\/\/tiberiades.org\/wp-content\/uploads\/2020\/09\/2-Cubierta-de-Triptico-de-la-indignacion-1024x518.jpg 1024w, https:\/\/tiberiades.org\/wp-content\/uploads\/2020\/09\/2-Cubierta-de-Triptico-de-la-indignacion-300x152.jpg 300w, https:\/\/tiberiades.org\/wp-content\/uploads\/2020\/09\/2-Cubierta-de-Triptico-de-la-indignacion-768x389.jpg 768w, https:\/\/tiberiades.org\/wp-content\/uploads\/2020\/09\/2-Cubierta-de-Triptico-de-la-indignacion-1536x778.jpg 1536w, https:\/\/tiberiades.org\/wp-content\/uploads\/2020\/09\/2-Cubierta-de-Triptico-de-la-indignacion-2048x1037.jpg 2048w\" sizes=\"auto, (max-width: 900px) 100vw, 900px\" \/><\/p>\n<h4>\n<strong>Versos tr\u00e1gicos de los menospreciados<\/strong><\/h4>\n<p>Me es imposible leer estos versos de Alfredo P\u00e9rez Alencart, her\u00admosos en el caudal de tristezas que recogen y expresan, sin recordar los miles de ni\u00f1os y adolescentes que anualmente intentan escapar de la pobreza y la violencia de El Salvador, Honduras, Guatemala o M\u00e9xico, en un arduo y extremadamente peligroso peregrinaje hacia Norteam\u00e9rica, con la audacia de sobrevivir pandillas de tr\u00e1\u00adfico humano, los llamados \u201ccoyotes\u201d, para finalmente exponerse a la posible explotaci\u00f3n, desprecio, detenci\u00f3n y deportaci\u00f3n en la frontera sure\u00f1a de los Estados Unidos. Su terrible condici\u00f3n se ha convertido en una crisis humanitaria de dimensiones \u00e9picas.<\/p>\n<p>Su detenci\u00f3n en centros donde prevalecen el hacinamiento, la es\u00adcasez de alimentos, la falta de salubridad, la ausencia del a\u00f1orado cari\u00f1o maternal, me viene a la memoria al leer el poema <em>Campo de refugiados<\/em>. Esos campos cunden por m\u00faltiples lugares de nues\u00adtro planeta. Surgen de la violencia que han sufrido migrantes que huyen de la explotaci\u00f3n y la pobreza prevaleciente en sus pa\u00edses natales. Para llegar a otros lugares donde son vistos con desd\u00e9n y menosprecio, sea por el color de su piel, por el idioma que ha\u00adblan, por la religiosidad que adoran, por la cultura que encarnan. Y, como culmina ese poema,<\/p>\n<p style=\"padding-left: 40px;\">\u201cotra vez la humanidad<br \/>\nsin entonar su<br \/>\nmea culpa.\u201d<\/p>\n<p>&nbsp;<\/p>\n<figure id=\"attachment_3795\" aria-describedby=\"caption-attachment-3795\" style=\"width: 924px\" class=\"wp-caption aligncenter\"><img loading=\"lazy\" decoding=\"async\" class=\"size-full wp-image-3795\" src=\"https:\/\/tiberiades.org\/wp-content\/uploads\/2020\/09\/3-Pintura-de-Jose-Carralero-de-su-serie-Marginaciones.jpg\" alt=\"\" width=\"924\" height=\"669\" srcset=\"https:\/\/tiberiades.org\/wp-content\/uploads\/2020\/09\/3-Pintura-de-Jose-Carralero-de-su-serie-Marginaciones.jpg 924w, https:\/\/tiberiades.org\/wp-content\/uploads\/2020\/09\/3-Pintura-de-Jose-Carralero-de-su-serie-Marginaciones-300x217.jpg 300w, https:\/\/tiberiades.org\/wp-content\/uploads\/2020\/09\/3-Pintura-de-Jose-Carralero-de-su-serie-Marginaciones-768x556.jpg 768w\" sizes=\"auto, (max-width: 924px) 100vw, 924px\" \/><figcaption id=\"caption-attachment-3795\" class=\"wp-caption-text\">Pintura de Jos\u00e9 Carralero, de su serie Marginaciones<\/figcaption><\/figure>\n<p>Inmigraci\u00f3n y xenofobia son graves dilemas sociales. Pero tam\u00adbi\u00e9n transmiten un desaf\u00edo urgente a la sensibilidad \u00e9tica de per\u00adsonas religiosas y de buena voluntad. El primer paso es conside\u00adrar este tema desde la perspectiva de los inmigrantes, prestar real atenci\u00f3n (esto es, desde la profundidad de nuestro coraz\u00f3n) a sus historias de sufrimiento, esperanza, valent\u00eda, resistencia, ingenio y, como tan frecuentemente ocurre, la muerte. Muchos de los in\u00admigrantes no autorizados se han convertido en personas desecha\u00adbles, en vidas desperdiciadas y menospreciadas. <em>Ojal\u00e1 que nunca te suceda <\/em>es un poema que evoca en profunda belleza y tristeza el destino de esos seres humanos.<\/p>\n<p style=\"padding-left: 40px;\">que busca comida en la basura<br \/>\ny debe dormir bajo los puentes<br \/>\nmientras todo brilla por arriba\u2026<br \/>\nS\u00ed: ojal\u00e1 que nunca te suceda.\u201d<\/p>\n<p>Un ni\u00f1o pobre, de solo tres a\u00f1os, vendiendo chicles. Es el pre\u00adludio a una vida colmada de aflicciones, pesares y dolores. Este tercer poema &#8211; <em>Humillaci\u00f3n de la pobreza <\/em>\u2013 retrata en conmovedo\u00adra y parad\u00f3jica belleza el sufrimiento de un ni\u00f1o, vulnerable, que duerme por las noches consciente de los no muy lejanos rapaces listos a devorarlo. Es la vida diaria de innumerables ni\u00f1os y ni\u00f1as esparcidos por todo nuestro planeta. Cada d\u00eda es un desaf\u00edo a sus vidas; un suplicio que enfrentar con la esperanza de un milagro que escasas veces acontece. P\u00e9rez Alencart nuevamente destaca, en versos lustrados por parad\u00f3jica hermosura, la tr\u00e1gica existencia de innumerables seres humanos.<\/p>\n<p style=\"padding-left: 40px;\">\u201cDecir que las hambres<br \/>\nte gritan desde que naciste;<br \/>\ndecir que tu foto no sale<br \/>\nen las p\u00e1ginas sociales;<br \/>\ndecir que el d\u00eda te hizo cauto<br \/>\ny que la noche y sus rapaces<br \/>\nest\u00e1n ah\u00ed para devorarte.\u201d<\/p>\n<p>Son tres poemas que componen un tr\u00edptico de la indignaci\u00f3n; de la tristeza y la c\u00f3lera que suscitan en almas sensibles de poes\u00eda y religiosidad, como es la de Alfredo P\u00e9rez Alencart, la belleza de la poes\u00eda de prof\u00e9tica protesta. Poes\u00eda que en esta publicaci\u00f3n rompe barreras ling\u00fc\u00edsticas y nacionales. El solicitarle a m\u00faltiples poetas y escritores de todo el universo la traducci\u00f3n de estos conmove\u00addores versos en un amplio caudal de diversos idiomas es una con\u00adtribuci\u00f3n excepcional de P\u00e9rez Alencart, quien desde Salamanca, ciudad en la que no naci\u00f3 ni se crio, se esfuerza de manera ejem\u00adplar en convocar a colegas esparcidos por todo el orbe a proseguir la senda de la hermosa y desafiante voz po\u00e9tica prof\u00e9tica.<\/p>\n<p>\u00a1Gracias, Alfredo P\u00e9rez Alencart, insigne poeta y profeta!<\/p>\n<p style=\"text-align: right;\">Luis N. Rivera Pag\u00e1n<br \/>\nProfesor Em\u00e9rito<br \/>\nSeminario Teol\u00f3gico de Princeton<\/p>\n<p><em>&nbsp;<\/em><\/p>\n<figure id=\"attachment_3639\" aria-describedby=\"caption-attachment-3639\" style=\"width: 640px\" class=\"wp-caption aligncenter\"><img loading=\"lazy\" decoding=\"async\" class=\"size-large wp-image-3639\" src=\"https:\/\/tiberiades.org\/wp-content\/uploads\/2020\/07\/8-Luis-Rivera-Pag\u00e1n-recibiendo-la-distinci\u00f3n-de-Hu\u00e9sped-Distinguido-de-Salamanca-foto-de-Jacqueline-Alencar-1024x562.jpg\" alt=\"\" width=\"640\" height=\"351\" srcset=\"https:\/\/tiberiades.org\/wp-content\/uploads\/2020\/07\/8-Luis-Rivera-Pag\u00e1n-recibiendo-la-distinci\u00f3n-de-Hu\u00e9sped-Distinguido-de-Salamanca-foto-de-Jacqueline-Alencar-1024x562.jpg 1024w, https:\/\/tiberiades.org\/wp-content\/uploads\/2020\/07\/8-Luis-Rivera-Pag\u00e1n-recibiendo-la-distinci\u00f3n-de-Hu\u00e9sped-Distinguido-de-Salamanca-foto-de-Jacqueline-Alencar-300x165.jpg 300w, https:\/\/tiberiades.org\/wp-content\/uploads\/2020\/07\/8-Luis-Rivera-Pag\u00e1n-recibiendo-la-distinci\u00f3n-de-Hu\u00e9sped-Distinguido-de-Salamanca-foto-de-Jacqueline-Alencar-768x422.jpg 768w, https:\/\/tiberiades.org\/wp-content\/uploads\/2020\/07\/8-Luis-Rivera-Pag\u00e1n-recibiendo-la-distinci\u00f3n-de-Hu\u00e9sped-Distinguido-de-Salamanca-foto-de-Jacqueline-Alencar-1536x843.jpg 1536w, https:\/\/tiberiades.org\/wp-content\/uploads\/2020\/07\/8-Luis-Rivera-Pag\u00e1n-recibiendo-la-distinci\u00f3n-de-Hu\u00e9sped-Distinguido-de-Salamanca-foto-de-Jacqueline-Alencar.jpg 2013w\" sizes=\"auto, (max-width: 640px) 100vw, 640px\" \/><figcaption id=\"caption-attachment-3639\" class=\"wp-caption-text\">Luis Rivera Pag\u00e1n recibiendo la distinci\u00f3n de Hu\u00e9sped Distinguido de Salamanca (foto de Jacqueline Alencar)<\/figcaption><\/figure>\n<p><em>&nbsp;<\/em><\/p>\n<p><em>Luis Rivera-Pag\u00e1n (San Juan de Puerto Rico, 1942). Profesor em\u00e9rito del Seminario Teol\u00f3gico de Princeton. Autor de varios libros, entre ellos, \u201cEvangelizaci\u00f3n y violencia: La conquista de Am\u00e9rica\u201d (1992), \u201cEntre el oro y la fe: El dilema de Am\u00e9rica\u201d (1995), \u201cMito exilio y demonios: literatura y teolog\u00eda en Am\u00e9rica Latina\u201d (1996), \u201cDi\u00e1logos y polifon\u00edas: perspectivas y rese\u00f1as\u201d (1999), \u201cTeolog\u00eda y cultura en Am\u00e9rica Latina\u201d (2009), \u201cPeregrinajes teol\u00f3gicos y literarios\u201d (2013) y \u201cEnsayos teol\u00f3gicos desde el Caribe\u201d (2013). Es Hu\u00e9sped Distinguido de Salamanca y Premio Iberoamericano de Ensayo \u2018Alfonso Ortega Carmona\u2019, otorgado en Salamanca en 2013.<\/em>&nbsp;<em>Es miembro del Consejo Asesor de Tiber\u00edades.<\/em><\/p>\n<p><em>(Imagen de cabecera: A. P. Alencart ante un mural de Acci\u00f3n po\u00e9tica con versos suyos y pintado en su ciudad natal, Puerto Maldonado-Per\u00fa. Foto de Jacqueline Alencar)<\/em><\/p>\n<p><em><br \/>\n<\/em><em><\/em><\/p>\n","protected":false},"excerpt":{"rendered":"<p>Tiber\u00edades agradece al reconocido te\u00f3logo y ensayista Luis Rivera-Pag\u00e1n, y a Trilce Ediciones, por permitirnos publicar en exclusiva el prefacio de la nueva obra&nbsp; de A. P. Alencart&nbsp; \u201cTr\u00edptico de la indignaci\u00f3n\u201d (Trilce Ediciones, Salamanca, 2020, con pinturas del espa\u00f1ol Jos\u00e9 Carralero realizada durante su estancia en El Salvador, 1971-1973), tres poemas del autor peruano-salmantino, traducidos a quince idiomas. Una [&hellip;]<\/p>\n","protected":false},"author":2,"featured_media":3793,"comment_status":"open","ping_status":"closed","sticky":false,"template":"","format":"standard","meta":{"footnotes":""},"categories":[15],"tags":[148,83],"class_list":["post-3797","post","type-post","status-publish","format-standard","has-post-thumbnail","hentry","category-luis-rivera-pagan","tag-alfredo-perez-alencart","tag-rivera-pagan"],"_links":{"self":[{"href":"https:\/\/tiberiades.org\/index.php?rest_route=\/wp\/v2\/posts\/3797","targetHints":{"allow":["GET"]}}],"collection":[{"href":"https:\/\/tiberiades.org\/index.php?rest_route=\/wp\/v2\/posts"}],"about":[{"href":"https:\/\/tiberiades.org\/index.php?rest_route=\/wp\/v2\/types\/post"}],"author":[{"embeddable":true,"href":"https:\/\/tiberiades.org\/index.php?rest_route=\/wp\/v2\/users\/2"}],"replies":[{"embeddable":true,"href":"https:\/\/tiberiades.org\/index.php?rest_route=%2Fwp%2Fv2%2Fcomments&post=3797"}],"version-history":[{"count":3,"href":"https:\/\/tiberiades.org\/index.php?rest_route=\/wp\/v2\/posts\/3797\/revisions"}],"predecessor-version":[{"id":3832,"href":"https:\/\/tiberiades.org\/index.php?rest_route=\/wp\/v2\/posts\/3797\/revisions\/3832"}],"wp:featuredmedia":[{"embeddable":true,"href":"https:\/\/tiberiades.org\/index.php?rest_route=\/wp\/v2\/media\/3793"}],"wp:attachment":[{"href":"https:\/\/tiberiades.org\/index.php?rest_route=%2Fwp%2Fv2%2Fmedia&parent=3797"}],"wp:term":[{"taxonomy":"category","embeddable":true,"href":"https:\/\/tiberiades.org\/index.php?rest_route=%2Fwp%2Fv2%2Fcategories&post=3797"},{"taxonomy":"post_tag","embeddable":true,"href":"https:\/\/tiberiades.org\/index.php?rest_route=%2Fwp%2Fv2%2Ftags&post=3797"}],"curies":[{"name":"wp","href":"https:\/\/api.w.org\/{rel}","templated":true}]}}