{"id":3939,"date":"2020-11-02T12:05:40","date_gmt":"2020-11-02T10:05:40","guid":{"rendered":"http:\/\/tiberiades.org\/?p=3939"},"modified":"2020-11-02T12:08:18","modified_gmt":"2020-11-02T10:08:18","slug":"angela-gentile-poemas-de-madras-madras-traducidos-por-victor-oliveira-mateus","status":"publish","type":"post","link":"https:\/\/tiberiades.org\/?p=3939","title":{"rendered":"\u00c1ngela Gentile: Poemas de \u201cMadr\u00e1s \/ Madras\u201d, traducidos por Victor Oliveira Mateus"},"content":{"rendered":"<p>&nbsp;<\/p>\n<p><em>Estos poemas han sido seleccionados por el poeta y traductor V\u00edctor Oliveira Mateus, del libro \u201cMadr\u00e1s\/Madras\u201d, obra bilingue publicada en Portugal por Editora Labirinto, Fafe, 2020. <\/em><em>\u00c1ngela Gentile estuvo invitada al XXI Encuentro de Poetas Iberoamericanos, celebrado en Salamanca el mes de octubre de 2018.<\/em><\/p>\n<p>&nbsp;<\/p>\n<h3><strong>POES\u00cdA \/ POESIA<\/strong><\/h3>\n<h4 style=\"padding-left: 40px;\">\n1<\/h4>\n<p style=\"padding-left: 40px;\">Hablar\u00e9 de la forma en que nac\u00edan mirtos en los techos y ca\u00edan sobre nuestras cabezas como lluvias o el cosmos.<br \/>\nSucedi\u00f3 en tiempos poco afortunados para el trueque de palabras.<br \/>\n-Solo en Madr\u00e1s \u2013me asegur\u00f3\u2013 se pierde el perfil de nuestras sombras.<br \/>\nHoy h\u00e1 ca\u00eddo el \u00faltimo verde cercano a los \u00e1rboles, all\u00ed donde el roc\u00edo y las cenizas son el preludio de su nombre.<\/p>\n<h4 style=\"padding-left: 40px;\">\n1<\/h4>\n<p style=\"padding-left: 40px;\">Falarei do modo como as murtas nasciam nos telhados e ca\u00edam sobre as nossas cabe\u00e7as como as chuvas ou o cosmos.<br \/>\nAconteceu em tempos pouco favor\u00e1veis \u00e0 permuta das palavras.<br \/>\n&#8211; S\u00f3 em Madras \u2013 assegurou-me \u2013 se perde o perfil das nossas sombras.<br \/>\nHoje caiu o \u00faltimo verde perto das \u00e1rvores, ali onde o carvalho e as cinzas s\u00e3o o prel\u00fadio de seu nome.<\/p>\n<p>&nbsp;<\/p>\n<figure id=\"attachment_3937\" aria-describedby=\"caption-attachment-3937\" style=\"width: 640px\" class=\"wp-caption aligncenter\"><img loading=\"lazy\" decoding=\"async\" class=\"size-large wp-image-3937\" src=\"https:\/\/tiberiades.org\/wp-content\/uploads\/2020\/11\/2-Angela-Gentile-leyendo-sus-versos-en-el-Teatro-Liceo-de-Salamanca-foto-de-Jose-Amador-Martin-1024x684.jpg\" alt=\"\" width=\"640\" height=\"428\" srcset=\"https:\/\/tiberiades.org\/wp-content\/uploads\/2020\/11\/2-Angela-Gentile-leyendo-sus-versos-en-el-Teatro-Liceo-de-Salamanca-foto-de-Jose-Amador-Martin-1024x684.jpg 1024w, https:\/\/tiberiades.org\/wp-content\/uploads\/2020\/11\/2-Angela-Gentile-leyendo-sus-versos-en-el-Teatro-Liceo-de-Salamanca-foto-de-Jose-Amador-Martin-300x200.jpg 300w, https:\/\/tiberiades.org\/wp-content\/uploads\/2020\/11\/2-Angela-Gentile-leyendo-sus-versos-en-el-Teatro-Liceo-de-Salamanca-foto-de-Jose-Amador-Martin-768x513.jpg 768w, https:\/\/tiberiades.org\/wp-content\/uploads\/2020\/11\/2-Angela-Gentile-leyendo-sus-versos-en-el-Teatro-Liceo-de-Salamanca-foto-de-Jose-Amador-Martin-1536x1026.jpg 1536w, https:\/\/tiberiades.org\/wp-content\/uploads\/2020\/11\/2-Angela-Gentile-leyendo-sus-versos-en-el-Teatro-Liceo-de-Salamanca-foto-de-Jose-Amador-Martin-2048x1368.jpg 2048w, https:\/\/tiberiades.org\/wp-content\/uploads\/2020\/11\/2-Angela-Gentile-leyendo-sus-versos-en-el-Teatro-Liceo-de-Salamanca-foto-de-Jose-Amador-Martin-272x182.jpg 272w\" sizes=\"auto, (max-width: 640px) 100vw, 640px\" \/><figcaption id=\"caption-attachment-3937\" class=\"wp-caption-text\">\u00c1ngela Gentile leyendo sus versos en el Teatro Liceo de Salamanca (foto de Jos\u00e9 Amador Mart\u00edn)<\/figcaption><\/figure>\n<h4 style=\"padding-left: 40px;\">\n2<\/h4>\n<p style=\"padding-left: 40px;\">No he podido contarle todo, su o\u00eddo era antiguo y alojaba palabras en tamil, la lengua que une los tiempos.<br \/>\nLos mares mor\u00edan en su brevedad; en tanto mi voz nadaba como pez hasta su resistencia y se deten\u00eda en el aceite de las l\u00e1mparas.<\/p>\n<h4 style=\"padding-left: 40px;\">\n2<\/h4>\n<p style=\"padding-left: 40px;\">N\u00e3o pude contar-lhe tudo, o seu ouvido era antigo e abrigava palavras em t\u00e2mil, a l\u00edngua que une os tempos.<br \/>\nOs mares so\u00e7obravam em sua brevidade; enquanto a minha voz nadava como um peixe at\u00e9 esgotar a sua resist\u00eancia e se detinha no azeite das l\u00e2mpasas.<\/p>\n<h4 style=\"padding-left: 40px;\">\n4<\/h4>\n<p style=\"padding-left: 40px;\">Mencionaba Madr\u00e1s y me dec\u00eda que las lluvias sobre ese nombre ca\u00edan en idioma dr\u00e1vico desde latitudes ancestrales; tambi\u00e9n que era sagrado aguardar el nacimiento de un jazm\u00edn.<br \/>\nRecuerdo su cuerpo como el aire del monz\u00f3n, cayendo en los sub\u00farbios de su antigua belleza.<\/p>\n<h4 style=\"padding-left: 40px;\">4<\/h4>\n<p style=\"padding-left: 40px;\">Referia Madras e dizia-me que as chuvas sobre esse nome ca\u00edam em idioma dr\u00e1vico a partir de latitudes ancestrais; que tamb\u00e9m era sagrado aguardar o nascimento de um jasmim.<br \/>\nRecordo o seu corpo como ao ar das mon\u00e7\u00f5es, caindo nos sub\u00farbios da sua antiga beleza.<\/p>\n<figure id=\"attachment_3934\" aria-describedby=\"caption-attachment-3934\" style=\"width: 640px\" class=\"wp-caption aligncenter\"><img loading=\"lazy\" decoding=\"async\" class=\"size-large wp-image-3934\" src=\"https:\/\/tiberiades.org\/wp-content\/uploads\/2020\/11\/3-Jacqueline-Alencar-Tere-Cortes-Angela-Gentile-y-Cristina-Vale-en-el-Colegio-Fonseca-1024x562.jpg\" alt=\"\" width=\"640\" height=\"351\" srcset=\"https:\/\/tiberiades.org\/wp-content\/uploads\/2020\/11\/3-Jacqueline-Alencar-Tere-Cortes-Angela-Gentile-y-Cristina-Vale-en-el-Colegio-Fonseca-1024x562.jpg 1024w, https:\/\/tiberiades.org\/wp-content\/uploads\/2020\/11\/3-Jacqueline-Alencar-Tere-Cortes-Angela-Gentile-y-Cristina-Vale-en-el-Colegio-Fonseca-300x165.jpg 300w, https:\/\/tiberiades.org\/wp-content\/uploads\/2020\/11\/3-Jacqueline-Alencar-Tere-Cortes-Angela-Gentile-y-Cristina-Vale-en-el-Colegio-Fonseca-768x422.jpg 768w, https:\/\/tiberiades.org\/wp-content\/uploads\/2020\/11\/3-Jacqueline-Alencar-Tere-Cortes-Angela-Gentile-y-Cristina-Vale-en-el-Colegio-Fonseca-1536x844.jpg 1536w, https:\/\/tiberiades.org\/wp-content\/uploads\/2020\/11\/3-Jacqueline-Alencar-Tere-Cortes-Angela-Gentile-y-Cristina-Vale-en-el-Colegio-Fonseca-2048x1125.jpg 2048w\" sizes=\"auto, (max-width: 640px) 100vw, 640px\" \/><figcaption id=\"caption-attachment-3934\" class=\"wp-caption-text\">Jacqueline Alencar, Tere Cort\u00e9s, \u00c1ngela Gentile y Cristina Vale, en el Colegio Fonseca<\/figcaption><\/figure>\n<h4 style=\"padding-left: 40px;\">\n8<\/h4>\n<p style=\"padding-left: 40px;\">Nunca he sabido por qu\u00e9 ya no existe esa ciudad al sur del mundo, aquel lugar de la costa de Bengala donde los dedos de los pescadores desgranaban plegarias; tierra de rostros agrietados de caf\u00e9 y canela, donde escribir era descender por la columna de un \u00e1ngel sin nombre.<\/p>\n<h4 style=\"padding-left: 40px;\">8<\/h4>\n<p style=\"padding-left: 40px;\">Nunca cheguei a saber por que j\u00e1 n\u00e3o existe essa cidade no sul do mundo, aquele lugar da costa de Bengala onde os dedos dos pescadores entrela\u00e7avam preces; terra de rostos vincados de caf\u00e9 e canela, onde escrever era descer pela coluna de um anjo sem nome.<\/p>\n<h4 style=\"padding-left: 40px;\">\n13<\/h4>\n<p style=\"padding-left: 40px;\">Me asegur\u00f3 que el tiempo antiguo est\u00e1 en el presente y que quien siembre dos veces cosechar\u00e1 indiferencia.<br \/>\nLuego cay\u00f3 el azul sobre sus cabellos; y fuimos parte del mar y de los astros.<\/p>\n<p style=\"padding-left: 40px;\">\n<h4 style=\"padding-left: 40px;\">13<\/h4>\n<p style=\"padding-left: 40px;\">Garantiu-me que o tempo antigo est\u00e1 no presente e que quem semeia duas vezes colher\u00e1 indiferen\u00e7a.<br \/>\nEnt\u00e3o o azul caiu nos seus cabelos; e fomos parte do mar e dos astros.<\/p>\n<p>&nbsp;<\/p>\n<figure id=\"attachment_3935\" aria-describedby=\"caption-attachment-3935\" style=\"width: 640px\" class=\"wp-caption aligncenter\"><img loading=\"lazy\" decoding=\"async\" class=\"size-large wp-image-3935\" src=\"https:\/\/tiberiades.org\/wp-content\/uploads\/2020\/11\/4-Juan-Carlos-Olivas-Angela-Gentile-y-Marcelo-Gatica-en-el-Colegio-Fonseca-foto-de-Jacqueline-Alencar-710x1024.jpg\" alt=\"\" width=\"640\" height=\"923\" srcset=\"https:\/\/tiberiades.org\/wp-content\/uploads\/2020\/11\/4-Juan-Carlos-Olivas-Angela-Gentile-y-Marcelo-Gatica-en-el-Colegio-Fonseca-foto-de-Jacqueline-Alencar-710x1024.jpg 710w, https:\/\/tiberiades.org\/wp-content\/uploads\/2020\/11\/4-Juan-Carlos-Olivas-Angela-Gentile-y-Marcelo-Gatica-en-el-Colegio-Fonseca-foto-de-Jacqueline-Alencar-208x300.jpg 208w, https:\/\/tiberiades.org\/wp-content\/uploads\/2020\/11\/4-Juan-Carlos-Olivas-Angela-Gentile-y-Marcelo-Gatica-en-el-Colegio-Fonseca-foto-de-Jacqueline-Alencar-768x1108.jpg 768w, https:\/\/tiberiades.org\/wp-content\/uploads\/2020\/11\/4-Juan-Carlos-Olivas-Angela-Gentile-y-Marcelo-Gatica-en-el-Colegio-Fonseca-foto-de-Jacqueline-Alencar-1065x1536.jpg 1065w, https:\/\/tiberiades.org\/wp-content\/uploads\/2020\/11\/4-Juan-Carlos-Olivas-Angela-Gentile-y-Marcelo-Gatica-en-el-Colegio-Fonseca-foto-de-Jacqueline-Alencar.jpg 1068w\" sizes=\"auto, (max-width: 640px) 100vw, 640px\" \/><figcaption id=\"caption-attachment-3935\" class=\"wp-caption-text\">Juan Carlos Olivas, \u00c1ngela Gentile y Marcelo Gatica en el Colegio Fonseca (foto de Jacqueline Alencar)<\/figcaption><\/figure>\n<p><em>\u00c1ngela Gentile (Berisso, Argentina 1952), profesora de lengua y literatura italiana y espa\u00f1ola. Fue becaria de la Universidad de Perugia e hizo el postgrado en Gesti\u00f3n cultural. Perteneci\u00f3 al Centro de Estudios Italianos (investigaci\u00f3n) de la UNLP.&nbsp; Premio Nacional \u201cIniciaci\u00f3n\u201d de Literatura en la Bienal 1985-87, otorgado por el Ministerio de&nbsp; Justicia y Cultura de la Naci\u00f3n&nbsp; Argentina. Premio de la Fundaci\u00f3n el Libro de Buenos Aires en el a\u00f1o 2009 a la prensa gr\u00e1fica por la revista Etruria de literatura Juvenil que codirige. Es coautora de los manuales para la escuela secundaria&nbsp;\u201cPensar la lengua y la literatura\u201d, responsable de&nbsp;\u201cPalabras originarias. Antolog\u00eda po\u00e9tica de tradici\u00f3n oral\u201d, ejemplar que integra la colecci\u00f3n Juan Gelman de Poes\u00eda Argentina del Ministerio de Educaci\u00f3n. En el g\u00e9nero ensayo es coautora del volumen patrocinado por la UNESCO:&nbsp;\u201cVoces olvidadas. Las lenguas y las canciones de cuna de la inmigraci\u00f3n\u201d. En este g\u00e9nero, en 2015 apareci\u00f3 su libro&nbsp;\u201cDi\u00e1spora griega en Am\u00e9rica\u201d. Public\u00f3 los poemarios&nbsp;\u201cEscenograf\u00edas\u201d&nbsp;(2005),&nbsp;\u201cCantos de la Etruria\u201d&nbsp;(2008),&nbsp;\u201cCuerno de marfil\u201d&nbsp;(2012),&nbsp;\u201cLos pies de Ulises\u201d&nbsp;(2016) y Bizancio (2018). Parte de su poes\u00eda ha sido traducida al griego y al portugu\u00e9s.<\/em><\/p>\n<figure id=\"attachment_3936\" aria-describedby=\"caption-attachment-3936\" style=\"width: 640px\" class=\"wp-caption aligncenter\"><img loading=\"lazy\" decoding=\"async\" class=\"size-large wp-image-3936\" src=\"https:\/\/tiberiades.org\/wp-content\/uploads\/2020\/11\/5-Victor-Oliveira-recibiendo-el-titulo-de-Huesped-Distinguido-de-Salamanca-foto-de-Jacqueline-Alencar-1024x666.jpg\" alt=\"\" width=\"640\" height=\"416\" srcset=\"https:\/\/tiberiades.org\/wp-content\/uploads\/2020\/11\/5-Victor-Oliveira-recibiendo-el-titulo-de-Huesped-Distinguido-de-Salamanca-foto-de-Jacqueline-Alencar-1024x666.jpg 1024w, https:\/\/tiberiades.org\/wp-content\/uploads\/2020\/11\/5-Victor-Oliveira-recibiendo-el-titulo-de-Huesped-Distinguido-de-Salamanca-foto-de-Jacqueline-Alencar-300x195.jpg 300w, https:\/\/tiberiades.org\/wp-content\/uploads\/2020\/11\/5-Victor-Oliveira-recibiendo-el-titulo-de-Huesped-Distinguido-de-Salamanca-foto-de-Jacqueline-Alencar-768x499.jpg 768w, https:\/\/tiberiades.org\/wp-content\/uploads\/2020\/11\/5-Victor-Oliveira-recibiendo-el-titulo-de-Huesped-Distinguido-de-Salamanca-foto-de-Jacqueline-Alencar-1536x998.jpg 1536w, https:\/\/tiberiades.org\/wp-content\/uploads\/2020\/11\/5-Victor-Oliveira-recibiendo-el-titulo-de-Huesped-Distinguido-de-Salamanca-foto-de-Jacqueline-Alencar-2048x1331.jpg 2048w\" sizes=\"auto, (max-width: 640px) 100vw, 640px\" \/><figcaption id=\"caption-attachment-3936\" class=\"wp-caption-text\">Victor Oliveira recibiendo el t\u00edtulo de Hu\u00e9sped Distinguido de Salamanca (foto de Jacqueline Alencar)<\/figcaption><\/figure>\n<p><em>&nbsp;<\/em><\/p>\n<p>&nbsp;<\/p>\n","protected":false},"excerpt":{"rendered":"<p>&nbsp; Estos poemas han sido seleccionados por el poeta y traductor V\u00edctor Oliveira Mateus, del libro \u201cMadr\u00e1s\/Madras\u201d, obra bilingue publicada en Portugal por Editora Labirinto, Fafe, 2020. \u00c1ngela Gentile estuvo invitada al XXI Encuentro de Poetas Iberoamericanos, celebrado en Salamanca el mes de octubre de 2018. &nbsp; POES\u00cdA \/ POESIA 1 Hablar\u00e9 de la forma en que nac\u00edan mirtos en [&hellip;]<\/p>\n","protected":false},"author":2,"featured_media":3938,"comment_status":"open","ping_status":"closed","sticky":false,"template":"","format":"standard","meta":{"footnotes":""},"categories":[269],"tags":[],"class_list":["post-3939","post","type-post","status-publish","format-standard","has-post-thumbnail","hentry","category-angela-gentile"],"_links":{"self":[{"href":"https:\/\/tiberiades.org\/index.php?rest_route=\/wp\/v2\/posts\/3939","targetHints":{"allow":["GET"]}}],"collection":[{"href":"https:\/\/tiberiades.org\/index.php?rest_route=\/wp\/v2\/posts"}],"about":[{"href":"https:\/\/tiberiades.org\/index.php?rest_route=\/wp\/v2\/types\/post"}],"author":[{"embeddable":true,"href":"https:\/\/tiberiades.org\/index.php?rest_route=\/wp\/v2\/users\/2"}],"replies":[{"embeddable":true,"href":"https:\/\/tiberiades.org\/index.php?rest_route=%2Fwp%2Fv2%2Fcomments&post=3939"}],"version-history":[{"count":2,"href":"https:\/\/tiberiades.org\/index.php?rest_route=\/wp\/v2\/posts\/3939\/revisions"}],"predecessor-version":[{"id":3941,"href":"https:\/\/tiberiades.org\/index.php?rest_route=\/wp\/v2\/posts\/3939\/revisions\/3941"}],"wp:featuredmedia":[{"embeddable":true,"href":"https:\/\/tiberiades.org\/index.php?rest_route=\/wp\/v2\/media\/3938"}],"wp:attachment":[{"href":"https:\/\/tiberiades.org\/index.php?rest_route=%2Fwp%2Fv2%2Fmedia&parent=3939"}],"wp:term":[{"taxonomy":"category","embeddable":true,"href":"https:\/\/tiberiades.org\/index.php?rest_route=%2Fwp%2Fv2%2Fcategories&post=3939"},{"taxonomy":"post_tag","embeddable":true,"href":"https:\/\/tiberiades.org\/index.php?rest_route=%2Fwp%2Fv2%2Ftags&post=3939"}],"curies":[{"name":"wp","href":"https:\/\/api.w.org\/{rel}","templated":true}]}}