{"id":395,"date":"2019-02-21T20:41:15","date_gmt":"2019-02-21T20:41:15","guid":{"rendered":"http:\/\/tiberiades.org\/?p=395"},"modified":"2019-03-17T10:05:57","modified_gmt":"2019-03-17T09:05:57","slug":"poemas-de-gerardo-oberman","status":"publish","type":"post","link":"https:\/\/tiberiades.org\/?p=395","title":{"rendered":"Poemas de Gerardo Oberman"},"content":{"rendered":"\n<p class=\"wp-block-paragraph\"><strong>CREO SIN CREDOS<\/strong><br><\/p>\n\n\n\n<p class=\"wp-block-paragraph\">Creo en el Dios que encendi\u00f3 el primer sol,<br>\nque hizo latir la vida y que la hizo hermosamente diversa,<br>\nque sali\u00f3 a jugar, desnudo, por los jardines del universo<br>\nsin miedo al tiempo, sonriendo, saludando a la brisa.<\/p>\n\n\n\n<p class=\"wp-block-paragraph\">Creo en un Dios que se hizo amigo de sus creaturas,<br>\nque abraz\u00f3 al \u00e1rbol y nad\u00f3 con los peces,<br>\nque se sent\u00f3 junto al le\u00f3n y al cordero<br>\ny danz\u00f3 con los p\u00e1jaros en el aire.<\/p>\n\n\n\n<p class=\"wp-block-paragraph\">Creo en un Dios que camin\u00f3 con las personas,<br>\nque les ense\u00f1\u00f3 a so\u00f1ar y las impuls\u00f3 a ser libres,<br>\nque les se\u00f1al\u00f3 un horizonte de plenitud hacia donde ir\u2026<br>\nPero no entendieron o no quisieron o tuvieron miedo.<\/p>\n\n\n\n<p class=\"wp-block-paragraph\">Creo en un Dios que fue encarcelado en prejuicios,<br>\nque fue amordazado por conceptos y doctrinas,<br>\nque fue encerrado en espacios oscuros y opresivos,<br>\nque fue limitado en su capacidad de amar y sanar.<\/p>\n\n\n\n<p class=\"wp-block-paragraph\">Creo en un Dios que quiere liberarse de tanta cadena,<br>\nque desea sacudirse el polvo de los viejos credos<br>\ny romper las estructuras de las formas y los dogmas<br>\npara volver a ser un Dios inclusivo, amplio, generoso.<\/p>\n\n\n\n<p class=\"wp-block-paragraph\">Creo en un Dios que busca hacerse presente, real,\naut\u00e9ntico,<br>\nen tantas otras formas de creer, de celebrar, de vivir;<br>\nun Dios que trata de seguir revel\u00e1ndose en la historia<br>\nde las mujeres y de los hombres que jam\u00e1s perdieron de vista<br>\naquel horizonte, aquella luz, aquel mundo posible.<\/p>\n\n\n\n<p class=\"wp-block-paragraph\">Creo en un Dios dispuesto a descender a los infiernos<br>\nde los injustamente sometidos,<br>\nde las violentamente marginadas,<br>\nde las atrapadas en redes de enga\u00f1o y de muerte,<br>\nde los estigmatizados por ser distintos,<br>\nde los migrantes sin tierra, sin hogar, sin misericordia,<br>\nde las mutiladas, violadas, golpeadas,<br>\nde las v\u00edctimas de los odios que hieren y matan,<br>\nde los silenciados, los desaparecidos, los nadies.<\/p>\n\n\n\n<p class=\"wp-block-paragraph\">Creo en un Dios que quiere resucitar y resucitarnos<br>\nde tantas formas de estar muertos,<br>\nde tantas maneras de vivir sin sentido,<br>\nsin pasi\u00f3n y sin compasi\u00f3n<\/p>\n\n\n\n<p class=\"wp-block-paragraph\">Creo en un Dios que nos anima a ser comunidad,<br>\na ser cuerpo, a ser encuentro solidario<br>\nde unas y otras, de unos y otros,<br>\na construir espacios alternativos con lugar<br>\npara cada ser humano<br>\nen su compleja y rica diversidad.<\/p>\n\n\n\n<p class=\"wp-block-paragraph\">Creo que en esos espacios,<br>\nel pan que se comparte se hace sacramento<br>\ny que la copa que pasa de mano en mano,<br>\nsin prejuicios,<br>\nes gloriosa manifestaci\u00f3n del poder de un amor<br>\ncapaz de transformarlo todo.<\/p>\n\n\n\n<p class=\"wp-block-paragraph\">Creo en un Dios que no ha perdido las esperanzas,<br>\na pesar de todo,<br>\ny que, de tanto en tanto,<br>\nvuelve a sonre\u00edr.<br>\n<br>\n<\/p>\n\n\n\n<div class=\"wp-block-image\"><figure class=\"aligncenter\"><img loading=\"lazy\" decoding=\"async\" width=\"750\" height=\"1024\" src=\"https:\/\/tiberiades.org\/wp-content\/uploads\/2019\/02\/2-Nacimiento-de-Miguel-El\u00edas-750x1024.jpg\" alt=\"\" class=\"wp-image-397\" srcset=\"https:\/\/tiberiades.org\/wp-content\/uploads\/2019\/02\/2-Nacimiento-de-Miguel-El\u00edas-750x1024.jpg 750w, https:\/\/tiberiades.org\/wp-content\/uploads\/2019\/02\/2-Nacimiento-de-Miguel-El\u00edas-220x300.jpg 220w, https:\/\/tiberiades.org\/wp-content\/uploads\/2019\/02\/2-Nacimiento-de-Miguel-El\u00edas-768x1049.jpg 768w, https:\/\/tiberiades.org\/wp-content\/uploads\/2019\/02\/2-Nacimiento-de-Miguel-El\u00edas.jpg 918w\" sizes=\"auto, (max-width: 750px) 100vw, 750px\" \/><figcaption>Nacimiento, de Miguel El\u00edas<\/figcaption><\/figure><\/div>\n\n\n\n<p class=\"wp-block-paragraph\"><strong>DIOS HECHO CRIATURA<\/strong><\/p>\n\n\n\n<p class=\"wp-block-paragraph\">Dios revelado en lo peque\u00f1o,&nbsp;<br> en lo fr\u00e1gil, en lo humilde,&nbsp;<br> en lugares inesperados&nbsp;<br> y ocultos a la vista de los poderosos,&nbsp;<br> ilum\u00ednanos el sendero hacia tu pesebre abierto,&nbsp;<br> hacia tu divinidad humanizada,&nbsp;<br> hacia tu ternura solidaria;<br> d\u00e9janos encontrarte para afirmar la fe<br> y para renovar los sue\u00f1os<br> que se nos han dormido&nbsp;<br> de tanto esperar\u2026<br> Dios hecho criatura,&nbsp;<br> que te dejas abrazar&nbsp;<br> y que te nutres del seno materno,<br> que te recuestas en cuna<br> hecha por manos pobres,<br> que te duermes oyendo cantar<br> a las mujeres y a los hombres sencillos,<br> gu\u00edanos como a los sabios de oriente,<br> con una se\u00f1al que podamos descubrir<br> y que nos coloque en el sitio correcto,<br> all\u00ed donde tu gracia se hace cuerpo,<br> donde tu amor mira de frente,<br> donde tu misericordia siente el fr\u00edo y el calor,<br> donde tu compasi\u00f3n&nbsp;<br> se encuentra con la vida concreta<br> de tu pueblo sufrido y necesitado.<br> Dios del llanto y de los pa\u00f1ales,&nbsp;<br> que elegiste llegar as\u00ed, naciendo,<br> ensancha el establo estrecho&nbsp;<br> y haznos lugar junto a quienes&nbsp;<br> te buscan con sinceridad<br> y te ofrecen lo que son y lo que tienen,<br> sin otra intenci\u00f3n que la de adorarte<br> y dejarse transformar&nbsp;<br> para regresar a la vida,<br> a construir,&nbsp;<br> contigo,<br> mundos nuevos.&nbsp;<\/p>\n\n\n\n<div class=\"wp-block-image\"><figure class=\"aligncenter is-resized\"><img loading=\"lazy\" decoding=\"async\" src=\"https:\/\/tiberiades.org\/wp-content\/uploads\/2019\/02\/3-Icthus-IX-de-Miguel-El\u00edas-1024x811.jpg\" alt=\"\" class=\"wp-image-398\" width=\"768\" height=\"608\" srcset=\"https:\/\/tiberiades.org\/wp-content\/uploads\/2019\/02\/3-Icthus-IX-de-Miguel-El\u00edas-1024x811.jpg 1024w, https:\/\/tiberiades.org\/wp-content\/uploads\/2019\/02\/3-Icthus-IX-de-Miguel-El\u00edas-300x238.jpg 300w, https:\/\/tiberiades.org\/wp-content\/uploads\/2019\/02\/3-Icthus-IX-de-Miguel-El\u00edas-768x608.jpg 768w\" sizes=\"auto, (max-width: 768px) 100vw, 768px\" \/><figcaption> Icthus IX, de Miguel El\u00edas<\/figcaption><\/figure><\/div>\n\n\n\n<p class=\"wp-block-paragraph\"><strong>NO MURI\u00d3 POR M\u00cd<em><\/em><\/strong><\/p>\n\n\n\n<p class=\"wp-block-paragraph\"><strong><em><br> <br> <\/em><\/strong>Tiempo de Pascua.<br> Tiempo de rituales repetidos<br> y de palabras dichas mil veces.<br> Tiempo de silencios de muerte,<br> de ayunos, de promesas y de procesiones.<br> Tiempo de euforia que se contiene,<br> porque parece pecado anticipar el final<br> que ya conocemos<br> y que deber\u00eda inundar todo de vida.<br> Tiempo de superficialidad e hipocres\u00edas:<br> \u201c\u00a1Felices pascuas!\u201d<br> Tiempo de iglesias que de mil maneras diferentes<br> pero de mil maneras tan iguales<br> no saben decir otra cosa que lo que siempre se ha dicho:<br> \u201cJes\u00fas muri\u00f3 por nuestra salvaci\u00f3n\u201d.<br> Pero, \u00bfsab\u00e9s qu\u00e9?<br> Jes\u00fas no muri\u00f3 por m\u00ed.<br> Jes\u00fas muri\u00f3 a causa de la cobard\u00eda,<br> la ambici\u00f3n, la soberbia, el amor al poder,<br> de quienes no entendieron su mensaje,<br> de quienes le tem\u00edan a lo nuevo,<br> de quienes se hab\u00edan construido un dios a su propia medida,<br> de quienes no aceptaron su propuesta de vida en plenitud<br> no para unos pocos, sino para todos y todas.<br> Aquella muerte no salv\u00f3 a nadie,<br> ni siquiera a quienes cre\u00edan que se iban a salvar de Jes\u00fas.<br> Lo que me salv\u00f3 y te salv\u00f3<br> y sigue salvando<br> es aquel Jes\u00fas que se hizo persona,<br> que se identific\u00f3 con la gente,<br> que fue beb\u00e9 y llor\u00f3,<br> que fue ni\u00f1o y jug\u00f3,<br> que creci\u00f3 y trabaj\u00f3,<br> que fue llamado a una misi\u00f3n y la asumi\u00f3,<br> que se detuvo ante el dolor de otros y otras,<br> que fue solidario en gestos, en palabras, en acciones,<br> que no call\u00f3 lo que deb\u00eda ser dicho<br> y que, a\u00fan temiendo, sigui\u00f3 adelante,<br> por amor, por puro amor.<br> No fue su muerte, tan cruel e injusta.<br> \u00a1Fue su vida!<br> Si la muerte fuera salvadora,<br> \u00bfqu\u00e9 sentido tendr\u00eda la resurrecci\u00f3n?,<br> \u00bfcon qu\u00e9 raz\u00f3n celebrar\u00edamos la Pascua?<br> La muerte no salva,<br> aunque se escandalice la teolog\u00eda.<br> Salva la vida.<br> Por eso la resurrecci\u00f3n es el gran anuncio,<br> es el gran tema, es la gran noticia de este tiempo.<br> Por eso la piedra se corre, la tumba se abre<br> y se oyen pasos en el huerto.<br> Dios resucita a Jes\u00fas<br> para condenar eternamente a la muerte,<br> para anunciar que la VIDA triunfa<br> y que la fe en ese Jes\u00fas que vive,<br> que vence a los mercenarios del terror,<br> es la que salva y la que libera.<br> Lo dice Pedro, con tanta claridad:<br> \u201ca ese mismo Jes\u00fas a quienes ustedes crucificaron,<br> Dios lo ha hecho Mes\u00edas y Se\u00f1or\u201d.<br> Jes\u00fas no muri\u00f3 por m\u00ed.<br> \u00a1A Jes\u00fas lo mataron!<br> Jes\u00fas muri\u00f3 porque lo torturaron con sa\u00f1a,<br> porque lo quisieran desaparecer y hacer callar,<br> y porque lo mataron los poderosos de siempre.<br> Jes\u00fas s\u00ed naci\u00f3 por m\u00ed.<br> Tambi\u00e9n vivi\u00f3 por m\u00ed,<br> ense\u00f1\u00f3, san\u00f3, perdon\u00f3, am\u00f3 y resucit\u00f3 por m\u00ed.<br> Y por vos y por cada persona.<br> Jes\u00fas no muri\u00f3 por m\u00ed<br> ni por vos ni por nadie.<br> Tal vez alg\u00fan d\u00eda<br> dejemos de honrar su muerte<br> para empezar a celebrar su VIDA. <\/p>\n\n\n\n<div class=\"wp-block-image\"><figure class=\"aligncenter\"><img loading=\"lazy\" decoding=\"async\" width=\"570\" height=\"384\" src=\"https:\/\/tiberiades.org\/wp-content\/uploads\/2019\/02\/4-\u00c1ngelpintura-de-Miguel-El\u00edas.jpg\" alt=\"\" class=\"wp-image-399\" srcset=\"https:\/\/tiberiades.org\/wp-content\/uploads\/2019\/02\/4-\u00c1ngelpintura-de-Miguel-El\u00edas.jpg 570w, https:\/\/tiberiades.org\/wp-content\/uploads\/2019\/02\/4-\u00c1ngelpintura-de-Miguel-El\u00edas-300x202.jpg 300w\" sizes=\"auto, (max-width: 570px) 100vw, 570px\" \/><figcaption>\u00c1ngel,pintura de Miguel El\u00edas<\/figcaption><\/figure><\/div>\n\n\n\n<p class=\"wp-block-paragraph\"><strong>BUENAS VENTURAS<\/strong><\/p>\n\n\n\n<p class=\"wp-block-paragraph\">Benditas las personas a las que las puertas del\nreino&nbsp;<br>\nles son abiertas de par en par<br>\nporque en su pobreza han sabido hacer realidad<br>\nel proyecto solidario de Jes\u00fas,<br>\nporque han entendido lo del \u201cpan nuestro\u201d,<br>\nporque viven en mundos sin puertas ni techos<br>\npero, a la vez, sin muros ni exclusiones.<\/p>\n\n\n\n<p class=\"wp-block-paragraph\">Benditas las personas que tienen hambre&nbsp;<br>\ny que, desde ese lugar de insatisfacci\u00f3n,<br>\nreclaman, resisten, marchan, protestan<br>\nante las injusticias de un mundo cruel y perverso.<br>\nEn su b\u00fasqueda de dignidad y equidad&nbsp;<br>\nser\u00e1n saciadas por la gracia de un Dios<br>\nque ha elegido caminar de su lado.<\/p>\n\n\n\n<p class=\"wp-block-paragraph\">Benditas las personas que lloran&nbsp;<br>\nlos dolores que duelen a sus pr\u00f3jimos<br>\ny que, a\u00fan en su propia angustia,<br>\nhan aprendido a sonre\u00edr y a cantar,<br>\na abrazar y a cuidarse unas a otras.<\/p>\n\n\n\n<p class=\"wp-block-paragraph\">Benditas las personas odiadas y despreciadas<br>\npor quienes dicen amar y ser fieles a su fe,<br>\npero a las que solo les preocupan sus espacios peque\u00f1os,<br>\nsus privilegios exclusivos, su moral selectiva&nbsp;<br>\ny su destructiva teolog\u00eda de m\u00e9ritos y prosperidades.<\/p>\n\n\n\n<p class=\"wp-block-paragraph\">Benditas las personas insultadas y perseguidas&nbsp;<br>\npor compartir el mensaje liberador e inclusivo de Jes\u00fas.<br>\n\u00a1Hay insultos que son un maravilloso regalo!<\/p>\n\n\n\n<p class=\"wp-block-paragraph\">Benditas las personas cuya riqueza no es poseer&nbsp;<br>\nsino saber compartir, extender la mesa,&nbsp;<br>\nhacer m\u00e1s grandes los espacios, construir puentes,<br>\nfabricar huecos en los muros y sembrar flores en las grietas.<\/p>\n\n\n\n<p class=\"wp-block-paragraph\">Benditas las personas que han aprendido a re\u00edr,&nbsp;<br> que descubren la belleza en las cosas simples,&nbsp;<br> que no conocen el rencor&nbsp;<br> y que duermen pl\u00e1cidamente.<\/p>\n\n\n\n<div class=\"wp-block-image\"><figure class=\"aligncenter\"><img loading=\"lazy\" decoding=\"async\" width=\"712\" height=\"823\" src=\"https:\/\/tiberiades.org\/wp-content\/uploads\/2019\/02\/5-Oberman-cantando.jpg\" alt=\"\" class=\"wp-image-404\" srcset=\"https:\/\/tiberiades.org\/wp-content\/uploads\/2019\/02\/5-Oberman-cantando.jpg 712w, https:\/\/tiberiades.org\/wp-content\/uploads\/2019\/02\/5-Oberman-cantando-260x300.jpg 260w\" sizes=\"auto, (max-width: 712px) 100vw, 712px\" \/><\/figure><\/div>\n\n\n\n<p class=\"wp-block-paragraph\"><strong>DESENAMORADO<\/strong><\/p>\n\n\n\n<p class=\"wp-block-paragraph\">Hoy quisiera declararme desenamorado.<br>\nDesenamorado de los amores edulcorados,<br>\nde las relaciones posesivas,<br>\nde los abrazos que aprisionan la libertad,<br>\nde los besos hip\u00f3critas y de las caricias falsas,<br>\nde las miradas turbias y de las sonrisas torcidas.<\/p>\n\n\n\n<p class=\"wp-block-paragraph\">Desenamorado de las imposiciones del mercado,&nbsp;<br>\nde los regalos que se compran con dinero,<br>\nde los brindis fugaces,<br>\nde los encuentros obligados,<br>\nde las cenas de apariencia y de las fotos de ocasi\u00f3n,<br>\nde las flores que esconden sus espinas<br>\ny de los \u201cte quiero\u201d sin pasi\u00f3n.<\/p>\n\n\n\n<p class=\"wp-block-paragraph\">Me declaro desenamorado&nbsp;<br>\nde quienes han hecho del amor&nbsp;<br>\napenas una palabra vac\u00eda de todo contenido,<br>\ny de quienes promocionan al amor<br>\ncomo un mero contacto f\u00edsico,&nbsp;<br>\nsin alma, sin compromiso, sin relaci\u00f3n.<\/p>\n\n\n\n<p class=\"wp-block-paragraph\">Me declaro desenamorado<br>\nde quienes confunden su hedonismo con amor,<br>\nde quienes maquillan sus odios con palabras bonitas,<br>\nde quienes viven amores de cabotaje, amores selectivos,&nbsp;<br>\namores pobres, amores interesados, amores ego\u00edstas.<\/p>\n\n\n\n<p class=\"wp-block-paragraph\">Me desenamoran las personas cobardes,&nbsp;<br>\nlas gentes que nunca se han jugado por alguien o por algo,<br>\naquellas que le temen al \u201cqu\u00e9 dir\u00e1n\u201d,&nbsp;<br>\nlas que tienen miedo de perder sus privilegios,<br>\nlas que prefieren conservar en lugar de arriesgar,<br>\nlas que no se mueven de sus sitios de confort,<br>\nlas que nunca han buscado hacer bien a otros,<br>\nlas que no saben desprenderse ni reaprenderse,<br>\nlas que solo militan la causa de su ambici\u00f3n,<br>\nlas que no conocen el poder de la solidaridad<br>\nni la bendici\u00f3n de ser comunidad.<\/p>\n\n\n\n<p class=\"wp-block-paragraph\">Me desenamora la vida aburrida,&nbsp;<br> la fe adoctrinada, la teolog\u00eda aburguesada,&nbsp;<br> la religi\u00f3n de las repeticiones<br> y la poes\u00eda que rima. <\/p>\n\n\n\n<div class=\"wp-block-image\"><figure class=\"aligncenter is-resized\"><img loading=\"lazy\" decoding=\"async\" src=\"https:\/\/tiberiades.org\/wp-content\/uploads\/2019\/02\/6-Icthus-VIII-de-Miguel-El\u00edas-1024x770.jpg\" alt=\"\" class=\"wp-image-400\" width=\"768\" height=\"578\" srcset=\"https:\/\/tiberiades.org\/wp-content\/uploads\/2019\/02\/6-Icthus-VIII-de-Miguel-El\u00edas-1024x770.jpg 1024w, https:\/\/tiberiades.org\/wp-content\/uploads\/2019\/02\/6-Icthus-VIII-de-Miguel-El\u00edas-300x226.jpg 300w, https:\/\/tiberiades.org\/wp-content\/uploads\/2019\/02\/6-Icthus-VIII-de-Miguel-El\u00edas-768x578.jpg 768w\" sizes=\"auto, (max-width: 768px) 100vw, 768px\" \/><figcaption>Icthus VIII, de Miguel El\u00edas<\/figcaption><\/figure><\/div>\n\n\n\n<p class=\"wp-block-paragraph\"><strong>JES\u00daS\nDEL BUEN VINO<\/strong><\/p>\n\n\n\n<p class=\"wp-block-paragraph\">Jes\u00fas de las fiestas y del buen vino,&nbsp;<br> amigo de la gente simple que se re\u00fane para celebrar,<br> bend\u00edcenos con tu compa\u00f1\u00eda creativa,<br> llena los vac\u00edos que amenazan el buen vivir,<br> transforma la escasez en abundancia,<br> la avaricia en compartires.<br> Jes\u00fas que te encuentras con el pueblo&nbsp;<br> que necesita poder bailar y re\u00edr y creer,<br> convierte la tristeza en risas,&nbsp;<br> las angustias en esperanza,<br> la pasividad en movimiento,<br> la religiosidad en espiritualidad,<br> la apat\u00eda en solidaridad,<br> la distancia en abrazos,<br> los miedos en confianza.<br> Jes\u00fas de Can\u00e1, hijo de Mar\u00eda, maestro,&nbsp;<br> echa de tu esp\u00edritu en este mundo agotado<br> y, a tu se\u00f1al, ser\u00e1 un mundo nuevo.<\/p>\n\n\n\n<div class=\"wp-block-image\"><figure class=\"aligncenter\"><img loading=\"lazy\" decoding=\"async\" width=\"440\" height=\"659\" src=\"https:\/\/tiberiades.org\/wp-content\/uploads\/2019\/02\/7-Peon\u00edas-de-Miguel-El\u00edas.jpg\" alt=\"\" class=\"wp-image-401\" srcset=\"https:\/\/tiberiades.org\/wp-content\/uploads\/2019\/02\/7-Peon\u00edas-de-Miguel-El\u00edas.jpg 440w, https:\/\/tiberiades.org\/wp-content\/uploads\/2019\/02\/7-Peon\u00edas-de-Miguel-El\u00edas-200x300.jpg 200w\" sizes=\"auto, (max-width: 440px) 100vw, 440px\" \/><figcaption>Peon\u00edas, de Miguel El\u00edas<\/figcaption><\/figure><\/div>\n\n\n\n<p class=\"wp-block-paragraph\"><strong>\u00bfAMAR?<\/strong><\/p>\n\n\n\n<p class=\"wp-block-paragraph\"><strong><em>&nbsp;<\/em><\/strong>\u00bfAmar?<\/p>\n\n\n\n<p class=\"wp-block-paragraph\">\u00bfAmar\na quien escupe su odio en la cara de sus pr\u00f3jimos?<br>\n\u00bfAmar a quienes asesinan los sue\u00f1os de ni\u00f1os y ni\u00f1as?<br>\n\u00bfAmar al que explota al obrero y se queda con su jornal?<br>\n\u00bfAmar al xen\u00f3fobo, al homof\u00f3bico, al filo-nazi?<br>\n\u00bfEso nos ped\u00eds, Jes\u00fas?<\/p>\n\n\n\n<p class=\"wp-block-paragraph\">\u00bfAmar\na quien ayer tortur\u00f3 y a quien hoy reprime?<br>\n\u00bfAmar a quien decreta en favor de los ricos de siempre?<br>\n\u00bfAmar a quien quita medicamentos a los enfermos?<br>\n\u00bfAmar a quienes se r\u00eden del dolor de sus pr\u00f3jimos?<br>\n\u00bfC\u00f3mo cre\u00e9s que eso sea posible, Jes\u00fas?<\/p>\n\n\n\n<p class=\"wp-block-paragraph\">\u00bfAmar\na quien persigue a las personas solidarias?<br>\n\u00bfAmar a quien encarcela a sus adversarios?<br>\n\u00bfAmar a quienes predican evangelios que alienan?<br>\n\u00bfAmar a quien arrebata la vida de otro ser humano?<br>\n\u00bfAs\u00ed nom\u00e1s? \u00bfS\u00f3lo amar?<\/p>\n\n\n\n<p class=\"wp-block-paragraph\">Si,\namar, amar y volver a amar.<br>\nPorque el amor impulsa a buscar la justicia.&nbsp;<br>\nPorque el amor echa fuera los miedos que acobardan.<br>\nPorque el amor gu\u00eda a quienes trabajan por el fin de las opresiones.&nbsp;<br>\nPorque el amor allana el rumbo hacia la plenitud.<br>\nPorque el amor une a quienes quieren ser fieles a Dios.<br>\nPorque el amor desenmascara a los violentos,&nbsp;<br>\na los perversos, a los asesinos, a los hip\u00f3critas,<br>\na los acosadores, a los mentirosos, a los encubridores,&nbsp;<br>\na los que lucran a costa del sufrimiento del pr\u00f3jimo,<br>\na quienes son insensibles al dolor ajeno.<\/p>\n\n\n\n<p class=\"wp-block-paragraph\">Amar\nlos expone, los desenmascara, los pone en evidencia.<br>\nAmar pone luz sobre sus vidas miserables.&nbsp;<br>\nAmar, los condena y nos libera.<br>\nO tal vez les d\u00e9 la ocasi\u00f3n de la redenci\u00f3n&#8230;<br>\n(pero eso ser\u00e1 tarea de Dios).<\/p>\n\n\n\n<p class=\"wp-block-paragraph\"> <em>(Intentando desentra\u00f1ar Lucas 6:27-38)<\/em> <\/p>\n\n\n\n<div class=\"wp-block-image\"><figure class=\"aligncenter is-resized\"><img loading=\"lazy\" decoding=\"async\" src=\"https:\/\/tiberiades.org\/wp-content\/uploads\/2019\/02\/8-Gerardo-Oberman.png\" alt=\"\" class=\"wp-image-402\" width=\"720\" height=\"480\" srcset=\"https:\/\/tiberiades.org\/wp-content\/uploads\/2019\/02\/8-Gerardo-Oberman.png 960w, https:\/\/tiberiades.org\/wp-content\/uploads\/2019\/02\/8-Gerardo-Oberman-300x200.png 300w, https:\/\/tiberiades.org\/wp-content\/uploads\/2019\/02\/8-Gerardo-Oberman-768x512.png 768w\" sizes=\"auto, (max-width: 720px) 100vw, 720px\" \/><figcaption>Gerardo Oberman<\/figcaption><\/figure><\/div>\n\n\n\n<p class=\"wp-block-paragraph\"><em>Gerardo Oberman\n(Argentina,1965). Pastor ordenado de las Iglesias Reformadas en Argentina desde\n1993. Realiz\u00f3 sus estudios de teolog\u00eda en el ISEDET (Buenos Aires) y en la\nUniversidad Libre de Amsterdam (Holanda). Es presidente de las Iglesias\nReformadas en Argentina desde 2009, habiendo sido parte de su directiva desde\ncomienzos del 2000. Ha colaborado en diversos organismos ecum\u00e9nicos en\nArgentina, integrando la directiva de la Federaci\u00f3n Argentina de Iglesias\nEvang\u00e9licas. Uno de los fundadores y Coordinador continental desde sus or\u00edgenes\n(2004) de la Red Crearte, espacio dedicado a la formaci\u00f3n y renovaci\u00f3n\nlit\u00fargica y musical en Am\u00e9rica Latina. Ha colaborado, desde esa vocaci\u00f3n\nlit\u00fargica, con numerosas organizaciones en todo el mundo: Comuni\u00f3n Mundial de\nIglesias Reformadas, Federaci\u00f3n Luterana Mundial, Consejo Mundial de Iglesias,\nentre otras. Entre otros, tiene publicado el poemario \u201cBarro y cielo\u201d (Hebel,\nSantiago de Chile, 2017). Forma parte del Consejo Asesor Iberoamericano de\nTIBER\u00cdADES.<\/em><\/p>\n\n\n\n<div class=\"wp-block-image\"><figure class=\"aligncenter\"><img loading=\"lazy\" decoding=\"async\" width=\"798\" height=\"1024\" src=\"https:\/\/tiberiades.org\/wp-content\/uploads\/2019\/02\/9-San-Pablo-de-El-Greco-apunte-de-Miguel-El\u00edas-798x1024.jpg\" alt=\"\" class=\"wp-image-403\" srcset=\"https:\/\/tiberiades.org\/wp-content\/uploads\/2019\/02\/9-San-Pablo-de-El-Greco-apunte-de-Miguel-El\u00edas-798x1024.jpg 798w, https:\/\/tiberiades.org\/wp-content\/uploads\/2019\/02\/9-San-Pablo-de-El-Greco-apunte-de-Miguel-El\u00edas-234x300.jpg 234w, https:\/\/tiberiades.org\/wp-content\/uploads\/2019\/02\/9-San-Pablo-de-El-Greco-apunte-de-Miguel-El\u00edas-768x985.jpg 768w, https:\/\/tiberiades.org\/wp-content\/uploads\/2019\/02\/9-San-Pablo-de-El-Greco-apunte-de-Miguel-El\u00edas.jpg 803w\" sizes=\"auto, (max-width: 798px) 100vw, 798px\" \/><figcaption>San Pablo, de El Greco, apunte de Miguel El\u00edas<\/figcaption><\/figure><\/div>\n","protected":false},"excerpt":{"rendered":"<p>CREO SIN CREDOS Creo en el Dios que encendi\u00f3 el primer sol, que hizo latir la vida y que la hizo hermosamente diversa, que sali\u00f3 a jugar, desnudo, por los jardines del universo sin miedo al tiempo, sonriendo, saludando a la brisa. Creo en un Dios que se hizo amigo de sus creaturas, que abraz\u00f3 al \u00e1rbol y nad\u00f3 con [&hellip;]<\/p>\n","protected":false},"author":2,"featured_media":996,"comment_status":"open","ping_status":"closed","sticky":false,"template":"","format":"standard","meta":{"footnotes":""},"categories":[28,19],"tags":[],"class_list":["post-395","post","type-post","status-publish","format-standard","has-post-thumbnail","hentry","category-gerardo-oberman","category-poemas-de"],"_links":{"self":[{"href":"https:\/\/tiberiades.org\/index.php?rest_route=\/wp\/v2\/posts\/395","targetHints":{"allow":["GET"]}}],"collection":[{"href":"https:\/\/tiberiades.org\/index.php?rest_route=\/wp\/v2\/posts"}],"about":[{"href":"https:\/\/tiberiades.org\/index.php?rest_route=\/wp\/v2\/types\/post"}],"author":[{"embeddable":true,"href":"https:\/\/tiberiades.org\/index.php?rest_route=\/wp\/v2\/users\/2"}],"replies":[{"embeddable":true,"href":"https:\/\/tiberiades.org\/index.php?rest_route=%2Fwp%2Fv2%2Fcomments&post=395"}],"version-history":[{"count":2,"href":"https:\/\/tiberiades.org\/index.php?rest_route=\/wp\/v2\/posts\/395\/revisions"}],"predecessor-version":[{"id":408,"href":"https:\/\/tiberiades.org\/index.php?rest_route=\/wp\/v2\/posts\/395\/revisions\/408"}],"wp:featuredmedia":[{"embeddable":true,"href":"https:\/\/tiberiades.org\/index.php?rest_route=\/wp\/v2\/media\/996"}],"wp:attachment":[{"href":"https:\/\/tiberiades.org\/index.php?rest_route=%2Fwp%2Fv2%2Fmedia&parent=395"}],"wp:term":[{"taxonomy":"category","embeddable":true,"href":"https:\/\/tiberiades.org\/index.php?rest_route=%2Fwp%2Fv2%2Fcategories&post=395"},{"taxonomy":"post_tag","embeddable":true,"href":"https:\/\/tiberiades.org\/index.php?rest_route=%2Fwp%2Fv2%2Ftags&post=395"}],"curies":[{"name":"wp","href":"https:\/\/api.w.org\/{rel}","templated":true}]}}