{"id":4032,"date":"2020-11-27T10:24:04","date_gmt":"2020-11-27T08:24:04","guid":{"rendered":"http:\/\/tiberiades.org\/?p=4032"},"modified":"2020-11-30T09:19:23","modified_gmt":"2020-11-30T07:19:23","slug":"a-p-alencart-portico-para-el-dia-despues-de-xavier-zarco-finalista-del-premio-rey-david","status":"publish","type":"post","link":"https:\/\/tiberiades.org\/?p=4032","title":{"rendered":"P\u00f3rtico para \u2018El d\u00eda despu\u00e9s\u2019, de Xavier Zarco, finalista del Premio Rey David"},"content":{"rendered":"<p><em>Por la ciudad lusitana de Coimbra la editorial Temas originais acaba de publicar el libro <\/em>O Dia Ap\u00f3s e outros poemas,<em> firmado por Xavier Zarco. Este excelente autor me pidi\u00f3 una presentaci\u00f3n, a la que acced\u00ed pues su libro fue uno de los finalistas del I Premio Rey David de Poes\u00eda B\u00edblica Iberoamericana, cuyo jurado presid\u00ed, acompa\u00f1ado de <\/em><em>Antonio Colinas, Carlos Nejar, Ant\u00f3nio Salvado, Sonia Luz Carrillo, Hugo Mujica, Juan Antonio Massone, Francisca Noguerol, Luis Rivera-Pag\u00e1n, Ana Cecilia Blum, Pablo Mart\u00ednez Vila, Luis Fajardo, Juan Carlos Mart\u00edn Cobano e Isabel Pav\u00f3n,<\/em><em> poetas, profesores y representantes de las tres entidades que apoyan este galard\u00f3n.<\/em><\/p>\n<p><em>Aqu\u00ed el p\u00f3rtico que escrib\u00ed, el cual ha sido traducido al portugu\u00e9s por el propio Zarco, y publicado en ambos idiomas.<\/em><\/p>\n<h3><strong>Les presento a Xavier Zarco<\/strong><\/h3>\n<h4><strong>I.<\/strong><\/h4>\n<p>Si existe un Libro que, siendo fuente po\u00e9tica nutricia, permita inn\u00fameras germinaciones, ese libro es la Biblia. Tras la lectura y entra\u00f1amiento de sus pasajes m\u00e1s universalmente conocidos, y una vez agrietado el silencio, surge de tanto en tanto una voz nueva, una intuici\u00f3n colmada filtr\u00e1ndose desde esa placenta.<\/p>\n<p>Raz\u00f3n ten\u00eda Le\u00f3n Felipe, el notable poeta espa\u00f1ol fallecido en M\u00e9xico, cuando se\u00f1alaba que todo poeta al volver a la Biblia no hace nada m\u00e1s que retornar a su antigua Casa, limpi\u00e1ndola de las muchas capas de costra que ha ido acumulando tras los rituales y dem\u00e1s utilizaciones por quienes se creen los int\u00e9rpretes fidedignos de esta Obra magna. Para confirmar este parecer bastar\u00eda con escrutar los inigualables versos de los grandes poetas b\u00edblicos: David, Isa\u00edas, Job, Eclesiast\u00e9s, Jerem\u00edas, Salom\u00f3n\u2026<\/p>\n<p style=\"padding-left: 40px;\">Hay que desbrozar el camino, hermano,<br \/>\npara atisbar una nueva encarnaci\u00f3n<br \/>\nde la palabra \u00fanica.<\/p>\n<h4><strong>II.<\/strong><\/h4>\n<p>Y esta es la senda de retorno que ha emprendido Xavier Zarco, libando, puliendo y\/o adaptando imborrables momentos narrados esencialmente en el Evangelio, pero tambi\u00e9n en las escrituras del Antiguo Testamento. No repetir\u00e9 los t\u00edtulos de los quince poemas albergados en esta obra que recomiendo leer y releer: su brevedad aparente destila una gran marejada l\u00edrica, teol\u00f3gica y existencial, tanto de anta\u00f1o como de nuestros d\u00edas, como se puede apreciar en el \u00faltimo poema, \u201cEl negocio\u201d, que se entronca con el pasaje de Jes\u00fas echando del templo a los mercaderes.<\/p>\n<p>Zarco nos ofrece su relectura, lo que ha escrutado y sentido ante ciertas simientes b\u00edblicas que luego han brotado desde su sensibilidad, ofreciendo unas ofrendas de incesante resplandor, que no siempre resultar\u00e1n ortodoxas para algunos beatos, quienes hasta las pueden tildar de provocativas, pero que desde mi punto de vista detentan una calidad l\u00edrica inestimable.<\/p>\n<p>Por ello, por ese acercamiento a lo Sagrado y al lenguaje que mejor transmite su misterio, Xavier Zarco es uno de los pocos privilegiados finalistas del I Premio Rey David de Poes\u00eda B\u00edblica Iberoamericana, que tuve la honra de presidir y que cont\u00f3 con una veintena de relevantes poemarios entre los m\u00e1s de doscientos libros presentados.<\/p>\n<h4><strong>III.<\/strong><\/h4>\n<p><em>El d\u00eda despu\u00e9s y otros poemas,<\/em> de Xavier Zarco, prueba que conviene sondear en los or\u00edgenes, quitar algo del moho de est\u00e9riles religiosidades y escalar, con asombro, por los eternos ramajes de lo divino, donde nada desmaya desde el Principio de los tiempos, como lo atestiguan todas las culturas primigenias.<\/p>\n<p>Leamos una porci\u00f3n del primer poema, el que da t\u00edtulo al libro y que me permito trasvasar al castellano:<\/p>\n<p style=\"padding-left: 40px;\"><em>Innoble<br \/>\nes el tiempo sin esperanza<br \/>\nsin esa ave que despierta al propio sol<br \/>\ny convoca<br \/>\nla brisa que agita el poema\u2026<\/em><\/p>\n<h4><strong>IV.<\/strong><\/h4>\n<p>Hasta el ser humano que se considera m\u00e1s incr\u00e9dulo siempre tiene esperanzas, aunque sea de caricias. Y al menos escalofr\u00edo, ante el m\u00e1s elemental aviso de su finitud, con frecuencia busca amparo en el Milagro o en una intervenci\u00f3n portentosa.<\/p>\n<p>Por ello nunca debe desmerecerse una obra po\u00e9tica rigurosa que germina de una alianza perdurable con un Libro Sagrado y sus poetas. Es m\u00e1s, debe d\u00e1rsele la mejor de las bienvenidas, como ahora lo hago con <em>El d\u00eda despu\u00e9s y otros poemas,<\/em> del portugu\u00e9s Xavier zarco, un poeta que dice as\u00ed:<\/p>\n<p style=\"padding-left: 40px;\"><em>Al fondo<br \/>\nhay una cruz componiendo<br \/>\nla imagen<br \/>\nmientras la madre<br \/>\nde rodillas sobre la tierra<br \/>\ncomo si buscara<br \/>\nlo que le une a la tierra<br \/>\nen el regazo<br \/>\nacoge la cabeza del hijo<br \/>\n<\/em><em>ya muerto<br \/>\n<\/em><em>(\u2026)<\/em><\/p>\n<h4><strong>V.<\/strong><\/h4>\n<p>El poeta se adentra en el pecho de varios milenios albergados en un Libro que nunca deja que se desvelen todos sus Misterios, como sucede, por ejemplo, con el magno Apocalipsis que, con temperatura po\u00e9tica, Juan escribiera en la isla de Patmos.<\/p>\n<p>As\u00ed tambi\u00e9n lo pretendo hacer yo, como modesto escriba de p\u00f3rticos, aportando solo unas migajas del inmenso pliego de testimonios que podr\u00eda ofrecer tras la lectura de estos quince textos de Palabra enriquecida.<\/p>\n<p style=\"padding-left: 40px;\">Cierta edad de ni\u00f1o<br \/>\ndonde no escapa<br \/>\nel \u00e1rbol alt\u00edsimo<br \/>\nde la fe.<br \/>\nAs\u00ed el poeta renueva<br \/>\nsu palabra y la deja en el oasis<br \/>\nque auxilia todas las fatigas.<\/p>\n<p>Saludo y brindo por este libro de Xavier Zarco, a quien solo conozco por su palabra po\u00e9tica, lo cual es conocer bastante a un hombre si merodea lo sagrado, si humildemente defiende la Poes\u00eda, si\u2026<\/p>\n<p>Pasemos, todos juntos, a comunicarnos con las creaturas de Pedro Baptista, mejor llamado Xavier Zarco.<\/p>\n<p><em>Septiembre y en Tejares (2020)<\/em><\/p>\n<p><img loading=\"lazy\" decoding=\"async\" class=\"aligncenter  wp-image-4029\" src=\"https:\/\/tiberiades.org\/wp-content\/uploads\/2020\/11\/2-1-704x1024.jpg\" alt=\"\" width=\"439\" height=\"640\" srcset=\"https:\/\/tiberiades.org\/wp-content\/uploads\/2020\/11\/2-1-704x1024.jpg 704w, https:\/\/tiberiades.org\/wp-content\/uploads\/2020\/11\/2-1-206x300.jpg 206w\" sizes=\"auto, (max-width: 439px) 100vw, 439px\" \/><\/p>\n<h3><strong>Apresento-vos a Xavier Zarco<\/strong><\/h3>\n<h4><strong>I.<\/strong><\/h4>\n<p>Se existe um Livro que, sendo pr\u00f3diga fonte po\u00e9tica, permita in\u00fameras germina\u00e7\u00f5es, esse livro \u00e9 a B\u00edblia. Atrav\u00e9s da leitura das suas passagens mais universalmente conhecidas, e uma vez agregado o sil\u00eancio, surge de quando em vez uma voz nova, uma intui\u00e7\u00e3o plena filtrando-se desde essa placenta.<\/p>\n<p>Raz\u00e3o tinha Le\u00f3n Felipe, o not\u00e1vel poeta espanhol falecido no M\u00e9xico, quando assinalava que todo o poeta ao regressar \u00e0 B\u00edblia nada mais faz que voltar \u00e0 sua antiga Casa, limpando-a das muitas camadas de crosta que se foram acumulando atrav\u00e9s dos rituais e demais utiliza\u00e7\u00f5es pelos que se cr\u00eaem interpretes fidedignos desta Obra magna. Para confirmar este parecer bastaria como que escrutinar os inigual\u00e1veis versos dos grandes poetas b\u00edblicos: David, Isa\u00edas, Job, Eclesiastes, Jeremias, Salom\u00e3o&#8230; H\u00e1 que desbravar o caminho, irm\u00e3o, para vislumbrar uma nova encarna\u00e7\u00e3o da palavra \u00fanica.<\/p>\n<p style=\"padding-left: 40px;\">H\u00e1 que desbravar o caminho, irm\u00e3o,<br \/>\npara vislumbrar uma nova encarna\u00e7\u00e3o<br \/>\nda palavra \u00fanica.<\/p>\n<h4><strong>II.<\/strong><\/h4>\n<p>E esta \u00e9 a senda de retorno que empreendeu Xavier Zarco, libando, polindo e\/ou adaptando inesquec\u00edveis momentos narrados essencialmente no Evangelho, mas tamb\u00e9m nas escrituras do Antigo Testamento. N\u00e3o repetirei os t\u00edtulos dos quinze poemas albergados nesta obra que recomendo ler e reler: sua brevidade aparente destila uma grande rebenta\u00e7\u00e3o l\u00edrica, teol\u00f3gica e existencial, tanto de outrora como dos nossos dias, como se pode apreciar no \u00faltimo poema, \u201cO neg\u00f3cio\u201d, que entronca com a passagem de Jesus expulsando do templo os mercadores.<\/p>\n<p>Zarco oferece-nos a sua releitura, o que vislumbrou e sentiu perante certas sementes b\u00edblicas que s\u00fabito brotaram na sua sensibilidade, oferecendo uma oferendas de incessante resplendor, que nem sempre resultam ortodoxas para alguns beatos, algumas que podem ser rotuladas de provocat\u00f3rias, mas que do meu ponto de vista detectam uma qualidade l\u00edrica inestim\u00e1vel.<\/p>\n<p>Por isso, por esse acercamento ao Sagrado e \u00e0 linguagem que melhor transmite seu mist\u00e9rio, Xavier Zarco \u00e9 um dos poucos privilegiados finalistas do I Premio Rey David de Poes\u00eda B\u00edblica Iberoamericana, que tive a honra de presidir e que contou com uma vintena de relevantes poem\u00e1rios entre mais de duzentos livros apresentados.<\/p>\n<h4><strong>III. <\/strong><\/h4>\n<p>\u201cO dia ap\u00f3s e outros poemas\u201d, de Xavier Zarco, prova que conv\u00e9m sondar as origens, retirar algo do mofo de est\u00e9reis religiosidades e escalar, com assombro, pelas eternas ramagens do divino, onde nada desmaia desde o Princ\u00edpio dos tempos, como atestam todas as culturas primig\u00e9nias.<\/p>\n<p>Leiamos um extracto do primeiro poema, o que d\u00e1 o t\u00edtulo ao livro:<\/p>\n<p style=\"padding-left: 40px;\"><em>ign\u00f3bil<br \/>\n\u00e9 o tempo sem esperan\u00e7a<br \/>\nsem essa ave que acorda o pr\u00f3prio sol<br \/>\ne reclama a brisa que agita o poema\u2026 <\/em><\/p>\n<h4><strong>IV.<\/strong><\/h4>\n<p>At\u00e9 o ser humano que se considera mais incr\u00e9dulo sempre tem esperan\u00e7a, mesmo que seja de car\u00edcias. E o menos medroso, perante o mais elementar aviso da sua finitude, com frequ\u00eancia busca amparo no Milagre ou numa interven\u00e7\u00e3o portentosa.<\/p>\n<p>Por isso nunca se deve desmerecer uma obra po\u00e9tica rigorosa que germina de uma alian\u00e7a perdur\u00e1vel com um Livro Sagrado e seus poetas. E mais, deve dar-se a melhor das boas-vindas, como agora o fa\u00e7o com \u201cO dia ap\u00f3s e outros poemas\u201d, do portugu\u00eas Xavier Zarco, um poeta que disse assim:<\/p>\n<p style=\"padding-left: 40px;\"><em>ao fundo<br \/>\nh\u00e1 uma cruz compondo<br \/>\na imagem<br \/>\nno entanto a m\u00e3e<br \/>\nde joelhos sobre a terra<br \/>\ncomo se a procurar<br \/>\no que a une<br \/>\n<\/em><em>\u00e0 terra (\u2026)<\/em><\/p>\n<h4><strong>V.<\/strong><\/h4>\n<p>O poeta entra no peito de v\u00e1rios mil\u00e9nios albergados num Livro que nunca deixa que se desvelem todos os seus Mist\u00e9rios, como sucede, por exemplo, com o magno Apocalipse que, com temperatura po\u00e9tica, Jo\u00e3o escrevera na ilha de Patmos.<\/p>\n<p>Assim tamb\u00e9m pretendo fazer eu, como modesto escriba de pref\u00e1cios, abordando somente algumas migalhas do imenso acervo de testemunhos que poderia oferecer atrav\u00e9s da leitura destes quinze textos de Palavra enriquecida.<\/p>\n<p style=\"padding-left: 40px;\">Certa idade de menino<br \/>\nonde n\u00e3o escapa a \u00e1rvore alt\u00edssima da f\u00e9.<br \/>\nAssim o poeta renova<br \/>\nsua palavra e a deixa no o\u00e1sis<br \/>\nque auxilia todas as fadigas.<\/p>\n<p>Sa\u00fado e brindo por este livro de Xavier Zarco, a quem s\u00f3 conhe\u00e7o pela sua palavra po\u00e9tica, o que \u00e9 conhecer bastante a um homem que se acerca ao sagrado, se humildemente defende a Poesia, se&#8230; Passemos, todos juntos, a comunicarmo-nos com as cria\u00e7\u00f5es de Pedro Baptista, melhor chamado Xavier Zarco.<\/p>\n<p><em>Setembro e em Tejares (2020)<\/em><\/p>\n<p><img loading=\"lazy\" decoding=\"async\" class=\"aligncenter size-large wp-image-4030\" src=\"https:\/\/tiberiades.org\/wp-content\/uploads\/2020\/11\/3-1-1024x464.jpg\" alt=\"\" width=\"640\" height=\"290\" srcset=\"https:\/\/tiberiades.org\/wp-content\/uploads\/2020\/11\/3-1-1024x464.jpg 1024w, https:\/\/tiberiades.org\/wp-content\/uploads\/2020\/11\/3-1-300x136.jpg 300w, https:\/\/tiberiades.org\/wp-content\/uploads\/2020\/11\/3-1-768x348.jpg 768w, https:\/\/tiberiades.org\/wp-content\/uploads\/2020\/11\/3-1-1536x695.jpg 1536w, https:\/\/tiberiades.org\/wp-content\/uploads\/2020\/11\/3-1-2048x927.jpg 2048w\" sizes=\"auto, (max-width: 640px) 100vw, 640px\" \/><\/p>\n<p><em>\u00a0<\/em><\/p>\n<p>&nbsp;<\/p>\n","protected":false},"excerpt":{"rendered":"<p>Por la ciudad lusitana de Coimbra la editorial Temas originais acaba de publicar el libro O Dia Ap\u00f3s e outros poemas, firmado por Xavier Zarco. Este excelente autor me pidi\u00f3 una presentaci\u00f3n, a la que acced\u00ed pues su libro fue uno de los finalistas del I Premio Rey David de Poes\u00eda B\u00edblica Iberoamericana, cuyo jurado presid\u00ed, acompa\u00f1ado de Antonio Colinas, [&hellip;]<\/p>\n","protected":false},"author":2,"featured_media":4031,"comment_status":"open","ping_status":"closed","sticky":false,"template":"","format":"standard","meta":{"footnotes":""},"categories":[4],"tags":[148,287],"class_list":["post-4032","post","type-post","status-publish","format-standard","has-post-thumbnail","hentry","category-alfredo-perez-alencart","tag-alfredo-perez-alencart","tag-xavier-zarco"],"_links":{"self":[{"href":"https:\/\/tiberiades.org\/index.php?rest_route=\/wp\/v2\/posts\/4032","targetHints":{"allow":["GET"]}}],"collection":[{"href":"https:\/\/tiberiades.org\/index.php?rest_route=\/wp\/v2\/posts"}],"about":[{"href":"https:\/\/tiberiades.org\/index.php?rest_route=\/wp\/v2\/types\/post"}],"author":[{"embeddable":true,"href":"https:\/\/tiberiades.org\/index.php?rest_route=\/wp\/v2\/users\/2"}],"replies":[{"embeddable":true,"href":"https:\/\/tiberiades.org\/index.php?rest_route=%2Fwp%2Fv2%2Fcomments&post=4032"}],"version-history":[{"count":2,"href":"https:\/\/tiberiades.org\/index.php?rest_route=\/wp\/v2\/posts\/4032\/revisions"}],"predecessor-version":[{"id":4055,"href":"https:\/\/tiberiades.org\/index.php?rest_route=\/wp\/v2\/posts\/4032\/revisions\/4055"}],"wp:featuredmedia":[{"embeddable":true,"href":"https:\/\/tiberiades.org\/index.php?rest_route=\/wp\/v2\/media\/4031"}],"wp:attachment":[{"href":"https:\/\/tiberiades.org\/index.php?rest_route=%2Fwp%2Fv2%2Fmedia&parent=4032"}],"wp:term":[{"taxonomy":"category","embeddable":true,"href":"https:\/\/tiberiades.org\/index.php?rest_route=%2Fwp%2Fv2%2Fcategories&post=4032"},{"taxonomy":"post_tag","embeddable":true,"href":"https:\/\/tiberiades.org\/index.php?rest_route=%2Fwp%2Fv2%2Ftags&post=4032"}],"curies":[{"name":"wp","href":"https:\/\/api.w.org\/{rel}","templated":true}]}}