{"id":409,"date":"2019-02-21T21:05:47","date_gmt":"2019-02-21T21:05:47","guid":{"rendered":"http:\/\/tiberiades.org\/?p=409"},"modified":"2019-02-21T21:15:10","modified_gmt":"2019-02-21T21:15:10","slug":"poemas-de-jose-brissos-lino","status":"publish","type":"post","link":"https:\/\/tiberiades.org\/?p=409","title":{"rendered":"Poemas de Jos\u00e9 Brissos-Lino"},"content":{"rendered":"\n<h3 class=\"wp-block-heading\">Traducidos por A. P. Alencart<\/h3>\n\n\n\n<p class=\"wp-block-paragraph\"><strong>GRA\u00c7A<br> <\/strong><br> Nem palavras aparelhadas<br> nem olhares suplicantes<br> nem suspiros apaixonados<br> nem sacrif\u00edcios pesados<br> ofertas religiosas<br> ren\u00fancias<br> esgares<br> m\u00e3os postas<br> sobrepostas<br> contritas <br> a bater de encontro ao peito<br> nada em mim pode competir <br> com a Gra\u00e7a. Essa Himalaia de favor<br> imerecido<br> esse veludo admir\u00e1vel<br> comovido<br> essa express\u00e3o calorosamente<br> c\u00famplice<br> no rosto inef\u00e1vel do Eterno. <\/p>\n\n\n\n<div class=\"wp-block-image\"><figure class=\"aligncenter\"><img loading=\"lazy\" decoding=\"async\" width=\"592\" height=\"1024\" src=\"https:\/\/tiberiades.org\/wp-content\/uploads\/2019\/02\/2-Coraz\u00f3n-pintura-de-Miguel-El\u00edas-592x1024.jpg\" alt=\"\" class=\"wp-image-411\" srcset=\"https:\/\/tiberiades.org\/wp-content\/uploads\/2019\/02\/2-Coraz\u00f3n-pintura-de-Miguel-El\u00edas-592x1024.jpg 592w, https:\/\/tiberiades.org\/wp-content\/uploads\/2019\/02\/2-Coraz\u00f3n-pintura-de-Miguel-El\u00edas-174x300.jpg 174w, https:\/\/tiberiades.org\/wp-content\/uploads\/2019\/02\/2-Coraz\u00f3n-pintura-de-Miguel-El\u00edas-768x1328.jpg 768w, https:\/\/tiberiades.org\/wp-content\/uploads\/2019\/02\/2-Coraz\u00f3n-pintura-de-Miguel-El\u00edas.jpg 1085w\" sizes=\"auto, (max-width: 592px) 100vw, 592px\" \/><figcaption>Coraz\u00f3n, pintura de Miguel El\u00edas<\/figcaption><\/figure><\/div>\n\n\n\n<p class=\"wp-block-paragraph\"><strong><em>GRACIA<br> <\/em><\/strong><em><br> Ni palabras estilizadas<br> ni miradas suplicantes<br> ni suspiros apasionados<br> ni duros sacrificios<br> ofrendas religiosas<br> renuncias<br> gesticulaciones<br> manos juntas<br> superpuestas<br> arrepentidas<br> golpeando el pecho<br> nada en m\u00ed puede competir<br> con la Gracia. Ese Himalaya de favor<br> inmerecido<br> ese terciopelo admirable<br> conmovedor<br> esa expresi\u00f3n calurosamente<br> c\u00f3mplice<br> en el rostro inefable del Eterno.<\/em><\/p>\n\n\n\n<div class=\"wp-block-image\"><figure class=\"aligncenter\"><img loading=\"lazy\" decoding=\"async\" width=\"739\" height=\"1024\" src=\"https:\/\/tiberiades.org\/wp-content\/uploads\/2019\/02\/3-Jes\u00fas-en-el-G\u00f3lgota-pintura-de-Miguel-El\u00edas-739x1024.jpg\" alt=\"\" class=\"wp-image-412\" srcset=\"https:\/\/tiberiades.org\/wp-content\/uploads\/2019\/02\/3-Jes\u00fas-en-el-G\u00f3lgota-pintura-de-Miguel-El\u00edas-739x1024.jpg 739w, https:\/\/tiberiades.org\/wp-content\/uploads\/2019\/02\/3-Jes\u00fas-en-el-G\u00f3lgota-pintura-de-Miguel-El\u00edas-216x300.jpg 216w, https:\/\/tiberiades.org\/wp-content\/uploads\/2019\/02\/3-Jes\u00fas-en-el-G\u00f3lgota-pintura-de-Miguel-El\u00edas-768x1065.jpg 768w, https:\/\/tiberiades.org\/wp-content\/uploads\/2019\/02\/3-Jes\u00fas-en-el-G\u00f3lgota-pintura-de-Miguel-El\u00edas.jpg 1639w\" sizes=\"auto, (max-width: 739px) 100vw, 739px\" \/><figcaption>Jes\u00fas en el G\u00f3lgota, pintura de Miguel El\u00edas<\/figcaption><\/figure><\/div>\n\n\n\n<p class=\"wp-block-paragraph\"><strong>ELEGIA PARA UM CRISTO MORTO<br> <\/strong><br> Ele n\u00e3o tinha parecer nem formosura<br> e as pessoas desviavam os olhos<br> da sua dor<br> preferiam ficar ao longe<br> como quem contempla a desgra\u00e7a alheia<br> e com margem de fuga. Viram-no acabar<br> impressionados com o luto s\u00fabito do c\u00e9u<br> sem suspeitar que da\u00ed a tr\u00eas dias<br> havia de rebentar <br> uma primavera \u00fanica.<br><br><strong> <br> <em>ELEG\u00cdA PARA UN CRISTO MUERTO<br> <\/em><\/strong><em><br> \u00c9l no ten\u00eda buen aspecto ni hermosura<br> y la gente desviaba los ojos<br> de su dolor<br> prefer\u00edan quedar a lo lejos<br> como quien contempla la desgracia ajena<br> y pr\u00f3ximos a hu\u00edr . No vieron el final<br> impresionados con el luto s\u00fabito del cielo<br> sin sospechar que tres d\u00edas despu\u00e9s<br> estallar\u00eda<br> una primavera \u00fanica.<\/em><\/p>\n\n\n\n<div class=\"wp-block-image\"><figure class=\"aligncenter\"><img loading=\"lazy\" decoding=\"async\" width=\"724\" height=\"1024\" src=\"https:\/\/tiberiades.org\/wp-content\/uploads\/2019\/02\/4-\u00c1ngel-dibujo-de-Miguel-El\u00edas-724x1024.jpg\" alt=\"\" class=\"wp-image-413\" srcset=\"https:\/\/tiberiades.org\/wp-content\/uploads\/2019\/02\/4-\u00c1ngel-dibujo-de-Miguel-El\u00edas-724x1024.jpg 724w, https:\/\/tiberiades.org\/wp-content\/uploads\/2019\/02\/4-\u00c1ngel-dibujo-de-Miguel-El\u00edas-212x300.jpg 212w, https:\/\/tiberiades.org\/wp-content\/uploads\/2019\/02\/4-\u00c1ngel-dibujo-de-Miguel-El\u00edas-768x1086.jpg 768w, https:\/\/tiberiades.org\/wp-content\/uploads\/2019\/02\/4-\u00c1ngel-dibujo-de-Miguel-El\u00edas.jpg 959w\" sizes=\"auto, (max-width: 724px) 100vw, 724px\" \/><figcaption>\u00c1ngel, dibujo de Miguel El\u00edas<\/figcaption><\/figure><\/div>\n\n\n\n<p class=\"wp-block-paragraph\"><strong>EU QUERIA SER ANJO<br> <\/strong><br> Eu queria ser anjo<br> e amaciar os c\u00e9us de Bel\u00e9m<br> com m\u00fasicas de cima<br> acordar pastores dormentes<br> carregar toneladas de esperan\u00e7a<br> dourada. Para aspergir como chuva ser\u00f4dia<br> o cora\u00e7\u00e3o das gentes.<br><br><br><strong><em>YO QUER\u00cdA SER \u00c1NGEL<\/em><\/strong><em><br> <br> Yo quer\u00eda ser \u00e1ngel<br> y ablandar los cielos de Bel\u00e9n<br> con m\u00fasicas de arriba<br> despertar pastores durmientes<br> cargar toneladas de dorada<br> esperanza. Para rociar como lluvia tard\u00eda<br> el coraz\u00f3n de las gentes.<\/em><\/p>\n\n\n\n<div class=\"wp-block-image\"><figure class=\"aligncenter is-resized\"><img loading=\"lazy\" decoding=\"async\" src=\"https:\/\/tiberiades.org\/wp-content\/uploads\/2019\/02\/5-Barro-del-Para\u00edso-pintura-de-Miguel-El\u00edas-1024x715.jpg\" alt=\"\" class=\"wp-image-414\" width=\"768\" height=\"536\" srcset=\"https:\/\/tiberiades.org\/wp-content\/uploads\/2019\/02\/5-Barro-del-Para\u00edso-pintura-de-Miguel-El\u00edas-1024x715.jpg 1024w, https:\/\/tiberiades.org\/wp-content\/uploads\/2019\/02\/5-Barro-del-Para\u00edso-pintura-de-Miguel-El\u00edas-300x209.jpg 300w, https:\/\/tiberiades.org\/wp-content\/uploads\/2019\/02\/5-Barro-del-Para\u00edso-pintura-de-Miguel-El\u00edas-768x536.jpg 768w, https:\/\/tiberiades.org\/wp-content\/uploads\/2019\/02\/5-Barro-del-Para\u00edso-pintura-de-Miguel-El\u00edas.jpg 2012w\" sizes=\"auto, (max-width: 768px) 100vw, 768px\" \/><figcaption>Barro del Para\u00edso, pintura de Miguel El\u00edas<\/figcaption><\/figure><\/div>\n\n\n\n<p class=\"wp-block-paragraph\"><strong>A CASA DO OLEIRO<br> <\/strong><br> Na casa do oleiro v\u00ea-se <br> fruto do trabalho<br> o orgulho do mestre<br> em cada pe\u00e7a \u00fanica<br> vidas reconstru\u00eddas \u00e0 m\u00e3o<br> sem pressas<br><br> na casa do oleiro h\u00e1 tempo<br> para gravar em todas as obras<br> a alma do artista<br><br> a casa do oleiro \u00e9 o local<br> onde se faz a reinven\u00e7\u00e3o<br> da Hist\u00f3ria<br> e se relativiza a mem\u00f3ria.<\/p>\n\n\n\n<p class=\"wp-block-paragraph\"><strong><br> <em>LA CASA DEL ALFARERO<br> <\/em><\/strong><em><br> En la casa del alfarero se aprecia <br> el fruto del trabajo <br> el orgullo del maestro <br> en cada pieza \u00fanica <br> vidas reconstruidas a mano <br> sin prisas<br> <br> en casa del alfarero hay tiempo<br> para grabar en cada obra <br> el alma del artista<br> <br> la casa del alfarero es el lugar <br> donde se hace la reinvenci\u00f3n <br> de la Historia<br> y se relativiza la memoria.<\/em><br><br><\/p>\n\n\n\n<div class=\"wp-block-image\"><figure class=\"aligncenter is-resized\"><img loading=\"lazy\" decoding=\"async\" src=\"https:\/\/tiberiades.org\/wp-content\/uploads\/2019\/02\/6-J.-T.-Parreira-y-Jos\u00e9-Brissos-Lino-1024x591.jpg\" alt=\"\" class=\"wp-image-415\" width=\"512\" height=\"296\" srcset=\"https:\/\/tiberiades.org\/wp-content\/uploads\/2019\/02\/6-J.-T.-Parreira-y-Jos\u00e9-Brissos-Lino-1024x591.jpg 1024w, https:\/\/tiberiades.org\/wp-content\/uploads\/2019\/02\/6-J.-T.-Parreira-y-Jos\u00e9-Brissos-Lino-300x173.jpg 300w, https:\/\/tiberiades.org\/wp-content\/uploads\/2019\/02\/6-J.-T.-Parreira-y-Jos\u00e9-Brissos-Lino-768x443.jpg 768w, https:\/\/tiberiades.org\/wp-content\/uploads\/2019\/02\/6-J.-T.-Parreira-y-Jos\u00e9-Brissos-Lino.jpg 1780w\" sizes=\"auto, (max-width: 512px) 100vw, 512px\" \/><figcaption>J. T. Parreira y Jos\u00e9 Brissos-Lino<\/figcaption><\/figure><\/div>\n\n\n\n<p class=\"wp-block-paragraph\"><strong>CAMINHOS DIREITOS<br> <\/strong><em><br> \u201cH\u00e1 caminhos que ao homem parecem direitos.\u201d (da B\u00edblia)<br> <\/em><br> Os caminhos nunca s\u00e3o direitos<br> abrem-se com os p\u00e9s<br> a vida n\u00e3o conhece r\u00e9gua<br> nem esquadro<br> cada dia segue-se a uma noite<br> equilibram-se \u00e0 vez num trap\u00e9zio <br> sem rede<br> em exerc\u00edcio \u00fanico<br><br> h\u00e1 caminhos que parecem direitos<br> segundo a ilus\u00e3o do olhar.<br><br><br><br><strong><em>CAMINOS DERECHOS<br> <\/em><\/strong>\u201cHay caminos que al hombre parecen derechos.\u201d (de la Biblia)<br><em><br>  Los caminos nunca son derechos<br> se abren con los pies<br> la vida no conoce regla<br> n iescuadra<br> cada d\u00eda se sigue a una noche<br> se equilibran a la vez en un trapecio<br> sin red<br> en ejercicio \u00fanico<br> <br> hay caminos que parecen derechos<br> seg\u00fan la ilusi\u00f3n de la mirada.<\/em><\/p>\n\n\n\n<div class=\"wp-block-image\"><figure class=\"aligncenter\"><img loading=\"lazy\" decoding=\"async\" width=\"787\" height=\"1024\" src=\"https:\/\/tiberiades.org\/wp-content\/uploads\/2019\/02\/7-Profeta-boceto-de-Miguel-El\u00edas-787x1024.jpg\" alt=\"\" class=\"wp-image-416\" srcset=\"https:\/\/tiberiades.org\/wp-content\/uploads\/2019\/02\/7-Profeta-boceto-de-Miguel-El\u00edas-787x1024.jpg 787w, https:\/\/tiberiades.org\/wp-content\/uploads\/2019\/02\/7-Profeta-boceto-de-Miguel-El\u00edas-231x300.jpg 231w, https:\/\/tiberiades.org\/wp-content\/uploads\/2019\/02\/7-Profeta-boceto-de-Miguel-El\u00edas-768x999.jpg 768w, https:\/\/tiberiades.org\/wp-content\/uploads\/2019\/02\/7-Profeta-boceto-de-Miguel-El\u00edas.jpg 1142w\" sizes=\"auto, (max-width: 787px) 100vw, 787px\" \/><figcaption>Profeta, boceto de Miguel El\u00edas<\/figcaption><\/figure><\/div>\n\n\n\n<p class=\"wp-block-paragraph\"><strong>COMO OS BAGOS DA ROM\u00c3<br><\/strong><br><br><em>\u201c\u00d3 qu\u00e3o bom e qu\u00e3o suave \u00e9 que os irm\u00e3os vivam em uni\u00e3o.\u201d<br>Salmo 133<br><br><\/em>Como os bagos da rom\u00e3<br>damos sentido<br>ao vermelho do sangue<br>e pintamos um fruto de <br>unidade<br>onde cabem todos os rostos<br>inteiros.<br><br><em><br><strong>COMO LOS GRANOS DE LA GRANADA<br><\/strong><br><\/em>\u00a1Oh cu\u00e1n bueno y cu\u00e1n delicioso es que los hermanos vivan en uni\u00f3n!<br><em>Salmo 133<br><br>Como los granos de la granada<br>damos sentido<br>al rojo de la sangre <br>y pintamos un fruto de <br>unidad <br>donde caben todos los rostros <br>completos.<\/em><\/p>\n\n\n\n<figure class=\"wp-block-image\"><img loading=\"lazy\" decoding=\"async\" width=\"782\" height=\"1024\" src=\"https:\/\/tiberiades.org\/wp-content\/uploads\/2019\/02\/8-de-Goya-apunte-de-Miguel-El\u00edas-782x1024.jpg\" alt=\"\" class=\"wp-image-419\" srcset=\"https:\/\/tiberiades.org\/wp-content\/uploads\/2019\/02\/8-de-Goya-apunte-de-Miguel-El\u00edas-782x1024.jpg 782w, https:\/\/tiberiades.org\/wp-content\/uploads\/2019\/02\/8-de-Goya-apunte-de-Miguel-El\u00edas-229x300.jpg 229w, https:\/\/tiberiades.org\/wp-content\/uploads\/2019\/02\/8-de-Goya-apunte-de-Miguel-El\u00edas-768x1005.jpg 768w, https:\/\/tiberiades.org\/wp-content\/uploads\/2019\/02\/8-de-Goya-apunte-de-Miguel-El\u00edas.jpg 955w\" sizes=\"auto, (max-width: 782px) 100vw, 782px\" \/><figcaption>de Goya, apunte de Miguel El\u00edas<\/figcaption><\/figure>\n\n\n\n<p class=\"wp-block-paragraph\"><strong>ELAS V\u00c3O BICHANANDO ORA\u00c7\u00d5ES<br>\n<\/strong><br><em>\u201cas mulheres rezavam batendo com o bei\u00e7o\u201d<br>\n(Jos\u00e9 Lins do Rego)<br>\n<\/em><br><br>\nElas v\u00e3o bichanando ora\u00e7\u00f5es<br>\nv\u00e3s repeti\u00e7\u00f5es<br>\ntradi\u00e7\u00e3o de l\u00e1bios no adormecimento da mente<br><br>\nelas tocam castanholas com a boca<br>\nde ostras discretas<br>\ninvocam um deus distante<br>\nem forma de ferida<br>\nque sangra<br><br>\nelas ficam a meio caminho <br>\nentre o pensamento e a fala<br>\nmastigam umas quase palavras<br>\npara enganar a fome<br>\ninterior.<br><br><\/p>\n\n\n\n<div class=\"wp-block-image\"><figure class=\"aligncenter\"><img loading=\"lazy\" decoding=\"async\" width=\"813\" height=\"1024\" src=\"https:\/\/tiberiades.org\/wp-content\/uploads\/2019\/02\/9-Jes\u00fas-entre-los-doctores-apunte-de-Miguel-El\u00edas-siguiendo-a-Durero-813x1024.jpg\" alt=\"\" class=\"wp-image-420\" srcset=\"https:\/\/tiberiades.org\/wp-content\/uploads\/2019\/02\/9-Jes\u00fas-entre-los-doctores-apunte-de-Miguel-El\u00edas-siguiendo-a-Durero-813x1024.jpg 813w, https:\/\/tiberiades.org\/wp-content\/uploads\/2019\/02\/9-Jes\u00fas-entre-los-doctores-apunte-de-Miguel-El\u00edas-siguiendo-a-Durero-238x300.jpg 238w, https:\/\/tiberiades.org\/wp-content\/uploads\/2019\/02\/9-Jes\u00fas-entre-los-doctores-apunte-de-Miguel-El\u00edas-siguiendo-a-Durero-768x968.jpg 768w, https:\/\/tiberiades.org\/wp-content\/uploads\/2019\/02\/9-Jes\u00fas-entre-los-doctores-apunte-de-Miguel-El\u00edas-siguiendo-a-Durero.jpg 1600w\" sizes=\"auto, (max-width: 813px) 100vw, 813px\" \/><figcaption>Jes\u00fas entre los doctores, apunte de Miguel El\u00edas siguiendo a Durero<\/figcaption><\/figure><\/div>\n\n\n\n<p class=\"wp-block-paragraph\"><strong><em>ELLAS VAN ENCADENANDO ORACIONES<br> <\/em><\/strong><br> \u201cLas mujeres rezaban chocando los labios\u201d<br> (Jos\u00e9 Lins do Rego)<br><br><em>Ellas van encadenando oraciones<br> vanas repeticiones<br> tradici\u00f3n de labios en el dormitar de la mente<br> <br> ellas tocan casta\u00f1uelas con la boca<br> de ostras discretas<br> invocan a un dios distante<br> en forma de herida <br> que sangra<br> <br> ellas quedan en medio del camino<br> entre el pensaiento y el habla<br> mastican unas casi palabras<br> para engalar el hambre<br> interior.<\/em><\/p>\n\n\n\n<figure class=\"wp-block-image\"><img loading=\"lazy\" decoding=\"async\" width=\"741\" height=\"590\" src=\"https:\/\/tiberiades.org\/wp-content\/uploads\/2019\/02\/10-Jos\u00e9-Brissos-Lino.jpg\" alt=\"\" class=\"wp-image-421\" srcset=\"https:\/\/tiberiades.org\/wp-content\/uploads\/2019\/02\/10-Jos\u00e9-Brissos-Lino.jpg 741w, https:\/\/tiberiades.org\/wp-content\/uploads\/2019\/02\/10-Jos\u00e9-Brissos-Lino-300x239.jpg 300w\" sizes=\"auto, (max-width: 741px) 100vw, 741px\" \/><figcaption>Jos\u00e9 Brissos-Lino<\/figcaption><\/figure>\n\n\n\n<p class=\"wp-block-paragraph\"><em>Jos\u00e9 Brissos-Lino nasceu em Lisboa (1954), \u00e9\ncasado, tem dois filhos e um neto. Doutorado em Psicologia, Especialista em\n\u00c9tica e em Ci\u00eancia das Religi\u00f5es, \u00e9 director do Mestrado em Ci\u00eancia das\nReligi\u00f5es na Universidade Lus\u00f3fona, em Lisboa, coordenador do Instituto de\nCristianismo Contempor\u00e2neo e investigador.&nbsp;\nDesenvolve h\u00e1 muitos anos intensa actividade em institui\u00e7\u00f5es culturais,\nhumanit\u00e1rias e de solidariedade social, algumas das quais fundou. Foi\npresidente da Liga dos Amigos do Hospital de S\u00e3o Bernardo, fundador e reitor da\nUniversidade S\u00e9nior de Set\u00fabal. Fundou e presidiu \u00e0 Direc\u00e7\u00e3o da BARA-Associa\u00e7\u00e3o\nEvang\u00e9lica de Cultura e dirigiu a revista cultural da mesma. Integrou a\nDirec\u00e7\u00e3o da Alian\u00e7a Evang\u00e9lica Portuguesa assim como a respectiva Assessoria de\nTeologia e \u00c9tica. \u00c9 pastor protestante. Conferencista e autor com obra\npublicada nas \u00e1reas de fic\u00e7\u00e3o (romance), poesia, ensaio, e cronista na imprensa\nregional e nacional, em 1974 assinou com Joanyr de Oliveira e J.T.Parreira o\n\u201cManifesto por uma Nova Poesia Evang\u00e9lica\u201d em Portugal. Presidiu \u00e0 Comiss\u00e3o\nOrganizadora do congresso internacional \u201cUm construtor da Modernidade \u2013 Lutero\n\u2013 Teses \u2013 500 anos\u201d (Lisboa, 2017). Integra o ConsejoAsesor Iberoamericano da\nRed Iberoamericana de Poetas y Cr\u00edticos Literarios Cristianos TIBERIADES. <br>\n<br>\n<\/em><\/p>\n","protected":false},"excerpt":{"rendered":"<p>Traducidos por A. P. Alencart GRA\u00c7A Nem palavras aparelhadas nem olhares suplicantes nem suspiros apaixonados nem sacrif\u00edcios pesados ofertas religiosas ren\u00fancias esgares m\u00e3os postas sobrepostas contritas a bater de encontro ao peito nada em mim pode competir com a Gra\u00e7a. Essa Himalaia de favor imerecido esse veludo admir\u00e1vel comovido essa express\u00e3o calorosamente c\u00famplice no rosto inef\u00e1vel do Eterno. GRACIA Ni [&hellip;]<\/p>\n","protected":false},"author":2,"featured_media":410,"comment_status":"open","ping_status":"closed","sticky":false,"template":"","format":"standard","meta":{"footnotes":""},"categories":[29,19,1],"tags":[],"class_list":["post-409","post","type-post","status-publish","format-standard","has-post-thumbnail","hentry","category-jose-brissos-lino","category-poemas-de","category-uncategorized"],"_links":{"self":[{"href":"https:\/\/tiberiades.org\/index.php?rest_route=\/wp\/v2\/posts\/409","targetHints":{"allow":["GET"]}}],"collection":[{"href":"https:\/\/tiberiades.org\/index.php?rest_route=\/wp\/v2\/posts"}],"about":[{"href":"https:\/\/tiberiades.org\/index.php?rest_route=\/wp\/v2\/types\/post"}],"author":[{"embeddable":true,"href":"https:\/\/tiberiades.org\/index.php?rest_route=\/wp\/v2\/users\/2"}],"replies":[{"embeddable":true,"href":"https:\/\/tiberiades.org\/index.php?rest_route=%2Fwp%2Fv2%2Fcomments&post=409"}],"version-history":[{"count":4,"href":"https:\/\/tiberiades.org\/index.php?rest_route=\/wp\/v2\/posts\/409\/revisions"}],"predecessor-version":[{"id":423,"href":"https:\/\/tiberiades.org\/index.php?rest_route=\/wp\/v2\/posts\/409\/revisions\/423"}],"wp:featuredmedia":[{"embeddable":true,"href":"https:\/\/tiberiades.org\/index.php?rest_route=\/wp\/v2\/media\/410"}],"wp:attachment":[{"href":"https:\/\/tiberiades.org\/index.php?rest_route=%2Fwp%2Fv2%2Fmedia&parent=409"}],"wp:term":[{"taxonomy":"category","embeddable":true,"href":"https:\/\/tiberiades.org\/index.php?rest_route=%2Fwp%2Fv2%2Fcategories&post=409"},{"taxonomy":"post_tag","embeddable":true,"href":"https:\/\/tiberiades.org\/index.php?rest_route=%2Fwp%2Fv2%2Ftags&post=409"}],"curies":[{"name":"wp","href":"https:\/\/api.w.org\/{rel}","templated":true}]}}