{"id":4125,"date":"2020-12-15T09:14:29","date_gmt":"2020-12-15T07:14:29","guid":{"rendered":"http:\/\/tiberiades.org\/?p=4125"},"modified":"2020-12-19T12:06:57","modified_gmt":"2020-12-19T10:06:57","slug":"victor-ilich-madre-hay-una-sola","status":"publish","type":"post","link":"https:\/\/tiberiades.org\/?p=4125","title":{"rendered":"\u00a1Madre!: hay una sola"},"content":{"rendered":"<p>&nbsp;<\/p>\n<p>No es una pel\u00edcula complaciente el filme <em>\u00a1Madre!<\/em>, de Darren Aronofsky. Sobre su relato es posible advertir la sombra b\u00edblica, lo que para algunos puede resultar evidente. Dicen que con leer los primeros once cap\u00edtulos del libro de <em>G\u00e9nesis<\/em> es posible hallar luz en medio del caos. Refuerza lo anterior el hecho de que el coprotagonista, a quien conocemos solo por su oficio de escritor, no por su nombre, en un momento de la pel\u00edcula se identifica como: yo soy yo. F\u00f3rmula cercana a la declaraci\u00f3n YO SOY EL QUE SOY registrada en el libro de <em>\u00c9xodo<\/em>.<\/p>\n<p>Pero no hay que equivocarse: la obra de Aronofsky no es una sinopsis de la narraci\u00f3n b\u00edblica. La pel\u00edcula sigue esa l\u00f3gica de un Dios egoc\u00e9ntrico con todas las implicancias que aquello conlleva. Nada nuevo bajo el sol, dir\u00e1n otros\u2026 ser\u00eda suficiente con recordar la imputaci\u00f3n impl\u00edcita de la serpiente en el registro veterotestamentario del Huerto del Ed\u00e9n.<\/p>\n<p>En definitiva, luego de ver la cinta, me result\u00f3 inevitable reflexionar sobre el poder de las madres, su influencia sobre sus hijos, incluso sobre Aronofsky. Siempre sus influencias son posibles de percibir, ya sea por exceso o defecto, acci\u00f3n u omisi\u00f3n.<\/p>\n<p>Y record\u00e9 a mi madre, quien hace un par de a\u00f1os fue asaltada junto a mi padre. Saliendo de un banco, los siguieron en veh\u00edculo, los interceptaron y, pistola en mano, espec\u00edficamente sobre la cabeza de ella, finalmente entreg\u00f3 el dinero. Se asust\u00f3 por la seguridad de mi \u00a0pap\u00e1, porque no le hicieran da\u00f1o. No sufri\u00f3 ni crisis nerviosa ni ataques de p\u00e1nico ni nada por el estilo. De hecho, ese d\u00eda nos encontramos a la hora del t\u00e9, en casa de la abuela Norma, y la historia no pas\u00f3 de ser m\u00e1s que solo una amarga an\u00e9cdota con algunos detalles de humor negro que no viene al caso contar, salvo se\u00f1alar: mi madre no llor\u00f3, ni durante ni despu\u00e9s de dicho evento, y contaba lo sucedido con su t\u00edpica templanza entre prusiana y espartana, haciendo gestos de c\u00f3mo resisti\u00f3 al bandido sujetando su cartera. Se rio mucho. Todos nos re\u00edmos, incluso mi abuela. Se salvaron, nos salvamos. Agradecimos.<\/p>\n<p><img loading=\"lazy\" decoding=\"async\" class=\"aligncenter  wp-image-4120\" src=\"https:\/\/tiberiades.org\/wp-content\/uploads\/2020\/12\/2-2-719x1024.jpg\" alt=\"\" width=\"590\" height=\"841\" srcset=\"https:\/\/tiberiades.org\/wp-content\/uploads\/2020\/12\/2-2-719x1024.jpg 719w, https:\/\/tiberiades.org\/wp-content\/uploads\/2020\/12\/2-2-211x300.jpg 211w, https:\/\/tiberiades.org\/wp-content\/uploads\/2020\/12\/2-2-768x1093.jpg 768w, https:\/\/tiberiades.org\/wp-content\/uploads\/2020\/12\/2-2.jpg 843w\" sizes=\"auto, (max-width: 590px) 100vw, 590px\" \/><\/p>\n<p>Y siguiendo el derrotero b\u00edblico de Aronofsky, le\u00ed la historia de Jacob, quien se hizo pasar por su hermano Esa\u00fa. Por su parte, su madre, Rebeca, fue clave en el enga\u00f1o que fraguaron para obtener la bendici\u00f3n de su padre, Isaac: la bendici\u00f3n del primog\u00e9nito, seg\u00fan est\u00e1 escrito en el ya citado libro de <em>G\u00e9nesis<\/em>. Y tanto la figura materna como paterna en esta narraci\u00f3n tambi\u00e9n podr\u00edan ser arquet\u00edpicas de las divisiones que se pueden engendrar en los hijos&#8230; basta una manifiesta o sutil predilecci\u00f3n, ni m\u00e1s ni menos, para visualizar las nefastas consecuencias de ello. Es posible concluir, luego de aquella lectura, que el tiempo por s\u00ed solo no cura las heridas. Nunca lo hace. Dicen que solo el enfrentar nuestra verdad \u00a0\u0336 lo que hicimos o dejamos de hacer, que tambi\u00e9n tiene el poder de moldear en lo que nos convertimos \u0336 , con humildad y actitud compasiva, sostienen incluso algunos psic\u00f3logos, es posible mantener lo cojo dentro del camino a fin de que sea sanado, es decir, a trav\u00e9s del camino de la reconciliaci\u00f3n. El filme tambi\u00e9n habla de divisiones e impl\u00edcitamente de reconciliarse mediante el dif\u00edcil arte del perd\u00f3n.<\/p>\n<p>Es importante reconocer las influencias de nuestras madres, incluso sus repercusiones en nuestra habilidad para perdonar. Estar conscientes de sus aciertos y yerros, y c\u00f3mo han afectado nuestras vidas, no para recriminar o juzgar, sino para escoger una v\u00eda distinta, de ser necesario, a fin de retener lo recto y desestimar lo errado. Estoy agradecido de mi madre y la amo, pero sin una venda en los ojos. En otras palabras, sin romanticismo ni idealizaci\u00f3n alguna. Reconozco sus talentos, virtudes e imperfecciones como ella los reconoce en m\u00ed. Nos parecemos y solo en una cosa somos iguales, sin lugar a dudas, ninguno de los dos es perfecto. \u00bfY qu\u00e9 hombre no se parece a su madre? Quiz\u00e1s aquel que no quiere ver los aspectos comunes.<\/p>\n<p>En fin, vino tambi\u00e9n a mi memoria que cuando de ni\u00f1o sent\u00eda miedo durante la noche, iba al dormitorio de mis padres. Tratando de no hacer ruido, con el fin de no despertarlos, me acercaba con cuidado por el lado de la cama donde dorm\u00eda mi mam\u00e1 y le ped\u00eda un espacio para dormir a su lado, nunca me lo neg\u00f3. Recuerdo ese calor y cobijo maternos como algo reconfortante. Al despertar, varias veces tocaba sus p\u00e1rpados cerrados y muy despacio y con suavidad se los intentaba abrir. Algunas veces lo logr\u00e9 y despert\u00f3 de esa forma. Literalmente, abri\u00e9ndole los ojos. Y eso al parecer intenta hacer Aronofsky con su pel\u00edcula, quiz\u00e1s nos quiere despertar y abrir nuestros ojos.<\/p>\n<p><img loading=\"lazy\" decoding=\"async\" class=\"aligncenter  wp-image-4122\" src=\"https:\/\/tiberiades.org\/wp-content\/uploads\/2020\/12\/3-1-687x1024.jpg\" alt=\"\" width=\"564\" height=\"841\" srcset=\"https:\/\/tiberiades.org\/wp-content\/uploads\/2020\/12\/3-1-687x1024.jpg 687w, https:\/\/tiberiades.org\/wp-content\/uploads\/2020\/12\/3-1-201x300.jpg 201w, https:\/\/tiberiades.org\/wp-content\/uploads\/2020\/12\/3-1-768x1145.jpg 768w, https:\/\/tiberiades.org\/wp-content\/uploads\/2020\/12\/3-1.jpg 805w\" sizes=\"auto, (max-width: 564px) 100vw, 564px\" \/><\/p>\n<p>Adem\u00e1s, record\u00e9 cuando mi hija \u00a0\u0336 que sabe c\u00f3mo yo despertaba a mi madre \u0336\u00a0 intent\u00f3 hacer lo mismo conmigo. Luego de re\u00edrnos, me pregunt\u00f3: \u00bftu mam\u00e1 se enojaba cuando abr\u00edas sus ojos as\u00ed? Le dije que no. Y repar\u00f3 con un \u00bfpor qu\u00e9? Mi respuesta fue simple: porque me ama.<\/p>\n<p>Es que <em>\u00a1Madre!<\/em> hay una sola. Nos guste o no. Quiz\u00e1s la pel\u00edcula intenta abrir nuestros ojos, y sin suavidad trata de mover y remecer m\u00e1s all\u00e1 de nuestros p\u00e1rpados. Usted debe juzgar si lo logra o no.<\/p>\n<p>Mi madre us\u00f3 tacones altos durante muchos a\u00f1os. Los dej\u00f3 porque afectaron su salud. Estuvo sin caminar durante un par de semanas y varios meses de recuperaci\u00f3n. Cuando se recuper\u00f3, se deshizo de muchos zapatos, muchas cajas: aunque eran hermosos, la da\u00f1aban. Hoy camina aliviada. Coje\u00f3 en su momento, qui\u00e9n no. Ella no es complaciente, en ocasiones tampoco pol\u00edticamente correcta, y su virtud m\u00e1s grande es decir lo que piensa.<\/p>\n<p>Es cierto, al decir lo que piensa se hace vulnerable, aquello lo valoro, porque todos somos vulnerables. Y un Dios que se haga vulnerable puede ser considerado una locura, como la pel\u00edcula de Aronofsky\u2026 locuras interesantes de prestarles atenci\u00f3n.<\/p>\n<figure id=\"attachment_4123\" aria-describedby=\"caption-attachment-4123\" style=\"width: 640px\" class=\"wp-caption aligncenter\"><img loading=\"lazy\" decoding=\"async\" class=\"size-large wp-image-4123\" src=\"https:\/\/tiberiades.org\/wp-content\/uploads\/2020\/12\/4-La-madre-del-autor.-Diseno-de-Matias-Gonzalez-Pereira-y-fotografias-de-Alvaro-Munoz.-731x1024.jpeg\" alt=\"\" width=\"640\" height=\"897\" srcset=\"https:\/\/tiberiades.org\/wp-content\/uploads\/2020\/12\/4-La-madre-del-autor.-Diseno-de-Matias-Gonzalez-Pereira-y-fotografias-de-Alvaro-Munoz.-731x1024.jpeg 731w, https:\/\/tiberiades.org\/wp-content\/uploads\/2020\/12\/4-La-madre-del-autor.-Diseno-de-Matias-Gonzalez-Pereira-y-fotografias-de-Alvaro-Munoz.-214x300.jpeg 214w, https:\/\/tiberiades.org\/wp-content\/uploads\/2020\/12\/4-La-madre-del-autor.-Diseno-de-Matias-Gonzalez-Pereira-y-fotografias-de-Alvaro-Munoz.-768x1076.jpeg 768w, https:\/\/tiberiades.org\/wp-content\/uploads\/2020\/12\/4-La-madre-del-autor.-Diseno-de-Matias-Gonzalez-Pereira-y-fotografias-de-Alvaro-Munoz..jpeg 914w\" sizes=\"auto, (max-width: 640px) 100vw, 640px\" \/><figcaption id=\"caption-attachment-4123\" class=\"wp-caption-text\">La madre del autor. Dise\u00f1o de Mat\u00edas Gonz\u00e1lez Pereira y fotograf\u00edas de \u00c1lvaro Mu\u00f1oz.<\/figcaption><\/figure>\n<p><em><strong>V\u00edctor Ilich<\/strong><\/em><em>\u00a0naci\u00f3 en Santiago de Chile en 1978. Egresado del Instituto Nacional y de la Escuela de Derecho de la Universidad Finis Terrae, en la cual estudi\u00f3 becado. Abogado y juez de garant\u00eda en la Regi\u00f3n de O\u2019Higgins. Autor de m\u00e1s de una docena de obras literarias. Algunas de ellas han sido prologadas y comentadas por destacados acad\u00e9micos, escritores y cr\u00edticos como Hugo Zepeda Coll, Thomas Harris, Andr\u00e9s Morales, Alfredo Lewin y Juan Mihovilovich.<\/em><\/p>\n<p><em>Entre sus obras se puede citar\u00a0Infrarrojo, poemario presentado por el acad\u00e9mico, escritor, poeta y miembro de la Academia Chilena de la Lengua, Juan Antonio Massone del Campo, quien le ha antologado;\u00a0R\u00e9quiem para un hombre vivo, poemario dedicado al poeta Juan Guzm\u00e1n Cruchaga (presentado por el ministro de la Corte Suprema y escritor Carlos Ar\u00e1nguiz Z\u00fa\u00f1iga y el ex ministro de la Corte de Apelaciones de Santiago, Juan Guzm\u00e1n Tapia);\u00a0La insurrecci\u00f3n de la palabra;\u00a0Arte de un ocaso vital;\u00a0 Baladas de un ruise\u00f1or\u00a0(poemario er\u00f3tico rom\u00e1ntico);\u00a0Drag\u00f3n, escorpiones y palomas;\u00a0Hojas de t\u00e9;\u00a0La letra mata\u00a0(un texto que resucita la palabra);\u00a0El silencio de los jueces, un texto para sazonar el coraz\u00f3n, prologado, en su primera edici\u00f3n, entre otros, por Sergio Mu\u00f1oz Gajardo, quien fuese presidente de la Excelent\u00edsima Corte Suprema de Justicia (2014-2015);\u00a0Disparates, poemario relativo a la libertad de expresi\u00f3n y los prejuicios (2016);\u00a0Cada d\u00eda tiene su af\u00e1n\u00a0(2017), que procura motivar en la lucha del c\u00e1ncer, presentado por Haroldo Brito Cruz, quien tambi\u00e9n fue presidente del m\u00e1ximo tribunal del pa\u00eds, con ocasi\u00f3n de la celebraci\u00f3n del D\u00eda Internacional del Libro.<\/em><\/p>\n<p><em>Y, adem\u00e1s, ha lanzado el poemario titulado\u00a0Toma de raz\u00f3n, en coautor\u00eda con Roberto Contreras Olivares, poeta y ministro de la Corte de Apelaciones de San Miguel, presentado en Hanga Roa, Isla de Pascua, en agosto de 2017. En abril de 2018 junto a otros tres jueces penales public\u00f3 el libro\u00a0Duda, texto fruto del taller literario que imparti\u00f3, el cual luego de terminar denomin\u00f3 \u201cNi tan exacto ni tan literal\u201d. Tambi\u00e9n, en octubre de 2019, en pleno estallido social en Chile, p\u00fablico\u00a0Venga tu reino, poemario prologado por Felipe Berr\u00edos, S.J. y Alfredo P\u00e9rez Alencart, poeta y docente de la Universidad de Salamanca.<\/em><\/p>\n<p><em>Por \u00faltimo, en marzo de este a\u00f1o 2020, public\u00f3 el libro\u00a0Al derecho y al rev\u00e9s, que recopila las columnas de opini\u00f3n y cr\u00edtica literaria escritas bajo el alero del diario\u00a0El Heraldo\u00a0de Linares, quien patrocin\u00f3 su cuidada edici\u00f3n. Libro prologado por Lamberto Cisternas Rocha, quien fuese vocero de la Corte Suprema.<\/em><\/p>\n<p><em>Ilich forma parte de Tiber\u00edades, Red Iberoamerica de Poetas y Cr\u00edticos Literarios Cristianos<\/em><\/p>\n<figure id=\"attachment_4121\" aria-describedby=\"caption-attachment-4121\" style=\"width: 742px\" class=\"wp-caption aligncenter\"><img loading=\"lazy\" decoding=\"async\" class=\" wp-image-4121\" src=\"https:\/\/tiberiades.org\/wp-content\/uploads\/2020\/12\/5-Victor-Ilich-con-su-esposa-Rosita.jpeg\" alt=\"\" width=\"742\" height=\"479\" srcset=\"https:\/\/tiberiades.org\/wp-content\/uploads\/2020\/12\/5-Victor-Ilich-con-su-esposa-Rosita.jpeg 854w, https:\/\/tiberiades.org\/wp-content\/uploads\/2020\/12\/5-Victor-Ilich-con-su-esposa-Rosita-300x194.jpeg 300w, https:\/\/tiberiades.org\/wp-content\/uploads\/2020\/12\/5-Victor-Ilich-con-su-esposa-Rosita-768x496.jpeg 768w\" sizes=\"auto, (max-width: 742px) 100vw, 742px\" \/><figcaption id=\"caption-attachment-4121\" class=\"wp-caption-text\">V\u00edctor Ilich, con su esposa Rosita<\/figcaption><\/figure>\n<p>&nbsp;<\/p>\n","protected":false},"excerpt":{"rendered":"<p>&nbsp; No es una pel\u00edcula complaciente el filme \u00a1Madre!, de Darren Aronofsky. Sobre su relato es posible advertir la sombra b\u00edblica, lo que para algunos puede resultar evidente. Dicen que con leer los primeros once cap\u00edtulos del libro de G\u00e9nesis es posible hallar luz en medio del caos. Refuerza lo anterior el hecho de que el coprotagonista, a quien conocemos [&hellip;]<\/p>\n","protected":false},"author":2,"featured_media":4124,"comment_status":"open","ping_status":"closed","sticky":false,"template":"","format":"standard","meta":{"footnotes":""},"categories":[93],"tags":[106],"class_list":["post-4125","post","type-post","status-publish","format-standard","has-post-thumbnail","hentry","category-victor-ilich","tag-victor-ilich"],"_links":{"self":[{"href":"https:\/\/tiberiades.org\/index.php?rest_route=\/wp\/v2\/posts\/4125","targetHints":{"allow":["GET"]}}],"collection":[{"href":"https:\/\/tiberiades.org\/index.php?rest_route=\/wp\/v2\/posts"}],"about":[{"href":"https:\/\/tiberiades.org\/index.php?rest_route=\/wp\/v2\/types\/post"}],"author":[{"embeddable":true,"href":"https:\/\/tiberiades.org\/index.php?rest_route=\/wp\/v2\/users\/2"}],"replies":[{"embeddable":true,"href":"https:\/\/tiberiades.org\/index.php?rest_route=%2Fwp%2Fv2%2Fcomments&post=4125"}],"version-history":[{"count":2,"href":"https:\/\/tiberiades.org\/index.php?rest_route=\/wp\/v2\/posts\/4125\/revisions"}],"predecessor-version":[{"id":4138,"href":"https:\/\/tiberiades.org\/index.php?rest_route=\/wp\/v2\/posts\/4125\/revisions\/4138"}],"wp:featuredmedia":[{"embeddable":true,"href":"https:\/\/tiberiades.org\/index.php?rest_route=\/wp\/v2\/media\/4124"}],"wp:attachment":[{"href":"https:\/\/tiberiades.org\/index.php?rest_route=%2Fwp%2Fv2%2Fmedia&parent=4125"}],"wp:term":[{"taxonomy":"category","embeddable":true,"href":"https:\/\/tiberiades.org\/index.php?rest_route=%2Fwp%2Fv2%2Fcategories&post=4125"},{"taxonomy":"post_tag","embeddable":true,"href":"https:\/\/tiberiades.org\/index.php?rest_route=%2Fwp%2Fv2%2Ftags&post=4125"}],"curies":[{"name":"wp","href":"https:\/\/api.w.org\/{rel}","templated":true}]}}