{"id":4144,"date":"2020-12-19T12:24:05","date_gmt":"2020-12-19T10:24:05","guid":{"rendered":"http:\/\/tiberiades.org\/?p=4144"},"modified":"2020-12-19T12:31:02","modified_gmt":"2020-12-19T10:31:02","slug":"jose-manuel-suarez-la-rosa-de-belen-auto-de-navidad-inedito","status":"publish","type":"post","link":"https:\/\/tiberiades.org\/?p=4144","title":{"rendered":"Jos\u00e9 Manuel Su\u00e1rez, \u00a0\u2018La rosa de Bel\u00e9n\u2019. Auto de Navidad in\u00e9dito"},"content":{"rendered":"<h3><strong>La rosa de Bel\u00e9n<\/strong><\/h3>\n<p style=\"text-align: right;\"><em>Para Alfredo y Jacqueline, para la familia<\/em><br \/>\n<em>En Navidad, 2020<\/em><\/p>\n<h4>I<\/h4>\n<p><em>Mar\u00eda \u00a0\u00a0\u00a0\u00a0\u00a0\u00a0\u00a0\u00a0\u00a0\u00a0<\/em>HAREMOS del establo <em><br \/>\n<\/em>\u00a0 \u00a0 \u00a0 \u00a0 \u00a0 \u00a0 \u00a0 \u00a0 \u00a0 \u00a0 \u00a0 cuna y casa.<br \/>\n<em>\u00a0\u00a0\u00a0\u00a0\u00a0\u00a0\u00a0 \u00a0 \u00a0 \u00a0 \u00a0 \u00a0 \u00a0\u00a0\u00a0 <\/em>Ven, no tardes tanto.<br \/>\n<em>\u00a0\u00a0\u00a0\u00a0\u00a0\u00a0\u00a0 \u00a0 \u00a0 \u00a0 \u00a0 \u00a0 \u00a0\u00a0\u00a0 <\/em>Ven a llenarlas.<\/p>\n<p><em>Mago 1\u00ba\u00a0 \u00a0 \u00a0 <\/em>Umbral de la dicha<br \/>\n<em>\u00a0\u00a0\u00a0\u00a0\u00a0\u00a0\u00a0 \u00a0 \u00a0 \u00a0 \u00a0 \u00a0 \u00a0\u00a0 <\/em>cumbres y valles,<br \/>\n<em>\u00a0\u00a0\u00a0\u00a0\u00a0 \u00a0 \u00a0 \u00a0 \u00a0 \u00a0 \u00a0\u00a0\u00a0\u00a0 <\/em>las colinas, el llano\u2026<br \/>\n<em>\u00a0 \u00a0 \u00a0 \u00a0 \u00a0 \u00a0 \u00a0 \u00a0 \u00a0 \u00a0 \u00a0<\/em>De ti se embriaga el aire<br \/>\n<em>\u00a0\u00a0\u00a0 \u00a0 \u00a0 \u00a0 \u00a0 \u00a0 \u00a0\u00a0\u00a0\u00a0\u00a0\u00a0 <\/em>pero nos falta algo.<\/p>\n<p><em>Pastor 1\u00ba\u00a0 \u00a0 <\/em>Pasos en el mejor d\u00eda.<br \/>\n<em>\u00a0\u00a0\u00a0\u00a0\u00a0\u00a0\u00a0\u00a0\u00a0 \u00a0 \u00a0 \u00a0 \u00a0 \u00a0 \u00a0<\/em>Tu huella, sola<br \/>\n<em>\u00a0\u00a0\u00a0\u00a0\u00a0 \u00a0 \u00a0 \u00a0 \u00a0 \u00a0 \u00a0\u00a0\u00a0\u00a0 <\/em>pero espera compa\u00f1\u00eda.<\/p>\n<figure id=\"attachment_4143\" aria-describedby=\"caption-attachment-4143\" style=\"width: 640px\" class=\"wp-caption aligncenter\"><img loading=\"lazy\" decoding=\"async\" class=\"size-large wp-image-4143\" src=\"https:\/\/tiberiades.org\/wp-content\/uploads\/2020\/12\/2-Fotografia-de-Jose-Amador-Martin-1024x685.jpg\" alt=\"\" width=\"640\" height=\"428\" srcset=\"https:\/\/tiberiades.org\/wp-content\/uploads\/2020\/12\/2-Fotografia-de-Jose-Amador-Martin-1024x685.jpg 1024w, https:\/\/tiberiades.org\/wp-content\/uploads\/2020\/12\/2-Fotografia-de-Jose-Amador-Martin-300x201.jpg 300w, https:\/\/tiberiades.org\/wp-content\/uploads\/2020\/12\/2-Fotografia-de-Jose-Amador-Martin-768x513.jpg 768w, https:\/\/tiberiades.org\/wp-content\/uploads\/2020\/12\/2-Fotografia-de-Jose-Amador-Martin-1536x1027.jpg 1536w, https:\/\/tiberiades.org\/wp-content\/uploads\/2020\/12\/2-Fotografia-de-Jose-Amador-Martin-272x182.jpg 272w, https:\/\/tiberiades.org\/wp-content\/uploads\/2020\/12\/2-Fotografia-de-Jose-Amador-Martin.jpg 1792w\" sizes=\"auto, (max-width: 640px) 100vw, 640px\" \/><figcaption id=\"caption-attachment-4143\" class=\"wp-caption-text\">Fotograf\u00eda de Jos\u00e9 Amador Mart\u00edn<\/figcaption><\/figure>\n<h4>II<\/h4>\n<p><em>Pastor 2\u00ba\u00a0 \u00a0 <\/em>\u00bfUna sombra?<br \/>\n<em>\u00a0\u00a0\u00a0\u00a0\u00a0\u00a0\u00a0 \u00a0 \u00a0 \u00a0 \u00a0 \u00a0 \u00a0\u00a0 <\/em>\u00bfDestellos entre despojos?<br \/>\n<em>\u00a0\u00a0\u00a0\u00a0 \u00a0 \u00a0 \u00a0 \u00a0 \u00a0 \u00a0\u00a0\u00a0\u00a0\u00a0 <\/em>\u00a0En el clamor de ti<br \/>\n<em>\u00a0\u00a0\u00a0\u00a0\u00a0\u00a0 \u00a0 \u00a0 \u00a0 \u00a0 \u00a0 \u00a0\u00a0\u00a0 <\/em>\u00a0la luz que de lejos gozo.<\/p>\n<p><em>Mago 2\u00ba\u00a0 \u00a0 \u00a0 <\/em>Ojos lejanos: m\u00edos,<br \/>\n<em>\u00a0\u00a0\u00a0\u00a0\u00a0\u00a0\u00a0\u00a0 \u00a0 \u00a0 \u00a0 \u00a0 \u00a0 \u00a0 <\/em>que te vieran;<br \/>\n<em>\u00a0\u00a0\u00a0\u00a0 \u00a0 \u00a0 \u00a0 \u00a0 \u00a0 \u00a0\u00a0\u00a0\u00a0\u00a0 <\/em>tuyos, deseados.<br \/>\n<em>\u00a0\u00a0\u00a0\u00a0 \u00a0 \u00a0 \u00a0 \u00a0 \u00a0 \u00a0\u00a0\u00a0\u00a0\u00a0 <\/em>Ay, mis caminos<br \/>\n<em>\u00a0\u00a0\u00a0\u00a0 \u00a0 \u00a0 \u00a0 \u00a0 \u00a0 \u00a0\u00a0\u00a0\u00a0\u00a0 <\/em>de piedra encendida y yerta.<\/p>\n<p><em>Jos\u00e9\u00a0 \u00a0 \u00a0 \u00a0 \u00a0 \u00a0 \u00a0<\/em>La cueva, la noche,<br \/>\n<em>\u00a0\u00a0\u00a0\u00a0\u00a0\u00a0\u00a0 \u00a0 \u00a0 \u00a0 \u00a0 \u00a0 \u00a0\u00a0 <\/em>la yerba\u2026<br \/>\n<em>\u00a0\u00a0\u00a0\u00a0\u00a0\u00a0 \u00a0 \u00a0 \u00a0 \u00a0 \u00a0 \u00a0\u00a0\u00a0 <\/em>Ecos amados<br \/>\n<em>\u00a0\u00a0\u00a0\u00a0\u00a0\u00a0 \u00a0 \u00a0 \u00a0 \u00a0 \u00a0 \u00a0\u00a0\u00a0 <\/em>escucho yo en ellas.<\/p>\n<p><em>Mago 3\u00ba\u00a0 \u00a0 \u00a0<\/em>Vereda arriba <em><br \/>\n<\/em>\u00a0 \u00a0 \u00a0 \u00a0 \u00a0 \u00a0 \u00a0 \u00a0 \u00a0 \u00a0 mir\u00e9 y dud\u00e9;<br \/>\n<em>\u00a0\u00a0\u00a0\u00a0\u00a0\u00a0\u00a0\u00a0\u00a0 \u00a0 \u00a0 \u00a0 \u00a0 \u00a0 <\/em>gan\u00e9 y perd\u00ed;<br \/>\n<em>\u00a0\u00a0\u00a0\u00a0\u00a0\u00a0\u00a0\u00a0\u00a0\u00a0 \u00a0 \u00a0 \u00a0 \u00a0 \u00a0<\/em>busqu\u00e9 y llam\u00e9.<br \/>\n<em>\u00a0\u00a0\u00a0\u00a0\u00a0\u00a0\u00a0\u00a0\u00a0 \u00a0 \u00a0 \u00a0 \u00a0 \u00a0 <\/em>S\u00e9 con qui\u00e9n vi.<\/p>\n<p><em>Mar\u00eda\u00a0 \u00a0 \u00a0 \u00a0 \u00a0<\/em>Te abrigar\u00e9 en mis labios;<br \/>\n<em>\u00a0\u00a0\u00a0\u00a0\u00a0\u00a0\u00a0\u00a0\u00a0\u00a0 <\/em>\u00a0 \u00a0 \u00a0 \u00a0 \u00a0abr\u00e1zate a mis ojos.<br \/>\n<em> \u00a0 \u00a0 \u00a0 \u00a0 \u00a0 \u00a0 \u00a0 \u00a0 \u00a0 \u00a0 <\/em>Tu pan se amasa en un beso.<br \/>\n<em>\u00a0\u00a0\u00a0\u00a0\u00a0\u00a0\u00a0\u00a0\u00a0\u00a0 <strong>\u00a0 \u00a0 \u00a0 \u00a0 \u00a0<\/strong><\/em>Mira, vinieron todos:<br \/>\n<em>\u00a0 \u00a0 \u00a0 \u00a0 \u00a0 \u00a0 \u00a0 \u00a0 \u00a0 \u00a0 <\/em>cena con que nacemos.<\/p>\n<figure id=\"attachment_4140\" aria-describedby=\"caption-attachment-4140\" style=\"width: 649px\" class=\"wp-caption aligncenter\"><img loading=\"lazy\" decoding=\"async\" class=\"size-full wp-image-4140\" src=\"https:\/\/tiberiades.org\/wp-content\/uploads\/2020\/12\/3-Fotografia-de-Jose-Amador-Martin.jpg\" alt=\"\" width=\"649\" height=\"960\" srcset=\"https:\/\/tiberiades.org\/wp-content\/uploads\/2020\/12\/3-Fotografia-de-Jose-Amador-Martin.jpg 649w, https:\/\/tiberiades.org\/wp-content\/uploads\/2020\/12\/3-Fotografia-de-Jose-Amador-Martin-203x300.jpg 203w\" sizes=\"auto, (max-width: 649px) 100vw, 649px\" \/><figcaption id=\"caption-attachment-4140\" class=\"wp-caption-text\">Fotograf\u00eda de Jos\u00e9 Amador Mart\u00edn<\/figcaption><\/figure>\n<h4>III<\/h4>\n<p><em><br \/>\nPastor 3\u00ba\u00a0 \u00a0<\/em>Te llevar\u00e9 una rosa<br \/>\n<em>\u00a0 \u00a0 \u00a0 \u00a0 \u00a0 \u00a0 \u00a0 \u00a0 \u00a0 \u00a0 <\/em>de mi rosal peque\u00f1o.<br \/>\n<em>\u00a0 \u00a0 \u00a0 \u00a0 \u00a0 \u00a0 \u00a0 \u00a0 \u00a0 \u00a0 <\/em>A tus ojitos,<br \/>\n<em>\u00a0\u00a0\u00a0\u00a0\u00a0\u00a0\u00a0\u00a0\u00a0 \u00a0 \u00a0 \u00a0 \u00a0 \u00a0 <\/em>aunque no la vean,<br \/>\n<em>\u00a0 \u00a0 \u00a0 \u00a0 \u00a0 \u00a0 \u00a0 \u00a0 \u00a0 \u00a0 <\/em>ya va de vuelo.<br \/>\n<em>\u00a0 \u00a0 \u00a0 \u00a0 \u00a0 \u00a0 \u00a0 \u00a0 \u00a0 \u00a0 <\/em>Pero es tan poco\u2026<\/p>\n<p><em>Se\u00edn, un ni\u00f1o\u00a0 \u00a0<\/em>No llores. Duerme, sue\u00f1a.<br \/>\n<em>\u00a0 \u00a0 \u00a0 \u00a0 \u00a0 \u00a0 \u00a0 \u00a0 \u00a0 \u00a0 \u00a0<\/em>\u00a0 \u00a0 \u00a0No estar\u00e1s solo.<br \/>\n<em>\u00a0 \u00a0 \u00a0 \u00a0 \u00a0 \u00a0 \u00a0 \u00a0 \u00a0 \u00a0 \u00a0<\/em>\u00a0 \u00a0 \u00a0Si la rosa es<br \/>\n<em>\u00a0 \u00a0 \u00a0 \u00a0 \u00a0 \u00a0 \u00a0 \u00a0 \u00a0 \u00a0 \u00a0<\/em>\u00a0 \u00a0 \u00a0seremos nosotros.<\/p>\n<figure id=\"attachment_4141\" aria-describedby=\"caption-attachment-4141\" style=\"width: 841px\" class=\"wp-caption aligncenter\"><img loading=\"lazy\" decoding=\"async\" class=\" wp-image-4141\" src=\"https:\/\/tiberiades.org\/wp-content\/uploads\/2020\/12\/4-El-poeta-Jose-Manuel-Suarez.jpg\" alt=\"\" width=\"841\" height=\"592\" srcset=\"https:\/\/tiberiades.org\/wp-content\/uploads\/2020\/12\/4-El-poeta-Jose-Manuel-Suarez.jpg 1025w, https:\/\/tiberiades.org\/wp-content\/uploads\/2020\/12\/4-El-poeta-Jose-Manuel-Suarez-300x211.jpg 300w, https:\/\/tiberiades.org\/wp-content\/uploads\/2020\/12\/4-El-poeta-Jose-Manuel-Suarez-768x540.jpg 768w\" sizes=\"auto, (max-width: 841px) 100vw, 841px\" \/><figcaption id=\"caption-attachment-4141\" class=\"wp-caption-text\">El poeta Jos\u00e9 Manuel Su\u00e1rez<\/figcaption><\/figure>\n<p><em>\u00a0<\/em><\/p>\n<p><em>Jos\u00e9 Manuel Su\u00e1rez (Laviana, Asturias, 1949), es profesor de \u00c9tica en la Universidad San Pablo Ceu. Director literario de la editorial Ars Poetica y director de la revista \u201cLicencia po\u00e9tica\u201d. Su obra figura en algunas antolog\u00edas..<\/em><em>\u00a0<\/em><em>Ha publicado los siguientes libros de poes\u00eda:<\/em><em>\u00a0<\/em><em>En sigilo de llama (Adonais, 1994).<\/em><em>\u00a0<\/em><em>Desde m\u00e1s luz<\/em><em>\u00a0<\/em><em>(Calambur, 1996). La tierra en tantas manos (Fund. Jorge Guill\u00e9n, 1998). Que en pan crec\u00eda (Calima, 2002). En sed de alianza (Adonais, 2006). Tras la huella de un ala (Premio Ciudad de Salamanca, 2009).<\/em><em>\u00a0<\/em><em>La velocidad de los muertos<\/em><em>\u00a0<\/em><em>(Pre-Textos, 2010).Oigo unos ojos. Misereres y payasos de Rouault<\/em><em>\u00a0<\/em><em>(Tansonville, 2010).<\/em><em>\u00a0<\/em><em>El mal de am\u00e9n. Tr\u00edptico (Monte Carmelo. Burgos, 2011. Incluye los libros:<\/em><em>\u00a0<\/em><em>T\u00fa y un oto\u00f1o encendido,<\/em><em>\u00a0<\/em><em>Me acerco a tu respiraci\u00f3n y<\/em><em>\u00a0<\/em><em>Termina t\u00fa el<\/em><em>\u00a0<\/em><em>trabajo).<\/em><em>\u00a0<\/em><em>Pintura de interiores<\/em><em>\u00a0<\/em><em>Cuarteto (Libros del Aire. Madrid, 2013. Incluye los libros: Inquieta levadura, Azul sin fingimiento, De piedra encendida y yerta y Donde las manos ven). El grabador de s\u00edlabas. Muerte y reparaci\u00f3n de Paul Celan. Oratorio (Ars Poetica, 20017) y<\/em><em>\u00a0<\/em><em>Abedules, contra las nubes claras (Ars Poetica, 2018).<\/em><\/p>\n<p><em>Su\u00e1rez obtuvo, en 2008, el XIII Premio Ciudad de Salamanca de Poes\u00eda. En 2019 particip\u00f3, como poeta invitado, en el XXII Encuentro de Poetas Iberoamericanos, celebrado en Salamanca el mes de octubre, y donde se rindi\u00f3 homenaje a San Juan de la Cruz y a Eunice Odio. Un amplio poema suyo, dedicado al Poeta de Fontiveros, sali\u00f3 publicado en la antolog\u00eda \u201cLlama de Amor\u201d (Edifsa, Salamanca, 2019).<\/em><\/p>\n<figure id=\"attachment_4139\" aria-describedby=\"caption-attachment-4139\" style=\"width: 338px\" class=\"wp-caption aligncenter\"><img loading=\"lazy\" decoding=\"async\" class=\" wp-image-4139\" src=\"https:\/\/tiberiades.org\/wp-content\/uploads\/2020\/12\/5-Portada-del-libro-de-Jose-Manuel-Suarez-ganador-del-XII-Premio-Ciudad-de-Salamanca-de-Poesia.jpg\" alt=\"\" width=\"338\" height=\"589\" srcset=\"https:\/\/tiberiades.org\/wp-content\/uploads\/2020\/12\/5-Portada-del-libro-de-Jose-Manuel-Suarez-ganador-del-XII-Premio-Ciudad-de-Salamanca-de-Poesia.jpg 287w, https:\/\/tiberiades.org\/wp-content\/uploads\/2020\/12\/5-Portada-del-libro-de-Jose-Manuel-Suarez-ganador-del-XII-Premio-Ciudad-de-Salamanca-de-Poesia-172x300.jpg 172w\" sizes=\"auto, (max-width: 338px) 100vw, 338px\" \/><figcaption id=\"caption-attachment-4139\" class=\"wp-caption-text\">Portada del libro de Jos\u00e9 Manuel Su\u00e1rez, ganador del XII Premio Ciudad de Salamanca de Poes\u00eda<\/figcaption><\/figure>\n<p>Imagen de cabecera: Rosa, fotograf\u00eda de Jos\u00e9 Amador Mart\u00edn.<\/p>\n","protected":false},"excerpt":{"rendered":"<p>La rosa de Bel\u00e9n Para Alfredo y Jacqueline, para la familia En Navidad, 2020 I Mar\u00eda \u00a0\u00a0\u00a0\u00a0\u00a0\u00a0\u00a0\u00a0\u00a0\u00a0HAREMOS del establo \u00a0 \u00a0 \u00a0 \u00a0 \u00a0 \u00a0 \u00a0 \u00a0 \u00a0 \u00a0 \u00a0 cuna y casa. \u00a0\u00a0\u00a0\u00a0\u00a0\u00a0\u00a0 \u00a0 \u00a0 \u00a0 \u00a0 \u00a0 \u00a0\u00a0\u00a0 Ven, no tardes tanto. \u00a0\u00a0\u00a0\u00a0\u00a0\u00a0\u00a0 \u00a0 \u00a0 \u00a0 \u00a0 \u00a0 \u00a0\u00a0\u00a0 Ven a llenarlas. Mago 1\u00ba\u00a0 \u00a0 \u00a0 Umbral de [&hellip;]<\/p>\n","protected":false},"author":2,"featured_media":4142,"comment_status":"open","ping_status":"closed","sticky":false,"template":"","format":"standard","meta":{"footnotes":""},"categories":[298],"tags":[300,299],"class_list":["post-4144","post","type-post","status-publish","format-standard","has-post-thumbnail","hentry","category-jose-manuel-suarez","tag-jose-manuel-suarez","tag-navidad"],"_links":{"self":[{"href":"https:\/\/tiberiades.org\/index.php?rest_route=\/wp\/v2\/posts\/4144","targetHints":{"allow":["GET"]}}],"collection":[{"href":"https:\/\/tiberiades.org\/index.php?rest_route=\/wp\/v2\/posts"}],"about":[{"href":"https:\/\/tiberiades.org\/index.php?rest_route=\/wp\/v2\/types\/post"}],"author":[{"embeddable":true,"href":"https:\/\/tiberiades.org\/index.php?rest_route=\/wp\/v2\/users\/2"}],"replies":[{"embeddable":true,"href":"https:\/\/tiberiades.org\/index.php?rest_route=%2Fwp%2Fv2%2Fcomments&post=4144"}],"version-history":[{"count":3,"href":"https:\/\/tiberiades.org\/index.php?rest_route=\/wp\/v2\/posts\/4144\/revisions"}],"predecessor-version":[{"id":4148,"href":"https:\/\/tiberiades.org\/index.php?rest_route=\/wp\/v2\/posts\/4144\/revisions\/4148"}],"wp:featuredmedia":[{"embeddable":true,"href":"https:\/\/tiberiades.org\/index.php?rest_route=\/wp\/v2\/media\/4142"}],"wp:attachment":[{"href":"https:\/\/tiberiades.org\/index.php?rest_route=%2Fwp%2Fv2%2Fmedia&parent=4144"}],"wp:term":[{"taxonomy":"category","embeddable":true,"href":"https:\/\/tiberiades.org\/index.php?rest_route=%2Fwp%2Fv2%2Fcategories&post=4144"},{"taxonomy":"post_tag","embeddable":true,"href":"https:\/\/tiberiades.org\/index.php?rest_route=%2Fwp%2Fv2%2Ftags&post=4144"}],"curies":[{"name":"wp","href":"https:\/\/api.w.org\/{rel}","templated":true}]}}