{"id":4526,"date":"2021-02-13T13:34:59","date_gmt":"2021-02-13T11:34:59","guid":{"rendered":"http:\/\/tiberiades.org\/?p=4526"},"modified":"2021-02-13T13:34:59","modified_gmt":"2021-02-13T11:34:59","slug":"jose-alfredo-perez-alencar-dos-poemas-ineditos","status":"publish","type":"post","link":"https:\/\/tiberiades.org\/?p=4526","title":{"rendered":"Jos\u00e9 Alfredo P\u00e9rez Alencar: Dos poemas in\u00e9ditos"},"content":{"rendered":"<p><em>Tiber\u00edades agradece al poeta por dejarnos publicar en primicia sus dos ofrendas. Una dedicada a Dante, de quien este a\u00f1o se conmemora su s\u00e9ptimo centenario. Este poema fue escrito para una exposici\u00f3n del pintor Miguel El\u00edas, la misma que deb\u00eda inaugurarse en la catedral de Zamora y que, por la pandemia, ha quedado postergada. La segunda ofrenda est\u00e1 dedicada a su abuelo peruano, Alfredo P\u00e9rez Troncoso.<\/em><\/p>\n<figure id=\"attachment_4519\" aria-describedby=\"caption-attachment-4519\" style=\"width: 640px\" class=\"wp-caption aligncenter\"><img loading=\"lazy\" decoding=\"async\" class=\"size-large wp-image-4519\" src=\"https:\/\/tiberiades.org\/wp-content\/uploads\/2021\/02\/2-Dante-pintura-de-Miguel-Elias-746x1024.jpg\" alt=\"\" width=\"640\" height=\"878\" srcset=\"https:\/\/tiberiades.org\/wp-content\/uploads\/2021\/02\/2-Dante-pintura-de-Miguel-Elias-746x1024.jpg 746w, https:\/\/tiberiades.org\/wp-content\/uploads\/2021\/02\/2-Dante-pintura-de-Miguel-Elias-218x300.jpg 218w, https:\/\/tiberiades.org\/wp-content\/uploads\/2021\/02\/2-Dante-pintura-de-Miguel-Elias-768x1055.jpg 768w, https:\/\/tiberiades.org\/wp-content\/uploads\/2021\/02\/2-Dante-pintura-de-Miguel-Elias-1119x1536.jpg 1119w, https:\/\/tiberiades.org\/wp-content\/uploads\/2021\/02\/2-Dante-pintura-de-Miguel-Elias-1492x2048.jpg 1492w, https:\/\/tiberiades.org\/wp-content\/uploads\/2021\/02\/2-Dante-pintura-de-Miguel-Elias-scaled.jpg 1864w\" sizes=\"auto, (max-width: 640px) 100vw, 640px\" \/><figcaption id=\"caption-attachment-4519\" class=\"wp-caption-text\">Dante, pintura de Miguel El\u00edas<\/figcaption><\/figure>\n<h4 style=\"padding-left: 40px;\"><strong>EN LOS ALEDA\u00d1OS DEL TRONO CELESTIAL<br \/>\n<\/strong><em>(Tributo a Dante y su Divina Comedia) <\/em><\/h4>\n<p style=\"padding-left: 40px;\">Poeta de una \u00e9poca partida en indefinidas facciones,<br \/>\nlo conocido tuyo alterna el silencio y la realidad.<br \/>\nPresente o desaparecido, siempre buscas el retorno a tu cuna<br \/>\nbajo la fuerza de la omisi\u00f3n al exilio.<\/p>\n<p style=\"padding-left: 40px;\">Idealizas de tal manera el amor, que conviertes<br \/>\nesa dulce vivencia en un recipiente de dudas en torno a su existencia.<br \/>\nSea el nombre Beatriz o Isolda, leyendas o hechos<br \/>\nevocan un paraje de incomparable seducci\u00f3n.<\/p>\n<p style=\"padding-left: 40px;\">Te paralizas en tu ecuador, te dejas arrastrar a las profundidades<br \/>\ndel metaf\u00f3rico hades, prueba de que eres humano,<br \/>\nun consumado inconformista con el momento<br \/>\nen que ha de culminar su obra, luchador que no desea permanecer<br \/>\nen lo que la raz\u00f3n le marca como equ\u00edvoco.<\/p>\n<p style=\"padding-left: 40px;\">A trav\u00e9s de tus s\u00f3lidas palabras, \u00a1c\u00f3mo no compartir<br \/>\nla tormenta que se cern\u00eda sobre ti!, pues no hay peor negacionista<br \/>\nque aquel que minimiza la sordidez eterna<br \/>\nde la que cualquiera puede ser v\u00edctima.<\/p>\n<figure id=\"attachment_4520\" aria-describedby=\"caption-attachment-4520\" style=\"width: 640px\" class=\"wp-caption aligncenter\"><img loading=\"lazy\" decoding=\"async\" class=\"size-large wp-image-4520\" src=\"https:\/\/tiberiades.org\/wp-content\/uploads\/2021\/02\/3-Beatriz.-Pintura-de-Miguel-Elias-1016x1024.jpg\" alt=\"\" width=\"640\" height=\"645\" srcset=\"https:\/\/tiberiades.org\/wp-content\/uploads\/2021\/02\/3-Beatriz.-Pintura-de-Miguel-Elias-1016x1024.jpg 1016w, https:\/\/tiberiades.org\/wp-content\/uploads\/2021\/02\/3-Beatriz.-Pintura-de-Miguel-Elias-298x300.jpg 298w, https:\/\/tiberiades.org\/wp-content\/uploads\/2021\/02\/3-Beatriz.-Pintura-de-Miguel-Elias-150x150.jpg 150w, https:\/\/tiberiades.org\/wp-content\/uploads\/2021\/02\/3-Beatriz.-Pintura-de-Miguel-Elias-768x774.jpg 768w, https:\/\/tiberiades.org\/wp-content\/uploads\/2021\/02\/3-Beatriz.-Pintura-de-Miguel-Elias-1524x1536.jpg 1524w, https:\/\/tiberiades.org\/wp-content\/uploads\/2021\/02\/3-Beatriz.-Pintura-de-Miguel-Elias-2033x2048.jpg 2033w\" sizes=\"auto, (max-width: 640px) 100vw, 640px\" \/><figcaption id=\"caption-attachment-4520\" class=\"wp-caption-text\">Beatriz. Pintura de Miguel El\u00edas<\/figcaption><\/figure>\n<p style=\"padding-left: 40px;\">Padeciendo bajo el escenario de tu anfiteatro de la l\u00edrica,<br \/>\nrodeado por miradas acusadoras, divinas y terrenales,<br \/>\nconsecuencia de tus firmes actos o autoimpuestas por tu credo,<br \/>\nrompes con lo establecido, abrazando la lengua vern\u00e1cula<br \/>\ny desplazando incansablemente tu pluma<br \/>\ncon un estilo innovador.<\/p>\n<p style=\"padding-left: 40px;\">Tu obra anuncia la desnudez de tu alma ante el mundo:<br \/>\nno temes plasmar tus tropiezos, pues te reinventas en cada ca\u00edda<br \/>\napoyado en los pilares de tu juventud.<br \/>\nEntonces alcanzas la ansiada meta cuya p\u00e9rdida s\u00f3lo recordar\u00e1s<br \/>\ncomo un mero espejismo.<\/p>\n<p style=\"padding-left: 40px;\">El mensaje de tu Gu\u00eda no es balad\u00ed,<br \/>\nsino m\u00e1s bien un sublime argumento para no cejar en el intento<br \/>\nde emerger de nuestros fallos, un ejemplo renovado<br \/>\na cada generaci\u00f3n, s\u00edmbolo de los dilemas<br \/>\nque plantea la existencia.<\/p>\n<figure id=\"attachment_4521\" aria-describedby=\"caption-attachment-4521\" style=\"width: 640px\" class=\"wp-caption aligncenter\"><img loading=\"lazy\" decoding=\"async\" class=\"size-large wp-image-4521\" src=\"https:\/\/tiberiades.org\/wp-content\/uploads\/2021\/02\/4-Travesia-al-paraiso.-Pintura-de-Miguel-Elias-843x1024.jpg\" alt=\"\" width=\"640\" height=\"777\" srcset=\"https:\/\/tiberiades.org\/wp-content\/uploads\/2021\/02\/4-Travesia-al-paraiso.-Pintura-de-Miguel-Elias-843x1024.jpg 843w, https:\/\/tiberiades.org\/wp-content\/uploads\/2021\/02\/4-Travesia-al-paraiso.-Pintura-de-Miguel-Elias-247x300.jpg 247w, https:\/\/tiberiades.org\/wp-content\/uploads\/2021\/02\/4-Travesia-al-paraiso.-Pintura-de-Miguel-Elias-768x932.jpg 768w, https:\/\/tiberiades.org\/wp-content\/uploads\/2021\/02\/4-Travesia-al-paraiso.-Pintura-de-Miguel-Elias-1265x1536.jpg 1265w, https:\/\/tiberiades.org\/wp-content\/uploads\/2021\/02\/4-Travesia-al-paraiso.-Pintura-de-Miguel-Elias-1687x2048.jpg 1687w\" sizes=\"auto, (max-width: 640px) 100vw, 640px\" \/><figcaption id=\"caption-attachment-4521\" class=\"wp-caption-text\">Traves\u00eda al para\u00edso. Pintura de Miguel El\u00edas<\/figcaption><\/figure>\n<p style=\"padding-left: 40px;\">Largo es el camino que conduce al para\u00edso.<\/p>\n<p style=\"padding-left: 40px;\">Tu formado esp\u00edritu es el instrumento que moldea<br \/>\nlas inexorables galer\u00edas y los lazos invisibles<br \/>\nde musas pasadas: el soporte contra el derrumbe<br \/>\nde lo que queda a tu espalda.<\/p>\n<p style=\"padding-left: 40px;\">El limbo que describes no ser\u00e1 para ti un estimado consuelo,<br \/>\npues sabes que, tarde o temprano, la ventura<br \/>\nte har\u00e1 sentarte de nuevo<br \/>\nen los aleda\u00f1os del trono celestial.<\/p>\n<p style=\"text-align: right;\">\n<em>Para mi querido t\u00edo El\u00edas, agradecido por el deleite<br \/>\nde contemplar su obra, y agradecido por una nueva<br \/>\noportunidad de contar con mi poes\u00eda<br \/>\npara un proyecto com\u00fan.<\/em><\/p>\n<p>&nbsp;<\/p>\n<figure id=\"attachment_4522\" aria-describedby=\"caption-attachment-4522\" style=\"width: 640px\" class=\"wp-caption aligncenter\"><img loading=\"lazy\" decoding=\"async\" class=\"size-large wp-image-4522\" src=\"https:\/\/tiberiades.org\/wp-content\/uploads\/2021\/02\/5-Jose-Alfredo-Perez-Alencar-y-Alfredo-Perez-Troncoso-foto-de-Jacqueline-Alencar-1024x772.jpg\" alt=\"\" width=\"640\" height=\"483\" srcset=\"https:\/\/tiberiades.org\/wp-content\/uploads\/2021\/02\/5-Jose-Alfredo-Perez-Alencar-y-Alfredo-Perez-Troncoso-foto-de-Jacqueline-Alencar-1024x772.jpg 1024w, https:\/\/tiberiades.org\/wp-content\/uploads\/2021\/02\/5-Jose-Alfredo-Perez-Alencar-y-Alfredo-Perez-Troncoso-foto-de-Jacqueline-Alencar-300x226.jpg 300w, https:\/\/tiberiades.org\/wp-content\/uploads\/2021\/02\/5-Jose-Alfredo-Perez-Alencar-y-Alfredo-Perez-Troncoso-foto-de-Jacqueline-Alencar-768x579.jpg 768w, https:\/\/tiberiades.org\/wp-content\/uploads\/2021\/02\/5-Jose-Alfredo-Perez-Alencar-y-Alfredo-Perez-Troncoso-foto-de-Jacqueline-Alencar.jpg 1309w\" sizes=\"auto, (max-width: 640px) 100vw, 640px\" \/><figcaption id=\"caption-attachment-4522\" class=\"wp-caption-text\">Jos\u00e9 Alfredo P\u00e9rez Alencar y Alfredo P\u00e9rez Troncoso (foto de Jacqueline Alencar)<\/figcaption><\/figure>\n<h4 style=\"padding-left: 40px;\">\n<strong>AQUELLA VENTANA EN LA QUE SOMOS UNO<br \/>\n<em>(Con el abuelo)<\/em><\/strong><\/h4>\n<p style=\"padding-left: 40px;\">\nTu miraba la sent\u00eda, vibraba en m\u00ed,<br \/>\nenardecida por el invierno,<br \/>\nabriendo un abanico de posibilidades<br \/>\nrehechas en el ocaso de las horas inexactas.<\/p>\n<p style=\"padding-left: 40px;\">Tu mirada la palp\u00e9 en el subconsciente,<br \/>\ncomo si descubriera el virginal aroma<br \/>\ndel amor adolescente.<br \/>\nEs algo fulgurante que s\u00f3lo yo siento.<\/p>\n<p style=\"padding-left: 40px;\">Por eso recojo los papeles, Alfredo Troncoso,<br \/>\nesos papeles en los que pretendo hallar el paroxismo<br \/>\nde esta sobrevenida nostalgia.<\/p>\n<p style=\"padding-left: 40px;\">En tu ausencia me escudo en elucubraciones<br \/>\ny soy part\u00edcipe de tu incandescente deseo,<br \/>\nque resuena en m\u00ed como una atemporalidad<br \/>\nde la que no puedo ni deseo escapar.<\/p>\n<p style=\"padding-left: 40px;\">En la surgida lejan\u00eda te observ\u00e9, lo recuerdo,<br \/>\nmientras tu silueta se dilu\u00eda<br \/>\nen la distancia insalvable de un oc\u00e9ano<br \/>\ny durante el interludio que nunca acordamos.<\/p>\n<p style=\"padding-left: 40px;\">Nos despedimos sin un reconfortante abrazo.<br \/>\ncada uno a su manera,<br \/>\ncada uno en su momento.<br \/>\nEra m\u00e1s f\u00e1cil as\u00ed.<\/p>\n<p style=\"padding-left: 40px;\">No nos agarramos la mano<br \/>\nporque lo perpetuo no se alimenta de rituales.<\/p>\n<p style=\"padding-left: 40px;\">El vaticinio,<br \/>\nque con una simple mirada me dabas,<br \/>\nno fue instant\u00e1neo.<br \/>\nMe diste regocijo en el silencio.<\/p>\n<figure id=\"attachment_4523\" aria-describedby=\"caption-attachment-4523\" style=\"width: 325px\" class=\"wp-caption aligncenter\"><img loading=\"lazy\" decoding=\"async\" class=\"size-full wp-image-4523\" src=\"https:\/\/tiberiades.org\/wp-content\/uploads\/2021\/02\/6-Alfredo-Perez-Troncoso-dibujo-de-Miguel-Elias.jpg\" alt=\"\" width=\"325\" height=\"374\" srcset=\"https:\/\/tiberiades.org\/wp-content\/uploads\/2021\/02\/6-Alfredo-Perez-Troncoso-dibujo-de-Miguel-Elias.jpg 325w, https:\/\/tiberiades.org\/wp-content\/uploads\/2021\/02\/6-Alfredo-Perez-Troncoso-dibujo-de-Miguel-Elias-261x300.jpg 261w\" sizes=\"auto, (max-width: 325px) 100vw, 325px\" \/><figcaption id=\"caption-attachment-4523\" class=\"wp-caption-text\">Alfredo P\u00e9rez Troncoso, dibujo de Miguel El\u00edas<\/figcaption><\/figure>\n<p style=\"padding-left: 40px;\">Hago una catarsis de los momentos que nos faltaron.<br \/>\nEn esas ocasiones escrib\u00eda a las telara\u00f1as,<br \/>\naquellas que recogen el polvo<br \/>\nde mis pensamientos pasajeros:<br \/>\nt\u00fa estabas arraigado en mi esencia.<\/p>\n<p style=\"padding-left: 40px;\">Nunca desde\u00f1\u00e9 el aliciente de una mente apresurada,<br \/>\npues es testigo del despertar tard\u00edo<br \/>\nen un paraje hastiado por las cicatrices,<br \/>\ndonde todo se presenta como nuevo.<\/p>\n<p style=\"padding-left: 40px;\">Olvid\u00e9 el sosiego de una ense\u00f1anza<br \/>\nque forjaste con la resonancia de tus pasos.<br \/>\nMientras, yo embelesaba a mi juventud,<br \/>\naquella que me otorgaste,<br \/>\ncon los espasmos de la inconsciencia.<\/p>\n<p style=\"padding-left: 40px;\">D\u00e9jame decirte que acaricio aquellos momentos<br \/>\ncomo si fueran mariposas.<br \/>\nEscapo de las desavenencias,<br \/>\npues s\u00f3lo son pasado.<\/p>\n<p style=\"padding-left: 40px;\">Te hago part\u00edcipe del todo<br \/>\ncuando ya eres un recuerdo insoslayable,<br \/>\npero te siento presente, abuelo.<\/p>\n<p style=\"padding-left: 40px;\">Vives y mueres en m\u00ed,<br \/>\nsomos el \u00e9xtasis del sentimiento.<br \/>\nYa no est\u00e1s, me repito a\u00f1os despu\u00e9s,<br \/>\npero yo, tendido en el alf\u00e9izar de lo inmaterial,<br \/>\nresurjo en tus ideas.<br \/>\nYa nunca m\u00e1s te llamar\u00e9 por tu nombre,<br \/>\nabuelo.<\/p>\n<p style=\"padding-left: 40px;\">Ahora los halagos an\u00f3nimos se topan con mi puerta<br \/>\ny s\u00f3lo dejo entrar a la asonancia.<\/p>\n<p style=\"padding-left: 40px;\">Mientras, t\u00fa respiras conmigo<br \/>\nen aquella ventana en la que somos uno.<\/p>\n<figure id=\"attachment_4524\" aria-describedby=\"caption-attachment-4524\" style=\"width: 643px\" class=\"wp-caption aligncenter\"><img loading=\"lazy\" decoding=\"async\" class=\"size-full wp-image-4524\" src=\"https:\/\/tiberiades.org\/wp-content\/uploads\/2021\/02\/7-Abuelo-y-nieto-foto-de-Jacqueline-Alencar.jpg\" alt=\"\" width=\"643\" height=\"471\" srcset=\"https:\/\/tiberiades.org\/wp-content\/uploads\/2021\/02\/7-Abuelo-y-nieto-foto-de-Jacqueline-Alencar.jpg 643w, https:\/\/tiberiades.org\/wp-content\/uploads\/2021\/02\/7-Abuelo-y-nieto-foto-de-Jacqueline-Alencar-300x220.jpg 300w\" sizes=\"auto, (max-width: 643px) 100vw, 643px\" \/><figcaption id=\"caption-attachment-4524\" class=\"wp-caption-text\">Abuelo y nieto (foto de Jacqueline Alencar)<\/figcaption><\/figure>\n<p><em>Jos\u00e9 Alfredo Alencar (Salamanca, 1994), quien acaba de publicar sus libros \u2018Pasiones cin\u00e9filas\u2019 (Trilce, Salamanca, 2020) y Iuris Tantum (Betania, Madrid, 2020). Junto a sus estudios en Derecho por la Universidad de Salamanca y a su temprano aprendizaje como poeta, tambi\u00e9n es un apasionado al S\u00e9ptimo Arte. Cuando ni\u00f1o la imprenta Kadmos le public\u00f3 una carpeta de poemas titulada El barco de las ilusiones (2002, con 17 acuarelas del pintor Miguel El\u00edas). Posteriormente public\u00f3 seis poemas en la antolog\u00eda Los poetas y Dios (Diputaci\u00f3n de Le\u00f3n, 2007) y otros sendos poemas en las antolog\u00edas El paisaje prometido (2010), Por ocho centurias (2018) y Regreso a Salamanca (2020). Form\u00f3 parte del equipo de apoyo del XXII Encuentro de Poetas Iberoamericanos, que en 2019 rindi\u00f3 homenaje a San Juan de la Cruz y a Eunice Odio. Este a\u00f1o lo ha hecho con el homenaje dedicado a Jos\u00e9 Mar\u00eda Gabriel y Gal\u00e1n, dentro del XXIII Encuentro de Poetas Iberoamericanos. Sus cr\u00edticas de cine las publica tanto en la revista literaria digital Crear en Salamanca como en el portal Tiber\u00edades. En el \u00e1mbito del Derecho, escribe art\u00edculos de contenido jur\u00eddico y social en su blog Iuris tantum, que mantiene en el peri\u00f3dico digital SALAMANCA AL D\u00cdA. Durante el curso 2019-2020 coordin\u00f3, con Christian Marcos, el programa radial \u201cStudi et laboro\u201d, de contenido jur\u00eddico-laboral y emitido en Radio Usal, medio de comunicaci\u00f3n de la Universidad de Salamanca. Dirige su propio blog, \u2018La palabra Liberada\u2019, con participaci\u00f3n variada de poetas, ensayistas y personas vinculadas al mundo jur\u00eddico. Forma parte del Consejo Editorial de \u2018Oresteia\u2019, revista de literatura, filosofia, ci\u00eancias sociais e artes, dirigida desde Lisboa por el fil\u00f3sofo y poeta Victor Oliveira Mateus.<\/em><\/p>\n<figure id=\"attachment_4525\" aria-describedby=\"caption-attachment-4525\" style=\"width: 640px\" class=\"wp-caption aligncenter\"><img loading=\"lazy\" decoding=\"async\" class=\"size-large wp-image-4525\" src=\"https:\/\/tiberiades.org\/wp-content\/uploads\/2021\/02\/8-Jose-Alfredo-Perez-Alencar-y-Alfredo-Perez-Troncoso-foto-de-Jacqueline-Alencar-780x1024.jpg\" alt=\"\" width=\"640\" height=\"840\" srcset=\"https:\/\/tiberiades.org\/wp-content\/uploads\/2021\/02\/8-Jose-Alfredo-Perez-Alencar-y-Alfredo-Perez-Troncoso-foto-de-Jacqueline-Alencar-780x1024.jpg 780w, https:\/\/tiberiades.org\/wp-content\/uploads\/2021\/02\/8-Jose-Alfredo-Perez-Alencar-y-Alfredo-Perez-Troncoso-foto-de-Jacqueline-Alencar-228x300.jpg 228w, https:\/\/tiberiades.org\/wp-content\/uploads\/2021\/02\/8-Jose-Alfredo-Perez-Alencar-y-Alfredo-Perez-Troncoso-foto-de-Jacqueline-Alencar-768x1008.jpg 768w, https:\/\/tiberiades.org\/wp-content\/uploads\/2021\/02\/8-Jose-Alfredo-Perez-Alencar-y-Alfredo-Perez-Troncoso-foto-de-Jacqueline-Alencar.jpg 1070w\" sizes=\"auto, (max-width: 640px) 100vw, 640px\" \/><figcaption id=\"caption-attachment-4525\" class=\"wp-caption-text\">Jos\u00e9 Alfredo P\u00e9rez Alencar y Alfredo P\u00e9rez Troncoso (foto de Jacqueline Alencar)<\/figcaption><\/figure>\n<p><em>Imagen de cabecera: Jos\u00e9 Alfredo P\u00e9rez Alencar leyendo en el Teatro Liceo de Salamanca (Foto de Jos\u00e9 Amador Mart\u00edn, 2017)<\/p>\n<p><\/em><\/p>\n","protected":false},"excerpt":{"rendered":"<p>Tiber\u00edades agradece al poeta por dejarnos publicar en primicia sus dos ofrendas. Una dedicada a Dante, de quien este a\u00f1o se conmemora su s\u00e9ptimo centenario. Este poema fue escrito para una exposici\u00f3n del pintor Miguel El\u00edas, la misma que deb\u00eda inaugurarse en la catedral de Zamora y que, por la pandemia, ha quedado postergada. La segunda ofrenda est\u00e1 dedicada a [&hellip;]<\/p>\n","protected":false},"author":2,"featured_media":4518,"comment_status":"open","ping_status":"closed","sticky":false,"template":"","format":"standard","meta":{"footnotes":""},"categories":[189],"tags":[133],"class_list":["post-4526","post","type-post","status-publish","format-standard","has-post-thumbnail","hentry","category-jose-a-perez-alencar","tag-jose-alfredo-perez-alencar"],"_links":{"self":[{"href":"https:\/\/tiberiades.org\/index.php?rest_route=\/wp\/v2\/posts\/4526","targetHints":{"allow":["GET"]}}],"collection":[{"href":"https:\/\/tiberiades.org\/index.php?rest_route=\/wp\/v2\/posts"}],"about":[{"href":"https:\/\/tiberiades.org\/index.php?rest_route=\/wp\/v2\/types\/post"}],"author":[{"embeddable":true,"href":"https:\/\/tiberiades.org\/index.php?rest_route=\/wp\/v2\/users\/2"}],"replies":[{"embeddable":true,"href":"https:\/\/tiberiades.org\/index.php?rest_route=%2Fwp%2Fv2%2Fcomments&post=4526"}],"version-history":[{"count":1,"href":"https:\/\/tiberiades.org\/index.php?rest_route=\/wp\/v2\/posts\/4526\/revisions"}],"predecessor-version":[{"id":4527,"href":"https:\/\/tiberiades.org\/index.php?rest_route=\/wp\/v2\/posts\/4526\/revisions\/4527"}],"wp:featuredmedia":[{"embeddable":true,"href":"https:\/\/tiberiades.org\/index.php?rest_route=\/wp\/v2\/media\/4518"}],"wp:attachment":[{"href":"https:\/\/tiberiades.org\/index.php?rest_route=%2Fwp%2Fv2%2Fmedia&parent=4526"}],"wp:term":[{"taxonomy":"category","embeddable":true,"href":"https:\/\/tiberiades.org\/index.php?rest_route=%2Fwp%2Fv2%2Fcategories&post=4526"},{"taxonomy":"post_tag","embeddable":true,"href":"https:\/\/tiberiades.org\/index.php?rest_route=%2Fwp%2Fv2%2Ftags&post=4526"}],"curies":[{"name":"wp","href":"https:\/\/api.w.org\/{rel}","templated":true}]}}