{"id":4610,"date":"2021-03-01T14:33:40","date_gmt":"2021-03-01T12:33:40","guid":{"rendered":"http:\/\/tiberiades.org\/?p=4610"},"modified":"2021-03-01T21:38:28","modified_gmt":"2021-03-01T19:38:28","slug":"el-toro-encantado-y-otros-poemas-de-a-p-alencart-leidos-en-el-viii-fip-primavera-poetica-lima","status":"publish","type":"post","link":"https:\/\/tiberiades.org\/?p=4610","title":{"rendered":"\u2018El toro encantado\u2019 y otros poemas de A. P. Alencart, le\u00eddos en el VIII FIP primavera po\u00e9tica (Lima)"},"content":{"rendered":"<p><em>Tiber\u00edades agradece al poeta peruano-salmantino por permitirnos difundir los cuatro poemas que ley\u00f3 el s\u00e1bado 27 de febrero, durante el VIII Festival Primavera Po\u00e9tica, celebrado en Lima bajo la direcci\u00f3n de Harold Alva. En dicha lectura, Alencart acompa\u00f1\u00f3 a Cecilia Qu\u00edlez (Espa\u00f1a), Dafne Meezs (Chile), Enrique Solinas (Argentina) y Estefan\u00eda Cabello (Espa\u00f1a). Las pinturas son del notable artista venezolano Mario Abreu. La lectura estuvo coordinada por Luis Miguel Cangalaya.<\/em><\/p>\n<h3 style=\"padding-left: 40px;\">El toro encantado<\/h3>\n<p style=\"padding-left: 40px;\">Quiz\u00e1s yo s\u00f3lo sea el reverso de una sombra<br \/>\no la figura revelada bajo el \u00faltimo rel\u00e1mpago<br \/>\nsobre el paisaje de mi heredad,<br \/>\nall\u00e1 donde estaba so\u00f1ando el porvenir<br \/>\nmontado sobre un toro tan antiguo como el amor,<br \/>\nm\u00e1s ac\u00e1 de la altura del barranco de los aguajales,<br \/>\nemplumado con calendarios que ignoran<br \/>\nla desaparici\u00f3n de tan verde lugar.<br \/>\nEl toro es lo \u00fanico que me resta de aquel para\u00edso.<br \/>\nVoy por sendas sobre tan noble animal<br \/>\ncuyo bramido hace que rememore el encantamiento,<br \/>\nde todo lo que era posible entonces,<br \/>\ncuando cielos y bosques ensanchaban mi coraz\u00f3n.<br \/>\nQuiz\u00e1s mi destino se fragu\u00f3 alrededor del toro<br \/>\ncuyas fuerzas no flaquean por su cuero<br \/>\nresbaloso de presagios.<br \/>\nPero todo se confunde en la ceremonia<br \/>\nque dentellea lo dichoso entre \u00e1rboles ululando<br \/>\nal sentirme volver tras larga ausencia.<br \/>\nQuiz\u00e1s en otra \u00e9poca mis pies trazaron la trocha<br \/>\nde libertad por la que me lleva el animal.<br \/>\nAl final del camino, el toro parece comprender<br \/>\nel mucho secreto de mi tristeza. Sabe de m\u00ed,<br \/>\npues \u00e9l mismo se grab\u00f3 mi nombre en su frente.<br \/>\nQuiz\u00e1s yo sea ese toro que recoge las sobras<br \/>\ndel fest\u00edn y entierra las patas en el suelo<br \/>\nde su antiguo para\u00edso.<\/p>\n<figure id=\"attachment_4605\" aria-describedby=\"caption-attachment-4605\" style=\"width: 838px\" class=\"wp-caption aligncenter\"><img loading=\"lazy\" decoding=\"async\" class=\"wp-image-4605 \" src=\"https:\/\/tiberiades.org\/wp-content\/uploads\/2021\/03\/2-Toro-Constelado-de-Mario-Abreu.jpg\" alt=\"\" width=\"838\" height=\"611\" srcset=\"https:\/\/tiberiades.org\/wp-content\/uploads\/2021\/03\/2-Toro-Constelado-de-Mario-Abreu.jpg 1024w, https:\/\/tiberiades.org\/wp-content\/uploads\/2021\/03\/2-Toro-Constelado-de-Mario-Abreu-300x219.jpg 300w, https:\/\/tiberiades.org\/wp-content\/uploads\/2021\/03\/2-Toro-Constelado-de-Mario-Abreu-768x560.jpg 768w\" sizes=\"auto, (max-width: 838px) 100vw, 838px\" \/><figcaption id=\"caption-attachment-4605\" class=\"wp-caption-text\">Toro Constelado, de Mario Abreu<\/figcaption><\/figure>\n<h3><\/h3>\n<h3 style=\"padding-left: 40px;\"><strong>Gacela m\u00eda<\/strong><\/h3>\n<h4 style=\"padding-left: 40px;\">II<\/h4>\n<p style=\"padding-left: 40px;\"><em>En la hora temblorosa se abren las compuertas del cielo.<br \/>\nUn antiqu\u00edsimo deseo destila su metaf\u00edsica<br \/>\npara que llueva por los aires la simiente.<\/em><\/p>\n<p style=\"padding-left: 40px;\">Aqu\u00ed mi Amada<br \/>\nusando<br \/>\nla vara m\u00e1gica por la boca y la manzana,<br \/>\nfloreciendo entre aromas de evasi\u00f3n<br \/>\no galas delirantes,<br \/>\ntorci\u00e9ndose junto a la eternidad de mi sangre<br \/>\nque prevalece<\/p>\n<p style=\"padding-left: 40px;\">como cedro ardiendo<br \/>\nen sitio fragante donde el esp\u00edritu<br \/>\nse derrama<br \/>\nhasta clarear lo oscuro.<\/p>\n<p style=\"padding-left: 40px;\">\u201c\u00a1Enc\u00e9late, Amado, porque el cielo<br \/>\nes todav\u00eda! \u00a1Pasa por la horquilla del rel\u00e1mpago<br \/>\ny atr\u00e9vete a descifrarme por entero!\u201d.<\/p>\n<p style=\"padding-left: 40px;\">Heme ah\u00ed,<br \/>\nhonrando<br \/>\nel altar del exilio, la l\u00e1mpara entre mis manos,<br \/>\nel lecho que no es ajeno a las delicias,<br \/>\nla lanzadera de mis huesos\u2026<\/p>\n<p style=\"padding-left: 40px;\">\u00a1Ah, que me encierren con los pies desnudos<br \/>\ny se abra para m\u00ed el hospicio<br \/>\no el jard\u00edn donde al final se clama!<\/p>\n<p style=\"padding-left: 40px;\">\u201cMi Amado es benevolente,<br \/>\nmi Amado me arrebata,<br \/>\nmi Amado viene para que yo siga,<br \/>\nmi Amado me remoja en los calores de la tarde,<br \/>\nmi Amado se despoja para que yo reciba\u2026<br \/>\n\u00a1Canta, oh p\u00e1jaro del Ed\u00e9n,<br \/>\ncanta sobre la colina que multiplica las visiones!\u201d.<\/p>\n<p style=\"padding-left: 40px;\">Debo ir a la Esposa,<br \/>\nfecundarla bajo el c\u00edrculo del sue\u00f1o,<br \/>\ndarle agua de m\u00e1s vida para que nada tema<br \/>\nmientras se entrega a la fuerza<br \/>\ndel designio, mientras siente el sismo<br \/>\ny huele la miel silvestre de este linaje m\u00edo<br \/>\ntan oreado por las traves\u00edas.<\/p>\n<p style=\"padding-left: 40px;\">Voy hacia ti,<br \/>\nEsposa de mi siembra y mi cosecha,<br \/>\nvoy<br \/>\nhacia el \u00e1ngulo<br \/>\nde tus genuflexiones.<\/p>\n<p style=\"padding-left: 40px;\">\u201cMi cuerpo se despierta virgen.<br \/>\nVen, Amado de las andaduras con espino.<br \/>\nVen, que te dar\u00e9 c\u00e1lidos chubascos de confidencias.<br \/>\nVen, que ya no quiero m\u00e1s calma en las aguas<br \/>\nque se me empozan\u201d.<\/p>\n<p style=\"padding-left: 40px;\">Esposa m\u00eda,<br \/>\ngacela de los sagrados bosques,<br \/>\n\u00a1No me quedo con los brazos cruzados<br \/>\ny voy hacia tu espacio<br \/>\npara el examen de pesas y medidas!<\/p>\n<p style=\"padding-left: 40px;\">\n<figure id=\"attachment_4606\" aria-describedby=\"caption-attachment-4606\" style=\"width: 530px\" class=\"wp-caption aligncenter\"><img loading=\"lazy\" decoding=\"async\" class=\" wp-image-4606\" src=\"https:\/\/tiberiades.org\/wp-content\/uploads\/2021\/03\/3-Pintura-de-Mario-Abreu-249x300.jpg\" alt=\"\" width=\"530\" height=\"639\" srcset=\"https:\/\/tiberiades.org\/wp-content\/uploads\/2021\/03\/3-Pintura-de-Mario-Abreu-249x300.jpg 249w, https:\/\/tiberiades.org\/wp-content\/uploads\/2021\/03\/3-Pintura-de-Mario-Abreu-850x1024.jpg 850w, https:\/\/tiberiades.org\/wp-content\/uploads\/2021\/03\/3-Pintura-de-Mario-Abreu-768x925.jpg 768w, https:\/\/tiberiades.org\/wp-content\/uploads\/2021\/03\/3-Pintura-de-Mario-Abreu.jpg 1000w\" sizes=\"auto, (max-width: 530px) 100vw, 530px\" \/><figcaption id=\"caption-attachment-4606\" class=\"wp-caption-text\">Pintura de Mario Abreu<\/figcaption><\/figure>\n<h3><\/h3>\n<h3 style=\"padding-left: 40px;\">Forastero<\/h3>\n<p style=\"padding-left: 40px;\">Tierras duras, \u00bfd\u00f3nde un hueco para este paria<br \/>\nque no se resiente ni a la menoscuarto? \u00bfD\u00f3nde<br \/>\nun catre roto para tiritar lento otra amanecida?<\/p>\n<p style=\"padding-left: 40px;\">\u00a1Aqu\u00ed acudo, mis murmuradores! \u00a1Aqu\u00ed perforo<br \/>\nla tela en pos de trashumancias! \u00a1Aqu\u00ed, pisando<br \/>\ncepos, trastabillo y aprieto los dientes y hambreo<br \/>\nhasta roer la piedra! \u00a1Aqu\u00ed resiembro espinas<br \/>\nque me torturar\u00e1n m\u00e1s all\u00e1 de la extremaunci\u00f3n!<\/p>\n<p style=\"padding-left: 40px;\">\u00a1S\u00ed, gentes huidizas del abrazo o del desangre,<br \/>\nvine para deambular por el hedor de la basura!<br \/>\nTierras duras, \u00a1ni baratijas traigo ni lujos pido<br \/>\nal hosco secano de vuestro coraz\u00f3n! Amados<br \/>\npr\u00f3jimos, \u00bfpor qu\u00e9 huyen de mi faz mendiga?<\/p>\n<p style=\"padding-left: 40px;\">\u00bfM\u00edas las fronteras, los visados? \u00a1Nada es m\u00edo<br \/>\nsalvo el horizonte boreal no sujeto a la muerte<br \/>\no la aguja que de continuo taladra el minutero!<\/p>\n<p style=\"padding-left: 40px;\">Tierras duras, tierras empinadas por los siglos,<br \/>\n\u00bfd\u00f3nde unos granos de trigo?, \u00bfd\u00f3nde el zumo<br \/>\nde dulce vi\u00f1a? \u00bfD\u00f3nde un colch\u00f3n de paja vieja<br \/>\npara posar mi fatiga sin brecha o mi d\u00eda cardal?<\/p>\n<p style=\"padding-left: 40px;\">\u00a1Creo en el man\u00e1 que veo en la mano del Amor!<\/p>\n<p style=\"padding-left: 40px;\">\n<figure id=\"attachment_4607\" aria-describedby=\"caption-attachment-4607\" style=\"width: 477px\" class=\"wp-caption aligncenter\"><img loading=\"lazy\" decoding=\"async\" class=\" wp-image-4607\" src=\"https:\/\/tiberiades.org\/wp-content\/uploads\/2021\/03\/4-Pintura-de-Mario-Abreu-223x300.jpg\" alt=\"\" width=\"477\" height=\"642\" srcset=\"https:\/\/tiberiades.org\/wp-content\/uploads\/2021\/03\/4-Pintura-de-Mario-Abreu-223x300.jpg 223w, https:\/\/tiberiades.org\/wp-content\/uploads\/2021\/03\/4-Pintura-de-Mario-Abreu.jpg 518w\" sizes=\"auto, (max-width: 477px) 100vw, 477px\" \/><figcaption id=\"caption-attachment-4607\" class=\"wp-caption-text\">Pintura de Mario Abreu<\/figcaption><\/figure>\n<h3><\/h3>\n<h3 style=\"padding-left: 40px;\">Vamos a recoger los escombros<\/h3>\n<p style=\"padding-left: 40px;\">Vamos a recoger los escombros<br \/>\ny ver qu\u00e9 se puede hacer con lo que ha quedado.<\/p>\n<p style=\"padding-left: 40px;\">Los d\u00edas ca\u00eddos, las horas sombr\u00edas,<br \/>\nlos minutos que, mes a mes, tanto se hicieron notar:<br \/>\nescarbemos todo ese tiempo<br \/>\nque trajo su propio pavor mientras pasaba;<br \/>\nlimpiemos las viejas llaves del coraz\u00f3n;<br \/>\ndesenterremos los c\u00e1nticos<br \/>\nque quedaron debajo de las bocas turbadas;<br \/>\nsaludemos de nuevo a quienes<br \/>\nse apartaban al vernos\u2026<\/p>\n<p style=\"padding-left: 40px;\">Tenemos el fervor para seguir,<br \/>\nuna linterna alumbrando nuestros pasos,<br \/>\naunque las ambulancias sigan<br \/>\nsu tr\u00e1nsito fren\u00e9tico y todav\u00eda pocas parejas<br \/>\nse tomen las manos cuando el crep\u00fasculo.<\/p>\n<p style=\"padding-left: 40px;\">Nada de algarab\u00edas: s\u00f3lo muestras de humildad<br \/>\npara que el \u00e1rbol del miedo<br \/>\nno siga floreciendo, para que el amor<br \/>\nvaya dejando sus marcas secretas,<br \/>\npara que la poderosa realidad<br \/>\nse abstenga de elogiar a los veleidosos\u2026<\/p>\n<p style=\"padding-left: 40px;\">Vamos a recoger los escombros<br \/>\ny ver qu\u00e9 se puede hacer con lo que ha quedado.<\/p>\n<p><img loading=\"lazy\" decoding=\"async\" class=\"aligncenter wp-image-4598 size-large\" src=\"https:\/\/tiberiades.org\/wp-content\/uploads\/2021\/03\/7-1024x1024.jpg\" alt=\"\" width=\"640\" height=\"640\" srcset=\"https:\/\/tiberiades.org\/wp-content\/uploads\/2021\/03\/7-1024x1024.jpg 1024w, https:\/\/tiberiades.org\/wp-content\/uploads\/2021\/03\/7-300x300.jpg 300w, https:\/\/tiberiades.org\/wp-content\/uploads\/2021\/03\/7-150x150.jpg 150w, https:\/\/tiberiades.org\/wp-content\/uploads\/2021\/03\/7-768x768.jpg 768w, https:\/\/tiberiades.org\/wp-content\/uploads\/2021\/03\/7-400x400.jpg 400w, https:\/\/tiberiades.org\/wp-content\/uploads\/2021\/03\/7.jpg 1200w\" sizes=\"auto, (max-width: 640px) 100vw, 640px\" \/><\/p>\n<p style=\"padding-left: 40px;\">\n","protected":false},"excerpt":{"rendered":"<p>Tiber\u00edades agradece al poeta peruano-salmantino por permitirnos difundir los cuatro poemas que ley\u00f3 el s\u00e1bado 27 de febrero, durante el VIII Festival Primavera Po\u00e9tica, celebrado en Lima bajo la direcci\u00f3n de Harold Alva. En dicha lectura, Alencart acompa\u00f1\u00f3 a Cecilia Qu\u00edlez (Espa\u00f1a), Dafne Meezs (Chile), Enrique Solinas (Argentina) y Estefan\u00eda Cabello (Espa\u00f1a). Las pinturas son del notable artista venezolano Mario [&hellip;]<\/p>\n","protected":false},"author":2,"featured_media":4604,"comment_status":"open","ping_status":"closed","sticky":false,"template":"","format":"standard","meta":{"footnotes":""},"categories":[175],"tags":[353,352],"class_list":["post-4610","post","type-post","status-publish","format-standard","has-post-thumbnail","hentry","category-alfredo-p-alencart","tag-fip","tag-lima"],"_links":{"self":[{"href":"https:\/\/tiberiades.org\/index.php?rest_route=\/wp\/v2\/posts\/4610","targetHints":{"allow":["GET"]}}],"collection":[{"href":"https:\/\/tiberiades.org\/index.php?rest_route=\/wp\/v2\/posts"}],"about":[{"href":"https:\/\/tiberiades.org\/index.php?rest_route=\/wp\/v2\/types\/post"}],"author":[{"embeddable":true,"href":"https:\/\/tiberiades.org\/index.php?rest_route=\/wp\/v2\/users\/2"}],"replies":[{"embeddable":true,"href":"https:\/\/tiberiades.org\/index.php?rest_route=%2Fwp%2Fv2%2Fcomments&post=4610"}],"version-history":[{"count":3,"href":"https:\/\/tiberiades.org\/index.php?rest_route=\/wp\/v2\/posts\/4610\/revisions"}],"predecessor-version":[{"id":4613,"href":"https:\/\/tiberiades.org\/index.php?rest_route=\/wp\/v2\/posts\/4610\/revisions\/4613"}],"wp:featuredmedia":[{"embeddable":true,"href":"https:\/\/tiberiades.org\/index.php?rest_route=\/wp\/v2\/media\/4604"}],"wp:attachment":[{"href":"https:\/\/tiberiades.org\/index.php?rest_route=%2Fwp%2Fv2%2Fmedia&parent=4610"}],"wp:term":[{"taxonomy":"category","embeddable":true,"href":"https:\/\/tiberiades.org\/index.php?rest_route=%2Fwp%2Fv2%2Fcategories&post=4610"},{"taxonomy":"post_tag","embeddable":true,"href":"https:\/\/tiberiades.org\/index.php?rest_route=%2Fwp%2Fv2%2Ftags&post=4610"}],"curies":[{"name":"wp","href":"https:\/\/api.w.org\/{rel}","templated":true}]}}