{"id":4905,"date":"2021-04-16T09:23:30","date_gmt":"2021-04-16T07:23:30","guid":{"rendered":"http:\/\/tiberiades.org\/?p=4905"},"modified":"2021-04-23T11:16:20","modified_gmt":"2021-04-23T09:16:20","slug":"victor-ilich-la-forma-de-nuestro-corazon-shape-of-my-heart","status":"publish","type":"post","link":"https:\/\/tiberiades.org\/?p=4905","title":{"rendered":"La forma de nuestro coraz\u00f3n (shape of my heart)"},"content":{"rendered":"<p>&nbsp;<\/p>\n<p>\u00ad\u2014Papi, hagamos un trato \u2014fue lo que le dijo su hijo.<\/p>\n<p>\u2014Perfecto \u2014respondi\u00f3 el pap\u00e1\u2014. Me gustan los tratos, \u00bfqu\u00e9 gano yo?<\/p>\n<p>El hijo mir\u00f3 a su pap\u00e1 como no entendiendo su respuesta. Volvi\u00f3 a decir el adulto:<\/p>\n<p>\u2014\u00bfQu\u00e9 me das a cambio de lo que me ofreces?<\/p>\n<p>El ni\u00f1o, sin titubear, contest\u00f3:<\/p>\n<p>\u2014Te puedo dar las gracias.<\/p>\n<p>\u00a1Qu\u00e9 inocente!, pens\u00e9. As\u00ed puede ser el coraz\u00f3n de un ni\u00f1o agradecido.<\/p>\n<p>Esto me hizo pensar en la forma de nuestro coraz\u00f3n, usted sabe c\u00f3mo son las sinapsis, no tan caprichosas como uno cree. Y record\u00e9 la canci\u00f3n <em>Shape of my heart<\/em>, de Sting, y parte de su letra, en la que se habla de la geometr\u00eda sagrada de las oportunidades y la ley oculta de una probabilidad. Para m\u00ed fue sorprendente advertir que hace unos d\u00edas, en medio de disquisiciones sobre el coraz\u00f3n, un amigo que es buen lector y nada religioso me coment\u00f3 que estaba leyendo los salmos. Cultura general o necesidad, pens\u00e9, entre otras cosas. Y record\u00e9 los <em>Salmos<\/em>, de Ernesto Cardenal. Y como las coincidencias est\u00e1n en el reino de las probabilidades, puse atenci\u00f3n a la ley oculta y escudri\u00f1\u00e9 en medio de alg\u00fan salmo olvidado que pudiese ayudar con las reflexiones acerca del coraz\u00f3n. Este fue el que hall\u00e9: Salmo 51.<\/p>\n<p>Hubo, al menos, dos frases pertinentes sobre el tema atribuidas al rey David que llamaron mi atenci\u00f3n: la primera da cuenta de crear un coraz\u00f3n limpio. Eso es lo que pide. Un nuevo coraz\u00f3n, lo que equivale a nacer de nuevo. La segunda enfatiza la actitud aconsejable que impide el rechazo: un coraz\u00f3n humilde, no altivo y arrepentido, es decir, dispuesto a cambiar.<\/p>\n<figure id=\"attachment_4904\" aria-describedby=\"caption-attachment-4904\" style=\"width: 640px\" class=\"wp-caption aligncenter\"><img loading=\"lazy\" decoding=\"async\" class=\"size-large wp-image-4904\" src=\"https:\/\/tiberiades.org\/wp-content\/uploads\/2021\/04\/2-El-rey-David-Maestro-de-Becerril-posiblemente-natural-de-Palencia-1520-954x1024.jpg\" alt=\"\" width=\"640\" height=\"687\" srcset=\"https:\/\/tiberiades.org\/wp-content\/uploads\/2021\/04\/2-El-rey-David-Maestro-de-Becerril-posiblemente-natural-de-Palencia-1520-954x1024.jpg 954w, https:\/\/tiberiades.org\/wp-content\/uploads\/2021\/04\/2-El-rey-David-Maestro-de-Becerril-posiblemente-natural-de-Palencia-1520-280x300.jpg 280w, https:\/\/tiberiades.org\/wp-content\/uploads\/2021\/04\/2-El-rey-David-Maestro-de-Becerril-posiblemente-natural-de-Palencia-1520-768x824.jpg 768w, https:\/\/tiberiades.org\/wp-content\/uploads\/2021\/04\/2-El-rey-David-Maestro-de-Becerril-posiblemente-natural-de-Palencia-1520-1431x1536.jpg 1431w, https:\/\/tiberiades.org\/wp-content\/uploads\/2021\/04\/2-El-rey-David-Maestro-de-Becerril-posiblemente-natural-de-Palencia-1520.jpg 1789w\" sizes=\"auto, (max-width: 640px) 100vw, 640px\" \/><figcaption id=\"caption-attachment-4904\" class=\"wp-caption-text\">El rey David, Maestro de Becerril (posiblemente natural de Palencia, 1520)<\/figcaption><\/figure>\n<p>Esas frases impl\u00edcitamente nos pueden exponer a una realidad verificable: tenemos que lidiar con quienes somos. David, al parecer, lo supo, basta leer el salmo aludido para confirmarlo. Y parte de lo que somos es el resultado de lo que nuestros padres sembraron o dejaron de sembrar en nosotros: maleza \u2014no es posible descartar en forma inequ\u00edvoca, derechamente, la ciza\u00f1a\u2014 o trigo. Es imposible cambiar el pasado, trate de volver a ayer, si lo duda. No obstante, atender a lo inevitable y lapidario del tiempo, y lo que se hace o deja de hacer con \u00e9l, no es una observaci\u00f3n pesimista, sino responsable. En otras palabras, somos responsables de lo que sembramos o dejamos de sembrar en nosotros y, en su caso, en nuestros hijos. As\u00ed tambi\u00e9n son responsables nuestros padres de lo que hicieron o dejaron de hacer. No es un reproche, es una realidad. Es absurdo enojarnos por no poder volar o porque las cebollas al ser picadas nos hagan llorar.<\/p>\n<p>Es as\u00ed como quien comienza el camino de la paternidad o maternidad nunca se podr\u00e1 desligar de esta otra verdad observable: la mayor\u00eda de edad no anula, neutraliza o desvirt\u00faa lo sembrado. Las semillas no desaparecen por mandato legal o por arte de magia. Los pensamientos que alimentaron en nosotros, ya sea conscientes o no \u2014o los que dejaron o dejamos que crecieran, estando errados o siendo abiertamente da\u00f1inos\u2014, son tan reales como el invisible aire que respiramos. Entonces, es pertinente esta pregunta: \u00bfes posible hacer morir esas semillas o sofocar su crecimiento? \u00bfEs posible tener un nuevo coraz\u00f3n?<\/p>\n<p>Aqu\u00ed cobra relevancia David, ya que sostienen algunos que es imposible cualquier cambio sostenible en el tiempo (de por vida) sin ese toque sagrado de las oportunidades.<\/p>\n<p>Otros sostienen que, cual c\u00f3digo binario, el coraz\u00f3n no est\u00e1 vac\u00edo. Nunca lo estuvo, no importa el nivel de compromiso parental o abandono\u2026 frente a esa declaraci\u00f3n del rey David que afirma su culpa desde su propio nacimiento. Una locura y aberraci\u00f3n para el derecho penal actual.<\/p>\n<p>No obstante lo anterior, si entendemos al coraz\u00f3n como el almac\u00e9n de nuestras emociones, no es de extra\u00f1ar que all\u00ed se albergue el invernadero del amor o el psiqui\u00e1trico del miedo. El ritmo cardiaco es coherente con la adrenalina del amor y con la rapidez de quien huye. La vida tiene sus ritmos, el coraz\u00f3n tambi\u00e9n. \u00bfAlguien duda del <em>Venom<\/em> que llevamos dentro? La arritmia y el paro cardiaco nos recuerdan forzadamente sobre la humildad de coraz\u00f3n.<\/p>\n<p><img loading=\"lazy\" decoding=\"async\" class=\"aligncenter size-large wp-image-4903\" src=\"https:\/\/tiberiades.org\/wp-content\/uploads\/2021\/04\/3-1-863x1024.jpg\" alt=\"\" width=\"640\" height=\"759\" srcset=\"https:\/\/tiberiades.org\/wp-content\/uploads\/2021\/04\/3-1-863x1024.jpg 863w, https:\/\/tiberiades.org\/wp-content\/uploads\/2021\/04\/3-1-253x300.jpg 253w, https:\/\/tiberiades.org\/wp-content\/uploads\/2021\/04\/3-1-768x912.jpg 768w, https:\/\/tiberiades.org\/wp-content\/uploads\/2021\/04\/3-1.jpg 1011w\" sizes=\"auto, (max-width: 640px) 100vw, 640px\" \/><\/p>\n<p>En cuanto al coraz\u00f3n arrepentido, algo de eso tambi\u00e9n hay en la pel\u00edcula francesa <em>El perfecto asesino (1994)<\/em>, de Luc Besson, donde la forma de nuestro coraz\u00f3n otra vez se devela y la canci\u00f3n de Sting, al final del film, podr\u00eda cerrar el c\u00edrculo de su sentido.<\/p>\n<p>Ya no hay misterios ocultos, alegan los optimistas, hay olvido y desconocimiento, por eso el sinsabor de los errores que persisten. La ley de las probabilidades sigue dando oportunidades para descubrir, aparentemente, lo accesible y manifiesto.<\/p>\n<p>Y frente a una nueva oportunidad, puede nacer un coraz\u00f3n agradecido. Un riesgo interesante de afrontar. En el mejor de los casos, puede resultar en un muy buen trato para todo aquel que en el juego de la vida ha perdido m\u00e1s de una vez.<\/p>\n<p>&nbsp;<\/p>\n<p><img loading=\"lazy\" decoding=\"async\" class=\"aligncenter  wp-image-4902\" src=\"https:\/\/tiberiades.org\/wp-content\/uploads\/2021\/04\/4.jpeg\" alt=\"\" width=\"641\" height=\"428\" srcset=\"https:\/\/tiberiades.org\/wp-content\/uploads\/2021\/04\/4.jpeg 1024w, https:\/\/tiberiades.org\/wp-content\/uploads\/2021\/04\/4-300x200.jpeg 300w, https:\/\/tiberiades.org\/wp-content\/uploads\/2021\/04\/4-768x513.jpeg 768w, https:\/\/tiberiades.org\/wp-content\/uploads\/2021\/04\/4-272x182.jpeg 272w\" sizes=\"auto, (max-width: 641px) 100vw, 641px\" \/><\/p>\n<p>&nbsp;<\/p>\n<p><em>V\u00edctor Ilich naci\u00f3 en Santiago de Chile en 1978. Egresado del Instituto Nacional y de la Escuela de Derecho de la Universidad Finis Terrae, en la cual estudi\u00f3 becado. Abogado y juez de garant\u00eda en la Regi\u00f3n de O\u2019Higgins. Autor de m\u00e1s de una docena de obras literarias. Algunas de ellas han sido prologadas y comentadas por destacados acad\u00e9micos, escritores y cr\u00edticos como Hugo Zepeda Coll, Thomas Harris, Andr\u00e9s Morales, Alfredo Lewin y Juan Mihovilovich.<\/em><\/p>\n<p><em>Entre sus obras se puede citar Infrarrojo, poemario presentado por el acad\u00e9mico, escritor, poeta y miembro de la Academia Chilena de la Lengua, Juan Antonio Massone del Campo, quien le ha antologado; R\u00e9quiem para un hombre vivo, poemario dedicado al poeta Juan Guzm\u00e1n Cruchaga (presentado por el ministro de la Corte Suprema y escritor Carlos Ar\u00e1nguiz Z\u00fa\u00f1iga y el ex ministro de la Corte de Apelaciones de Santiago, Juan Guzm\u00e1n Tapia); La insurrecci\u00f3n de la palabra; Arte de un ocaso vital;\u00a0 Baladas de un ruise\u00f1or (poemario er\u00f3tico rom\u00e1ntico); Drag\u00f3n, escorpiones y palomas; Hojas de t\u00e9; La letra mata (un texto que resucita la palabra); El silencio de los jueces, un texto para sazonar el coraz\u00f3n, prologado, en su primera edici\u00f3n, entre otros, por Sergio Mu\u00f1oz Gajardo, quien fuese presidente de la Excelent\u00edsima Corte Suprema de Justicia (2014-2015); Disparates, poemario relativo a la libertad de expresi\u00f3n y los prejuicios (2016); Cada d\u00eda tiene su af\u00e1n (2017), que procura motivar en la lucha del c\u00e1ncer, presentado por Haroldo Brito Cruz, quien tambi\u00e9n fue presidente del m\u00e1ximo tribunal del pa\u00eds, con ocasi\u00f3n de la celebraci\u00f3n del D\u00eda Internacional del Libro.<\/em><\/p>\n<p><em>Y, adem\u00e1s, ha lanzado el poemario titulado Toma de raz\u00f3n, en coautor\u00eda con Roberto Contreras Olivares, poeta y ministro de la Corte de Apelaciones de San Miguel, presentado en Hanga Roa, Isla de Pascua, en agosto de 2017. En abril de 2018 junto a otros tres jueces penales public\u00f3 el libro Duda, texto fruto del taller literario que imparti\u00f3, el cual luego de terminar denomin\u00f3 \u201cNi tan exacto ni tan literal\u201d. Tambi\u00e9n, en octubre de 2019, en pleno estallido social en Chile, p\u00fablico Venga tu reino, poemario prologado por Felipe Berr\u00edos, S.J. y Alfredo P\u00e9rez Alencart, poeta y docente de la Universidad de Salamanca.<\/em><\/p>\n<p><em>Por \u00faltimo, en marzo de este a\u00f1o 2020, public\u00f3 el libro Al derecho y al rev\u00e9s, que recopila las columnas de opini\u00f3n y cr\u00edtica literaria escritas bajo el alero del diario El Heraldo de Linares, quien patrocin\u00f3 su cuidada edici\u00f3n. Libro prologado por Lamberto Cisternas Rocha, quien fuese vocero de la Corte Suprema.<\/em><\/p>\n<p><em>Ilich forma parte de Tiber\u00edades, Red Iberoamericana de Poetas y Cr\u00edticos Literarios Cristianos<\/em><\/p>\n<p><em>\u00a0<\/em><\/p>\n<p>Imagen de cabecera: Composici\u00f3n de Mat\u00edas Gonz\u00e1lez Pereira<\/p>\n","protected":false},"excerpt":{"rendered":"<p>&nbsp; \u00ad\u2014Papi, hagamos un trato \u2014fue lo que le dijo su hijo. \u2014Perfecto \u2014respondi\u00f3 el pap\u00e1\u2014. Me gustan los tratos, \u00bfqu\u00e9 gano yo? El hijo mir\u00f3 a su pap\u00e1 como no entendiendo su respuesta. Volvi\u00f3 a decir el adulto: \u2014\u00bfQu\u00e9 me das a cambio de lo que me ofreces? El ni\u00f1o, sin titubear, contest\u00f3: \u2014Te puedo dar las gracias. \u00a1Qu\u00e9 [&hellip;]<\/p>\n","protected":false},"author":2,"featured_media":4901,"comment_status":"open","ping_status":"closed","sticky":false,"template":"","format":"standard","meta":{"footnotes":""},"categories":[93],"tags":[106],"class_list":["post-4905","post","type-post","status-publish","format-standard","has-post-thumbnail","hentry","category-victor-ilich","tag-victor-ilich"],"_links":{"self":[{"href":"https:\/\/tiberiades.org\/index.php?rest_route=\/wp\/v2\/posts\/4905","targetHints":{"allow":["GET"]}}],"collection":[{"href":"https:\/\/tiberiades.org\/index.php?rest_route=\/wp\/v2\/posts"}],"about":[{"href":"https:\/\/tiberiades.org\/index.php?rest_route=\/wp\/v2\/types\/post"}],"author":[{"embeddable":true,"href":"https:\/\/tiberiades.org\/index.php?rest_route=\/wp\/v2\/users\/2"}],"replies":[{"embeddable":true,"href":"https:\/\/tiberiades.org\/index.php?rest_route=%2Fwp%2Fv2%2Fcomments&post=4905"}],"version-history":[{"count":2,"href":"https:\/\/tiberiades.org\/index.php?rest_route=\/wp\/v2\/posts\/4905\/revisions"}],"predecessor-version":[{"id":4922,"href":"https:\/\/tiberiades.org\/index.php?rest_route=\/wp\/v2\/posts\/4905\/revisions\/4922"}],"wp:featuredmedia":[{"embeddable":true,"href":"https:\/\/tiberiades.org\/index.php?rest_route=\/wp\/v2\/media\/4901"}],"wp:attachment":[{"href":"https:\/\/tiberiades.org\/index.php?rest_route=%2Fwp%2Fv2%2Fmedia&parent=4905"}],"wp:term":[{"taxonomy":"category","embeddable":true,"href":"https:\/\/tiberiades.org\/index.php?rest_route=%2Fwp%2Fv2%2Fcategories&post=4905"},{"taxonomy":"post_tag","embeddable":true,"href":"https:\/\/tiberiades.org\/index.php?rest_route=%2Fwp%2Fv2%2Ftags&post=4905"}],"curies":[{"name":"wp","href":"https:\/\/api.w.org\/{rel}","templated":true}]}}