{"id":5008,"date":"2021-05-18T21:19:58","date_gmt":"2021-05-18T19:19:58","guid":{"rendered":"https:\/\/tiberiades.org\/?p=5008"},"modified":"2021-05-24T14:20:26","modified_gmt":"2021-05-24T12:20:26","slug":"victor-ilich-incendio-controlado-momentaneamente-ni-puno-ni-letra-muerta","status":"publish","type":"post","link":"https:\/\/tiberiades.org\/?p=5008","title":{"rendered":"\u2018Incendio controlado moment\u00e1neamente\u2019: ni pu\u00f1o ni letra muerta"},"content":{"rendered":"<p>Hace unos d\u00edas le\u00ed uno de los 200 ejemplares del libro de Marcelo Uribe L\u00b4Amour <em>Incendio Controlado Moment\u00e1neamente.<\/em> Un libro con una propuesta aparentemente sencilla de entender, pero no tan f\u00e1cil de ejercitar: practicar el di\u00e1logo fruct\u00edfero en tiempos de crisis, aquel que se sustenta en pensar y actuar en beneficio de otros como criterio rector y prioridad personal. Lo que demostr\u00f3 mediante esta edici\u00f3n no comercial \u2014no todo es compraventa\u2014, cual testimonio de generosidad. Y aunque es cierto que tambi\u00e9n existen en la vida di\u00e1logos est\u00e9riles, aquellos que se realizan escuch\u00e1ndose a s\u00ed mismo, lo que propone Uribe en este ejercicio literario entra\u00f1a la invitaci\u00f3n a: redescubrir el fuego de dar y darse por los dem\u00e1s. Suena f\u00e1cil, pero no lo es. Desconozco si esto \u00faltimo fue deliberado o no, pero su llamado no me dej\u00f3 indiferente. Comprender\u00e1 que no podr\u00e9 recomendar la lectura de este libro, ya que no est\u00e1 disponible, pero s\u00ed puedo destacar aquel gesto, que dice algo m\u00e1s all\u00e1 de la frontera de lo literario.<\/p>\n<p>Aquello me hizo recordar a los que sostienen que escriben solo para ellos mismos. Siempre me ha llamado la atenci\u00f3n esa afirmaci\u00f3n. Puede ser una posibilidad, por qu\u00e9 no. El punto est\u00e1 en que si una persona se determin\u00f3 a editar y publicar lo que escribi\u00f3, ese texto, sea cual sea, sale de la esfera \u00edntima y personal a la p\u00fablica, para darse a conocer y exponerse al mundo. Por ende, mantener esa aseveraci\u00f3n adolece de cierta imprecisi\u00f3n y entra\u00f1a una contradicci\u00f3n: \u00bfse sigue escribiendo para uno sin considerar al lector una vez publicado un libro? Es posible interpretar esto como algo desconsiderado o s\u00edntoma de la ceguera a la que alude Uribe L\u00b4Amour en uno de sus textos. Que no citar\u00e9 para no alimentar la curiosidad\u2026 otra especie de fuego.<\/p>\n<p>Siguiendo este orden de ideas, no es posible soslayar que tambi\u00e9n existen los que indican que es pr\u00e1cticamente un axioma afirmar: siempre se escribe para otro, \u00bfo acaso no existe el di\u00e1logo interno con uno mismo? Ya que a\u00fan en el evento de escribir para s\u00ed mismo, nunca se es tal. No somos los mismos de hace un a\u00f1o. Algo de seguro ha cambiado. Para bien o para mal. Pueden pasar meses o a\u00f1os para volver a enfrentar textos \u00edntimos e in\u00e9ditos, pero a\u00fan as\u00ed el que lee es otro, distinto en algo al que lo escribi\u00f3. Entonces, no pretendamos encender un fuego sin hacernos cargo de haber provocado un incendio, aunque sea moment\u00e1neo o por curiosear.<\/p>\n<p>Uribe escribe utilizando diferentes registros en este poemario \u00edntimo. Se aprecian ejercicios de una voz prof\u00e9tica (po\u00e9ticamente hablando, no es balad\u00ed la aclaraci\u00f3n en tiempos de falsos profetas en m\u00faltiples materias) que sigue algo la senda del <em>Cristo de Elqui<\/em>, pero sin la ret\u00f3rica parreana, ni seudomesi\u00e1nica del personaje aludido\u2026 hasta abrazar el sentido com\u00fan, los conocimientos cient\u00edficamente afianzados y las m\u00e1ximas de la experiencia, mas sin olvidar el lenguaje popular ni evitar algunos coqueteos de galimat\u00edas (palabra por s\u00ed misma dif\u00edcil de desentra\u00f1ar <em>a priori<\/em> sin ayuda de un diccionario, lo motivo a buscarla), quiz\u00e1s para convocar a los dif\u00edciles en darse a entender, como los que dicen incluso escribir para otros, pero que en lo concreto excluyen un importante factor: la claridad.<\/p>\n<p>Dicen que la lengua se jacta de muchas cosas, tanto de las que oculta como de las que disfraza, en realidad, y pareciera que en el mejor de los casos la escritura ayuda como un tamiz para contrarrestar tal arrogancia. Es as\u00ed que cuando se nos invita a leer (como ocurri\u00f3 al obsequi\u00e1rseme el libro aludido), en la pr\u00e1ctica, es un est\u00edmulo en principio a dialogar con las ideas de otros y de nosotros mismos, y as\u00ed reflexionar, ya sea para reafirmar, dubitar, rebatir o, en lo m\u00e1s extremo del abanico de posibilidades, abandonar nuestras creencias, examinando los frutos de nuestros labios, los rastros de nuestros pasos o los residuos de nuestros fuegos.<\/p>\n<p><img loading=\"lazy\" decoding=\"async\" class=\"aligncenter size-large wp-image-5005\" src=\"https:\/\/tiberiades.org\/wp-content\/uploads\/2021\/05\/2-2-633x1024.jpg\" alt=\"\" width=\"633\" height=\"1024\" srcset=\"https:\/\/tiberiades.org\/wp-content\/uploads\/2021\/05\/2-2-633x1024.jpg 633w, https:\/\/tiberiades.org\/wp-content\/uploads\/2021\/05\/2-2-185x300.jpg 185w, https:\/\/tiberiades.org\/wp-content\/uploads\/2021\/05\/2-2-768x1243.jpg 768w, https:\/\/tiberiades.org\/wp-content\/uploads\/2021\/05\/2-2-949x1536.jpg 949w, https:\/\/tiberiades.org\/wp-content\/uploads\/2021\/05\/2-2-1266x2048.jpg 1266w, https:\/\/tiberiades.org\/wp-content\/uploads\/2021\/05\/2-2.jpg 1467w\" sizes=\"auto, (max-width: 633px) 100vw, 633px\" \/><\/p>\n<p>Es as\u00ed como este texto impl\u00edcitamente desconf\u00eda de los relatos \u00fanicos e incendiarios como explicaci\u00f3n a cualquier an\u00e1lisis cr\u00edtico. Por algo las diferentes voces para aproximarse a la crisis personal, matrimonial y social, que funcionan como una herramienta indispensable para examinar dichos fen\u00f3menos en tiempos convulsionados y confusos, en los que se percibe cierto af\u00e1n por monologizar y monopolizar cualquier debate.<\/p>\n<p>No es exagerado, entonces, decir que es un llamado a desconfiar de cualquiera que se autoproclame. Cualquiera que sea el t\u00edtulo, el color, la anchura o la profundidad de sus palabras, sin evidencias demostrables de los frutos de su lenguaje. Desde el defensor de la libertad, pero que impide sin prohibiciones expl\u00edcitas la manifestaci\u00f3n de la opini\u00f3n de los dem\u00e1s \u2014como por ejemplo al escudarse en citar el recurso de la opini\u00f3n mayoritaria y otras falacias de naturaleza argumental\u2014 hasta el que ridiculiza cualquier cosa con cierto aire de superioridad.<\/p>\n<p>Y si la lengua es capaz de iniciar un gran fuego, en esta ocasi\u00f3n la escritura de Uribe trata de controlar, aunque sea moment\u00e1neamente, esos alcances, poniendo cerco a sus reflexiones en forma de libro, quiz\u00e1s a fin de evitar explotar y provocar un descontrolado incendio. Una pr\u00e1ctica nada despreciable, en estos tiempos violentos, si de llamar a la acci\u00f3n se trata.<\/p>\n<p>A prop\u00f3sito del ejemplar que recib\u00ed, todos numerados y firmados por su autor, el que le\u00ed fue el n\u00famero 73, un n\u00famero que sigue pesando hasta el d\u00eda de hoy sobre nuestra historia, cualquiera que sea la balanza que se use. Y como no creo en las supersticiones ni en las casualidades, me puse a escribir esta <em>antirrese\u00f1a<\/em> pensando en Marcelo y las paradojas, en usted y en la necesidad de controlar la lengua una vez m\u00e1s.<\/p>\n<p>Y en no menospreciar los tirajes peque\u00f1os ni los comienzos humildes de las semillas, como tampoco desatender los fuegos aparentemente aislados en el desierto, capaces de provocar otros tipos de incendio.<\/p>\n<p>L\u00b4Amour esta vez hizo honor a su apellido y comparti\u00f3 de su fuego. Ojal\u00e1 se propague por gracia hasta agotar stock y se anime a encender otra edici\u00f3n, ya no por amor al pr\u00f3jimo, sino por el que est\u00e1 m\u00e1s all\u00e1.<\/p>\n<p><em>\u00a0<\/em><\/p>\n<p><em>V\u00edctor Ilich nacio\u0301 en Santiago de Chile en 1978. Egresado del Instituto Nacional y de la Escuela de Derecho de la Universidad Finis Terrae, en la cual estudio\u0301 becado. Abogado y juez de garanti\u0301a en la Regio\u0301n de O\u2019Higgins. Autor de ma\u0301s de una docena de obras literarias. Algunas de ellas han sido prologadas y comentadas por destacados acade\u0301micos, escritores y cri\u0301ticos como Hugo Zepeda Coll, Thomas Harris, Andre\u0301s Morales, Alfredo Lewin, Juan Mihovilovich y Marcos Buvinic. <\/em><\/p>\n<p><em>Entre sus obras se puede citar Infrarrojo, poemario presentado por el acade\u0301mico, escritor, poeta y miembro de la Academia Chilena de la Lengua, Juan Antonio Massone del Campo, quien le ha antologado; Re\u0301quiem para un hombre vivo, poemario dedicado al poeta Juan Guzma\u0301n Cruchaga (presentado por el ministro de la Corte Suprema y escritor Carlos Ara\u0301nguiz Zu\u0301n\u0303iga y el ex ministro de la Corte de Apelaciones de Santiago, Juan Guzma\u0301n Tapia); La insurreccio\u0301n de la palabra; Arte de un ocaso vital; Baladas de un ruisen\u0303or (poemario ero\u0301tico roma\u0301ntico); Drago\u0301n, escorpiones y palomas; Hojas de te\u0301; La letra mata (un texto que resucita la palabra); El silencio de los jueces, un texto para sazonar el corazo\u0301n, prologado, en su primera edicio\u0301n, entre otros, por Sergio Mun\u0303oz Gajardo, quien fuese presidente de la Excelenti\u0301sima Corte Suprema de Justicia (2014-2015); Disparates, poemario relativo a la libertad de expresio\u0301n y los prejuicios (2016); Cada di\u0301a tiene su afa\u0301n (2017), que procura motivar en la lucha del ca\u0301ncer, presentado por Haroldo Brito Cruz, quien tambie\u0301n fue presidente del ma\u0301ximo tribunal del pai\u0301s, con ocasio\u0301n de la celebracio\u0301n del Di\u0301a Internacional del Libro. <\/em><\/p>\n<p><em>Y, adema\u0301s, ha lanzado el poemario titulado Toma de razo\u0301n, en coautori\u0301a con Roberto Contreras Olivares, poeta y ministro de la Corte de Apelaciones de San Miguel, presentado en Hanga Roa, Isla de Pascua, en agosto de 2017. En abril de 2018 junto a otros tres jueces penales publico\u0301 el libro Duda, texto fruto del taller literario que impartio\u0301, el cual luego de terminar denomino\u0301 \u2015Ni tan exacto ni tan literal\u2016. Tambie\u0301n, en octubre de 2019, en pleno estallido social en Chile, pu\u0301blico Venga tu reino, poemario prologado por Felipe Berri\u0301os, S.J. y Alfredo Pe\u0301rez Alencart, poeta y docente de la Universidad de Salamanca. <\/em><\/p>\n<p><em>En marzo de 2020, publico\u0301 el libro Al derecho y al reve\u0301s, que recopila las columnas de opinio\u0301n y cri\u0301tica literaria escritas bajo el alero del diario El Heraldo de Linares, quien patrocino\u0301 su cuidada edicio\u0301n. Libro prologado por Lamberto Cisternas Rocha, quien fuese vocero de la Corte Suprema. <\/em><\/p>\n<p><em>En octubre de 2020 fue uno de los galardonados en el concurso literario Cuentos y Relatos en Pandemia de la Asociacio\u0301n Nacional de Magistradas y Magistrados del Poder Judicial de Chile con su relato La billetera de He\u0301ctor. Y en diciembre del mismo a\u00f1o, public\u00f3 junto al psic\u00f3logo cl\u00ednico, escritor y editor Luis Cruz Villalobos, el poemario A la otra orilla. Este \u00faltimo texto basado en los doce pasos de alcoh\u00f3licos an\u00f3nimos. <\/em><\/p>\n<p><em>En marzo de 2021 public\u00f3 bajo el sello Independently Poetry, el poemario Ridiculum Vitae, escrito en coautor\u00eda junto a Fidel Am\u00e9stica y Marcelo Uribe L\u00b4Amour. <\/em><\/p>\n<p><em>Actualmente, Ilich colabora con sus columnas de opini\u00f3n en el diario digital Cine y Literatura.<\/em><\/p>\n<p><em>\u00a0<\/em><\/p>\n<p><em>Marcelo Uribe L\u00b4amour (Santiago de Chile, 1981). Ex alumno del Instituto Nacional. Magister en pr\u00e1cticas art\u00edsticas contempor\u00e1neas de la Universidad Finis Terrae y acad\u00e9mico en dicha casa de estudio. En el a\u00f1o 2004 fue becario de la Fundaci\u00f3n Pablo Neruda, participando de su taller de poes\u00eda. <\/em><\/p>\n<p><em>Ha publicado Mirar la obra consu(a)mada y Estar en alguien, este \u00faltimo texto bajo el alero de editorial RIL. \u00a0Adem\u00e1s, ha colaborado con distintos escritores en el \u00e1mbito de su especialidad: el dise\u00f1o editorial.<\/em><\/p>\n<p>Imagen de cabecera: Marcelo Uribe L&#8217;Amour y Victor Ilich<\/p>\n","protected":false},"excerpt":{"rendered":"<p>Hace unos d\u00edas le\u00ed uno de los 200 ejemplares del libro de Marcelo Uribe L\u00b4Amour Incendio Controlado Moment\u00e1neamente. Un libro con una propuesta aparentemente sencilla de entender, pero no tan f\u00e1cil de ejercitar: practicar el di\u00e1logo fruct\u00edfero en tiempos de crisis, aquel que se sustenta en pensar y actuar en beneficio de otros como criterio rector y prioridad personal. Lo [&hellip;]<\/p>\n","protected":false},"author":2,"featured_media":5006,"comment_status":"open","ping_status":"closed","sticky":false,"template":"","format":"standard","meta":{"footnotes":""},"categories":[93],"tags":[106],"class_list":["post-5008","post","type-post","status-publish","format-standard","has-post-thumbnail","hentry","category-victor-ilich","tag-victor-ilich"],"_links":{"self":[{"href":"https:\/\/tiberiades.org\/index.php?rest_route=\/wp\/v2\/posts\/5008","targetHints":{"allow":["GET"]}}],"collection":[{"href":"https:\/\/tiberiades.org\/index.php?rest_route=\/wp\/v2\/posts"}],"about":[{"href":"https:\/\/tiberiades.org\/index.php?rest_route=\/wp\/v2\/types\/post"}],"author":[{"embeddable":true,"href":"https:\/\/tiberiades.org\/index.php?rest_route=\/wp\/v2\/users\/2"}],"replies":[{"embeddable":true,"href":"https:\/\/tiberiades.org\/index.php?rest_route=%2Fwp%2Fv2%2Fcomments&post=5008"}],"version-history":[{"count":2,"href":"https:\/\/tiberiades.org\/index.php?rest_route=\/wp\/v2\/posts\/5008\/revisions"}],"predecessor-version":[{"id":5032,"href":"https:\/\/tiberiades.org\/index.php?rest_route=\/wp\/v2\/posts\/5008\/revisions\/5032"}],"wp:featuredmedia":[{"embeddable":true,"href":"https:\/\/tiberiades.org\/index.php?rest_route=\/wp\/v2\/media\/5006"}],"wp:attachment":[{"href":"https:\/\/tiberiades.org\/index.php?rest_route=%2Fwp%2Fv2%2Fmedia&parent=5008"}],"wp:term":[{"taxonomy":"category","embeddable":true,"href":"https:\/\/tiberiades.org\/index.php?rest_route=%2Fwp%2Fv2%2Fcategories&post=5008"},{"taxonomy":"post_tag","embeddable":true,"href":"https:\/\/tiberiades.org\/index.php?rest_route=%2Fwp%2Fv2%2Ftags&post=5008"}],"curies":[{"name":"wp","href":"https:\/\/api.w.org\/{rel}","templated":true}]}}