{"id":5394,"date":"2021-08-14T20:00:00","date_gmt":"2021-08-14T18:00:00","guid":{"rendered":"https:\/\/tiberiades.org\/?p=5394"},"modified":"2021-08-14T10:52:23","modified_gmt":"2021-08-14T08:52:23","slug":"poemas-del-portugues-pedro-tamen-traducidos-por-a-p-alencart","status":"publish","type":"post","link":"https:\/\/tiberiades.org\/?p=5394","title":{"rendered":"Poemas del portugu\u00e9s Pedro Tamen, traducidos por A. P. Alencart"},"content":{"rendered":"<p><em>Tiber\u00edades tiene el privilegio de publicar estos poemas que A. P. Alencart tradujo, en 2006, de Pedro Tamen (Lisboa, 1934-2021)<\/em>, <em>poeta y traductor. Licenciado en Derecho por la Universidad de Lisboa, fue presidente del Pen Club de Portugal, editor de la Editora Moraes (1958-1975), administrador de la Fundaci\u00f3n Calouste Gulbenkian (1975-2000) y director-adjunto de \u201cFlama\u201d. La tem\u00e1tica religiosa, primero, y las vertientes del amor, despu\u00e9s, centran su decir po\u00e9tico. Premio D. Dinis de la Fundaci\u00f3n Casa de Mateus, el Gran Premio de la Cr\u00edtica, el Gran Premio de Poes\u00eda Inapa, el Premio del PEN Club de Portugal, el Premio Literario In\u00e9s de Castro y el Premio de Poes\u00eda Luis Miguel Nava. Entre sus libros est\u00e1n: Poemas Para Todos os Dias (1956); O Sangue, a \u00c1gua e o Vinho (1958); Primeiro Livro de Lapinova (1960); Poemas a Isto (1962); Daniel na Cova dos Le\u00f5es (1970); Escrito de Mem\u00f3ria (1973); Os Quarenta e Dois Sonetos (1973); Hor\u00e1cio e Cori\u00e1ceo (1981); Agora Estar (1984); Delfos, Opus 12 (1987); Carac\u00f3is (1993, con J\u00falio Pomar); T\u00e1bua das Mat\u00e9rias (recopilaci\u00f3n de sus libros publicados entre 1956 y 1991); Gui\u00e3o de Caronte (1997); Escrita Redita (1999, antolog\u00eda); Mem\u00f3ria Indescrit\u00edvel (2000); Ret\u00e1bulo das Materias (2001) y Analogia e Dedos (2006), entre otros. Su poes\u00eda completa est\u00e1 reunida en Ret\u00e1bulo das Mat\u00e9rias (1956-2013).<\/em><\/p>\n<p><em>Estas traducciones aparecieron en la \u00abantojol\u00eda\u00bb \u201cDICHOSA SAUDADE. QUINCE POETAS PORTUGUESES\u201d, publicada en Venezuela el a\u00f1o 2007.<\/em><\/p>\n<figure id=\"attachment_5392\" aria-describedby=\"caption-attachment-5392\" style=\"width: 640px\" class=\"wp-caption aligncenter\"><img loading=\"lazy\" decoding=\"async\" class=\"size-large wp-image-5392\" src=\"https:\/\/tiberiades.org\/wp-content\/uploads\/2021\/08\/2-Portada-de-Dichosa-Saudade-antologia-de-poetas-portugueses-seleccionada-y-traducida-por-A.-P.-Alencart-1024x671.jpg\" alt=\"\" width=\"640\" height=\"419\" srcset=\"https:\/\/tiberiades.org\/wp-content\/uploads\/2021\/08\/2-Portada-de-Dichosa-Saudade-antologia-de-poetas-portugueses-seleccionada-y-traducida-por-A.-P.-Alencart-1024x671.jpg 1024w, https:\/\/tiberiades.org\/wp-content\/uploads\/2021\/08\/2-Portada-de-Dichosa-Saudade-antologia-de-poetas-portugueses-seleccionada-y-traducida-por-A.-P.-Alencart-300x197.jpg 300w, https:\/\/tiberiades.org\/wp-content\/uploads\/2021\/08\/2-Portada-de-Dichosa-Saudade-antologia-de-poetas-portugueses-seleccionada-y-traducida-por-A.-P.-Alencart-768x503.jpg 768w, https:\/\/tiberiades.org\/wp-content\/uploads\/2021\/08\/2-Portada-de-Dichosa-Saudade-antologia-de-poetas-portugueses-seleccionada-y-traducida-por-A.-P.-Alencart-1536x1007.jpg 1536w, https:\/\/tiberiades.org\/wp-content\/uploads\/2021\/08\/2-Portada-de-Dichosa-Saudade-antologia-de-poetas-portugueses-seleccionada-y-traducida-por-A.-P.-Alencart-2048x1343.jpg 2048w\" sizes=\"auto, (max-width: 640px) 100vw, 640px\" \/><figcaption id=\"caption-attachment-5392\" class=\"wp-caption-text\">Portada de Dichosa Saudade, antolog\u00eda de poetas portugueses seleccionada y traducida por A. P. Alencart<\/figcaption><\/figure>\n<h4 style=\"padding-left: 40px;\">LOS NAUTAS<\/h4>\n<p style=\"padding-left: 40px;\">Cuando hasta pasada la tarde navegaban<br \/>\nla luz que dentro ven\u00eda sobreponiendo<br \/>\nla lentejuela delgada de otro sol<br \/>\nal movimiento sombr\u00edo, id\u00e9ntico, rodeando<br \/>\nlos brazos inquietos, la sorpresa<br \/>\nque s\u00f3lo de presentirse les dol\u00eda.<\/p>\n<p style=\"padding-left: 40px;\">A la fr\u00eda sal que sobre los pies sent\u00edan<br \/>\ny a la oscuridad m\u00e1s profunda, al somnoliento<br \/>\ny tosco sonido de la cuerda y de la madera,<br \/>\na las aflicciones del hambre y al d\u00e9bil gemido<br \/>\nde una saudade parda, a la soledad<br \/>\nsin espejo, a la gula insaciable, al miedo<\/p>\n<p style=\"padding-left: 40px;\">-a todo combat\u00eda una pasi\u00f3n<br \/>\ntan nueva en ellos, otrora nebulosa,<br \/>\ncual ha de ver, de ver con los ojos abiertos<br \/>\nhasta sentir en el friccionar de los dedos,<br \/>\nel m\u00ednimo paisaje, m\u00e1s completo<br \/>\nque los montes ab\u00falicos, patrios y cambiados:<\/p>\n<p style=\"padding-left: 40px;\">a la contracci\u00f3n de la vela, al pez lento<br \/>\nsurgiendo de pronto, ignotas flores,<br \/>\ncolores purulentos, vasto y breve espacio<br \/>\npara estridentes p\u00e1jaros libres<br \/>\ny otra vida mayor,<br \/>\ny todav\u00eda incierta<br \/>\nque no saben si es de este o de otro sue\u00f1o.<\/p>\n<p>&nbsp;<\/p>\n<h4 style=\"padding-left: 40px;\">MI MUERTE NO TE DOY<\/h4>\n<p style=\"padding-left: 40px;\">Mi muerte no te doy.<br \/>\nTuviste todo el resto<br \/>\n-la flor, la siesta, el crep\u00fasculo,<br \/>\nla inquietud del d\u00eda 8,<br \/>\nel control de las madres, de las manos<br \/>\nde las curiosas palabras que no dicen nada.<br \/>\nTodo lo tuviste: \u00bfest\u00e1s contenta?<\/p>\n<p style=\"padding-left: 40px;\">\u00bfFeliz por tener todo lo que soy?<br \/>\n\u00bfFeliz por perder todo lo que ser\u00e9?<\/p>\n<p><img loading=\"lazy\" decoding=\"async\" class=\"aligncenter  wp-image-5386\" src=\"https:\/\/tiberiades.org\/wp-content\/uploads\/2021\/08\/3-1-732x1024.jpg\" alt=\"\" width=\"601\" height=\"840\" srcset=\"https:\/\/tiberiades.org\/wp-content\/uploads\/2021\/08\/3-1-732x1024.jpg 732w, https:\/\/tiberiades.org\/wp-content\/uploads\/2021\/08\/3-1-214x300.jpg 214w, https:\/\/tiberiades.org\/wp-content\/uploads\/2021\/08\/3-1-768x1075.jpg 768w, https:\/\/tiberiades.org\/wp-content\/uploads\/2021\/08\/3-1.jpg 1436w\" sizes=\"auto, (max-width: 601px) 100vw, 601px\" \/><\/p>\n<p>&nbsp;<\/p>\n<h4 style=\"padding-left: 40px;\">EL MAR EST\u00c1 LEJOS,<br \/>\nPERO NOSOTROS SOMOS EL VIENTO<\/h4>\n<p style=\"padding-left: 40px;\">El mar est\u00e1 lejos, pero nosotros somos el viento;<br \/>\ny el recuerdo que atrae, hasta ser \u00e9l,<br \/>\nes de otro y semejante, es aire de tu boca<br \/>\ndonde el silencio pace y la noche acepta.<br \/>\n\u00bfD\u00f3nde est\u00e1s, que niebla me perturba<br \/>\ntanto que no veo los ojos de la ma\u00f1ana<br \/>\ncomo t\u00fa misma la vez y te aprovecha?<br \/>\nCabellos, dedos, sal y larga piel,<br \/>\ndonde se encierra tu vida los ofrece;<br \/>\ny es con manos solemnes, fugitivas<br \/>\nque te recojo viva y me concedo<br \/>\nla hora en que las olas se confunden<br \/>\ny nada es necesario a la orilla del mar.<\/p>\n<p style=\"padding-left: 40px;\">\n<h4 style=\"padding-left: 40px;\">ESCRITO DE MEMORIA<\/h4>\n<p style=\"padding-left: 40px;\">Formado en derecho y soledad,<br \/>\na las oscuras te busco cuando brilla la lluvia.<br \/>\nEs verdad que miras, es verdad que dices.<br \/>\nQue todos tenemos miedo al agua pura.<\/p>\n<p style=\"padding-left: 40px;\">\u00bfA qu\u00e9 dioses te debo, si te debo,<br \/>\nqu\u00e9 asombro es este, si hay raz\u00f3n para \u00e9l?<br \/>\n\u00bfC\u00f3mo te busco, entonces, si est\u00e1s aqu\u00ed,<br \/>\no, si no est\u00e1s, por qu\u00e9 te quiero pose\u00edda?<br \/>\n\u00bfCu\u00e1les ojos y cu\u00e1l noche?<br \/>\nAquella<br \/>\ncuando estuviste por decirme tu nombre.<\/p>\n<p><img loading=\"lazy\" decoding=\"async\" class=\"aligncenter  wp-image-5388\" src=\"https:\/\/tiberiades.org\/wp-content\/uploads\/2021\/08\/4-1-782x1024.jpg\" alt=\"\" width=\"641\" height=\"839\" srcset=\"https:\/\/tiberiades.org\/wp-content\/uploads\/2021\/08\/4-1-782x1024.jpg 782w, https:\/\/tiberiades.org\/wp-content\/uploads\/2021\/08\/4-1-229x300.jpg 229w, https:\/\/tiberiades.org\/wp-content\/uploads\/2021\/08\/4-1-768x1005.jpg 768w, https:\/\/tiberiades.org\/wp-content\/uploads\/2021\/08\/4-1-1174x1536.jpg 1174w, https:\/\/tiberiades.org\/wp-content\/uploads\/2021\/08\/4-1.jpg 1202w\" sizes=\"auto, (max-width: 641px) 100vw, 641px\" \/><\/p>\n<h4 style=\"padding-left: 40px;\">UN FADO, PALABRAS M\u00cdAS<\/h4>\n<p style=\"padding-left: 40px;\">Palabras que dijiste y ya no dices,<br \/>\npalabras como un sol que me quemaba,<br \/>\nojos locos de un viento que soplaba<br \/>\nen ojos que eran m\u00edos, y m\u00e1s felices.<\/p>\n<p style=\"padding-left: 40px;\">Palabras que dijiste y que dec\u00edan<br \/>\nsecretos que eran lentas madrugadas,<br \/>\npromesas imperfectas, murmuradas<br \/>\nen cuanto nuestros besos permit\u00edan.<\/p>\n<p style=\"padding-left: 40px;\">Palabras que dec\u00edas, sin sentido,<br \/>\nsin quererlas, m\u00e1s s\u00f3lo porque eran ellas<br \/>\nque tra\u00edan la calma de las estrellas<br \/>\na la noche que asomaba a mi o\u00eddo&#8230;<\/p>\n<p style=\"padding-left: 40px;\">Palabras que no dices, ni son tuyas,<br \/>\nque morir\u00e1n, que en ti ya no existen<br \/>\n-que son m\u00edas, s\u00f3lo m\u00edas, pues persisten<br \/>\nen la memoria que arrastro por las r\u00faas.<\/p>\n<p>&nbsp;<\/p>\n<h4 style=\"padding-left: 40px;\">TE ESCRIBO DE CERCA<\/h4>\n<p style=\"padding-left: 40px;\">Te escribo de cerca, como si la mano<br \/>\nte fuese un ligero objeto aflorado,<br \/>\ncomo si de la calle te llegase<br \/>\nla t\u00edmida certeza para la compra<br \/>\nde los minutos siguientes. De cerca,<br \/>\ncomo el sol, como la cigarra.<br \/>\nComo un silencio pleno<br \/>\nque te viniese a los ojos de ma\u00f1ana<br \/>\ny amarte fuese la vestimenta<br \/>\nelegida al comenzar el d\u00eda.<\/p>\n<p>&nbsp;<\/p>\n<h4 style=\"padding-left: 40px;\">LA TINTA NEGRA QUE BAILA EN EL PAPEL<\/h4>\n<p style=\"padding-left: 40px;\">La tinta negra que baila en el papel<br \/>\ngarantiza la eternidad del que empu\u00f1a<br \/>\nel objeto fr\u00edo y danzar\u00edn<br \/>\n(imaginaba yo un d\u00eda, o simplemente<br \/>\nfing\u00eda creer). La tinta<br \/>\nde cualquier color y el papel<br \/>\no hierro donde se inscribe<br \/>\npasan vol\u00e1tiles como los dedos<br \/>\nllenos de intenciones y como<br \/>\nel sonido del cuco tres veces repetido.<br \/>\nAl silencio siguiente nadie siquiera<br \/>\nresponde, pues no sabe<br \/>\nque haya habido un sonido, una verdad, un antes.<\/p>\n<p><img loading=\"lazy\" decoding=\"async\" class=\"aligncenter  wp-image-5387\" src=\"https:\/\/tiberiades.org\/wp-content\/uploads\/2021\/08\/5-1-968x1024.jpg\" alt=\"\" width=\"639\" height=\"676\" srcset=\"https:\/\/tiberiades.org\/wp-content\/uploads\/2021\/08\/5-1-968x1024.jpg 968w, https:\/\/tiberiades.org\/wp-content\/uploads\/2021\/08\/5-1-284x300.jpg 284w, https:\/\/tiberiades.org\/wp-content\/uploads\/2021\/08\/5-1-768x813.jpg 768w, https:\/\/tiberiades.org\/wp-content\/uploads\/2021\/08\/5-1.jpg 1134w\" sizes=\"auto, (max-width: 639px) 100vw, 639px\" \/><\/p>\n<h4 style=\"padding-left: 40px;\">LLAVE, KLEE<\/h4>\n<p style=\"padding-left: 40px;\">Eres, como en Klee,<br \/>\nla m\u00e1quina de chillar,<br \/>\nla liquidez perfecta de los movimientos,<br \/>\nla m\u00fasica de los sordos.<\/p>\n<p style=\"padding-left: 40px;\">\u00bfQu\u00e9 h\u00famedo pilar<br \/>\nsustenta, amor, el palacio<br \/>\nen que me refugio y duermo<br \/>\nque no sea tu canto<\/p>\n<p style=\"padding-left: 40px;\">al canto de mi d\u00eda?<br \/>\nEres, como en Klee,<br \/>\nla virgen matem\u00e1tica<br \/>\nque todo me desvenda<\/p>\n<p style=\"padding-left: 40px;\">y sin que yo haga cuentas<br \/>\ncalculas sumas, zumos,<br \/>\nentre el hueco de las olas<br \/>\ny la azul astronom\u00eda.<\/p>\n<h4 style=\"padding-left: 40px;\">\nSIBILA, DI QUE S\u00cd, SIBILA<\/h4>\n<p style=\"padding-left: 40px;\">Sibila, di que s\u00ed, Sibila<br \/>\ntus vientos tempestuosos, pero arrulla<br \/>\nnuestra pura sorpresa, cercano halo<br \/>\ndonde se alinea, ci\u00f1e la sobremesa<br \/>\nde la vida inmensa, grueso y gordo callo<br \/>\nabierto de par en par a las potestades<br \/>\ndonde el futuro aborta y pardo trastorna:<br \/>\nSibila, sabes que prosigo,<br \/>\nque este camino preparo antes de venir<br \/>\nperdido y despedazado como el cordero<br \/>\ninventado despu\u00e9s y donde cabes,<br \/>\ny donde hablas, mi centeno y trigo;<br \/>\npor eso, ahora, ag\u00f3nico pedir<br \/>\nes este mi tormento que te agrada<br \/>\n-Sibila, que mujer, el otro lado<br \/>\nde m\u00ed y de este mundo sea libre<br \/>\nde las iras desmedidas, de lo que genere<br \/>\nla rabia rigurosa del ro\u00eddo fin,<br \/>\ny venga aprisa soberbia como arado<br \/>\na cortarme la carne para que el fruto<br \/>\nfructifique conmigo en todas las vidas.<\/p>\n<p>&nbsp;<\/p>\n<figure id=\"attachment_5391\" aria-describedby=\"caption-attachment-5391\" style=\"width: 640px\" class=\"wp-caption aligncenter\"><img loading=\"lazy\" decoding=\"async\" class=\"size-large wp-image-5391\" src=\"https:\/\/tiberiades.org\/wp-content\/uploads\/2021\/08\/7-Otra-imagen-de-Pedro-Tamen-1024x683.jpg\" alt=\"\" width=\"640\" height=\"427\" srcset=\"https:\/\/tiberiades.org\/wp-content\/uploads\/2021\/08\/7-Otra-imagen-de-Pedro-Tamen-1024x683.jpg 1024w, https:\/\/tiberiades.org\/wp-content\/uploads\/2021\/08\/7-Otra-imagen-de-Pedro-Tamen-300x200.jpg 300w, https:\/\/tiberiades.org\/wp-content\/uploads\/2021\/08\/7-Otra-imagen-de-Pedro-Tamen-768x512.jpg 768w, https:\/\/tiberiades.org\/wp-content\/uploads\/2021\/08\/7-Otra-imagen-de-Pedro-Tamen-1536x1024.jpg 1536w, https:\/\/tiberiades.org\/wp-content\/uploads\/2021\/08\/7-Otra-imagen-de-Pedro-Tamen-272x182.jpg 272w, https:\/\/tiberiades.org\/wp-content\/uploads\/2021\/08\/7-Otra-imagen-de-Pedro-Tamen.jpg 2048w\" sizes=\"auto, (max-width: 640px) 100vw, 640px\" \/><figcaption id=\"caption-attachment-5391\" class=\"wp-caption-text\">Otra imagen de Pedro Tamen<\/figcaption><\/figure>\n<p>&nbsp;<\/p>\n<p>&nbsp;<\/p>\n<p>&nbsp;<\/p>\n<p>&nbsp;<\/p>\n<p>&nbsp;<\/p>\n","protected":false},"excerpt":{"rendered":"<p>Tiber\u00edades tiene el privilegio de publicar estos poemas que A. P. Alencart tradujo, en 2006, de Pedro Tamen (Lisboa, 1934-2021), poeta y traductor. Licenciado en Derecho por la Universidad de Lisboa, fue presidente del Pen Club de Portugal, editor de la Editora Moraes (1958-1975), administrador de la Fundaci\u00f3n Calouste Gulbenkian (1975-2000) y director-adjunto de \u201cFlama\u201d. La tem\u00e1tica religiosa, primero, y [&hellip;]<\/p>\n","protected":false},"author":2,"featured_media":5385,"comment_status":"open","ping_status":"closed","sticky":false,"template":"","format":"standard","meta":{"footnotes":""},"categories":[175],"tags":[432,148,431],"class_list":["post-5394","post","type-post","status-publish","format-standard","has-post-thumbnail","hentry","category-alfredo-p-alencart","tag-a-p-alencart","tag-alfredo-perez-alencart","tag-pedro-tamen"],"_links":{"self":[{"href":"https:\/\/tiberiades.org\/index.php?rest_route=\/wp\/v2\/posts\/5394","targetHints":{"allow":["GET"]}}],"collection":[{"href":"https:\/\/tiberiades.org\/index.php?rest_route=\/wp\/v2\/posts"}],"about":[{"href":"https:\/\/tiberiades.org\/index.php?rest_route=\/wp\/v2\/types\/post"}],"author":[{"embeddable":true,"href":"https:\/\/tiberiades.org\/index.php?rest_route=\/wp\/v2\/users\/2"}],"replies":[{"embeddable":true,"href":"https:\/\/tiberiades.org\/index.php?rest_route=%2Fwp%2Fv2%2Fcomments&post=5394"}],"version-history":[{"count":2,"href":"https:\/\/tiberiades.org\/index.php?rest_route=\/wp\/v2\/posts\/5394\/revisions"}],"predecessor-version":[{"id":5396,"href":"https:\/\/tiberiades.org\/index.php?rest_route=\/wp\/v2\/posts\/5394\/revisions\/5396"}],"wp:featuredmedia":[{"embeddable":true,"href":"https:\/\/tiberiades.org\/index.php?rest_route=\/wp\/v2\/media\/5385"}],"wp:attachment":[{"href":"https:\/\/tiberiades.org\/index.php?rest_route=%2Fwp%2Fv2%2Fmedia&parent=5394"}],"wp:term":[{"taxonomy":"category","embeddable":true,"href":"https:\/\/tiberiades.org\/index.php?rest_route=%2Fwp%2Fv2%2Fcategories&post=5394"},{"taxonomy":"post_tag","embeddable":true,"href":"https:\/\/tiberiades.org\/index.php?rest_route=%2Fwp%2Fv2%2Ftags&post=5394"}],"curies":[{"name":"wp","href":"https:\/\/api.w.org\/{rel}","templated":true}]}}