{"id":5464,"date":"2021-08-26T12:39:05","date_gmt":"2021-08-26T10:39:05","guid":{"rendered":"https:\/\/tiberiades.org\/?p=5464"},"modified":"2021-09-07T09:24:14","modified_gmt":"2021-09-07T07:24:14","slug":"a-p-alencart-alvaro-mutis-camino-de-salamanca","status":"publish","type":"post","link":"https:\/\/tiberiades.org\/?p=5464","title":{"rendered":"\u00c1lvaro Mutis, camino de Salamanca"},"content":{"rendered":"<p>Ayer cumpli\u00f3 a\u00f1os \u00c1lvaro Mutis, sumando otro anillo al \u00e1rbol hasta llegar a los 96, pues hab\u00eda nacido en Bogot\u00e1 el 25 de agosto de 1923. Celebro su vida, pues no me interesan las necrol\u00f3gicas y menos las que se estilan hacer a los personajes reconocidos, casi siempre preparadas con antelaci\u00f3n y, por lo general, destilando una melosidad desagradable. \u00a1Y qu\u00e9 no se encuentra uno en estas necrol\u00f3gicas!: cierta vez, cuando la muerte de mi gran amigo-maestro Gast\u00f3n Baquero, le\u00ed, en <em>El Pa\u00eds,<\/em> una necrol\u00f3gica diciendo que era uno de los poetas m\u00e1s grandes de la lengua castellana. La firmaba un pseudo-cr\u00edtico que pocos a\u00f1os antes hab\u00eda hablado mal de \u00e9l, durante la votaci\u00f3n para el Premio Reina Sof\u00eda de Poes\u00eda Iberoamericana. Quer\u00eda que lo obtuviera uno de los \u2018suyos\u2019, aunque no fuera de los \u2018m\u00e1s grandes\u2019. En fin\u2026<\/p>\n<p>Pero volvamos a \u00c1lvaro. Me alegro su marcha haya sido un domingo, el 22 de septiembre de 2013, en Ciudad de M\u00e9xico, un d\u00eda dedicado al Poeta galileo, para los que no tenemos verg\u00fcenza alguna de reconocernos cristianos. Esto lo dijo y se public\u00f3 en 1991: \u201cSiempre he cre\u00eddo en Dios, tengo una actitud religiosa ante la vida y creo que todo poema es una forma de orar. Hace mucho que no voy a misa y la pol\u00edtica de la iglesia cat\u00f3lica en los \u00faltimos a\u00f1os me parece equivocada. Soy cristiano\u201d.<\/p>\n<p>Fue en julio de 1991 cuando tuve el privilegio de presentarle en el Palacio Real de Madrid, junto a Gonzalo Rojas, Emilio Adolfo Westphalen, Olga Orozco y Francisco Matos Paoli. Hoy todos ellos ya no est\u00e1n en carne presente, pero de cierto que s\u00ed en esp\u00edritu y en obra.<\/p>\n<figure id=\"attachment_5461\" aria-describedby=\"caption-attachment-5461\" style=\"width: 783px\" class=\"wp-caption aligncenter\"><img loading=\"lazy\" decoding=\"async\" class=\"size-full wp-image-5461\" src=\"https:\/\/tiberiades.org\/wp-content\/uploads\/2021\/08\/2-Matos-Paoli-Orozco-Mutis-Westphalen-y-Rojas-captado-por-el-fotografo-de-El-Pais-justo-antes-de-partir-hacia-Salamanca.jpg\" alt=\"\" width=\"783\" height=\"595\" srcset=\"https:\/\/tiberiades.org\/wp-content\/uploads\/2021\/08\/2-Matos-Paoli-Orozco-Mutis-Westphalen-y-Rojas-captado-por-el-fotografo-de-El-Pais-justo-antes-de-partir-hacia-Salamanca.jpg 783w, https:\/\/tiberiades.org\/wp-content\/uploads\/2021\/08\/2-Matos-Paoli-Orozco-Mutis-Westphalen-y-Rojas-captado-por-el-fotografo-de-El-Pais-justo-antes-de-partir-hacia-Salamanca-300x228.jpg 300w, https:\/\/tiberiades.org\/wp-content\/uploads\/2021\/08\/2-Matos-Paoli-Orozco-Mutis-Westphalen-y-Rojas-captado-por-el-fotografo-de-El-Pais-justo-antes-de-partir-hacia-Salamanca-768x584.jpg 768w\" sizes=\"auto, (max-width: 783px) 100vw, 783px\" \/><figcaption id=\"caption-attachment-5461\" class=\"wp-caption-text\">Matos Paoli, Orozco, Mutis, Westphalen y Rojas, captado por el fot\u00f3grafo de El Pa\u00eds justo antes de partir hacia Salamanca<\/figcaption><\/figure>\n<p>Dicho acto, organizado por Patrimonio Nacional y la Universidad de Salamanca, era el encuentro previo al todav\u00eda m\u00e1s trascendente, celebrado en el Edifico Hist\u00f3rico de la Usal, con presencia de los nombrados, pero tambi\u00e9n de varios otros notables poetas, como Eugenio Montejo, Carlos Contramaestre, Pedro Shimose, Sergio Mac\u00edas\u2026 Irrepetible e inolvidable fue ese Foro de Poes\u00eda Iberoamericana que coordin\u00e9 con Carlos Schwartz, periodista de El Pa\u00eds<strong><em>. <\/em><\/strong>Tanto en Madrid como en Salamanca los abrazos y las risas no escasearon estando al lado de \u00c1lvaro, un aut\u00e9ntico encantador de auditorios, con esa poderosa voz de locutor de radionovelas.<\/p>\n<p>A\u00f1os despu\u00e9s de los abrazos y de estas declaraciones, el poeta y narrador colombiano recibi\u00f3 el Premio Pr\u00edncipe de Asturias de las Letras, el Premio Reina Sof\u00eda de Poes\u00eda Iberoamericana y el Premio Cervantes de las Letras, entre otros.<\/p>\n<p>Ahora solo quiero recordar lo profundamente entra\u00f1ada que ten\u00eda a Salamanca desde sus tiempos j\u00f3venes, cuando la visit\u00f3 y cuando escribi\u00f3 su poema \u201cCita\u201d, que ahora reproduzco \u00edntegro, para memorar al poeta que se hizo famoso escribiendo novelas con temas y personajes que, en su mayor parte, ya estaban en sus poemas. Basta citar a Maqroll el gaviero\u2026 Por lo que me cont\u00f3, y teniendo en cuenta la distancia que faltaba para llegar a Salamanca, su \u2018avistamiento\u2019 del Quijote\u2019 fue en Pe\u00f1aranda de Bracamonte.<\/p>\n<p>Su voz, al otro lado del tel\u00e9fono y del oc\u00e9ano, se conmovi\u00f3 cuando le llam\u00e9 para invitarlo a Salamanca: \u201cAh, viejo, no sabes el premio que es para m\u00ed volver a recorrer las calles por donde pasearon Unamuno y Fray Luis de Le\u00f3n\u201d, me dijo en ese lejano mes de enero de 1991, cuando coordinaba su venida.<\/p>\n<p>Tras la Velada po\u00e9tica en el Palacio de Oriente, al d\u00eda siguiente fuimos a la Residencia de Estudiantes, donde se hospedaban, con el fin de llevarlos a Salamanca para que participar\u00e1n en los actos programados en la Universidad. \u00c1lvaro, Carmen Miracle (su esposa) y Olga Orozco se subieron al coche del rectorado, mientras que Gonzalo Rojas iba como copiloto m\u00edo, mientras que Jacqueline e Hilda, nuestras esposas, estaban en la parte posterior del peque\u00f1o Ford fiesta, sin aire acondicionado en un t\u00f3rrido verano. Mi preocupaci\u00f3n radicaba en que ya sal\u00edamos tarde de Madrid y llegar\u00edamos despu\u00e9s que cerrara el comedor del hotelito que entonces ten\u00eda la propia universidad, a unos pasos del Patio de Escuelas. No lo dec\u00eda, pero tem\u00eda que a nuestra llegada no habr\u00eda posibilidad de comer all\u00ed. Como es l\u00f3gico, el potente coche del rectorado hizo el trayecto algo m\u00e1s r\u00e1pido y, cuando nosotros llegamos, en vez de caras largas por la falta de comida, lo que escuch\u00e1bamos eran carcajadas y brindis chocando las copas, y m\u00e1s risas. Bajamos las escaleras y oh, sorpresa, \u00c1lvaro estaba rodeado por las trabajadoras del restaurante, bien aprovisionado de queso, pan y jam\u00f3n, adem\u00e1s de buen vino tinto: \u201cS\u00edrvanse, hermanitos\u201d, nos dijo. \u201cS\u00edrvanse algo mientras terminan de prepararnos la comida\u201d. No pudimos contener la sonrisa y los cuatro nos sumamos a ese picoteo. Tal era la empat\u00eda que irradiaba \u00c1lvaro, que a los tres d\u00edas, cuando deb\u00edan volver a Madrid y de ah\u00ed a M\u00e9xico, las empleadas no pusieron ocultar las l\u00e1grimas\u2026<\/p>\n<figure id=\"attachment_5462\" aria-describedby=\"caption-attachment-5462\" style=\"width: 640px\" class=\"wp-caption aligncenter\"><img loading=\"lazy\" decoding=\"async\" class=\"size-large wp-image-5462\" src=\"https:\/\/tiberiades.org\/wp-content\/uploads\/2021\/08\/3-A.-P.-Alencart-E.-A.-Whestphalen-y-Alvaro-Mutis-en-el-Palacio-Real-de-Madrid-julio-1991-foto-de-Jacqueline-Alencar-1024x775.jpg\" alt=\"\" width=\"640\" height=\"484\" srcset=\"https:\/\/tiberiades.org\/wp-content\/uploads\/2021\/08\/3-A.-P.-Alencart-E.-A.-Whestphalen-y-Alvaro-Mutis-en-el-Palacio-Real-de-Madrid-julio-1991-foto-de-Jacqueline-Alencar-1024x775.jpg 1024w, https:\/\/tiberiades.org\/wp-content\/uploads\/2021\/08\/3-A.-P.-Alencart-E.-A.-Whestphalen-y-Alvaro-Mutis-en-el-Palacio-Real-de-Madrid-julio-1991-foto-de-Jacqueline-Alencar-300x227.jpg 300w, https:\/\/tiberiades.org\/wp-content\/uploads\/2021\/08\/3-A.-P.-Alencart-E.-A.-Whestphalen-y-Alvaro-Mutis-en-el-Palacio-Real-de-Madrid-julio-1991-foto-de-Jacqueline-Alencar-768x581.jpg 768w, https:\/\/tiberiades.org\/wp-content\/uploads\/2021\/08\/3-A.-P.-Alencart-E.-A.-Whestphalen-y-Alvaro-Mutis-en-el-Palacio-Real-de-Madrid-julio-1991-foto-de-Jacqueline-Alencar-1536x1162.jpg 1536w, https:\/\/tiberiades.org\/wp-content\/uploads\/2021\/08\/3-A.-P.-Alencart-E.-A.-Whestphalen-y-Alvaro-Mutis-en-el-Palacio-Real-de-Madrid-julio-1991-foto-de-Jacqueline-Alencar-2048x1549.jpg 2048w\" sizes=\"auto, (max-width: 640px) 100vw, 640px\" \/><figcaption id=\"caption-attachment-5462\" class=\"wp-caption-text\">A. P. Alencart, E. A. Whestphalen y \u00c1lvaro Mutis en el Palacio Real de Madrid, julio 1991 (foto de Jacqueline Alencar)<\/figcaption><\/figure>\n<p>En definitiva, esto coment\u00e9 en una entrevista publicada en Colombia hace pocos a\u00f1os: \u201cHay personas que en un breve tiempo logran impactarte para siempre. Hay otras con las que puedes relacionarte durante lustros o d\u00e9cadas y poco o nada logran nutrir tu tr\u00e1nsito existencial. \u00c1lvaro era y es de los primeros. Compart\u00ed con \u00e9l pocos d\u00edas del mes de julio de 1991, tanto en Madrid como en Salamanca, en dos actos po\u00e9ticos. Las conversaciones que tuve con \u00e9l me resultan inolvidables, tambi\u00e9n sus gestos y explicaciones hacia un joven aprendiz. Ser\u00eda extenso hablar de esos breves instantes perdurables\u2026\u201d.<\/p>\n<p>Nada de necrol\u00f3gicas y s\u00ed el aprecio a un hombre que destil\u00f3 su especial afecto hacia m\u00ed, un joven al que llamaba \u2018viejo\u2019. Y por ah\u00ed, por la R\u00faa Mayor, mientras nuestras esposas avanzaban camino al Colegio Mayor Fonseca, no cesaba de decirme: \u201cViejo, \u00bfpor qu\u00e9 los cuatro no vos vamos a comer un cochinillo de Pe\u00f1aranda?\u201d. \u00a1Cu\u00e1nto me habr\u00eda \u2018nutrido\u2019 esa comida! Pero tuve que decirle que todos deb\u00edamos ir al Fonseca, pues un responsable de la Universidad me \u2018excomulgar\u00eda\u2019 si \u00edbamos menos de los comensales previstos para ese mediod\u00eda. A lo que \u00c1lvaro respondi\u00f3: \u00abNo se hable m\u00e1s, mi viejo, que yo se sido organizador de estas vainas y hay que cumplir. Pero ma\u00f1ana me escapo con Carmen en busca de ese cochinillo\u201d. Y nos re\u00edmos, pues lo cierto es que el men\u00fa que nos serv\u00edan dejaba mucho que desear\u2026<\/p>\n<p>Aqu\u00ed les dejo con el poema citado y los otros textos que ley\u00f3 en Salamanca, durante el Foro de Poes\u00eda Iberoamericana celebrado en el Edificio Hist\u00f3rico de la Universidad de Salamanca.<\/p>\n<figure id=\"attachment_5443\" aria-describedby=\"caption-attachment-5443\" style=\"width: 640px\" class=\"wp-caption aligncenter\"><img loading=\"lazy\" decoding=\"async\" class=\"size-large wp-image-5443\" src=\"https:\/\/tiberiades.org\/wp-content\/uploads\/2021\/08\/4-Alvaro-Mutis-en-el-Foro-de-Salamanca-1991-foto-de-Alfredo-Perez-Alencart-1024x764.jpg\" alt=\"\" width=\"640\" height=\"478\" srcset=\"https:\/\/tiberiades.org\/wp-content\/uploads\/2021\/08\/4-Alvaro-Mutis-en-el-Foro-de-Salamanca-1991-foto-de-Alfredo-Perez-Alencart-1024x764.jpg 1024w, https:\/\/tiberiades.org\/wp-content\/uploads\/2021\/08\/4-Alvaro-Mutis-en-el-Foro-de-Salamanca-1991-foto-de-Alfredo-Perez-Alencart-300x224.jpg 300w, https:\/\/tiberiades.org\/wp-content\/uploads\/2021\/08\/4-Alvaro-Mutis-en-el-Foro-de-Salamanca-1991-foto-de-Alfredo-Perez-Alencart-768x573.jpg 768w, https:\/\/tiberiades.org\/wp-content\/uploads\/2021\/08\/4-Alvaro-Mutis-en-el-Foro-de-Salamanca-1991-foto-de-Alfredo-Perez-Alencart.jpg 1337w\" sizes=\"auto, (max-width: 640px) 100vw, 640px\" \/><figcaption id=\"caption-attachment-5443\" class=\"wp-caption-text\">\u00c1lvaro Mutis en el Foro de Salamanca (1991 foto de Alfredo P\u00e9rez Alencart)<\/figcaption><\/figure>\n<h4 style=\"padding-left: 40px;\"><strong>Cita<\/strong><\/h4>\n<p style=\"text-align: right; padding-left: 40px;\"><em>Para Eulalio y Rafaela<\/em><\/p>\n<p style=\"padding-left: 40px;\">Camino de Salamanca. El verano<br \/>\nestablece sobre Castilla su luz abrasadora.<br \/>\nEl autob\u00fas espera para arreglar una aver\u00eda<br \/>\nen un pueblo cuyo nombre ya he olvidado.<br \/>\nMe interno por callejas donde el t\u00f3rrido<br \/>\nsilencio deshace el tiempo en el at\u00f3nito polvo<br \/>\nque cruza el aire con mansa parsimonia.<br \/>\nEl empedrado corredor de una fonda<br \/>\nme invita con su sombra a refugiarme<br \/>\nen sus arcadas. Entro. La sala est\u00e1 vac\u00eda,<br \/>\nnadie en el peque\u00f1o jard\u00edn cuya frescura<br \/>\nse esparce desde el taz\u00f3n de piedra<br \/>\nde la fuente hasta la humilde penumbra<br \/>\nde los aposentos. Por un estrecho pasillo<br \/>\ndesemboco en un corral ruinoso<br \/>\nque me devuelve al tiempo de las diligencias.<br \/>\nEntre la tierra del piso sobresale<br \/>\nlo que antes fuera el brocal de un pozo.<br \/>\nDe repente, en medio del silencio,<br \/>\nbajo el resplandor intacto del verano,<br \/>\nlo veo velar sus armas, meditar abstra\u00eddo<br \/>\ny de sus ojos tristes demorar la mirada<br \/>\nen este intruso que, sin medir sus pasos,<br \/>\nha llegado hasta \u00e9l desde esas Indias<br \/>\nde las que tiene una vaga noticia.<br \/>\nPor el camino he venido recordando, recreando<br \/>\nsus hechos mientras cruz\u00e1bamos las tierras labrant\u00edas.<br \/>\nLo tuve tan presente, tan cercano,<br \/>\nque ahora que lo encuentro me parece<br \/>\nque se trata de una cita urdida<br \/>\ncon minuciosa paciencia en tantos a\u00f1os<br \/>\nde fervor sin tregua por este Caballero<br \/>\nde la Triste Figura, por su lecci\u00f3n<br \/>\nque ha de durar lo que duren los hombres,<br \/>\npor su vigilia poblada de improbables<br \/>\nhaza\u00f1as que son nuestro pan de cada d\u00eda.<br \/>\nNo debo interrumpir su dolorido velar<br \/>\nen este pozo segado por la m\u00edsera incuria<br \/>\nde los hombres. Me retiro. Recorro una vez m\u00e1s<br \/>\nlas callejas de este pueblo castellano<br \/>\ny a nadie participo del encuentro.<br \/>\nEn una hora estaremos en Alba de Tormes.<br \/>\n\u00bfC\u00f3mo hace Espa\u00f1a para albergar tanta impaciente savia<br \/>\nque sostiene el desolado insistir de nuestra vida,<br \/>\ntanta obstinada sangre para amar y morir seg\u00fan ense\u00f1a<br \/>\nel rendido amador de Dulcinea?<\/p>\n<figure id=\"attachment_5444\" aria-describedby=\"caption-attachment-5444\" style=\"width: 549px\" class=\"wp-caption aligncenter\"><img loading=\"lazy\" decoding=\"async\" class=\" wp-image-5444\" src=\"https:\/\/tiberiades.org\/wp-content\/uploads\/2021\/08\/5-Dedicatoria-de-Mutis-para-Perez-Alencart-670x1024.jpg\" alt=\"\" width=\"549\" height=\"839\" srcset=\"https:\/\/tiberiades.org\/wp-content\/uploads\/2021\/08\/5-Dedicatoria-de-Mutis-para-Perez-Alencart-670x1024.jpg 670w, https:\/\/tiberiades.org\/wp-content\/uploads\/2021\/08\/5-Dedicatoria-de-Mutis-para-Perez-Alencart-196x300.jpg 196w, https:\/\/tiberiades.org\/wp-content\/uploads\/2021\/08\/5-Dedicatoria-de-Mutis-para-Perez-Alencart-768x1174.jpg 768w, https:\/\/tiberiades.org\/wp-content\/uploads\/2021\/08\/5-Dedicatoria-de-Mutis-para-Perez-Alencart-1005x1536.jpg 1005w, https:\/\/tiberiades.org\/wp-content\/uploads\/2021\/08\/5-Dedicatoria-de-Mutis-para-Perez-Alencart.jpg 1068w\" sizes=\"auto, (max-width: 549px) 100vw, 549px\" \/><figcaption id=\"caption-attachment-5444\" class=\"wp-caption-text\">Dedicatoria de Mutis para P\u00e9rez Alencart<\/figcaption><\/figure>\n<h4 style=\"padding-left: 40px;\"><strong>Cada poema<\/strong><\/h4>\n<p style=\"padding-left: 40px;\">Cada poema un p\u00e1jaro que huye<br \/>\ndel sitio se\u00f1alado por la plaga.<br \/>\nCada poema un traje de la muerte<br \/>\npor las calles y plazas inundadas<br \/>\nen la cera letal de los vencidos.<br \/>\nCada poema un paso hacia la muerte,<br \/>\nuna falsa moneda de rescate,<br \/>\nun tiro al blanco en medio de la noche<br \/>\nhoradando los puentes sobre el r\u00edo,<br \/>\ncuyas dormidas aguas viajan<br \/>\nde la vieja ciudad hacia los campos<br \/>\ndonde el d\u00eda prepara sus hogueras.<br \/>\nCada poema un tacto yerto<br \/>\ndel que yace en la losa de las cl\u00ednicas,<br \/>\nun \u00e1vido anzuelo que recorre<br \/>\nel limo blando de las sepulturas.<br \/>\nCada poema un lento naufragio del deseo,<br \/>\nun crujir de los m\u00e1stiles y jarcias<br \/>\nque sostienen el peso de la vida.<br \/>\nCada poema un estruendo de lienzos que derrumban<br \/>\nsobre el rugir helado de las aguas<br \/>\nel albo aparejo del velamen.<br \/>\nCada poema invadiendo y desgarrando<br \/>\nla amarga telara\u00f1a del hast\u00edo.<br \/>\nCada poema nace de un ciego centinela<br \/>\nque grita al hondo hueco de la noche<br \/>\nel santo y se\u00f1a de su desventura.<br \/>\nAgua de sue\u00f1o, fuente de ceniza,<br \/>\npiedra porosa de los mataderos,<br \/>\nmadera en sombra de las siemprevivas,<br \/>\nmetal que dobla por los condenados,<br \/>\naceite funeral de doble filo,<br \/>\ncotidiano sudario del poeta,<br \/>\ncada poema esparce sobre el mundo<br \/>\nel agrio cereal de la agon\u00eda.<\/p>\n<figure id=\"attachment_5445\" aria-describedby=\"caption-attachment-5445\" style=\"width: 564px\" class=\"wp-caption aligncenter\"><img loading=\"lazy\" decoding=\"async\" class=\" wp-image-5445\" src=\"https:\/\/tiberiades.org\/wp-content\/uploads\/2021\/08\/6-Antologia-del-Fondo-de-Cultura-Economica-687x1024.jpg\" alt=\"\" width=\"564\" height=\"841\" srcset=\"https:\/\/tiberiades.org\/wp-content\/uploads\/2021\/08\/6-Antologia-del-Fondo-de-Cultura-Economica-687x1024.jpg 687w, https:\/\/tiberiades.org\/wp-content\/uploads\/2021\/08\/6-Antologia-del-Fondo-de-Cultura-Economica-201x300.jpg 201w, https:\/\/tiberiades.org\/wp-content\/uploads\/2021\/08\/6-Antologia-del-Fondo-de-Cultura-Economica-768x1144.jpg 768w, https:\/\/tiberiades.org\/wp-content\/uploads\/2021\/08\/6-Antologia-del-Fondo-de-Cultura-Economica-1031x1536.jpg 1031w, https:\/\/tiberiades.org\/wp-content\/uploads\/2021\/08\/6-Antologia-del-Fondo-de-Cultura-Economica.jpg 1214w\" sizes=\"auto, (max-width: 564px) 100vw, 564px\" \/><figcaption id=\"caption-attachment-5445\" class=\"wp-caption-text\">Antolog\u00eda del Fondo de Cultura Econ\u00f3mica<\/figcaption><\/figure>\n<h4 style=\"padding-left: 40px;\"><strong>Grieta matinal<\/strong><\/h4>\n<p style=\"padding-left: 40px;\">Cala tu miseria,<br \/>\nsond\u00e9ala, conoce sus m\u00e1s escondidas cavernas.<br \/>\nAceita los engranajes de tu miseria,<br \/>\nponla en tu camino, \u00e1brete paso con ella<br \/>\ny en cada puerta golpea<br \/>\ncon los blancos cart\u00edlagos de tu miseria.<br \/>\nComp\u00e1rala con la de otras gentes<br \/>\ny mide bien el asombro de sus diferencias,<br \/>\nla singular agudeza de sus bordes.<br \/>\nAmp\u00e1rate en los suaves \u00e1ngulos de tu miseria.<br \/>\nTen presente a cada hora<br \/>\nque su materia es tu materia,<br \/>\nel \u00fanico puerto del que conoces cada rada,<br \/>\ncada boya, cada se\u00f1al desde la c\u00e1lida tierra<br \/>\ndonde llegas a reinar como Crusoe<br \/>\nentre la muchedumbre de sombras<br \/>\nque te rozan y con las que tropiezas<br \/>\nsin entender su prop\u00f3sito ni su costumbre.<br \/>\nCultiva tu miseria,<br \/>\nhazla perdurable,<br \/>\nalim\u00e9ntate de su savia,<br \/>\nenvu\u00e9lvete en el manto tejido con sus m\u00e1s secretos hilos.<br \/>\nAprende a reconocerla entre todas,<br \/>\nno permitas que sea familiar a los otros<br \/>\nni que la prolonguen abusivamente los tuyos.<br \/>\nQue te sea como agua bautismal<br \/>\nbrotada de las grandes cloacas municipales,<br \/>\ncomo los arroyos que nacen en los mataderos.<br \/>\nQue se confunda con tus entra\u00f1as, tu miseria;<br \/>\nque contenga desde ahora los cap\u00edtulos de tu muerte,<br \/>\nlos elementos de tu m\u00e1s certero abandono.<br \/>\nNunca dejes de lado tu miseria,<br \/>\nas\u00ed descanses a su vera<br \/>\ncomo junto al blanco cuerpo<br \/>\ndel que se ha retirado el deseo.<br \/>\nTen siempre lista tu miseria,<br \/>\ny no permitas que se evada por distracci\u00f3n o enga\u00f1o.<br \/>\nAprende a reconocerla hasta en sus m\u00e1s breves signos:<br \/>\nel encogerse de las finas hojas del carbonero,<br \/>\nel abrirse de las flores con la primera frescura de la tarde,<br \/>\nla soledad de una jaula de circo varada en el lodo<br \/>\ndel camino, el holl\u00edn en los arrabales,<br \/>\nel vaso de lat\u00f3n que mide la sopa en los cuarteles,<br \/>\nla ropa desordenada de los ciegos,<br \/>\nlas campanillas que agotan su llamado<br \/>\nen el solar sembrado de eucaliptos,<br \/>\nel yodo de las navegaciones.<br \/>\nNo mezcles tu miseria en los asuntos de cada d\u00eda.<br \/>\nAprende a guardarla para las horas de tu solaz<br \/>\ny teje con ella la verdadera,<br \/>\nla sola materia perdurable<br \/>\nde tu episodio sobre la tierra.<\/p>\n<figure id=\"attachment_5446\" aria-describedby=\"caption-attachment-5446\" style=\"width: 640px\" class=\"wp-caption aligncenter\"><img loading=\"lazy\" decoding=\"async\" class=\"size-large wp-image-5446\" src=\"https:\/\/tiberiades.org\/wp-content\/uploads\/2021\/08\/7-Alvaro-Mutis-y-su-esposa-Carmen-Miracle-C.-M.-Fonseca-17-7-91-foto-de-A.-P.-Alencart-738x1024.jpg\" alt=\"\" width=\"640\" height=\"888\" srcset=\"https:\/\/tiberiades.org\/wp-content\/uploads\/2021\/08\/7-Alvaro-Mutis-y-su-esposa-Carmen-Miracle-C.-M.-Fonseca-17-7-91-foto-de-A.-P.-Alencart-738x1024.jpg 738w, https:\/\/tiberiades.org\/wp-content\/uploads\/2021\/08\/7-Alvaro-Mutis-y-su-esposa-Carmen-Miracle-C.-M.-Fonseca-17-7-91-foto-de-A.-P.-Alencart-216x300.jpg 216w, https:\/\/tiberiades.org\/wp-content\/uploads\/2021\/08\/7-Alvaro-Mutis-y-su-esposa-Carmen-Miracle-C.-M.-Fonseca-17-7-91-foto-de-A.-P.-Alencart-768x1066.jpg 768w, https:\/\/tiberiades.org\/wp-content\/uploads\/2021\/08\/7-Alvaro-Mutis-y-su-esposa-Carmen-Miracle-C.-M.-Fonseca-17-7-91-foto-de-A.-P.-Alencart.jpg 831w\" sizes=\"auto, (max-width: 640px) 100vw, 640px\" \/><figcaption id=\"caption-attachment-5446\" class=\"wp-caption-text\">\u00c1lvaro Mutis y su esposa Carmen Miracle, C. M. Fonseca, 17-7-91 (foto de A. P. Alencart)<\/figcaption><\/figure>\n<h4 style=\"padding-left: 40px;\"><strong>Ciudad<\/strong><\/h4>\n<p style=\"padding-left: 40px;\">Un llanto<br \/>\nun llanto de mujer<br \/>\ninterminable,<br \/>\nsosegado,<br \/>\ncasi tranquilo.<br \/>\nEn la noche, un llanto de mujer me ha despertado.<br \/>\nPrimero un ruido de cerradura,<br \/>\ndespu\u00e9s unos pies que vacilan<br \/>\ny luego, de pronto, el llanto.<br \/>\nSuspiros intermitentes<br \/>\ncomo ca\u00eddos de un agua interior,<br \/>\ndensa,<br \/>\nimperiosa,<br \/>\ninagotable,<br \/>\ncomo esclusa que acumula y libera sus aguas<br \/>\no como h\u00e9lice secreta<br \/>\nque detiene y reanuda su trabajo<br \/>\ntrasegando el blanco tiempo de la noche.<br \/>\nToda la ciudad se ha ido llenando de este llanto,<br \/>\nhasta los solares donde se amontonan las basuras,<br \/>\nbajo las c\u00fapulas de los hospitales,<br \/>\nsobre las terrazas del verano,<br \/>\nen las discretas celdas de la prostituci\u00f3n,<br \/>\nen los papeles que se deslizan por solitarias avenidas,<br \/>\ncon el tibio vaho de ciertas cocinas militares,<br \/>\nen las medallas que reposan en joyeros de teca,<br \/>\nun llanto de mujer que ha llorado largamente<br \/>\nen el cuarto vecino,<br \/>\npor todos los que cavan su tumba en el sue\u00f1o,<br \/>\npor los que vigilan la mina del tiempo,<br \/>\npor m\u00ed que lo escucho<br \/>\nsin conocer otra cosa<br \/>\nque su fr\u00e1gil rodar por la intemperie<br \/>\npersiguiendo las calladas arenas del alba.<\/p>\n<figure id=\"attachment_5447\" aria-describedby=\"caption-attachment-5447\" style=\"width: 640px\" class=\"wp-caption aligncenter\"><img loading=\"lazy\" decoding=\"async\" class=\"size-large wp-image-5447\" src=\"https:\/\/tiberiades.org\/wp-content\/uploads\/2021\/08\/8-Montejo-G.-Carrasco-Mutis-Jacqueline-Maria-Eugenia-Carmen-Shimose-Perez-Ariza-y-Contramaestre-foto-de-A.-P.-Alencart-en-el-Colegio-Fonseca-de-la-Universidad-de-Salamanca-1024x731.jpg\" alt=\"\" width=\"640\" height=\"457\" srcset=\"https:\/\/tiberiades.org\/wp-content\/uploads\/2021\/08\/8-Montejo-G.-Carrasco-Mutis-Jacqueline-Maria-Eugenia-Carmen-Shimose-Perez-Ariza-y-Contramaestre-foto-de-A.-P.-Alencart-en-el-Colegio-Fonseca-de-la-Universidad-de-Salamanca-1024x731.jpg 1024w, https:\/\/tiberiades.org\/wp-content\/uploads\/2021\/08\/8-Montejo-G.-Carrasco-Mutis-Jacqueline-Maria-Eugenia-Carmen-Shimose-Perez-Ariza-y-Contramaestre-foto-de-A.-P.-Alencart-en-el-Colegio-Fonseca-de-la-Universidad-de-Salamanca-300x214.jpg 300w, https:\/\/tiberiades.org\/wp-content\/uploads\/2021\/08\/8-Montejo-G.-Carrasco-Mutis-Jacqueline-Maria-Eugenia-Carmen-Shimose-Perez-Ariza-y-Contramaestre-foto-de-A.-P.-Alencart-en-el-Colegio-Fonseca-de-la-Universidad-de-Salamanca-768x548.jpg 768w, https:\/\/tiberiades.org\/wp-content\/uploads\/2021\/08\/8-Montejo-G.-Carrasco-Mutis-Jacqueline-Maria-Eugenia-Carmen-Shimose-Perez-Ariza-y-Contramaestre-foto-de-A.-P.-Alencart-en-el-Colegio-Fonseca-de-la-Universidad-de-Salamanca-1536x1097.jpg 1536w, https:\/\/tiberiades.org\/wp-content\/uploads\/2021\/08\/8-Montejo-G.-Carrasco-Mutis-Jacqueline-Maria-Eugenia-Carmen-Shimose-Perez-Ariza-y-Contramaestre-foto-de-A.-P.-Alencart-en-el-Colegio-Fonseca-de-la-Universidad-de-Salamanca-2048x1462.jpg 2048w\" sizes=\"auto, (max-width: 640px) 100vw, 640px\" \/><figcaption id=\"caption-attachment-5447\" class=\"wp-caption-text\">Montejo, G. Carrasco, Mutis, Jacqueline, Mar\u00eda Eugenia, Carmen, Shimose, P\u00e9rez Ariza y Contramaestre (foto de A. P. Alencart en el Colegio Fonseca de la Universidad de Salamanca)<\/figcaption><\/figure>\n<h4 style=\"padding-left: 40px;\"><strong>Sonata<\/strong><\/h4>\n<p style=\"padding-left: 40px;\">Otra vez el tiempo te ha tra\u00eddo<br \/>\nal cerco de mis sue\u00f1os funerales.<br \/>\nTu piel, cierta humedad salina,<br \/>\ntus ojos asombrados de otros d\u00edas,<br \/>\ncon tu voz han venido, con tu pelo.<br \/>\nEl tiempo, muchacha, que trabaja<br \/>\ncomo loba que entierra a sus cachorros<br \/>\ncomo \u00f3xido en las armas de caza,<br \/>\ncomo alga en la quilla del nav\u00edo,<br \/>\ncomo lengua que lame la sal de los dormidos,<br \/>\ncomo el aire que sube de las minas,<br \/>\ncono tren en la noche de los p\u00e1ramos.<br \/>\nDe su opaco trabajo nos nutrimos<br \/>\ncomo pan de cristiano o rancia carne<br \/>\nque enjuta la fiebre de los ghettos<br \/>\na la sombra del tiempo, amiga m\u00eda,<br \/>\nun agua mansa de acequia me devuelve<br \/>\nlo que guardo de ti para ayudarme<br \/>\na llegar hasta el fin de cada d\u00eda.<\/p>\n<figure id=\"attachment_5448\" aria-describedby=\"caption-attachment-5448\" style=\"width: 670px\" class=\"wp-caption aligncenter\"><img loading=\"lazy\" decoding=\"async\" class=\"size-full wp-image-5448\" src=\"https:\/\/tiberiades.org\/wp-content\/uploads\/2021\/08\/9-Alencart-Rojas-Westphalen-y-Mutis-Palacio-Real-de-Madrid-1991.-Foto-de-Jacqueline-Alencar.jpg\" alt=\"\" width=\"670\" height=\"492\" srcset=\"https:\/\/tiberiades.org\/wp-content\/uploads\/2021\/08\/9-Alencart-Rojas-Westphalen-y-Mutis-Palacio-Real-de-Madrid-1991.-Foto-de-Jacqueline-Alencar.jpg 670w, https:\/\/tiberiades.org\/wp-content\/uploads\/2021\/08\/9-Alencart-Rojas-Westphalen-y-Mutis-Palacio-Real-de-Madrid-1991.-Foto-de-Jacqueline-Alencar-300x220.jpg 300w\" sizes=\"auto, (max-width: 670px) 100vw, 670px\" \/><figcaption id=\"caption-attachment-5448\" class=\"wp-caption-text\">Alencart, Rojas, Westphalen y Mutis (Palacio Real de Madrid, 1991. Foto de Jacqueline Alencar)<\/figcaption><\/figure>\n<h4 style=\"padding-left: 40px;\"><strong>El deseo<\/strong><\/h4>\n<p style=\"padding-left: 40px;\">Hay que inventar una nueva soledad para el deseo.<br \/>\nUna vasta soledad de delgadas orillas<br \/>\nen donde se extienda a sus anchas el ronco sonido del deseo.<br \/>\nAbramos de nuevo todas las venas del placer.<br \/>\nQue salten los altos surtidores no importa hacia d\u00f3nde.<\/p>\n<p style=\"padding-left: 40px;\">Nada se ha hecho a\u00fan.<br \/>\nCuando ten\u00edamos algo andado, alguien se detuvo en el<br \/>\ncamino para ordenar sus vestiduras y todos se detuvieron tras \u00e9l.<\/p>\n<p style=\"padding-left: 40px;\">Sigamos la marcha.<br \/>\nHay cauces secos<br \/>\nen donde pueden viajar a\u00fan aguas magn\u00edficas.<\/p>\n<p style=\"padding-left: 40px;\">Recordad las bestias de que habl\u00e1bamos.<br \/>\nEllas pueden ayudarnos antes de que sea tarde<br \/>\ny torne la charanga a enturbiar el cielo<br \/>\ncon su m\u00fasica estridente.<\/p>\n<figure id=\"attachment_5449\" aria-describedby=\"caption-attachment-5449\" style=\"width: 517px\" class=\"wp-caption aligncenter\"><img loading=\"lazy\" decoding=\"async\" class=\" wp-image-5449\" src=\"https:\/\/tiberiades.org\/wp-content\/uploads\/2021\/08\/10-Antologia-editada-por-la-Usal-y-preparada-por-Carmen-Ruiz-Barrionuevo-1997-629x1024.jpg\" alt=\"\" width=\"517\" height=\"842\" srcset=\"https:\/\/tiberiades.org\/wp-content\/uploads\/2021\/08\/10-Antologia-editada-por-la-Usal-y-preparada-por-Carmen-Ruiz-Barrionuevo-1997-629x1024.jpg 629w, https:\/\/tiberiades.org\/wp-content\/uploads\/2021\/08\/10-Antologia-editada-por-la-Usal-y-preparada-por-Carmen-Ruiz-Barrionuevo-1997-184x300.jpg 184w, https:\/\/tiberiades.org\/wp-content\/uploads\/2021\/08\/10-Antologia-editada-por-la-Usal-y-preparada-por-Carmen-Ruiz-Barrionuevo-1997-768x1250.jpg 768w, https:\/\/tiberiades.org\/wp-content\/uploads\/2021\/08\/10-Antologia-editada-por-la-Usal-y-preparada-por-Carmen-Ruiz-Barrionuevo-1997-944x1536.jpg 944w, https:\/\/tiberiades.org\/wp-content\/uploads\/2021\/08\/10-Antologia-editada-por-la-Usal-y-preparada-por-Carmen-Ruiz-Barrionuevo-1997.jpg 995w\" sizes=\"auto, (max-width: 517px) 100vw, 517px\" \/><figcaption id=\"caption-attachment-5449\" class=\"wp-caption-text\">Antolog\u00eda editada por la Usal y preparada por Carmen Ruiz Barrionuevo (1997)<\/figcaption><\/figure>\n<h4 style=\"padding-left: 40px;\"><strong>Exilio<\/strong><\/h4>\n<p style=\"padding-left: 40px;\">Voz del exilio, voz de pozo cegado,<br \/>\nvoz hu\u00e9rfana, gran voz que se levanta<br \/>\ncomo hierba furiosa o pezu\u00f1a de bestia,<br \/>\nvoz sorda del exilio,<br \/>\nhoy ha brotado como una espesa sangre<br \/>\nreclamando mansamente su lugar<br \/>\nen alg\u00fan sitio del mundo.<br \/>\nHoy ha llamado en m\u00ed<br \/>\nel griter\u00edo de las aves que pasan en verde algarab\u00eda<br \/>\nsobre los cafetales, sobre las ceremoniosas hojas del banano,<br \/>\nsobre las heladas espumas que bajan de los p\u00e1ramos,<br \/>\ngolpeando y sonando<br \/>\ny arrastrando consigo la pulpa del caf\u00e9<br \/>\ny las densas flores de los c\u00e1mbulos.<\/p>\n<p style=\"padding-left: 40px;\">Hoy, algo se ha detenido dentro de m\u00ed,<br \/>\nun espeso remanso hace girar,<br \/>\nde pronto, lenta, dulcemente,<br \/>\nrescatados en la superficie agitada de sus aguas,<br \/>\nciertos d\u00edas, ciertas horas del pasado,<br \/>\na los que se aferra furiosamente<br \/>\nla materia m\u00e1s secreta y eficaz de mi vida.<br \/>\nFlotan ahora como troncos de tierno balso,<br \/>\nen serena evidencia de fieles testigos<br \/>\ny a ellos me acojo en este largo presente de exilado.<br \/>\nEn el caf\u00e9, en casa de amigos, tornan con dolor deste\u00f1ido<br \/>\nTeruel, Jarama, Madrid, Ir\u00fan, Somosierra, Valencia<br \/>\ny luego Perpignan, Arreglen, Dakar, Marsella.<br \/>\nA su rabia me uno, a su miseria<br \/>\ny olvido as\u00ed qui\u00e9n soy, de d\u00f3nde vengo,<br \/>\nhasta cuando una noche<br \/>\ncomienza el golpeteo de la lluvia<br \/>\ny corre el agua por las calles en silencio<br \/>\ny un olor h\u00famedo y cierto<br \/>\nme regresa a las grandes noches del Tolima<br \/>\nen donde un vasto desorden de aguas<br \/>\ngrita hasta el alba su vocer\u00edo vegetal;<br \/>\nsu destronado poder, entre las ramas del sombr\u00edo,<br \/>\nchorrea a\u00fan en la ma\u00f1ana<br \/>\nacallando el borboteo espeso de la miel<br \/>\nen los pulidos calderos de cobre.<\/p>\n<p style=\"padding-left: 40px;\">Y es entonces cuando peso mi exilio<br \/>\ny miro la irrescatable soledad de lo perdido<br \/>\npor lo que de anticipada muerte me corresponde<br \/>\nen cada hora, en cada d\u00eda de ausencia<br \/>\nque lleno con asuntos y con seres<br \/>\ncuya extranjera condici\u00f3n me empuja<br \/>\nhacia la cal definitiva<br \/>\nde un sue\u00f1o que roer\u00e1 sus propias vestiduras,<br \/>\nhechas de una corteza de materias<br \/>\ndesterradas por los a\u00f1os y el olvido.<\/p>\n<h4 style=\"padding-left: 40px;\"><strong>Nocturno<\/strong><\/h4>\n<p style=\"padding-left: 40px;\">La fiebre atrae el canto de un p\u00e1jaro andr\u00f3gino<br \/>\ny abre caminos a un placer insaciable<br \/>\nque se ramifica y cruza el cuerpo de la tierra.<br \/>\n\u00a1Oh el infructuoso navegar alrededor de las islas<br \/>\nf donde las mujeres ofrecen al viajero<br \/>\nla fresca balanza de sus senos<br \/>\ny una extensi\u00f3n de terror en las caderas!<br \/>\nLa piel p\u00e1lida y tersa del d\u00eda<br \/>\ncae como la c\u00e1scara de un fruto infame.<br \/>\nLa fiebre atrae el canto de los resumideros<br \/>\ndonde el agua atropella los desperdicios.<\/p>\n<figure id=\"attachment_5450\" aria-describedby=\"caption-attachment-5450\" style=\"width: 640px\" class=\"wp-caption aligncenter\"><img loading=\"lazy\" decoding=\"async\" class=\"size-large wp-image-5450\" src=\"https:\/\/tiberiades.org\/wp-content\/uploads\/2021\/08\/11-Alvaro-Mutis-y-Gonzalo-Rojas-en-la-Residencia-de-Estudiantes-1991.-foto-de-A.-P.-Alencart-1024x616.jpg\" alt=\"\" width=\"640\" height=\"385\" srcset=\"https:\/\/tiberiades.org\/wp-content\/uploads\/2021\/08\/11-Alvaro-Mutis-y-Gonzalo-Rojas-en-la-Residencia-de-Estudiantes-1991.-foto-de-A.-P.-Alencart-1024x616.jpg 1024w, https:\/\/tiberiades.org\/wp-content\/uploads\/2021\/08\/11-Alvaro-Mutis-y-Gonzalo-Rojas-en-la-Residencia-de-Estudiantes-1991.-foto-de-A.-P.-Alencart-300x181.jpg 300w, https:\/\/tiberiades.org\/wp-content\/uploads\/2021\/08\/11-Alvaro-Mutis-y-Gonzalo-Rojas-en-la-Residencia-de-Estudiantes-1991.-foto-de-A.-P.-Alencart-768x462.jpg 768w, https:\/\/tiberiades.org\/wp-content\/uploads\/2021\/08\/11-Alvaro-Mutis-y-Gonzalo-Rojas-en-la-Residencia-de-Estudiantes-1991.-foto-de-A.-P.-Alencart-1536x924.jpg 1536w, https:\/\/tiberiades.org\/wp-content\/uploads\/2021\/08\/11-Alvaro-Mutis-y-Gonzalo-Rojas-en-la-Residencia-de-Estudiantes-1991.-foto-de-A.-P.-Alencart-2048x1232.jpg 2048w\" sizes=\"auto, (max-width: 640px) 100vw, 640px\" \/><figcaption id=\"caption-attachment-5450\" class=\"wp-caption-text\">\u00c1lvaro Mutis y Gonzalo Rojas en la Residencia de Estudiantes (1991. foto de A. P. Alencart)<\/figcaption><\/figure>\n<h4 style=\"padding-left: 40px;\"><strong>Invocaci\u00f3n<\/strong><\/h4>\n<p style=\"padding-left: 40px;\">\u00bfQui\u00e9n convoc\u00f3 aqu\u00ed a estos personajes?<br \/>\n\u00bfCon qu\u00e9 voz y palabras fueron citados?<br \/>\n\u00bfPor qu\u00e9 se han permitido usar<br \/>\nel tiempo y la substancia de mi vida?<br \/>\n\u00bfDe d\u00f3nde son y hacia d\u00f3nde los orienta<br \/>\nel an\u00f3nimo destino que los trae a desfilar frente a nosotros?<br \/>\nQue los acoja, Se\u00f1or, el olvido.<br \/>\nQue en \u00e9l encuentren la paz,<br \/>\nel deshacerse de su breve materia,<br \/>\nel sosiego a sus almas impuras,<br \/>\nla quietud de sus cuitas impertinentes.<br \/>\nNo s\u00e9, en verdad, qui\u00e9nes son,<br \/>\nni por qu\u00e9 acudieron a m\u00ed<br \/>\npara participar en el breve instante<br \/>\nde la p\u00e1gina en blanco.<br \/>\nVanas gentes estas,<br \/>\ndadas, adem\u00e1s, a la mentira.<br \/>\nSu recuerdo, por fortuna,<br \/>\ncomienza a esfumarse<br \/>\nen la piadosa nada<br \/>\nque a todos habr\u00e1 de alojarnos.<br \/>\nAs\u00ed sea.<\/p>\n<figure id=\"attachment_5451\" aria-describedby=\"caption-attachment-5451\" style=\"width: 640px\" class=\"wp-caption aligncenter\"><img loading=\"lazy\" decoding=\"async\" class=\"size-large wp-image-5451\" src=\"https:\/\/tiberiades.org\/wp-content\/uploads\/2021\/08\/12-Wesphalen-Mutis-Rojas-y-Contramaestre-1991.-Foto-de-Jacqueline-Alencar-1024x645.jpg\" alt=\"\" width=\"640\" height=\"403\" srcset=\"https:\/\/tiberiades.org\/wp-content\/uploads\/2021\/08\/12-Wesphalen-Mutis-Rojas-y-Contramaestre-1991.-Foto-de-Jacqueline-Alencar-1024x645.jpg 1024w, https:\/\/tiberiades.org\/wp-content\/uploads\/2021\/08\/12-Wesphalen-Mutis-Rojas-y-Contramaestre-1991.-Foto-de-Jacqueline-Alencar-300x189.jpg 300w, https:\/\/tiberiades.org\/wp-content\/uploads\/2021\/08\/12-Wesphalen-Mutis-Rojas-y-Contramaestre-1991.-Foto-de-Jacqueline-Alencar-768x484.jpg 768w, https:\/\/tiberiades.org\/wp-content\/uploads\/2021\/08\/12-Wesphalen-Mutis-Rojas-y-Contramaestre-1991.-Foto-de-Jacqueline-Alencar.jpg 1143w\" sizes=\"auto, (max-width: 640px) 100vw, 640px\" \/><figcaption id=\"caption-attachment-5451\" class=\"wp-caption-text\">Wesphalen, Mutis, Rojas y Contramaestre (1991. Foto de Jacqueline Alencar)<\/figcaption><\/figure>\n<h4 style=\"padding-left: 40px;\"><strong>Am\u00e9n<\/strong><\/h4>\n<p style=\"padding-left: 40px;\">Que te acoja la muerte<br \/>\ncon todos tus sue\u00f1os intactos.<br \/>\nAl retorno de una furiosa adolescencia,<br \/>\nal comienzo de las vacaciones que nunca te dieron,<br \/>\nte distinguir\u00e1 la muerte con su primer aviso.<br \/>\nTe abrir\u00e1 los ojos a sus grandes aguas,<br \/>\nte iniciar\u00e1 en su constante brisa de otro mundo.<br \/>\nLa muerte se confundir\u00e1 con tus sue\u00f1os<br \/>\ny en ellos reconocer\u00e1 los signos<br \/>\nque anta\u00f1o fuera dejando,<br \/>\ncomo un cazador que a su regreso<br \/>\nreconoce sus marcas en la brecha.<\/p>\n<p><strong>\u00c1LVARO MUTIS EN SALAMANCA<br \/>\n<\/strong><em>(Parte de las fotograf\u00edas de Enrique Hern\u00e1ndez D\u2019Jes\u00fas, intervenidas por \u00c1lvaro Mutis)<br \/>\n<\/em><\/p>\n<p><img loading=\"lazy\" decoding=\"async\" class=\"size-full wp-image-5453 aligncenter\" src=\"https:\/\/tiberiades.org\/wp-content\/uploads\/2021\/08\/14-Alvaro-Mutis-en-Salamanca-Enrique-Hernandez-DJesus.jpg\" alt=\"\" width=\"675\" height=\"742\" srcset=\"https:\/\/tiberiades.org\/wp-content\/uploads\/2021\/08\/14-Alvaro-Mutis-en-Salamanca-Enrique-Hernandez-DJesus.jpg 675w, https:\/\/tiberiades.org\/wp-content\/uploads\/2021\/08\/14-Alvaro-Mutis-en-Salamanca-Enrique-Hernandez-DJesus-273x300.jpg 273w\" sizes=\"auto, (max-width: 675px) 100vw, 675px\" \/><\/p>\n<p><img loading=\"lazy\" decoding=\"async\" class=\"size-large wp-image-5454 aligncenter\" src=\"https:\/\/tiberiades.org\/wp-content\/uploads\/2021\/08\/15-Alvaro-Mutis-en-Salamanca-Enrique-Hernandez-DJesus-792x1024.jpg\" alt=\"\" width=\"640\" height=\"827\" srcset=\"https:\/\/tiberiades.org\/wp-content\/uploads\/2021\/08\/15-Alvaro-Mutis-en-Salamanca-Enrique-Hernandez-DJesus-792x1024.jpg 792w, https:\/\/tiberiades.org\/wp-content\/uploads\/2021\/08\/15-Alvaro-Mutis-en-Salamanca-Enrique-Hernandez-DJesus-232x300.jpg 232w, https:\/\/tiberiades.org\/wp-content\/uploads\/2021\/08\/15-Alvaro-Mutis-en-Salamanca-Enrique-Hernandez-DJesus-768x993.jpg 768w, https:\/\/tiberiades.org\/wp-content\/uploads\/2021\/08\/15-Alvaro-Mutis-en-Salamanca-Enrique-Hernandez-DJesus.jpg 944w\" sizes=\"auto, (max-width: 640px) 100vw, 640px\" \/><\/p>\n<p><img loading=\"lazy\" decoding=\"async\" class=\"aligncenter size-large wp-image-5455\" src=\"https:\/\/tiberiades.org\/wp-content\/uploads\/2021\/08\/16-Alvaro-Mutis-en-Salamanca-Enrique-Hernandez-DJesus-791x1024.jpg\" alt=\"\" width=\"640\" height=\"829\" srcset=\"https:\/\/tiberiades.org\/wp-content\/uploads\/2021\/08\/16-Alvaro-Mutis-en-Salamanca-Enrique-Hernandez-DJesus-791x1024.jpg 791w, https:\/\/tiberiades.org\/wp-content\/uploads\/2021\/08\/16-Alvaro-Mutis-en-Salamanca-Enrique-Hernandez-DJesus-232x300.jpg 232w, https:\/\/tiberiades.org\/wp-content\/uploads\/2021\/08\/16-Alvaro-Mutis-en-Salamanca-Enrique-Hernandez-DJesus-768x994.jpg 768w, https:\/\/tiberiades.org\/wp-content\/uploads\/2021\/08\/16-Alvaro-Mutis-en-Salamanca-Enrique-Hernandez-DJesus.jpg 935w\" sizes=\"auto, (max-width: 640px) 100vw, 640px\" \/><\/p>\n<p><img loading=\"lazy\" decoding=\"async\" class=\"aligncenter size-large wp-image-5456\" src=\"https:\/\/tiberiades.org\/wp-content\/uploads\/2021\/08\/17-Alvaro-Mutis-en-Salamanca-Enrique-Hernandez-DJesus-791x1024.jpg\" alt=\"\" width=\"640\" height=\"829\" srcset=\"https:\/\/tiberiades.org\/wp-content\/uploads\/2021\/08\/17-Alvaro-Mutis-en-Salamanca-Enrique-Hernandez-DJesus-791x1024.jpg 791w, https:\/\/tiberiades.org\/wp-content\/uploads\/2021\/08\/17-Alvaro-Mutis-en-Salamanca-Enrique-Hernandez-DJesus-232x300.jpg 232w, https:\/\/tiberiades.org\/wp-content\/uploads\/2021\/08\/17-Alvaro-Mutis-en-Salamanca-Enrique-Hernandez-DJesus-768x994.jpg 768w, https:\/\/tiberiades.org\/wp-content\/uploads\/2021\/08\/17-Alvaro-Mutis-en-Salamanca-Enrique-Hernandez-DJesus.jpg 816w\" sizes=\"auto, (max-width: 640px) 100vw, 640px\" \/><\/p>\n<p><img loading=\"lazy\" decoding=\"async\" class=\"aligncenter size-large wp-image-5457\" src=\"https:\/\/tiberiades.org\/wp-content\/uploads\/2021\/08\/18-Alvaro-Mutis-en-Salamanca-Enrique-Hernandez-DJesus-792x1024.jpg\" alt=\"\" width=\"640\" height=\"827\" srcset=\"https:\/\/tiberiades.org\/wp-content\/uploads\/2021\/08\/18-Alvaro-Mutis-en-Salamanca-Enrique-Hernandez-DJesus-792x1024.jpg 792w, https:\/\/tiberiades.org\/wp-content\/uploads\/2021\/08\/18-Alvaro-Mutis-en-Salamanca-Enrique-Hernandez-DJesus-232x300.jpg 232w, https:\/\/tiberiades.org\/wp-content\/uploads\/2021\/08\/18-Alvaro-Mutis-en-Salamanca-Enrique-Hernandez-DJesus-768x993.jpg 768w, https:\/\/tiberiades.org\/wp-content\/uploads\/2021\/08\/18-Alvaro-Mutis-en-Salamanca-Enrique-Hernandez-DJesus.jpg 927w\" sizes=\"auto, (max-width: 640px) 100vw, 640px\" \/><img loading=\"lazy\" decoding=\"async\" class=\"aligncenter size-large wp-image-5458\" src=\"https:\/\/tiberiades.org\/wp-content\/uploads\/2021\/08\/19-Alvaro-Mutis-en-Salamanca-Enrique-Hernandez-DJesus-792x1024.jpg\" alt=\"\" width=\"640\" height=\"827\" srcset=\"https:\/\/tiberiades.org\/wp-content\/uploads\/2021\/08\/19-Alvaro-Mutis-en-Salamanca-Enrique-Hernandez-DJesus-792x1024.jpg 792w, https:\/\/tiberiades.org\/wp-content\/uploads\/2021\/08\/19-Alvaro-Mutis-en-Salamanca-Enrique-Hernandez-DJesus-232x300.jpg 232w, https:\/\/tiberiades.org\/wp-content\/uploads\/2021\/08\/19-Alvaro-Mutis-en-Salamanca-Enrique-Hernandez-DJesus-768x993.jpg 768w, https:\/\/tiberiades.org\/wp-content\/uploads\/2021\/08\/19-Alvaro-Mutis-en-Salamanca-Enrique-Hernandez-DJesus.jpg 808w\" sizes=\"auto, (max-width: 640px) 100vw, 640px\" \/><\/p>\n<p>Foto de cabecera: \u00c1lvaro Mutis y Jacqueline Alencar (Salamanca 1991, foto de A. P. Alencar)<\/p>\n","protected":false},"excerpt":{"rendered":"<p>Ayer cumpli\u00f3 a\u00f1os \u00c1lvaro Mutis, sumando otro anillo al \u00e1rbol hasta llegar a los 96, pues hab\u00eda nacido en Bogot\u00e1 el 25 de agosto de 1923. Celebro su vida, pues no me interesan las necrol\u00f3gicas y menos las que se estilan hacer a los personajes reconocidos, casi siempre preparadas con antelaci\u00f3n y, por lo general, destilando una melosidad desagradable. \u00a1Y [&hellip;]<\/p>\n","protected":false},"author":2,"featured_media":5460,"comment_status":"open","ping_status":"closed","sticky":false,"template":"","format":"standard","meta":{"footnotes":""},"categories":[4],"tags":[148,437],"class_list":["post-5464","post","type-post","status-publish","format-standard","has-post-thumbnail","hentry","category-alfredo-perez-alencart","tag-alfredo-perez-alencart","tag-alvaro-mutis"],"_links":{"self":[{"href":"https:\/\/tiberiades.org\/index.php?rest_route=\/wp\/v2\/posts\/5464","targetHints":{"allow":["GET"]}}],"collection":[{"href":"https:\/\/tiberiades.org\/index.php?rest_route=\/wp\/v2\/posts"}],"about":[{"href":"https:\/\/tiberiades.org\/index.php?rest_route=\/wp\/v2\/types\/post"}],"author":[{"embeddable":true,"href":"https:\/\/tiberiades.org\/index.php?rest_route=\/wp\/v2\/users\/2"}],"replies":[{"embeddable":true,"href":"https:\/\/tiberiades.org\/index.php?rest_route=%2Fwp%2Fv2%2Fcomments&post=5464"}],"version-history":[{"count":4,"href":"https:\/\/tiberiades.org\/index.php?rest_route=\/wp\/v2\/posts\/5464\/revisions"}],"predecessor-version":[{"id":5554,"href":"https:\/\/tiberiades.org\/index.php?rest_route=\/wp\/v2\/posts\/5464\/revisions\/5554"}],"wp:featuredmedia":[{"embeddable":true,"href":"https:\/\/tiberiades.org\/index.php?rest_route=\/wp\/v2\/media\/5460"}],"wp:attachment":[{"href":"https:\/\/tiberiades.org\/index.php?rest_route=%2Fwp%2Fv2%2Fmedia&parent=5464"}],"wp:term":[{"taxonomy":"category","embeddable":true,"href":"https:\/\/tiberiades.org\/index.php?rest_route=%2Fwp%2Fv2%2Fcategories&post=5464"},{"taxonomy":"post_tag","embeddable":true,"href":"https:\/\/tiberiades.org\/index.php?rest_route=%2Fwp%2Fv2%2Ftags&post=5464"}],"curies":[{"name":"wp","href":"https:\/\/api.w.org\/{rel}","templated":true}]}}