{"id":5632,"date":"2021-09-25T12:24:27","date_gmt":"2021-09-25T10:24:27","guid":{"rendered":"https:\/\/tiberiades.org\/?p=5632"},"modified":"2021-10-02T19:53:38","modified_gmt":"2021-10-02T17:53:38","slug":"a-p-alencart-cintio-vitier-primera-centuria-vision-de-salamanca-y-el-coronado-de-espinas","status":"publish","type":"post","link":"https:\/\/tiberiades.org\/?p=5632","title":{"rendered":"Cintio Vitier, primera centuria: visi\u00f3n de Salamanca y el Coronado de espinas"},"content":{"rendered":"<p>Hoy se cumple el primer centenario del excelente poeta cubano Cintio Vitier (1921-2009)<\/p>\n<p>Creo q recordar que fue hacia finales de 1994 cuando conoc\u00ed personalmente a Cintio Vitier y a Fina Garc\u00eda Marruz. Hab\u00edan venido a Salamanca, invitados por la profesora Carmen Ruiz Barrionuevo. Con ellos tambi\u00e9n lleg\u00f3 el poeta Roberto Fern\u00e1ndez Retamar, entonces conocido en el mundo literario latinoamericano por ser director de Casa de las Am\u00e9ricas.<\/p>\n<p>Esos d\u00edas habl\u00e9 bastante con Cintio y Fina, especialmente en la recepci\u00f3n del Colegio Fonseca: nos un\u00eda la amistad con Gast\u00f3n Baquero, una amistad que entre ellos se hab\u00eda suspendido durante varias d\u00e9cadas de exilio, por parte del de Banes, y de compromiso con la Revoluci\u00f3n, por parte de esta pareja de excelentes poetas y personas.<\/p>\n<p>Yo estaba culminando la recopilaci\u00f3n de la obra completa de Gast\u00f3n Baquero, por encargo de la Fundaci\u00f3n Central Hispano, y, como ten\u00eda las primeras pruebas, se las ense\u00f1\u00e9 a ambos. Fina me coment\u00f3 que faltaba un poema cuyo manuscrito ella ten\u00eda en su poder, en La Habana, el cual hab\u00eda sido escrito por Baquero cuando ten\u00eda 16 o 17 a\u00f1os (luego ella me lo envi\u00f3, por fax, gracias a la gesti\u00f3n de Carlos Barb\u00e1chano, agregado cultural de la embajada espa\u00f1ola en Cuba).<\/p>\n<p>Con Cintio habl\u00e9 mucho sobre Biblia y Poes\u00eda, lecciones que nunca olvido. Entonces me coment\u00f3 que \u00e9l hab\u00eda escrito un poema a Salamanca, cuando estuvo por vez primera en esta ciudad de su admirado Fray Luis de Le\u00f3n.<\/p>\n<p>Hoy he querido recuperar dicho texto.<\/p>\n<p>&nbsp;<\/p>\n<figure id=\"attachment_5626\" aria-describedby=\"caption-attachment-5626\" style=\"width: 640px\" class=\"wp-caption aligncenter\"><img loading=\"lazy\" decoding=\"async\" class=\"size-large wp-image-5626\" src=\"https:\/\/tiberiades.org\/wp-content\/uploads\/2021\/09\/2-Salamanca-de-Miguel-Elias-1024x641.jpg\" alt=\"\" width=\"640\" height=\"401\" srcset=\"https:\/\/tiberiades.org\/wp-content\/uploads\/2021\/09\/2-Salamanca-de-Miguel-Elias-1024x641.jpg 1024w, https:\/\/tiberiades.org\/wp-content\/uploads\/2021\/09\/2-Salamanca-de-Miguel-Elias-300x188.jpg 300w, https:\/\/tiberiades.org\/wp-content\/uploads\/2021\/09\/2-Salamanca-de-Miguel-Elias-768x481.jpg 768w, https:\/\/tiberiades.org\/wp-content\/uploads\/2021\/09\/2-Salamanca-de-Miguel-Elias.jpg 1116w\" sizes=\"auto, (max-width: 640px) 100vw, 640px\" \/><figcaption id=\"caption-attachment-5626\" class=\"wp-caption-text\">Salamanca, de Miguel El\u00edas<\/figcaption><\/figure>\n<h4 style=\"padding-left: 40px;\">VISI\u00d3N DE SALAMANCA<\/h4>\n<p style=\"padding-left: 40px;\">El dorado plateresco me est\u00e1 dando en la cara<br \/>\nen la tarde sosegada como un regazo maternal.<br \/>\nSiento ahora que vienen atravesando mis distancias<br \/>\nla rodilla misteriosa de la piedra y el amor de la mirada<br \/>\nque penetra como un pa\u00f1o azul las torres y las crester\u00edas.<br \/>\nLos lugares se pierden en la palidez dign\u00edsima del pobre<br \/>\nque otra vez me acompa\u00f1a a ver las escamas de blancura<br \/>\no la noche prenatal del claustro en que escuchamos<br \/>\nla resistencia de los ce\u00f1os como un t\u00edmido horizonte.<br \/>\nNuestro paso en la tierra me recorre sin amparo,<br \/>\nsus ojos, mientras bebe la cerveza me destruyen gravemente<br \/>\ncomo si recordaran algo que tornara imposible lo que va a suceder,<br \/>\ny turbados nos alzamos para el desconocido sacrificio<br \/>\narrop\u00e1ndonos en la orfandad y terciopelo del idioma.<br \/>\nLa tarde coge el oro y solemne en otras manos lo conf\u00eda.<br \/>\nLuego estoy perdido deseando el panal de las estrellas insondable<br \/>\ny a punto de aclararse la dulzura que ardiente me posee<br \/>\ncuando el instante inesperado se abre y nos espera<br \/>\ndesde la fundaci\u00f3n tenebrosa de mi pecho.<\/p>\n<p style=\"padding-left: 40px;\"><em>(Sustancia, 1950)<\/em><\/p>\n<figure id=\"attachment_5624\" aria-describedby=\"caption-attachment-5624\" style=\"width: 420px\" class=\"wp-caption aligncenter\"><img loading=\"lazy\" decoding=\"async\" class=\"size-full wp-image-5624\" src=\"https:\/\/tiberiades.org\/wp-content\/uploads\/2021\/09\/3-Cristo-de-Miguel-Elias.jpg\" alt=\"\" width=\"420\" height=\"681\" srcset=\"https:\/\/tiberiades.org\/wp-content\/uploads\/2021\/09\/3-Cristo-de-Miguel-Elias.jpg 420w, https:\/\/tiberiades.org\/wp-content\/uploads\/2021\/09\/3-Cristo-de-Miguel-Elias-185x300.jpg 185w\" sizes=\"auto, (max-width: 420px) 100vw, 420px\" \/><figcaption id=\"caption-attachment-5624\" class=\"wp-caption-text\">Cristo, de Miguel El\u00edas<\/figcaption><\/figure>\n<p>Dec\u00eda al principio, que Cintio fue el primer poeta de dilatada trayectoria que me habl\u00f3 de leer la Biblia y aprender de los grandes profetas y poetas contenidos en el Libro de los Libros, empezando por Jes\u00fas.Yo era un joven incr\u00e9dulo y bastante hura\u00f1o a cualquier idea o pr\u00e1ctica religiosa; pero Cintio supo interesarme en las Escrituras, indic\u00e1ndome que, si quer\u00eda lograr la excelencia, deb\u00eda ir a la fuente de la Excelencia. Y qued\u00f3 en m\u00ed la interrogante: \u00bfC\u00f3mo un magn\u00edfico poeta pod\u00eda estar hablando de la Biblia y de Cristo? Mi supina ignorancia.<\/p>\n<p>Gracias a Dios, solo qued\u00f3 entre las muchas dudas \u00edntimas que entonces ten\u00eda. En otro lugar he expuesto con amplitud ese encuentro con Cintio Vitier.<\/p>\n<p>Y digo esto como prefacio para presentar cuatro poemas suyos, plenos de Cristo. Dice en otro texto suyo: \u201cEl \u00fanico poder en que creo\/ fue coronado de espinas\u201d. Y de cierto que. trat\u00e1ndose de un cubano que se qued\u00f3 en Cuba, tambi\u00e9n muchas espinas se lanzar\u00e1n contra \u00e9l, aunque ya est\u00e9 muerto. La ideolog\u00eda pol\u00edtica es nefasta cuando se extreman los vituperios y se esconde hasta lo poco bueno que haya podido hacer el denostado \u2018rival\u2019. Pero eso entre cristianos no deber\u00eda darse, entiendo, a pesar de las posturas o bander\u00edas diferentes de cada uno: Cristo es, felizmente, el centro, la torre donde llegar para curar nuestras inmundas llagas.<\/p>\n<p>Ahora prefiero exponer la savia de Cristo decantada en los versos de Vitier, quien otrora recibiera el Premio Nacional de Literatura (Cuba, 1988) o el Premio Juan Rulfo (M\u00e9xico, 2002), el m\u00e1s prestigioso premio que se otorga en tierras americanas. Entre sus libros y antolog\u00edas po\u00e9ticas, podemos citar <em>V\u00edsperas<\/em> (1953), <em>La luz del imposible<\/em> (1957), <em>Testimonios<\/em> (1968), <em>La fecha al pie<\/em> (1968)<em>,<\/em> <em>Hojas perdidizas<\/em> (1988), <em>Palabras a la aridez<\/em> (1989), <em>Poemas de Mayo y Junio<\/em> (1990), <em>Nupcias<\/em> (1993), <em>Dama Pobreza<\/em> (1994) o <em>Poes\u00eda<\/em> (1997).<\/p>\n<p>Y como el Se\u00f1or cuando el pasaje de la samaritana, al genuino creyente en Cristo tendr\u00eda que advertirle si est\u00e1 libre de Todo pecado, antes de arrojar la piedra (ideol\u00f3gica).<\/p>\n<p>Que el Coronado de espinas siga acompa\u00f1ando a Cintio.<\/p>\n<h4 style=\"padding-left: 40px;\">\nEN TU RED<\/h4>\n<p style=\"padding-left: 40px;\">Alt\u00edsimo t\u00fa solo<strong>,<\/strong> desprovisto<br \/>\nde toda vacuidad y todo enga\u00f1o,<br \/>\nsi no pude seguirte por mi da\u00f1o,<br \/>\npor tu gracia te vi mirarme, Cristo.<\/p>\n<p style=\"padding-left: 40px;\">Por tu palabra s\u00e9 que s\u00f3lo existo<br \/>\nsi toco a tientas la orla de tu pa\u00f1o,<br \/>\naunque despu\u00e9s me quede solo, hura\u00f1o,<br \/>\ndesdichado de m\u00ed, donde resisto.<\/p>\n<p style=\"padding-left: 40px;\">Porque en mi ser otra pasi\u00f3n se halla,<br \/>\nla de no ser, la de faltar, la oscura,<br \/>\ntorn\u00e1ndome este campo de batalla<\/p>\n<p style=\"padding-left: 40px;\">que es el mundo completo, en miniatura.<br \/>\nMas si salta en tu red tu criatura,<br \/>\n\u00a1\u00e1lzala, pescador, hasta tu playa!<\/p>\n<p><em>&nbsp;<\/em><\/p>\n<p><img loading=\"lazy\" decoding=\"async\" class=\"aligncenter  wp-image-5627\" src=\"https:\/\/tiberiades.org\/wp-content\/uploads\/2021\/09\/4-2-724x1024.jpg\" alt=\"\" width=\"595\" height=\"841\" srcset=\"https:\/\/tiberiades.org\/wp-content\/uploads\/2021\/09\/4-2-724x1024.jpg 724w, https:\/\/tiberiades.org\/wp-content\/uploads\/2021\/09\/4-2-212x300.jpg 212w, https:\/\/tiberiades.org\/wp-content\/uploads\/2021\/09\/4-2-768x1086.jpg 768w, https:\/\/tiberiades.org\/wp-content\/uploads\/2021\/09\/4-2.jpg 842w\" sizes=\"auto, (max-width: 595px) 100vw, 595px\" \/><\/p>\n<h4 style=\"padding-left: 40px;\">T\u00da ME HICISTE<\/h4>\n<p style=\"padding-left: 40px;\">(Santiago, III)<\/p>\n<p style=\"padding-left: 40px;\">T\u00fa me hiciste: que ellos<br \/>\nahora me deshagan,<br \/>\nque en sus manos oscuras<br \/>\na\u00fan quema tu venganza.<\/p>\n<p style=\"padding-left: 40px;\">Hiri\u00e9ndonos vivimos,<br \/>\nla sangre ardiente mana,<br \/>\nd\u00e1ndonos testimonio<br \/>\nde una invisible llaga.<\/p>\n<p style=\"padding-left: 40px;\">La lengua entre los miembros<br \/>\nest\u00e1 contaminada,<br \/>\ninflama la creaci\u00f3n,<br \/>\ndel infierno inflamada.<\/p>\n<p style=\"padding-left: 40px;\">Las bestias y las aves,<br \/>\nla serpiente es domada,<br \/>\nmas la lengua de fuego<br \/>\nborra la semejanza.<\/p>\n<p style=\"padding-left: 40px;\">Y el gesto, y la amargura,<br \/>\ny la pobre mirada,<br \/>\nvan abriendo la carne,<br \/>\npudri\u00e9ndonos el alma.<\/p>\n<p style=\"padding-left: 40px;\">Cuando expriman la piel,<br \/>\nal foso sea echada:<br \/>\ncarro\u00f1a cainita,<br \/>\ntu mano la rehaga.<\/p>\n<p style=\"padding-left: 40px;\"><em>&nbsp;<\/em><\/p>\n<figure id=\"attachment_5628\" aria-describedby=\"caption-attachment-5628\" style=\"width: 643px\" class=\"wp-caption aligncenter\"><img loading=\"lazy\" decoding=\"async\" class=\" wp-image-5628\" src=\"https:\/\/tiberiades.org\/wp-content\/uploads\/2021\/09\/5-Cristo-en-la-Cruz-de-Miguel-Elias-839x1024.jpg\" alt=\"\" width=\"643\" height=\"785\" srcset=\"https:\/\/tiberiades.org\/wp-content\/uploads\/2021\/09\/5-Cristo-en-la-Cruz-de-Miguel-Elias-839x1024.jpg 839w, https:\/\/tiberiades.org\/wp-content\/uploads\/2021\/09\/5-Cristo-en-la-Cruz-de-Miguel-Elias-246x300.jpg 246w, https:\/\/tiberiades.org\/wp-content\/uploads\/2021\/09\/5-Cristo-en-la-Cruz-de-Miguel-Elias-768x937.jpg 768w, https:\/\/tiberiades.org\/wp-content\/uploads\/2021\/09\/5-Cristo-en-la-Cruz-de-Miguel-Elias-1259x1536.jpg 1259w, https:\/\/tiberiades.org\/wp-content\/uploads\/2021\/09\/5-Cristo-en-la-Cruz-de-Miguel-Elias-1678x2048.jpg 1678w\" sizes=\"auto, (max-width: 643px) 100vw, 643px\" \/><figcaption id=\"caption-attachment-5628\" class=\"wp-caption-text\">Cristo en la Cruz, de Miguel El\u00edas)<\/figcaption><\/figure>\n<h4 style=\"padding-left: 40px;\">PLEGARIA<\/h4>\n<p style=\"padding-left: 40px;\"><em>(Fragmento)<\/em><\/p>\n<p style=\"padding-left: 40px;\"><em>Sensaci\u00f3n general de algo abierto.\/\/ La ventana da al cielo,\/ el cielo al cielo.\/\/La vena abierta.\/\/ La llaga abierta.\/\/ \u2026 En lo cerrado lo abierto\/ como su parte principal,\/&nbsp; la que lo abre\/ a lo cerrado,\/ la que lo sella como cerrado,\/ cerrado-abierto.\/\/ Desaguadero, desangramiento\/ \u00bfd\u00f3nde?\/ Siempre hacia arriba, o difuso\/ por las entra\u00f1as, hacia los cielos\/ que se abren unos a otros\/ con la velocidad de lo inm\u00f3vil.\/\/ Estoy inm\u00f3vil volando\/ a la velocidad del pensamiento,\/ del deseo, de la nada,\/ de la crueldad, de la plegaria.\/\/ El mundo est\u00e1 sali\u00e9ndose de s\u00ed,\/ vuela conmigo lento como un \u00e1guila\/ que es el espacio que a s\u00ed mismo se perfora.\/\/ (\u2026) Lo final es lo abierto\/ pero d\u00f3nde\/ si el d\u00f3nde es un cerrojo.\/\/ <\/em><em>Isla <\/em><em>abierta<\/em><em>, <\/em><em>mar abierto, cielo abierto,\/ hombre abierto, Dios abierto\/ por el lanzazo en el costado.\/\/ Dios de cabeza\/ desde su espacio, manando hacia arriba\/ la sangre de su costado, el agua.\/\/ El agua siempre abierta,\/ sin orillas, encima de los cielos, primer cielo,\/ las aguas del principio\/ donde se empolla la vida.\/\/ (\u2026) El inmenso torrente de la ausencia\/ desplom\u00e1ndose hacia arriba,\/ hacia afuera, succionando\/ cada part\u00edcula visible.\/\/ Lo visible como cerrado:\/ parte de lo abierto, lo invisible,\/ que bondadosamente, a cada instante,\/ lo ayuda a estar cerrado, a parecerlo.\/\/ Pacto de lo visible y lo invisible,\/ de lo ya visto con lo que todav\u00eda no se ve,\/ con lo que se ver\u00e1 pero \u00bfcu\u00e1ndo?\/ \u00bfD\u00f3nde?\/\/ Pacto de lo cerrado con lo abierto.\/\/ El grito, el alarido, la sangre derramada,\/ el mar furioso\/ contra sus l\u00edmites, los r\u00edos que se salen\/ de madre.\/\/ Pero no ahora.\/\/ Sin duda estallaremos.\/\/ Pero no ahora.\/\/ Ahora estamos en la serenidad del estallido, volando hacia lo abierto con la velocidad de una plegaria.\/\/ Mi plegaria es mirar\/ el sill\u00f3n de hierro que estaba roto,\/ ahora sano,\/ inm\u00f3vil en la terraza abierta.<\/em><\/p>\n<h4 style=\"padding-left: 40px;\">\nEL RESURRECTO<\/h4>\n<p style=\"padding-left: 40px;\">En un d\u00eda agonizo y resucito<br \/>\nsin m\u00e1s cruz ni milagro que la vida:<br \/>\nestupor de la tarde inmerecida,<br \/>\nserenidad que se dir\u00eda mito.<\/p>\n<p style=\"padding-left: 40px;\">Paso angustia y rencor, el sordo grito<br \/>\napenas late en la memoria herida,<br \/>\nlos \u00e1rboles me dan la bienvenida,<br \/>\na re\u00edr en mi ciclo los invito.<\/p>\n<p style=\"padding-left: 40px;\">Poema de la luz, entra en la sombra<br \/>\ny no dejes que pierda la esperanza<br \/>\ncuando vuelva a sentir que no me nombra.<\/p>\n<p style=\"padding-left: 40px;\">Si eres mentira t\u00fa, no se me alcanza<br \/>\nqu\u00e9 puede ser verdad. Morir me asombra.<br \/>\nLa noche est\u00e1 estrellada, y todo danza.<\/p>\n<p>&nbsp;<\/p>\n<figure id=\"attachment_5629\" aria-describedby=\"caption-attachment-5629\" style=\"width: 582px\" class=\"wp-caption aligncenter\"><img loading=\"lazy\" decoding=\"async\" class=\" wp-image-5629\" src=\"https:\/\/tiberiades.org\/wp-content\/uploads\/2021\/09\/6-Cintio-Vitier-y-Fina-Garcia-Marruz-en-Salamanca-foto-de-A.-P.-Alencart-710x1024.jpg\" alt=\"\" width=\"582\" height=\"839\" srcset=\"https:\/\/tiberiades.org\/wp-content\/uploads\/2021\/09\/6-Cintio-Vitier-y-Fina-Garcia-Marruz-en-Salamanca-foto-de-A.-P.-Alencart-710x1024.jpg 710w, https:\/\/tiberiades.org\/wp-content\/uploads\/2021\/09\/6-Cintio-Vitier-y-Fina-Garcia-Marruz-en-Salamanca-foto-de-A.-P.-Alencart-208x300.jpg 208w, https:\/\/tiberiades.org\/wp-content\/uploads\/2021\/09\/6-Cintio-Vitier-y-Fina-Garcia-Marruz-en-Salamanca-foto-de-A.-P.-Alencart-768x1108.jpg 768w, https:\/\/tiberiades.org\/wp-content\/uploads\/2021\/09\/6-Cintio-Vitier-y-Fina-Garcia-Marruz-en-Salamanca-foto-de-A.-P.-Alencart.jpg 921w\" sizes=\"auto, (max-width: 582px) 100vw, 582px\" \/><figcaption id=\"caption-attachment-5629\" class=\"wp-caption-text\">Cintio Vitier y Fina Garc\u00eda Marruz, en Salamanca (foto de A. P. Alencart)<\/figcaption><\/figure>\n<p>Cintio Vitier (La Habana, 1921 &#8211; 2009) Poeta, cr\u00edtico e historiador cubano, uno de los miembros principales del grupo Or\u00edgenes. Su vida estuvo siempre marcada por la dedicaci\u00f3n a las letras, como investigador, divulgador, cr\u00edtico y escritor que cultiv\u00f3 la poes\u00eda, por encima de todos los g\u00e9neros, y ocasionalmente la novela. Como poeta, su obra apareci\u00f3 siempre reunida en diferentes vol\u00famenes comoV\u00edsperas (1933-1953) o Testimonios (1953-1968), y m\u00e1s tarde en Antolog\u00eda po\u00e9tica (1981) y Nupcias (1993). Otros poemarios suyos son Poemas de mayo y junio (1989) y Dama pobreza (1995). Su obra po\u00e9tica se divide en dos etapas: una primera marcada por la reflexi\u00f3n m\u00edstica, intimista, y representada por los poemas recogidos en V\u00edsperas, y una segunda etapa influida por la Revoluci\u00f3n cubana, a la que se adhiri\u00f3 desde sus convicciones cristianas. Se ha dicho que su poes\u00eda est\u00e1 presidida por la inteligencia, no abstracta y conceptual sino m\u00edstica, que parte de una oscura ra\u00edz y evoluciona hacia una forma l\u00facida y coherente, incluso en el cuidado de la m\u00e9trica, como se percibe en el poema Imposible, que el poeta incluy\u00f3 en su primera entrega colectiva. Con el tiempo, su preocupaci\u00f3n se centr\u00f3 en el lenguaje y en una progresiva reducci\u00f3n de su naturaleza m\u00e1gica. Cintio Vitier desarroll\u00f3 tambi\u00e9n una importante labor de historiador y cr\u00edtico literario. Entre sus ensayos cabe destacar Ese sol del mundo moral (1975), Temas martianos (1982) -escrito en colaboraci\u00f3n con su esposa, la poetisa Fina Garc\u00eda Marruz, Cr\u00edtica cubana (1988) y Obras II. Lo cubano en la poes\u00eda (1998). De sus novelas merecen mencionarse De Pe\u00f1a Pobre (1980), en la que recorre cien a\u00f1os de la historia cubana desde 1895, y Los papeles de Jacinto Final\u00e9 (1984). <em>Blog Biograf\u00edas y Vida.<\/em><\/p>\n<p>&nbsp;<\/p>\n<p>Foto de cabecera: Roberto Fern\u00e1ndez Retamar, A. P. Alencart y Cintio Vitier (1994)<\/p>\n<p>&nbsp;<\/p>\n<p>&nbsp;<\/p>\n<p>&nbsp;<\/p>\n","protected":false},"excerpt":{"rendered":"<p>Hoy se cumple el primer centenario del excelente poeta cubano Cintio Vitier (1921-2009) Creo q recordar que fue hacia finales de 1994 cuando conoc\u00ed personalmente a Cintio Vitier y a Fina Garc\u00eda Marruz. Hab\u00edan venido a Salamanca, invitados por la profesora Carmen Ruiz Barrionuevo. Con ellos tambi\u00e9n lleg\u00f3 el poeta Roberto Fern\u00e1ndez Retamar, entonces conocido en el mundo literario latinoamericano [&hellip;]<\/p>\n","protected":false},"author":2,"featured_media":5625,"comment_status":"open","ping_status":"closed","sticky":false,"template":"","format":"standard","meta":{"footnotes":""},"categories":[4],"tags":[148,463],"class_list":["post-5632","post","type-post","status-publish","format-standard","has-post-thumbnail","hentry","category-alfredo-perez-alencart","tag-alfredo-perez-alencart","tag-cintio-vitier"],"_links":{"self":[{"href":"https:\/\/tiberiades.org\/index.php?rest_route=\/wp\/v2\/posts\/5632","targetHints":{"allow":["GET"]}}],"collection":[{"href":"https:\/\/tiberiades.org\/index.php?rest_route=\/wp\/v2\/posts"}],"about":[{"href":"https:\/\/tiberiades.org\/index.php?rest_route=\/wp\/v2\/types\/post"}],"author":[{"embeddable":true,"href":"https:\/\/tiberiades.org\/index.php?rest_route=\/wp\/v2\/users\/2"}],"replies":[{"embeddable":true,"href":"https:\/\/tiberiades.org\/index.php?rest_route=%2Fwp%2Fv2%2Fcomments&post=5632"}],"version-history":[{"count":4,"href":"https:\/\/tiberiades.org\/index.php?rest_route=\/wp\/v2\/posts\/5632\/revisions"}],"predecessor-version":[{"id":5683,"href":"https:\/\/tiberiades.org\/index.php?rest_route=\/wp\/v2\/posts\/5632\/revisions\/5683"}],"wp:featuredmedia":[{"embeddable":true,"href":"https:\/\/tiberiades.org\/index.php?rest_route=\/wp\/v2\/media\/5625"}],"wp:attachment":[{"href":"https:\/\/tiberiades.org\/index.php?rest_route=%2Fwp%2Fv2%2Fmedia&parent=5632"}],"wp:term":[{"taxonomy":"category","embeddable":true,"href":"https:\/\/tiberiades.org\/index.php?rest_route=%2Fwp%2Fv2%2Fcategories&post=5632"},{"taxonomy":"post_tag","embeddable":true,"href":"https:\/\/tiberiades.org\/index.php?rest_route=%2Fwp%2Fv2%2Ftags&post=5632"}],"curies":[{"name":"wp","href":"https:\/\/api.w.org\/{rel}","templated":true}]}}