{"id":5785,"date":"2021-10-31T11:51:26","date_gmt":"2021-10-31T09:51:26","guid":{"rendered":"https:\/\/tiberiades.org\/?p=5785"},"modified":"2021-10-31T11:51:26","modified_gmt":"2021-10-31T09:51:26","slug":"alfredo-perez-alencart-aqui-estoy-para-vivir-una-ofrenda-para-miguel-hernandez","status":"publish","type":"post","link":"https:\/\/tiberiades.org\/?p=5785","title":{"rendered":"Alfredo P\u00e9rez Alencart: \u2018Aqu\u00ed estoy para vivir\u2019, una ofrenda para Miguel Hern\u00e1ndez"},"content":{"rendered":"<p><em>Un d\u00eda como ayer naci\u00f3 el notable poeta Miguel Hern\u00e1ndez. Un d\u00eda como ma\u00f1ana muchos lo recordar\u00e1n como uno de los muertos derivados de la atrocidad franquista. Entre ambas conmemoraciones, el poeta peruano-salmantino Alfredo P\u00e9rez Alencart lo prefiere vivamente VIVO. Aqu\u00ed difundimos el tributo que brind\u00f3 al de Orihuela y que fue publicado en su libro \u2018Cartograf\u00eda de las revelaciones\u2019 (Verbum, Madrid, 2011). Es el \u00fanico poema publicado. Otros 10 o 12 est\u00e1n in\u00e9ditos y en propiedad del pintor Miguel El\u00edas, pues forman parte de un libro de pinturas y versos, realizado al alim\u00f3n en 2010, todo \u00e9l como homenaje a su paisano.<\/em><\/p>\n<p>&nbsp;<\/p>\n<figure id=\"attachment_5781\" aria-describedby=\"caption-attachment-5781\" style=\"width: 640px\" class=\"wp-caption aligncenter\"><img loading=\"lazy\" decoding=\"async\" class=\"size-large wp-image-5781\" src=\"https:\/\/tiberiades.org\/wp-content\/uploads\/2021\/10\/2-Alfredo-Perez-Alencart-escribiendo-sus-versos-703x1024.jpg\" alt=\"\" width=\"640\" height=\"932\" srcset=\"https:\/\/tiberiades.org\/wp-content\/uploads\/2021\/10\/2-Alfredo-Perez-Alencart-escribiendo-sus-versos-703x1024.jpg 703w, https:\/\/tiberiades.org\/wp-content\/uploads\/2021\/10\/2-Alfredo-Perez-Alencart-escribiendo-sus-versos-206x300.jpg 206w, https:\/\/tiberiades.org\/wp-content\/uploads\/2021\/10\/2-Alfredo-Perez-Alencart-escribiendo-sus-versos-768x1119.jpg 768w, https:\/\/tiberiades.org\/wp-content\/uploads\/2021\/10\/2-Alfredo-Perez-Alencart-escribiendo-sus-versos-1054x1536.jpg 1054w, https:\/\/tiberiades.org\/wp-content\/uploads\/2021\/10\/2-Alfredo-Perez-Alencart-escribiendo-sus-versos-1405x2048.jpg 1405w, https:\/\/tiberiades.org\/wp-content\/uploads\/2021\/10\/2-Alfredo-Perez-Alencart-escribiendo-sus-versos.jpg 1647w\" sizes=\"auto, (max-width: 640px) 100vw, 640px\" \/><figcaption id=\"caption-attachment-5781\" class=\"wp-caption-text\">Alfredo P\u00e9rez Alencart escribiendo sus versos<\/figcaption><\/figure>\n<h4 style=\"padding-left: 40px;\"><strong>AQU\u00cd ESTOY PARA VIVIR<\/strong><\/h4>\n<p style=\"text-align: right;\"><em>Aqu\u00ed estoy para vivir<br \/>\nmientras el alma me suene<br \/>\n<\/em>Miguel Hern\u00e1ndez<\/p>\n<p style=\"padding-left: 40px;\">\nPorque s\u00e9 que tu memoria qued\u00f3 pre\u00f1ada de silencios<br \/>\nyo abro mi boca para no quedar pasmado<br \/>\ncuando otra vez los alacranes busquen nido por este suelo.<\/p>\n<p style=\"padding-left: 40px;\">Y porque yo te tengo como el hermano que antes<br \/>\ndej\u00f3 caer sus l\u00e1grimas por el infierno de los suyos,<br \/>\nen mi sangre acumulo tu propia sed<br \/>\ny abro en surcos mi coraz\u00f3n mientras pueda, mientras<br \/>\nel \u00e1rbol de la vida no sea cortado con r\u00e1fagas de plomo<br \/>\no se utilice para hacer crucifixiones en la calle<br \/>\no para envigarme los ojos con siglos zurcidos<br \/>\nutilizando el terrible hilo de la envidia.<\/p>\n<p style=\"padding-left: 40px;\">Embad\u00farnome de esperanza, limpio manantial<br \/>\ndonde deslavar el odio y aquellas heridas<br \/>\nque traspasan mi costado. Y desp\u00eddome. Y lev\u00e1ntome.<br \/>\nY det\u00e9ngome donde mi familia crece en una claridad<br \/>\nque no pisan las hienas; crece sobre un s\u00edmbolo<br \/>\nm\u00e1s fuerte que el miedo o toda piel de cordero<br \/>\nerizada de revanchas.<\/p>\n<p style=\"padding-left: 40px;\">Y aunque por tu c\u00e1rcel voy a entristecerme<br \/>\ny aunque a tu sufrir yo vaya a consolar, debo seguir<br \/>\ncantando a la vida renegrida, hermosa a pesar de los tragos<br \/>\namargos, de las estocadas o de las p\u00fastulas que manan<br \/>\ndel hueso antiguo de Ca\u00edn.<\/p>\n<p>&nbsp;<\/p>\n<figure id=\"attachment_5782\" aria-describedby=\"caption-attachment-5782\" style=\"width: 640px\" class=\"wp-caption aligncenter\"><img loading=\"lazy\" decoding=\"async\" class=\"size-large wp-image-5782\" src=\"https:\/\/tiberiades.org\/wp-content\/uploads\/2021\/10\/3-Miguel-Hernandez-portada-del-cuaderno-inedito-1024x768.jpg\" alt=\"\" width=\"640\" height=\"480\" srcset=\"https:\/\/tiberiades.org\/wp-content\/uploads\/2021\/10\/3-Miguel-Hernandez-portada-del-cuaderno-inedito-1024x768.jpg 1024w, https:\/\/tiberiades.org\/wp-content\/uploads\/2021\/10\/3-Miguel-Hernandez-portada-del-cuaderno-inedito-300x225.jpg 300w, https:\/\/tiberiades.org\/wp-content\/uploads\/2021\/10\/3-Miguel-Hernandez-portada-del-cuaderno-inedito-768x576.jpg 768w, https:\/\/tiberiades.org\/wp-content\/uploads\/2021\/10\/3-Miguel-Hernandez-portada-del-cuaderno-inedito-1536x1152.jpg 1536w, https:\/\/tiberiades.org\/wp-content\/uploads\/2021\/10\/3-Miguel-Hernandez-portada-del-cuaderno-inedito.jpg 1600w\" sizes=\"auto, (max-width: 640px) 100vw, 640px\" \/><figcaption id=\"caption-attachment-5782\" class=\"wp-caption-text\">Miguel Hern\u00e1ndez, portada del cuaderno in\u00e9dito<\/figcaption><\/figure>\n<p style=\"padding-left: 40px;\">\nAhora est\u00e1s en mi coraz\u00f3n, vivo compa\u00f1ero antiguo,<br \/>\nhermano tan presente con tu pu\u00f1o<br \/>\nrepleto de amor.<\/p>\n<p style=\"padding-left: 40px;\">Repleto de amor quedo en tu pliego de testimonios<br \/>\ncuyos bordes rojos los repint\u00f3 para siempre. Tampoco<br \/>\nhoy se perder\u00e1 tu canci\u00f3n en los pedestales de mi tiempo,<br \/>\nen mis d\u00edas desembarazados del luto inmenso,<br \/>\nde hu\u00e9rfanos y viudas junto a la cara destapada de los salvajes.<\/p>\n<p style=\"padding-left: 40px;\">En mi tiempo no rompen las venas<br \/>\npero debo estar con ojo de lince, atento al movimiento<br \/>\nde estatuas demacradas que cuestionan la equidad<br \/>\nen esta tierra. Y entre besos de descansada paz hay<br \/>\nque recordarle a la gente el bumerang de las adversidades,<br \/>\nla casa siete veces saqueada, el ox\u00edgeno insuficiente<br \/>\ny los cielos apagados donde sepultaron la memoria.<br \/>\nDespert\u00e1ndote lejos de los gusanos de la descomposici\u00f3n,<br \/>\nahora est\u00e1s en mi alma.<\/p>\n<p style=\"padding-left: 40px;\">Ahora est\u00e1s en mi alma y en la savia que ba\u00f1a la noche,<br \/>\noh hermano ca\u00eddo en el sart\u00e9n hirviente<br \/>\nde quienes buscaban derretir tus horizontes. \u00a1Deja<br \/>\nque tambi\u00e9n yo salude a Ram\u00f3n y a Federico! \u00a1Deja<br \/>\nque sea yo quien pode tu llanto con nuevas leyes de amor!<\/p>\n<figure id=\"attachment_5783\" aria-describedby=\"caption-attachment-5783\" style=\"width: 640px\" class=\"wp-caption aligncenter\"><img loading=\"lazy\" decoding=\"async\" class=\"size-large wp-image-5783\" src=\"https:\/\/tiberiades.org\/wp-content\/uploads\/2021\/10\/4-A.-P.-Alencart-ante-uno-de-los-lienzoa-dedicados-a-Miguel-Hernandez-1024x672.jpg\" alt=\"\" width=\"640\" height=\"420\" srcset=\"https:\/\/tiberiades.org\/wp-content\/uploads\/2021\/10\/4-A.-P.-Alencart-ante-uno-de-los-lienzoa-dedicados-a-Miguel-Hernandez-1024x672.jpg 1024w, https:\/\/tiberiades.org\/wp-content\/uploads\/2021\/10\/4-A.-P.-Alencart-ante-uno-de-los-lienzoa-dedicados-a-Miguel-Hernandez-300x197.jpg 300w, https:\/\/tiberiades.org\/wp-content\/uploads\/2021\/10\/4-A.-P.-Alencart-ante-uno-de-los-lienzoa-dedicados-a-Miguel-Hernandez-768x504.jpg 768w, https:\/\/tiberiades.org\/wp-content\/uploads\/2021\/10\/4-A.-P.-Alencart-ante-uno-de-los-lienzoa-dedicados-a-Miguel-Hernandez-1536x1009.jpg 1536w, https:\/\/tiberiades.org\/wp-content\/uploads\/2021\/10\/4-A.-P.-Alencart-ante-uno-de-los-lienzoa-dedicados-a-Miguel-Hernandez-2048x1345.jpg 2048w\" sizes=\"auto, (max-width: 640px) 100vw, 640px\" \/><figcaption id=\"caption-attachment-5783\" class=\"wp-caption-text\">A. P. Alencart ante uno de los lienzos dedicados a Miguel Hern\u00e1ndez<\/figcaption><\/figure>\n<p style=\"padding-left: 40px;\">De abrazar con ambas manos est\u00e1 hecha la amistad, de cavar<br \/>\npor las trincheras sin armisticio o cuando se abre el sepulcro<br \/>\na la espera del prodigio. Tierra con tierra te acompa\u00f1o<br \/>\npara heredar la semilla germinada, prol\u00edfica contrase\u00f1a<br \/>\ndentro del cuerpo dulcemente mortal en tu plegaria<br \/>\ndesnuda, tiritando hasta volverse infinita.<br \/>\nMenos l\u00e1grimas sobre la ardiente piedra tuya. Menos<br \/>\nl\u00e1grimas bajo el humus que abona nuevos sue\u00f1os.<br \/>\nEntretanto, mis ojos ven c\u00f3mo languidece este futuro<br \/>\ny c\u00f3mo el hambre puede nuevamente aparecer.<\/p>\n<p style=\"padding-left: 40px;\">El hambre puede nuevamente aparecer<br \/>\nsi el odio es el pan que nos sostiene. En cualquier lugar<br \/>\nme estremece ver pobres ni\u00f1os con el cuerpo evaporado.<br \/>\nSi mi hijo no tuviera qu\u00e9 comer, yo cuestionar\u00eda<br \/>\ntal impiedad pidiendo exorcismo para todos. A veces<br \/>\nel hambre se adivina. No hab\u00eda nada para los tuyos, salvo<br \/>\ncebollas. Los dos parec\u00edan tristes.<\/p>\n<p style=\"padding-left: 40px;\">Parec\u00edan tristes, pues triste es toda contienda voraceada<br \/>\npor dientes ojivales y bistur\u00eds que abren inocentes<br \/>\ncarnalidades. Reb\u00e9late en el amor, reb\u00e9late en la palabra<br \/>\nhasta que se derrumbe la violencia y se pudran<br \/>\nlos tambores de lata y los verdugos muertos ya estercolen<br \/>\nel chiquero de la bestia. Quien custodia la palabra<br \/>\nes porque ya camin\u00f3 por su misterio. Quien vive<br \/>\nen amor es porque ya bes\u00f3 su f\u00e9rtil sementera.<\/p>\n<p>&nbsp;<\/p>\n<figure id=\"attachment_5784\" aria-describedby=\"caption-attachment-5784\" style=\"width: 640px\" class=\"wp-caption aligncenter\"><img loading=\"lazy\" decoding=\"async\" class=\"size-large wp-image-5784\" src=\"https:\/\/tiberiades.org\/wp-content\/uploads\/2021\/10\/5-Alencart-escribiendo-su-poema-La-sombra-del-odio-1024x876.jpg\" alt=\"\" width=\"640\" height=\"548\" srcset=\"https:\/\/tiberiades.org\/wp-content\/uploads\/2021\/10\/5-Alencart-escribiendo-su-poema-La-sombra-del-odio-1024x876.jpg 1024w, https:\/\/tiberiades.org\/wp-content\/uploads\/2021\/10\/5-Alencart-escribiendo-su-poema-La-sombra-del-odio-300x257.jpg 300w, https:\/\/tiberiades.org\/wp-content\/uploads\/2021\/10\/5-Alencart-escribiendo-su-poema-La-sombra-del-odio-768x657.jpg 768w, https:\/\/tiberiades.org\/wp-content\/uploads\/2021\/10\/5-Alencart-escribiendo-su-poema-La-sombra-del-odio-1536x1314.jpg 1536w, https:\/\/tiberiades.org\/wp-content\/uploads\/2021\/10\/5-Alencart-escribiendo-su-poema-La-sombra-del-odio-2048x1752.jpg 2048w\" sizes=\"auto, (max-width: 640px) 100vw, 640px\" \/><figcaption id=\"caption-attachment-5784\" class=\"wp-caption-text\">Alencart escribiendo su poema &#8216;La sombra del odio&#8217;<\/figcaption><\/figure>\n<p style=\"padding-left: 40px;\">Levemente viene el amor desde el m\u00e1s viejo de sus viajes<br \/>\ny nos arrastra sin moverse, y nos entra como agua<br \/>\nque bien humedece la tierra cuando llueve.<br \/>\nSagrado es el amor a la palabra. Sagrada es la palabra<br \/>\nAmor si talla epitafios para todos los odios del mundo.<\/p>\n<p style=\"padding-left: 40px;\">Talla epitafios para todos los odios del mundo con voz<br \/>\nde profeta de una tierra ardida y de un pueblo<br \/>\nque conoci\u00f3 sucias cuchilladas o copas rebalsadas de ceniza.<br \/>\nLa sangre purificada tiene derecho a reinar<br \/>\nen el coraz\u00f3n de todos, sin blindajes que la embalsamen,<br \/>\nsin olvidar tus hechos de poeta mostrando<br \/>\nlas horribles cicatrices.<\/p>\n<p>Y v\u00edstete de p\u00e1jaro, espa\u00f1ol de las Espa\u00f1as viejas y nuevas.<br \/>\nAs\u00ed amansar\u00e1s a los fantasmas rupestres cuyas iras<br \/>\na\u00fan no ha pulverizado el tiempo.<\/p>\n<p style=\"padding-left: 40px;\">Acelera el milagro,<br \/>\nporque<br \/>\naqu\u00ed, en m\u00ed, t\u00fa est\u00e1s para vivir.<\/p>\n<figure id=\"attachment_5779\" aria-describedby=\"caption-attachment-5779\" style=\"width: 640px\" class=\"wp-caption aligncenter\"><img loading=\"lazy\" decoding=\"async\" class=\"size-large wp-image-5779\" src=\"https:\/\/tiberiades.org\/wp-content\/uploads\/2021\/10\/7-Miguel-Hernandez-de-Miguel-Elias-739x1024.jpg\" alt=\"\" width=\"640\" height=\"887\" srcset=\"https:\/\/tiberiades.org\/wp-content\/uploads\/2021\/10\/7-Miguel-Hernandez-de-Miguel-Elias-739x1024.jpg 739w, https:\/\/tiberiades.org\/wp-content\/uploads\/2021\/10\/7-Miguel-Hernandez-de-Miguel-Elias-216x300.jpg 216w, https:\/\/tiberiades.org\/wp-content\/uploads\/2021\/10\/7-Miguel-Hernandez-de-Miguel-Elias-768x1064.jpg 768w, https:\/\/tiberiades.org\/wp-content\/uploads\/2021\/10\/7-Miguel-Hernandez-de-Miguel-Elias-1108x1536.jpg 1108w, https:\/\/tiberiades.org\/wp-content\/uploads\/2021\/10\/7-Miguel-Hernandez-de-Miguel-Elias-1478x2048.jpg 1478w, https:\/\/tiberiades.org\/wp-content\/uploads\/2021\/10\/7-Miguel-Hernandez-de-Miguel-Elias-scaled.jpg 1847w\" sizes=\"auto, (max-width: 640px) 100vw, 640px\" \/><figcaption id=\"caption-attachment-5779\" class=\"wp-caption-text\">Miguel Hern\u00e1ndez, de Miguel El\u00edas<\/figcaption><\/figure>\n<figure id=\"attachment_5778\" aria-describedby=\"caption-attachment-5778\" style=\"width: 640px\" class=\"wp-caption aligncenter\"><img loading=\"lazy\" decoding=\"async\" class=\"size-large wp-image-5778\" src=\"https:\/\/tiberiades.org\/wp-content\/uploads\/2021\/10\/6-Mano-de-Alencart-escribiendo-unos-versos-en-el-lienzo-donado-a-la-familia-de-Miguel-Hernandez-980x1024.jpg\" alt=\"\" width=\"640\" height=\"669\" srcset=\"https:\/\/tiberiades.org\/wp-content\/uploads\/2021\/10\/6-Mano-de-Alencart-escribiendo-unos-versos-en-el-lienzo-donado-a-la-familia-de-Miguel-Hernandez-980x1024.jpg 980w, https:\/\/tiberiades.org\/wp-content\/uploads\/2021\/10\/6-Mano-de-Alencart-escribiendo-unos-versos-en-el-lienzo-donado-a-la-familia-de-Miguel-Hernandez-287x300.jpg 287w, https:\/\/tiberiades.org\/wp-content\/uploads\/2021\/10\/6-Mano-de-Alencart-escribiendo-unos-versos-en-el-lienzo-donado-a-la-familia-de-Miguel-Hernandez-768x802.jpg 768w, https:\/\/tiberiades.org\/wp-content\/uploads\/2021\/10\/6-Mano-de-Alencart-escribiendo-unos-versos-en-el-lienzo-donado-a-la-familia-de-Miguel-Hernandez-1470x1536.jpg 1470w, https:\/\/tiberiades.org\/wp-content\/uploads\/2021\/10\/6-Mano-de-Alencart-escribiendo-unos-versos-en-el-lienzo-donado-a-la-familia-de-Miguel-Hernandez-1960x2048.jpg 1960w\" sizes=\"auto, (max-width: 640px) 100vw, 640px\" \/><figcaption id=\"caption-attachment-5778\" class=\"wp-caption-text\">Mano de Alencart escribiendo unos versos en el lienzo donado a la familia de Miguel Hern\u00e1ndez<\/figcaption><\/figure>\n<p>Imagen de cabecera: Miguel El\u00edas pintando a Miguel Hern\u00e1ndez<\/p>\n","protected":false},"excerpt":{"rendered":"<p>Un d\u00eda como ayer naci\u00f3 el notable poeta Miguel Hern\u00e1ndez. Un d\u00eda como ma\u00f1ana muchos lo recordar\u00e1n como uno de los muertos derivados de la atrocidad franquista. Entre ambas conmemoraciones, el poeta peruano-salmantino Alfredo P\u00e9rez Alencart lo prefiere vivamente VIVO. Aqu\u00ed difundimos el tributo que brind\u00f3 al de Orihuela y que fue publicado en su libro \u2018Cartograf\u00eda de las revelaciones\u2019 [&hellip;]<\/p>\n","protected":false},"author":2,"featured_media":5780,"comment_status":"open","ping_status":"closed","sticky":false,"template":"","format":"standard","meta":{"footnotes":""},"categories":[175],"tags":[148,474],"class_list":["post-5785","post","type-post","status-publish","format-standard","has-post-thumbnail","hentry","category-alfredo-p-alencart","tag-alfredo-perez-alencart","tag-miguel-hernandez"],"_links":{"self":[{"href":"https:\/\/tiberiades.org\/index.php?rest_route=\/wp\/v2\/posts\/5785","targetHints":{"allow":["GET"]}}],"collection":[{"href":"https:\/\/tiberiades.org\/index.php?rest_route=\/wp\/v2\/posts"}],"about":[{"href":"https:\/\/tiberiades.org\/index.php?rest_route=\/wp\/v2\/types\/post"}],"author":[{"embeddable":true,"href":"https:\/\/tiberiades.org\/index.php?rest_route=\/wp\/v2\/users\/2"}],"replies":[{"embeddable":true,"href":"https:\/\/tiberiades.org\/index.php?rest_route=%2Fwp%2Fv2%2Fcomments&post=5785"}],"version-history":[{"count":1,"href":"https:\/\/tiberiades.org\/index.php?rest_route=\/wp\/v2\/posts\/5785\/revisions"}],"predecessor-version":[{"id":5786,"href":"https:\/\/tiberiades.org\/index.php?rest_route=\/wp\/v2\/posts\/5785\/revisions\/5786"}],"wp:featuredmedia":[{"embeddable":true,"href":"https:\/\/tiberiades.org\/index.php?rest_route=\/wp\/v2\/media\/5780"}],"wp:attachment":[{"href":"https:\/\/tiberiades.org\/index.php?rest_route=%2Fwp%2Fv2%2Fmedia&parent=5785"}],"wp:term":[{"taxonomy":"category","embeddable":true,"href":"https:\/\/tiberiades.org\/index.php?rest_route=%2Fwp%2Fv2%2Fcategories&post=5785"},{"taxonomy":"post_tag","embeddable":true,"href":"https:\/\/tiberiades.org\/index.php?rest_route=%2Fwp%2Fv2%2Ftags&post=5785"}],"curies":[{"name":"wp","href":"https:\/\/api.w.org\/{rel}","templated":true}]}}