{"id":5813,"date":"2021-11-11T13:19:37","date_gmt":"2021-11-11T11:19:37","guid":{"rendered":"https:\/\/tiberiades.org\/?p=5813"},"modified":"2021-11-11T13:19:37","modified_gmt":"2021-11-11T11:19:37","slug":"sophia-de-mello-breyner-andresen-patria-y-otros-poemas-traducidos-por-a-p-alencart","status":"publish","type":"post","link":"https:\/\/tiberiades.org\/?p=5813","title":{"rendered":"Sophia de Mello Breyner Andresen: \u2018Patria\u2019 y otros poemas traducidos por A. P. Alencart"},"content":{"rendered":"<p><em>Tiber\u00edades tiene el privilegio de publicar estos diez poemas de Sophia de Mello Breyner Andresen (Oporto, 1919 \u2013 Lisboa, 2004). Estudi\u00f3 Filolog\u00eda Cl\u00e1sica en la Facultad de Letras de la Universidad de Lisboa. Fue electa diputada por el Partido Socialista y presidi\u00f3 el Centro Nacional de la Cultura. Premio Reina Sof\u00eda de Poes\u00eda Iberoamericana (2003), Premio Max Jacob \u00c9tranger (2001), Premio Rosal\u00eda de Castro, del PEN Club de Galicia (2000), Premio Cam\u00f5es (1999), Premio Vida Literaria de la Asociaci\u00f3n Portuguesa de Escritores (1994), Gran Premio Calouste Gulbenkian de Literatura Infantil (1992) y Premio Petrarca, de la Asociaci\u00f3n de Editores Italianos. Entre sus libros de poes\u00eda y cuento, se pueden citar: Poesia (1944); Dia do Mar (1947); Oral (1950); No Tempo Dividido (1954); A Fada Oriana (1958); Mar Novo (1958); A Menina do Mar (1958); Livro Sexto (1962); O Rapaz de Bronze (1965); O Cavaleiro da Dinamarca (1964); Geografia (1967); A Floresta (1968); Dual (1972); Nome das Coisas (1977) o Musa (1994). Tradujo a Dante, Shakespeare y Eur\u00edpides.<\/em><\/p>\n<figure id=\"attachment_5811\" aria-describedby=\"caption-attachment-5811\" style=\"width: 640px\" class=\"wp-caption aligncenter\"><img loading=\"lazy\" decoding=\"async\" class=\"size-large wp-image-5811\" src=\"https:\/\/tiberiades.org\/wp-content\/uploads\/2021\/11\/2-Ejemplares-de-Dichosa-saudade-Biblioteca-de-A.-P.-Alencart-1024x768.jpg\" alt=\"\" width=\"640\" height=\"480\" srcset=\"https:\/\/tiberiades.org\/wp-content\/uploads\/2021\/11\/2-Ejemplares-de-Dichosa-saudade-Biblioteca-de-A.-P.-Alencart-1024x768.jpg 1024w, https:\/\/tiberiades.org\/wp-content\/uploads\/2021\/11\/2-Ejemplares-de-Dichosa-saudade-Biblioteca-de-A.-P.-Alencart-300x225.jpg 300w, https:\/\/tiberiades.org\/wp-content\/uploads\/2021\/11\/2-Ejemplares-de-Dichosa-saudade-Biblioteca-de-A.-P.-Alencart-768x576.jpg 768w, https:\/\/tiberiades.org\/wp-content\/uploads\/2021\/11\/2-Ejemplares-de-Dichosa-saudade-Biblioteca-de-A.-P.-Alencart-1536x1152.jpg 1536w, https:\/\/tiberiades.org\/wp-content\/uploads\/2021\/11\/2-Ejemplares-de-Dichosa-saudade-Biblioteca-de-A.-P.-Alencart-2048x1536.jpg 2048w\" sizes=\"auto, (max-width: 640px) 100vw, 640px\" \/><figcaption id=\"caption-attachment-5811\" class=\"wp-caption-text\">Ejemplares de Dichosa saudade (Biblioteca de A. P. Alencart)<\/figcaption><\/figure>\n<p><em>Las versiones de los textos han sido hechas por el poeta Alfredo P\u00e9rez Alencart, y se publicaron por vez primera en su \u2018antojol\u00eda\u2019 DICHOSA SAUDADE. QUINCE POETAS PORTUGUESES (2007), aparecida en Venezuela. Con esta publicaci\u00f3n celebramos su cumplea\u00f1os, que fue el pasado 6 de noviembre.<\/em><\/p>\n<h4 style=\"padding-left: 40px;\">\nPATRIA<\/h4>\n<p style=\"padding-left: 40px;\">Por un pa\u00eds de piedra y viento duro<br \/>\nPor un pa\u00eds de luz perfecta y clara<br \/>\nPor el negro de la tierra y por el blanco del muro<\/p>\n<p style=\"padding-left: 40px;\">Por los rostros de silencio y de paciencia<br \/>\nQue la miseria largamente dibuj\u00f3<br \/>\nPr\u00f3ximo a los huesos con toda exactitud<br \/>\nDe un largo informe irrecusable<\/p>\n<p style=\"padding-left: 40px;\">Y por los rostros iguales al sol y al viento<br \/>\nY por la limpidez de las tan amadas<br \/>\nPalabras siempre dichas con pasi\u00f3n<br \/>\nPor el color y por el peso de las palabras<br \/>\nPor el concreto silencio limpio de las palabras<br \/>\nDonde se yerguen las cosas nombradas<br \/>\nPor la desnudez de las palabras deslumbradas<\/p>\n<p style=\"padding-left: 40px;\">&#8211; Piedra r\u00edo viento casa<br \/>\nLlanto d\u00eda canto aliento<br \/>\nEspacio ra\u00edz y agua<br \/>\nOh mi patria y mi centro<\/p>\n<p style=\"padding-left: 40px;\">Me duele la luna me solloza el mar<br \/>\nY el exilio se inscribe en pleno tiempo<\/p>\n<figure id=\"attachment_5803\" aria-describedby=\"caption-attachment-5803\" style=\"width: 640px\" class=\"wp-caption aligncenter\"><img loading=\"lazy\" decoding=\"async\" class=\"size-large wp-image-5803\" src=\"https:\/\/tiberiades.org\/wp-content\/uploads\/2021\/11\/3-Biblioteca-de-Loule-1024x768.jpg\" alt=\"\" width=\"640\" height=\"480\" srcset=\"https:\/\/tiberiades.org\/wp-content\/uploads\/2021\/11\/3-Biblioteca-de-Loule-1024x768.jpg 1024w, https:\/\/tiberiades.org\/wp-content\/uploads\/2021\/11\/3-Biblioteca-de-Loule-300x225.jpg 300w, https:\/\/tiberiades.org\/wp-content\/uploads\/2021\/11\/3-Biblioteca-de-Loule-768x576.jpg 768w, https:\/\/tiberiades.org\/wp-content\/uploads\/2021\/11\/3-Biblioteca-de-Loule-1536x1152.jpg 1536w, https:\/\/tiberiades.org\/wp-content\/uploads\/2021\/11\/3-Biblioteca-de-Loule.jpg 2048w\" sizes=\"auto, (max-width: 640px) 100vw, 640px\" \/><figcaption id=\"caption-attachment-5803\" class=\"wp-caption-text\">Biblioteca de Loul\u00e9<\/figcaption><\/figure>\n<h4 style=\"padding-left: 40px;\">LA ESTRELLA<\/h4>\n<p style=\"padding-left: 40px;\">Yo camin\u00e9 en la noche<br \/>\nY entre el silencio y el fr\u00edo<br \/>\nS\u00f3lo una estrella secreta me guiaba.<\/p>\n<p style=\"padding-left: 40px;\">Grandes peligros en la noche me aparecieron:<br \/>\nDe mi estrella juzgu\u00e9 que yo la juzgaba<br \/>\nVerdadera siendo ella s\u00f3lo un reflejo<br \/>\nDe una ciudad adornada de ne\u00f3n.<\/p>\n<p style=\"padding-left: 40px;\">Mi soledad me pareci\u00f3 corona.<br \/>\nSe\u00f1al de perfecci\u00f3n en mi frente.<br \/>\nPero vi cuando en el viento me humillaba<br \/>\nQue la corona que yo llevaba era de un hierro<br \/>\nTan pesado, que toda me doblaba.<\/p>\n<p style=\"padding-left: 40px;\">Del fr\u00edo de las monta\u00f1as yo pens\u00e9:<br \/>\n\u201cMi pureza me cerca y me rodea\u201d.<br \/>\nSin embargo mi pensamiento se pudri\u00f3<br \/>\nY la pureza de las cosas centelleaba<br \/>\nY pude ver que la limpidez no era yo.<\/p>\n<p style=\"padding-left: 40px;\">Y la flaqueza de la carne y el miraje del esp\u00edritu<br \/>\nEn monstruosa voz se transformaban:<br \/>\nPed\u00ed a las piedras del monte que hablasen<br \/>\nPero ellas como piedras se callaron.<br \/>\nSolitaria me vi, delirante y perdida<br \/>\nY una estrella serena me sorprend\u00eda.<\/p>\n<p style=\"padding-left: 40px;\">Y yo camin\u00e9 en la noche; mi sombra<br \/>\nDe gestos desmedidos me cercaba<br \/>\nSilencio y miedo<br \/>\nEn los confines de los desiertos caminaban:<br \/>\nEntonces vi llegar a mi encuentro<br \/>\nAquellos que una luz iluminaba<br \/>\nY as\u00ed me dijeron: \u201cVen con nosotros<br \/>\nSi tambi\u00e9n vienes siguiendo aquella estrella\u201d.<br \/>\nEntonces supe que la estrella me segu\u00eda.<\/p>\n<p style=\"padding-left: 40px;\">Era real y no imaginada.<br \/>\nGrandes y humanas ilusiones nos mostraban<br \/>\nEn direcciones distantes nos llamaban<br \/>\nY la sombra de los tres hombres sobre la tierra<br \/>\nAl lado de mis pasos caminaba.<br \/>\nY yo sorprendida vi que aquella estrella<br \/>\nPara la ciudad de los hombres nos guiaba.<\/p>\n<p style=\"padding-left: 40px;\">Y la estrella del cielo se detuvo encima<br \/>\nDe una calle sin color y sin belleza<br \/>\nDonde la luz ten\u00eda el mismo tono que la ceniza<br \/>\nLejana del verde-azul de la Naturaleza.<\/p>\n<p><img loading=\"lazy\" decoding=\"async\" class=\"aligncenter size-large wp-image-5804\" src=\"https:\/\/tiberiades.org\/wp-content\/uploads\/2021\/11\/4-683x1024.jpg\" alt=\"\" width=\"640\" height=\"960\" srcset=\"https:\/\/tiberiades.org\/wp-content\/uploads\/2021\/11\/4-683x1024.jpg 683w, https:\/\/tiberiades.org\/wp-content\/uploads\/2021\/11\/4-200x300.jpg 200w, https:\/\/tiberiades.org\/wp-content\/uploads\/2021\/11\/4-768x1152.jpg 768w, https:\/\/tiberiades.org\/wp-content\/uploads\/2021\/11\/4-1024x1536.jpg 1024w, https:\/\/tiberiades.org\/wp-content\/uploads\/2021\/11\/4-1366x2048.jpg 1366w, https:\/\/tiberiades.org\/wp-content\/uploads\/2021\/11\/4.jpg 1654w\" sizes=\"auto, (max-width: 640px) 100vw, 640px\" \/><\/p>\n<h4 style=\"padding-left: 40px;\">LAS MORAS<\/h4>\n<p style=\"padding-left: 40px;\">Mi pa\u00eds sabe a las moras salvajes<br \/>\nEn el verano.<br \/>\nNadie ignora que no es grande,<br \/>\nNi inteligente, ni elegante mi pa\u00eds,<br \/>\nPero tiene esa voz dulce<br \/>\nDe quien se levanta pronto para cantar en las zarzas.<br \/>\nRaramente habl\u00e9 de mi pa\u00eds, tal vez<br \/>\nNo guste de \u00e9l, pero cuando un amigo<br \/>\nMe trae moras salvajes<br \/>\nSus muros me parecen blancos,<br \/>\nReparo que tambi\u00e9n en mi pa\u00eds el cielo es azul.<\/p>\n<p>&nbsp;<\/p>\n<h4 style=\"padding-left: 40px;\">AUSENCIA<\/h4>\n<p style=\"padding-left: 40px;\">En un desierto sin agua<br \/>\nEn una noche sin luna<br \/>\nEn un pa\u00eds sin nombre<br \/>\nO en una tierra desnuda<\/p>\n<p style=\"padding-left: 40px;\">Por grande que sea la desesperaci\u00f3n<br \/>\nNinguna ausencia es m\u00e1s honda que la tuya.<\/p>\n<p>&nbsp;<\/p>\n<p><img loading=\"lazy\" decoding=\"async\" class=\"aligncenter size-large wp-image-5805\" src=\"https:\/\/tiberiades.org\/wp-content\/uploads\/2021\/11\/5-1024x522.jpg\" alt=\"\" width=\"640\" height=\"326\" srcset=\"https:\/\/tiberiades.org\/wp-content\/uploads\/2021\/11\/5-1024x522.jpg 1024w, https:\/\/tiberiades.org\/wp-content\/uploads\/2021\/11\/5-300x153.jpg 300w, https:\/\/tiberiades.org\/wp-content\/uploads\/2021\/11\/5-768x392.jpg 768w, https:\/\/tiberiades.org\/wp-content\/uploads\/2021\/11\/5.jpg 1200w\" sizes=\"auto, (max-width: 640px) 100vw, 640px\" \/><\/p>\n<h4 style=\"padding-left: 40px;\">PIRATA<\/h4>\n<p style=\"padding-left: 40px;\">Soy el \u00fanico hombre a bordo de mi barco.<br \/>\nLos otros son monstruos que no hablan,<br \/>\nTigres y osos que amarr\u00e9 a los remos,<br \/>\nY mi desprecio reina sobre el mar.<\/p>\n<p style=\"padding-left: 40px;\">Gusto de aullar en el viento con los m\u00e1stiles<br \/>\nY de abrirme en la brisa con las velas,<br \/>\nY hay momentos que son casi de olvido<br \/>\nEn una dulzura inmensa de regreso.<\/p>\n<p style=\"padding-left: 40px;\">Mi patria es donde el viento pasa,<br \/>\nMi amada es donde los rosales dan flor,<br \/>\nMi deseo es el rastro que qued\u00f3 de las aves,<br \/>\nY nunca despierto de este sue\u00f1o y nunca duermo.<\/p>\n<h4 style=\"padding-left: 40px;\">\nEL POETA<\/h4>\n<p style=\"padding-left: 40px;\">El poeta es igual al jard\u00edn de las estatuas<br \/>\nAl perfume del verano que se pierde en el viento<br \/>\nViendo siempre sin que los otros nunca lo viesen<br \/>\nY sus palabras devoraran el tiempo.<\/p>\n<p>&nbsp;<\/p>\n<figure id=\"attachment_5806\" aria-describedby=\"caption-attachment-5806\" style=\"width: 640px\" class=\"wp-caption aligncenter\"><img loading=\"lazy\" decoding=\"async\" class=\"size-large wp-image-5806\" src=\"https:\/\/tiberiades.org\/wp-content\/uploads\/2021\/11\/6-Sophia-de-Mello-Breyner-y-Miguel-Torga-1024x751.jpg\" alt=\"\" width=\"640\" height=\"469\" srcset=\"https:\/\/tiberiades.org\/wp-content\/uploads\/2021\/11\/6-Sophia-de-Mello-Breyner-y-Miguel-Torga-1024x751.jpg 1024w, https:\/\/tiberiades.org\/wp-content\/uploads\/2021\/11\/6-Sophia-de-Mello-Breyner-y-Miguel-Torga-300x220.jpg 300w, https:\/\/tiberiades.org\/wp-content\/uploads\/2021\/11\/6-Sophia-de-Mello-Breyner-y-Miguel-Torga-768x563.jpg 768w, https:\/\/tiberiades.org\/wp-content\/uploads\/2021\/11\/6-Sophia-de-Mello-Breyner-y-Miguel-Torga.jpg 1400w\" sizes=\"auto, (max-width: 640px) 100vw, 640px\" \/><figcaption id=\"caption-attachment-5806\" class=\"wp-caption-text\">Sophia de Mello Breyner y Miguel Torga<\/figcaption><\/figure>\n<h4 style=\"padding-left: 40px;\">RETRATO DE UNA PRINCESA DESCONOCIDA<\/h4>\n<p style=\"padding-left: 40px;\">Para que ella tuviese un cuello tan fino<br \/>\nPara que sus pulsos tuviesen un quebrarse de talle<br \/>\nPara que sus ojos fuesen tan frontales y puros<br \/>\nPara que su columna fuese tan derecha<br \/>\nY ella llevase la cabeza tan erguida<br \/>\nCon una tan simple claridad sobre la frente<br \/>\nFueron necesarias sucesivas generaciones de esclavos<br \/>\nDe cuerpo doblado y gruesas manos pacientes<br \/>\nSirviendo sucesivas generaciones de pr\u00edncipes<br \/>\nTodav\u00eda un poco toscos y groseros<br \/>\n\u00c1vidos crueles y fraudulentos<\/p>\n<p style=\"padding-left: 40px;\">Fue un grande desperdicio de gente<br \/>\nPara que ella fuese aquella perfecci\u00f3n<br \/>\nSolitaria exiliada sin destino<\/p>\n<p><img loading=\"lazy\" decoding=\"async\" class=\"aligncenter  wp-image-5807\" src=\"https:\/\/tiberiades.org\/wp-content\/uploads\/2021\/11\/7-811x1024.jpg\" alt=\"\" width=\"642\" height=\"811\" srcset=\"https:\/\/tiberiades.org\/wp-content\/uploads\/2021\/11\/7-811x1024.jpg 811w, https:\/\/tiberiades.org\/wp-content\/uploads\/2021\/11\/7-238x300.jpg 238w, https:\/\/tiberiades.org\/wp-content\/uploads\/2021\/11\/7-768x970.jpg 768w, https:\/\/tiberiades.org\/wp-content\/uploads\/2021\/11\/7-1216x1536.jpg 1216w, https:\/\/tiberiades.org\/wp-content\/uploads\/2021\/11\/7-1622x2048.jpg 1622w, https:\/\/tiberiades.org\/wp-content\/uploads\/2021\/11\/7.jpg 2006w\" sizes=\"auto, (max-width: 642px) 100vw, 642px\" \/><\/p>\n<h4 style=\"padding-left: 40px;\">PEN\u00c9LOPE<\/h4>\n<p style=\"padding-left: 40px;\">Deshago durante la noche mi camino.<br \/>\nTodo cuando tej\u00ed no es verdad,<br \/>\nPero es tiempo, para ocupar el tiempo muerto,<br \/>\nY cada d\u00eda me aparto y cada noche me aproximo.<\/p>\n<p style=\"padding-left: 40px;\">\n<h4 style=\"padding-left: 40px;\">25 DE ABRIL<\/h4>\n<p style=\"padding-left: 40px;\">Esta es la madrugada que yo esperaba<br \/>\nEl d\u00eda inicial entero y limpio<br \/>\nDonde emergimos de la noche y del silencio<br \/>\nY libres habitamos la sustancia del tiempo.<\/p>\n<p style=\"padding-left: 40px;\">La bella y pura palabra Poes\u00eda<br \/>\nTanto se arrastr\u00f3 por los caminos<br \/>\nQue en la alta noche la encontr\u00e9 perdida<br \/>\nEn un burdel donde la asesin\u00f3 un muerto.<\/p>\n<p style=\"padding-left: 40px;\">La hora de la partida suena cuando<br \/>\nOscurece el jard\u00edn y el viento pasa,<br \/>\nRevienta el suelo y las puertas baten, cuando<br \/>\nLa noche desenlaza cada nudo suyo.<\/p>\n<p style=\"padding-left: 40px;\">La hora de la partida suena cuando<br \/>\nLos \u00e1rboles parecen inspirados<br \/>\nComo si todo en ellos germinase.<\/p>\n<p style=\"padding-left: 40px;\">Suena cuando en el fondo de los espejos<br \/>\nMe es extra\u00f1a y lejana mi cara<br \/>\nY de m\u00ed se desprende mi vida.<\/p>\n<p><img loading=\"lazy\" decoding=\"async\" class=\"aligncenter size-large wp-image-5808\" src=\"https:\/\/tiberiades.org\/wp-content\/uploads\/2021\/11\/8-1024x576.jpeg\" alt=\"\" width=\"640\" height=\"360\" srcset=\"https:\/\/tiberiades.org\/wp-content\/uploads\/2021\/11\/8-1024x576.jpeg 1024w, https:\/\/tiberiades.org\/wp-content\/uploads\/2021\/11\/8-300x169.jpeg 300w, https:\/\/tiberiades.org\/wp-content\/uploads\/2021\/11\/8-768x432.jpeg 768w, https:\/\/tiberiades.org\/wp-content\/uploads\/2021\/11\/8-1536x864.jpeg 1536w, https:\/\/tiberiades.org\/wp-content\/uploads\/2021\/11\/8.jpeg 1920w\" sizes=\"auto, (max-width: 640px) 100vw, 640px\" \/><\/p>\n<h4 style=\"padding-left: 40px;\">\nC\u00cdCLADAS<\/h4>\n<p style=\"padding-left: 40px;\"><em>(evocando a Fernando Pessoa)<\/em><\/p>\n<p style=\"padding-left: 40px;\">La claridad directa del lugar me impone tu presencia<br \/>\nTu nombre emerge como si aqu\u00ed<br \/>\nEl negativo que fuiste de ti se revelase<\/p>\n<p style=\"padding-left: 40px;\">Viviste en lo avieso<br \/>\nViajante incesante de lo inverso<br \/>\nExento de ti mismo<br \/>\nViudo de ti mismo<br \/>\nEn Lisboa escenario de la vida<br \/>\nY eras el inquilino de un cuarto alquilado encima de una lecher\u00eda<br \/>\nEl empleado competente de una casa comercial<br \/>\nEl frecuentador ir\u00f3nico delicado y cort\u00e9s de los caf\u00e9s de la Baixa<br \/>\nEl visionario discreto de los caf\u00e9s orientados hacia el Tajo<\/p>\n<p style=\"padding-left: 40px;\">(Donde a\u00fan en el m\u00e1rmol de las mesas<br \/>\nBuscamos el rastro fr\u00edo de tus manos<br \/>\n&#8211; El imperceptible tamborilear de tus manos)<\/p>\n<p style=\"padding-left: 40px;\">Despedazado por las furias de lo no vivido<br \/>\nAl margen de ti de los otros y de la vida<br \/>\nPusiste al d\u00eda todos tus cuadernos<br \/>\nCon meticulosa exactitud dibujaste los mapas<br \/>\nDe las m\u00faltiples navegaciones de tu ausencia \u2013<\/p>\n<p style=\"padding-left: 40px;\">Aquello que no fue ni fuiste qued\u00f3 dicho<br \/>\nComo isla surgida a barlovento<br \/>\nCon plomadas sondas astrolabios br\u00fajulas<br \/>\nAl levantamiento del destierro<\/p>\n<p style=\"padding-left: 40px;\">Naciste despu\u00e9s<br \/>\nY alguien emplear\u00e1 en s\u00ed toda la verdad<br \/>\nEl camino de la India ya fuera descubierto<br \/>\nDe los dioses s\u00f3lo subsist\u00eda<br \/>\nEl incierto caminar<br \/>\nEn el susurro y en la fragancia de los paisajes<br \/>\nY ten\u00edas m\u00faltiples rostros<br \/>\nPara que no siendo nadie lo dijeses todo<br \/>\nViajabas en el rev\u00e9s, en lo inverso de lo opuesto<\/p>\n<p style=\"padding-left: 40px;\">No obstante, yo invoco, obstinada -lo dividido-<br \/>\nEl momento que te uniese<br \/>\nY celebro tu llegada a las islas donde jam\u00e1s viniste<\/p>\n<p style=\"padding-left: 40px;\">Estos son los archipi\u00e9lagos que derivan a lo largo de tu rostro<br \/>\nEstos son los r\u00e1pidos delfines de esa alegr\u00eda<br \/>\nQue los dioses no te dieron ni quisiste<\/p>\n<p style=\"padding-left: 40px;\">Este es el pa\u00eds donde la carne de las estatuas se estremece como chopos<br \/>\nAtravesada por el leve respirar de la luz<br \/>\nAqu\u00ed reluce la respiraci\u00f3n azul de las cosas<br \/>\nEn las playas donde existe un espejo vuelto hacia el mar<\/p>\n<p style=\"padding-left: 40px;\">Aqu\u00ed el enigma que me interroga desde siempre<br \/>\nEs m\u00e1s desnudo e impetuoso y por eso te invoco:<br \/>\n\u201c\u00bfPor qu\u00e9 fueron arruinados tus gestos?<br \/>\n\u00bfQui\u00e9n te cerc\u00f3 de muros y de abismos?<br \/>\n\u00bfQui\u00e9n esparci\u00f3 en el suelo tus secretos?\u201d<\/p>\n<p style=\"padding-left: 40px;\">Te invoco como si llegases en este barco<br \/>\nY posases tus pies en las islas<br \/>\nY su abrumadora proximidad te invadiese<br \/>\nComo un rostro querido echado de bruces sobre ti<\/p>\n<p style=\"padding-left: 40px;\">En el est\u00edo de este lugar reclamo por ti<br \/>\nQue invernaste tu propia vida como el animal en la estaci\u00f3n contraria<br \/>\nQue te hiciste distante como quien retrocede ante un cuadro para verlo mejor<br \/>\nY buscaste la distancia que sufriste.<\/p>\n<p style=\"padding-left: 40px;\">Reclamo por ti -re\u00fano los destrozos las ruinas los pedazos-<br \/>\nPorque el mundo estall\u00f3 como cantera<br \/>\nY en el suelo ruedan capiteles y brazos<br \/>\nColumnas partidas y trozos<br \/>\nY del \u00e1nfora queda restos esparcidos<br \/>\nAnte los cuales los dioses se vuelven extranjeros<\/p>\n<p style=\"padding-left: 40px;\">No obstante, aqu\u00ed las diosas color de trigo<br \/>\nLevantan la larga arpa de sus dedos<br \/>\nY encandilan al sol azul donde te invoco<br \/>\nDonde invoco la palabra impersonal de tu ausencia<\/p>\n<p style=\"padding-left: 40px;\">Pudiese este momento de fiesta romper tu luto<br \/>\nOh viudo de ti mismo<br \/>\nY que ser y estar coincidiesen<br \/>\nEn la unidad de la boda<br \/>\nComo si tu nav\u00edo te esperase en Tassos<br \/>\nComo si Pen\u00e9lope<br \/>\nEn sus aposentos elevados<br \/>\nTe hilase entre sus cabellos<\/p>\n<p>&nbsp;<\/p>\n<figure id=\"attachment_5809\" aria-describedby=\"caption-attachment-5809\" style=\"width: 640px\" class=\"wp-caption aligncenter\"><img loading=\"lazy\" decoding=\"async\" class=\"size-large wp-image-5809\" src=\"https:\/\/tiberiades.org\/wp-content\/uploads\/2021\/11\/9-Agustina-Bessa-Luis-Sophia-de-Mello-y-Eugenio-de-Andrade-1024x726.jpg\" alt=\"\" width=\"640\" height=\"454\" srcset=\"https:\/\/tiberiades.org\/wp-content\/uploads\/2021\/11\/9-Agustina-Bessa-Luis-Sophia-de-Mello-y-Eugenio-de-Andrade-1024x726.jpg 1024w, https:\/\/tiberiades.org\/wp-content\/uploads\/2021\/11\/9-Agustina-Bessa-Luis-Sophia-de-Mello-y-Eugenio-de-Andrade-300x213.jpg 300w, https:\/\/tiberiades.org\/wp-content\/uploads\/2021\/11\/9-Agustina-Bessa-Luis-Sophia-de-Mello-y-Eugenio-de-Andrade-768x545.jpg 768w, https:\/\/tiberiades.org\/wp-content\/uploads\/2021\/11\/9-Agustina-Bessa-Luis-Sophia-de-Mello-y-Eugenio-de-Andrade.jpg 1400w\" sizes=\"auto, (max-width: 640px) 100vw, 640px\" \/><figcaption id=\"caption-attachment-5809\" class=\"wp-caption-text\">Agustina Bessa Lu\u00eds, Sophia de Mello y Eug\u00e9nio de Andrade<\/figcaption><\/figure>\n","protected":false},"excerpt":{"rendered":"<p>Tiber\u00edades tiene el privilegio de publicar estos diez poemas de Sophia de Mello Breyner Andresen (Oporto, 1919 \u2013 Lisboa, 2004). Estudi\u00f3 Filolog\u00eda Cl\u00e1sica en la Facultad de Letras de la Universidad de Lisboa. Fue electa diputada por el Partido Socialista y presidi\u00f3 el Centro Nacional de la Cultura. Premio Reina Sof\u00eda de Poes\u00eda Iberoamericana (2003), Premio Max Jacob \u00c9tranger (2001), [&hellip;]<\/p>\n","protected":false},"author":2,"featured_media":5810,"comment_status":"open","ping_status":"closed","sticky":false,"template":"","format":"standard","meta":{"footnotes":""},"categories":[175,480],"tags":[148,481],"class_list":["post-5813","post","type-post","status-publish","format-standard","has-post-thumbnail","hentry","category-alfredo-p-alencart","category-sophia-de-mello","tag-alfredo-perez-alencart","tag-sophia-de-mello-breyner-andresen"],"_links":{"self":[{"href":"https:\/\/tiberiades.org\/index.php?rest_route=\/wp\/v2\/posts\/5813","targetHints":{"allow":["GET"]}}],"collection":[{"href":"https:\/\/tiberiades.org\/index.php?rest_route=\/wp\/v2\/posts"}],"about":[{"href":"https:\/\/tiberiades.org\/index.php?rest_route=\/wp\/v2\/types\/post"}],"author":[{"embeddable":true,"href":"https:\/\/tiberiades.org\/index.php?rest_route=\/wp\/v2\/users\/2"}],"replies":[{"embeddable":true,"href":"https:\/\/tiberiades.org\/index.php?rest_route=%2Fwp%2Fv2%2Fcomments&post=5813"}],"version-history":[{"count":1,"href":"https:\/\/tiberiades.org\/index.php?rest_route=\/wp\/v2\/posts\/5813\/revisions"}],"predecessor-version":[{"id":5814,"href":"https:\/\/tiberiades.org\/index.php?rest_route=\/wp\/v2\/posts\/5813\/revisions\/5814"}],"wp:featuredmedia":[{"embeddable":true,"href":"https:\/\/tiberiades.org\/index.php?rest_route=\/wp\/v2\/media\/5810"}],"wp:attachment":[{"href":"https:\/\/tiberiades.org\/index.php?rest_route=%2Fwp%2Fv2%2Fmedia&parent=5813"}],"wp:term":[{"taxonomy":"category","embeddable":true,"href":"https:\/\/tiberiades.org\/index.php?rest_route=%2Fwp%2Fv2%2Fcategories&post=5813"},{"taxonomy":"post_tag","embeddable":true,"href":"https:\/\/tiberiades.org\/index.php?rest_route=%2Fwp%2Fv2%2Ftags&post=5813"}],"curies":[{"name":"wp","href":"https:\/\/api.w.org\/{rel}","templated":true}]}}