{"id":5826,"date":"2021-11-17T12:59:14","date_gmt":"2021-11-17T10:59:14","guid":{"rendered":"https:\/\/tiberiades.org\/?p=5826"},"modified":"2021-11-18T14:22:42","modified_gmt":"2021-11-18T12:22:42","slug":"alfredo-perez-alencart-la-unica-residencia-de-karin-chirinos-bravo","status":"publish","type":"post","link":"https:\/\/tiberiades.org\/?p=5826","title":{"rendered":"La \u00fanica residencia de Kar\u00edn Chirinos Bravo"},"content":{"rendered":"<p><em>Tiber\u00edades tiene el privilegio de publicar el p\u00f3rtico firmado por el poeta Alfredo P\u00e9rez Alencart para el poemario \u2018Arqueolog\u00eda de la Ausencia\u2019, de Kar\u00edn Chirinos Bravo, el cual ha si publicado por VERBUM, destacada editorial madrile\u00f1a<\/em><\/p>\n<h2><strong><em><br \/>\n<\/em><\/strong><strong>LA \u00daNICA RESIDENCIA DE KAR\u00cdN CHIRINOS BRAVO<\/strong><\/h2>\n<p>Un honor, y una responsabilidad, el perge\u00f1ar un manojo de frases para arropar este libro de primicias de la poeta peruana-italiana Kar\u00edn Chirinos Bravo, hasta fechas recientes profesora en la Universidad de Catania, y ahora con plaza en la Universidad de Roma La Sapienza, creada en 1303, algo menos de una centuria despu\u00e9s que mi entra\u00f1able Casa de Estudios salmantina.<\/p>\n<h3><strong>I<\/strong><\/h3>\n<p>Tentativa (in\u00fatil) resulta abordar la Poes\u00eda desde par\u00e1metros inculcados por eruditos tratados de composici\u00f3n. Al menos as\u00ed lo entiendo yo, alej\u00e1ndome de p\u00e1rpados muertos, de cascadas de cenizas, de fr\u00edas comprensiones\u2026 Prefiero la f\u00f3rmula propuesta por Miguel de Unamuno, en su \u2018Credo po\u00e9tico\u2019: Pensar el sentimiento y sentir el pensamiento. Y esto lo aplico tanto para la propia creaci\u00f3n como para las lecturas cr\u00edticas que realizo.<\/p>\n<p>Es as\u00ed que, premunido de esas br\u00fajulas, me adentro en el poemario <em>Arqueolog\u00eda de la ausencia,<\/em> 46 textos albergados en 18 compartimentos, criaturas y\/o creaciones escritas no palme\u00e1ndose en el pecho, sino excavando en las vetas de la memoria, del desarraigo, del amor-desamor\u2026, de todo aquello que la autora ha sentido la necesidad de exponerlos a los lectores, para que as\u00ed patrullen fuera de su esp\u00edritu y carnalidad.<\/p>\n<p>Aqu\u00ed, en estos versos, puede encontrarse el por qu\u00e9 ha dejado que su magma sobrepase todas las esclusas, posiblemente en la b\u00fasqueda de que as\u00ed se instaure la hora del resarcimiento:<\/p>\n<p style=\"padding-left: 40px;\"><em><strong><br \/>\n<\/strong>\u2026una ausencia <strong><br \/>\n<\/strong>transpiras<strong><br \/>\n<\/strong>y<strong><br \/>\n<\/strong>arrancas de tus venas<strong><br \/>\n<\/strong>para dar espacio<strong><br \/>\n<\/strong>a lo nuevo.<\/em><\/p>\n<p><strong><em>\u00a0<\/em><\/strong><\/p>\n<figure id=\"attachment_5822\" aria-describedby=\"caption-attachment-5822\" style=\"width: 480px\" class=\"wp-caption aligncenter\"><img loading=\"lazy\" decoding=\"async\" class=\" wp-image-5822\" src=\"https:\/\/tiberiades.org\/wp-content\/uploads\/2021\/11\/2-Karin-Chirinos-Bravo.jpg\" alt=\"\" width=\"480\" height=\"640\" srcset=\"https:\/\/tiberiades.org\/wp-content\/uploads\/2021\/11\/2-Karin-Chirinos-Bravo.jpg 600w, https:\/\/tiberiades.org\/wp-content\/uploads\/2021\/11\/2-Karin-Chirinos-Bravo-225x300.jpg 225w\" sizes=\"auto, (max-width: 480px) 100vw, 480px\" \/><figcaption id=\"caption-attachment-5822\" class=\"wp-caption-text\">Kar\u00edn Chirinos Bravo<\/figcaption><\/figure>\n<h3><strong>II<\/strong><\/h3>\n<p>En este libro destella con largueza, con denuedo dir\u00eda mejor, la jabonadura de la ausencia; entendida esta, tanto de los pilares del tiempo vivo de la infancia y juventud, como del suelo primigenio y de las querencias que los a\u00f1os han ido desmoronando. Buena parte de los poemas han sido escritos en Sicilia, especialmente el que cierra la obra, donde manifiesta su entra\u00f1amiento o sicilianidad procurada, pero tambi\u00e9n expresa c\u00f3mo se esponjan las ausencias, una en particular, que pareciera latente todav\u00eda:<\/p>\n<p style=\"padding-left: 40px;\"><em>\u2026ingiero tu llanto,<strong><br \/>\n<\/strong>mastico tu ausencia,<strong><br \/>\n<\/strong>mis v\u00edsceras empiezan la hidr\u00f3lisis del dolor,<strong><br \/>\n<\/strong>te siento corriendo por mis venas, <strong><br \/>\n<\/strong>mis tejidos perciben el vac\u00edo que dejas a tu paso y,<strong><br \/>\n<\/strong>retoma la simbiosis\u2026<strong><br \/>\n<\/strong>\u00bfEsta Ant\u00edgona ha enterrado a su Polinices?<\/em><\/p>\n<p>No es expresi\u00f3n de culturalismo la alusi\u00f3n, en el \u00faltimo verso, a dos personajes de la mitolog\u00eda griega. Un autor muy querido, el historiador y novelista venezolano Guillermo Mor\u00f3n, sol\u00eda repetirme, mientras camin\u00e1bamos por las callejuelas de Salamanca, que los latinoamericanos somos griegos. Es decir, v\u00eda Espa\u00f1a, en Am\u00e9rica recibimos buenas dosis de cultura grecolatina.<\/p>\n<p>Pero no vayamos a generalidades: la propia poeta ha ampliado ese \u00e1mbito, como lo demostr\u00f3 con su tesis doctoral, titulada \u201cLa riscrittura al femminile di Antigone nel teatro ispanoamericano contempor\u00e1neo\u201d, sustentada en 2018.<\/p>\n<p><img loading=\"lazy\" decoding=\"async\" class=\"aligncenter size-large wp-image-5823\" src=\"https:\/\/tiberiades.org\/wp-content\/uploads\/2021\/11\/3-1024x677.jpg\" alt=\"\" width=\"640\" height=\"423\" srcset=\"https:\/\/tiberiades.org\/wp-content\/uploads\/2021\/11\/3-1024x677.jpg 1024w, https:\/\/tiberiades.org\/wp-content\/uploads\/2021\/11\/3-300x198.jpg 300w, https:\/\/tiberiades.org\/wp-content\/uploads\/2021\/11\/3-768x507.jpg 768w, https:\/\/tiberiades.org\/wp-content\/uploads\/2021\/11\/3-1536x1015.jpg 1536w, https:\/\/tiberiades.org\/wp-content\/uploads\/2021\/11\/3.jpg 1668w\" sizes=\"auto, (max-width: 640px) 100vw, 640px\" \/><\/p>\n<h3><strong>III<\/strong><\/h3>\n<p>Desde el transtierro, como Vallejo -a que tambi\u00e9n visita en Par\u00eds-, Kar\u00edn Chirinos Bravo nunca deja de tener presente sus ra\u00edces. Tampoco evade escribir sobre temas que ata\u00f1en a la justicia social, las discriminaciones o las distintas violencias contra la mujer. En tal sentido nos encontramos con versos que memoran, claman y reclaman:<\/p>\n<p style=\"padding-left: 40px;\"><em>Mi estancia son los recuerdos de cuerpos ausentes, <strong><br \/>\n<\/strong>que combaten contra la laceraci\u00f3n; <strong><br \/>\n<\/strong>multitudes de amazonas de venas ardientes; <strong><br \/>\n<\/strong>exigiendo a un\u00edsono la pacificaci\u00f3n. <\/em><\/p>\n<p>Pero tambi\u00e9n atiende, en otro apartado, a las etnias nativas de la Amazon\u00eda peruana, con marcada orientaci\u00f3n hacia los ash\u00e1ninka, asentados por las orillas del r\u00edo Cutivireni. O bien, da voz a las otras, a las menos privilegiadas que ella: \u201cTraigo siglos de\/ incertidumbre,\/ huesos carcomidos de sumisi\u00f3n,\/ espaldas doblegadas,\/ vientres maltrechos\/ que han parido hijos sin nombre,\/ pechos enormes\/ que amamantaron ni\u00f1os sin llanto\u2026\u201d.\u00a0 Lo suyo reivindicante viene de atr\u00e1s, de sus tiempos juveniles, como cuando deja constancia de apoyar las manifestaciones del profesorado peruano, perseguidos con gases y polic\u00edas.<\/p>\n<p>Hay otras defensas y referencias, como por ejemplo el tr\u00edptico de la secci\u00f3n VII, con marcado acento en el genocidio del pueblo jud\u00edo.<\/p>\n<h3><strong>IV<\/strong><\/h3>\n<p>Y si la memoria nunca muere, como dice la poeta, tampoco se disipa del todo esa ausencia que bracea \u00e1gilmente por el llanto o por la niebla que se levanta a la par que su tr\u00e1nsito existencial. Ausencia, repito, que puede ser el desanclaje de otro cuerpo: \u201cRespiro tu ausencia cada instante,\/ te busco\u00a0 y\/ te desentierro en s\u00e1banas extranjeras,\/ encuentro caricias dolorosas,\/ entierro tu piel,\/ la maldigo\u2026\u201d. Pero tambi\u00e9n recuerdos de la infancia, como cuando rememora el gesto generoso del inmigrante croata para con la ni\u00f1a hu\u00e9rfana y sin recursos: \u201cMe he presentado con\/ las zapatillas rotas y sin\/ uniforme,\/ desear\u00eda participar,\/ los miembros del grupo\/ me ignoran,\/ asumo que apesto pero\/ Mil\u00e1n, as\u00ed se llama el se\u00f1or Cvitanovih,\/ me da la mano y me presenta a los dem\u00e1s\/ diciendo \u00a8yo empec\u00e9 como ella cuando\/ \u00a0llegu\u00e9 a Lima de \u0160iroki Brijeg\u201d\u00a8.<\/p>\n<p><img loading=\"lazy\" decoding=\"async\" class=\"aligncenter size-large wp-image-5824\" src=\"https:\/\/tiberiades.org\/wp-content\/uploads\/2021\/11\/4-1-1024x576.jpg\" alt=\"\" width=\"640\" height=\"360\" srcset=\"https:\/\/tiberiades.org\/wp-content\/uploads\/2021\/11\/4-1-1024x576.jpg 1024w, https:\/\/tiberiades.org\/wp-content\/uploads\/2021\/11\/4-1-300x169.jpg 300w, https:\/\/tiberiades.org\/wp-content\/uploads\/2021\/11\/4-1-768x432.jpg 768w, https:\/\/tiberiades.org\/wp-content\/uploads\/2021\/11\/4-1.jpg 1280w\" sizes=\"auto, (max-width: 640px) 100vw, 640px\" \/><\/p>\n<h3><strong>V<\/strong><\/h3>\n<p>Breves e intensos poemas nos deja como ofrenda Kar\u00edn Chirinos Bravo, y los coloca al regazo de la Diosa Ambarina (la Poes\u00eda). Ella siente que estos textos son su \u00fanica residencia y no va desencaminada. Su \u00fanica residencia, pero tambi\u00e9n las m\u00faltiples lenguas que atesora, donde priman el castellano, el italiano y el quechua, convocadas de forma individual o al un\u00edsono en un mismo poema. Y lo hace de forma natural, no como experta en ling\u00fc\u00edstica que es. Lo hace como una necesidad de expresar y dejar anotado todo lo excavado en la hendedura del volc\u00e1n.<\/p>\n<p style=\"padding-left: 40px;\">As\u00ed nos deja,<br \/>\nvi\u00e9ndola amarrada a sus ausencias,<br \/>\nviniendo de atr\u00e1s<br \/>\npara ofrecernos toda la heredad<br \/>\nque el tr\u00e1nsito no ha escoriado.<\/p>\n<p style=\"text-align: right;\">Mayo y en Tejares (2021)<\/p>\n<p style=\"text-align: right;\"><em>Alfredo P\u00e9rez Alencart<strong><br \/>\n<\/strong><\/em>Universidad de Salamanca<\/p>\n<p><img loading=\"lazy\" decoding=\"async\" class=\"aligncenter  wp-image-5820\" src=\"https:\/\/tiberiades.org\/wp-content\/uploads\/2021\/11\/5-1-652x1024.jpg\" alt=\"\" width=\"535\" height=\"840\" srcset=\"https:\/\/tiberiades.org\/wp-content\/uploads\/2021\/11\/5-1-652x1024.jpg 652w, https:\/\/tiberiades.org\/wp-content\/uploads\/2021\/11\/5-1-191x300.jpg 191w, https:\/\/tiberiades.org\/wp-content\/uploads\/2021\/11\/5-1-768x1207.jpg 768w, https:\/\/tiberiades.org\/wp-content\/uploads\/2021\/11\/5-1-977x1536.jpg 977w, https:\/\/tiberiades.org\/wp-content\/uploads\/2021\/11\/5-1.jpg 1303w\" sizes=\"auto, (max-width: 535px) 100vw, 535px\" \/><\/p>\n<p><em>Kar\u00edn Chirinos Bravo gan\u00f3 en el a\u00f1o 2000 la Medalla del Presidente de la Rep\u00fablica italiana en el concurso para escritores migrantes residentes en Italia \u201cEks &amp; Tra\u201d. La obra ganadora est\u00e1 incluida en Il doppio sguardo, culture allo specchio (ADNKronos Libri, 2002). Desde 2001 ense\u00f1a lengua espa\u00f1ola en la Universidad de Catania (Sicilia) y desde 2019 es profesora a cargo de la c\u00e1tedra de Lengua espa\u00f1ola en la Universidad Sapienza de Roma. Obtuvo el t\u00edtulo de Doctora en Humanidades en la Universidad de Roma Tor Vergata con una tesis titulada: \u201cLa reescritura femenina de Ant\u00edgona en el teatro hispanoamericano contempor\u00e1neo\u201d, una investigaci\u00f3n de la que naci\u00f3 el ensayo Ant\u00edgonas del siglo XXI. Po\u00e9ticas del duelo y performatividad queer en el teatro femenino hispanoamericano contempor\u00e1neo (Nova Delphi, serie Estudios Literarios, 2019). Sus campos de investigaci\u00f3n se centran en el estudio del teatro hispanoamericano del siglo XXI (desde una perspectiva queer) y el an\u00e1lisis socioling\u00fc\u00edstico de las obras de l@s escritor@s en m\u00faltiples mundos, especialmente en la literatura hispanoamericana en Europa. Ha participado en varios congresos nacionales e internacionales y es autora de varios art\u00edculos cient\u00edficos.<\/em><\/p>\n","protected":false},"excerpt":{"rendered":"<p>Tiber\u00edades tiene el privilegio de publicar el p\u00f3rtico firmado por el poeta Alfredo P\u00e9rez Alencart para el poemario \u2018Arqueolog\u00eda de la Ausencia\u2019, de Kar\u00edn Chirinos Bravo, el cual ha si publicado por VERBUM, destacada editorial madrile\u00f1a LA \u00daNICA RESIDENCIA DE KAR\u00cdN CHIRINOS BRAVO Un honor, y una responsabilidad, el perge\u00f1ar un manojo de frases para arropar este libro de primicias [&hellip;]<\/p>\n","protected":false},"author":2,"featured_media":5821,"comment_status":"open","ping_status":"closed","sticky":false,"template":"","format":"standard","meta":{"footnotes":""},"categories":[4],"tags":[148,484],"class_list":["post-5826","post","type-post","status-publish","format-standard","has-post-thumbnail","hentry","category-alfredo-perez-alencart","tag-alfredo-perez-alencart","tag-karin-chirinos-bravo"],"_links":{"self":[{"href":"https:\/\/tiberiades.org\/index.php?rest_route=\/wp\/v2\/posts\/5826","targetHints":{"allow":["GET"]}}],"collection":[{"href":"https:\/\/tiberiades.org\/index.php?rest_route=\/wp\/v2\/posts"}],"about":[{"href":"https:\/\/tiberiades.org\/index.php?rest_route=\/wp\/v2\/types\/post"}],"author":[{"embeddable":true,"href":"https:\/\/tiberiades.org\/index.php?rest_route=\/wp\/v2\/users\/2"}],"replies":[{"embeddable":true,"href":"https:\/\/tiberiades.org\/index.php?rest_route=%2Fwp%2Fv2%2Fcomments&post=5826"}],"version-history":[{"count":3,"href":"https:\/\/tiberiades.org\/index.php?rest_route=\/wp\/v2\/posts\/5826\/revisions"}],"predecessor-version":[{"id":5849,"href":"https:\/\/tiberiades.org\/index.php?rest_route=\/wp\/v2\/posts\/5826\/revisions\/5849"}],"wp:featuredmedia":[{"embeddable":true,"href":"https:\/\/tiberiades.org\/index.php?rest_route=\/wp\/v2\/media\/5821"}],"wp:attachment":[{"href":"https:\/\/tiberiades.org\/index.php?rest_route=%2Fwp%2Fv2%2Fmedia&parent=5826"}],"wp:term":[{"taxonomy":"category","embeddable":true,"href":"https:\/\/tiberiades.org\/index.php?rest_route=%2Fwp%2Fv2%2Fcategories&post=5826"},{"taxonomy":"post_tag","embeddable":true,"href":"https:\/\/tiberiades.org\/index.php?rest_route=%2Fwp%2Fv2%2Ftags&post=5826"}],"curies":[{"name":"wp","href":"https:\/\/api.w.org\/{rel}","templated":true}]}}