{"id":5872,"date":"2021-11-22T11:10:46","date_gmt":"2021-11-22T09:10:46","guid":{"rendered":"https:\/\/tiberiades.org\/?p=5872"},"modified":"2021-11-22T11:57:25","modified_gmt":"2021-11-22T09:57:25","slug":"de-mi-intimidad-contigo-prologo-de-beatriz-garrigo","status":"publish","type":"post","link":"https:\/\/tiberiades.org\/?p=5872","title":{"rendered":"&#8216;De mi intimidad contigo&#8217;, pr\u00f3logo de Beatriz Garrido"},"content":{"rendered":"<p><em>Desde Tiber\u00edades, compartimos con alegr\u00eda la noticia del primer t\u00edtulo publicado a la colombiana Carolina Betancur, &#8216;De mi intimidad contigo&#8217;. Para darlo a conocer, agradecemos a la reconocida comunicadora Beatriz Garrido que nos permita reproducir aqu\u00ed su pr\u00f3logo a este libro, que aparece con los sellos de Tiber\u00edades y de la misi\u00f3n Misincol, donde desarrolla su labor misionera Carolina Betancur.<\/em><\/p>\n<figure id=\"attachment_5869\" aria-describedby=\"caption-attachment-5869\" style=\"width: 369px\" class=\"wp-caption aligncenter\"><a href=\"https:\/\/tiberiades.org\/wp-content\/uploads\/2021\/11\/De_mi_intimidad-EBOOK.pdf\" target=\"_blank\" rel=\"noopener\"><img loading=\"lazy\" decoding=\"async\" class=\"wp-image-5869\" src=\"https:\/\/tiberiades.org\/wp-content\/uploads\/2021\/11\/portada-betancur-592x1024.jpg\" alt=\"\" width=\"369\" height=\"638\" srcset=\"https:\/\/tiberiades.org\/wp-content\/uploads\/2021\/11\/portada-betancur-592x1024.jpg 592w, https:\/\/tiberiades.org\/wp-content\/uploads\/2021\/11\/portada-betancur-173x300.jpg 173w, https:\/\/tiberiades.org\/wp-content\/uploads\/2021\/11\/portada-betancur-768x1329.jpg 768w, https:\/\/tiberiades.org\/wp-content\/uploads\/2021\/11\/portada-betancur-888x1536.jpg 888w, https:\/\/tiberiades.org\/wp-content\/uploads\/2021\/11\/portada-betancur-1183x2048.jpg 1183w, https:\/\/tiberiades.org\/wp-content\/uploads\/2021\/11\/portada-betancur-scaled.jpg 1479w\" sizes=\"auto, (max-width: 369px) 100vw, 369px\" \/><\/a><figcaption id=\"caption-attachment-5869\" class=\"wp-caption-text\">Portada del libro. Pulse sobre ella para descargarlo<\/figcaption><\/figure>\n<h3><strong>Pr\u00f3logo a <em>De mi intimidad contigo<\/em><\/strong><\/h3>\n<p>Hace alg\u00fan tiempo lleg\u00f3 hasta m\u00ed, estando fuera de mi tierra, una petici\u00f3n especial de alguien a quien no conoc\u00eda, present\u00e1ndose y pidi\u00e9ndome algo que me hizo una gran ilusi\u00f3n, escribir el pr\u00f3logo de su precioso poemario, \u201cDe mi intimidad contigo\u201d; ven\u00eda respaldada por el gran poeta de la Amazonia Alfredo P\u00e9rez Alencart, a quien conoci\u00f3 a trav\u00e9s de m\u00ed y de mis propios poemas. A medida que iba leyendo, pude ver a una mujer muy especial a la que fui conociendo de a poquitos, escribi\u00e9ndonos mutuamente, y cuando quise darme cuenta me encontr\u00e9 con una hermana, una consierva y una amiga realmente especial.<\/p>\n<p>Permitid que antes de nada os deje unos trazos de su curr\u00edculum:<\/p>\n<p>Su nombre es Carolina Betancur Grajales e intento recoger parte de sus propias palabras\u2026<\/p>\n<p style=\"padding-left: 40px;\">Nac\u00ed en Anserma, Colombia, el 19 de septiembre de 1986. Tuve mi encuentro personal con Cristo cuando ten\u00eda 17 a\u00f1os gracias a una amiga y a su familia, quienes me hablaron del Se\u00f1or y me invitaron a los estudios b\u00edblicos en su iglesia local.<\/p>\n<p style=\"padding-left: 40px;\">&nbsp;Me atra\u00eda la Palabra de Dios, de modo que no puse resistencia y a partir de mi absoluta entrega al Se\u00f1or, cada verso, poema y canci\u00f3n que he compuesto viene de la inspiraci\u00f3n del Esp\u00edritu Santo y busca la gloria de nuestro precioso Trino Dios.<\/p>\n<p style=\"padding-left: 40px;\">Me gradu\u00e9 de Bi\u00f3loga en marzo de 2012 y ejerc\u00ed mi carrera profesional en proyectos de investigaci\u00f3n y en docencia. En 2015, mientras me encontraba en la selva amaz\u00f3nica en el departamento del Vaup\u00e9s, recib\u00ed el llamado del Se\u00f1or al ministerio misionero con los ind\u00edgenas de mi pa\u00eds.<\/p>\n<p style=\"padding-left: 40px;\">Desde Julio de 2018 &#8211; despu\u00e9s de capacitarme &#8211; inici\u00e9 un ministerio en el departamento del Choc\u00f3, con una etnia no alcanzada, por medio de la agencia misionera MISINCOL. Junto con mi compa\u00f1era de ministerio nos damos a conocer a los ind\u00edgenas por medio del servicio que les podemos ofrecer, aprendemos de cultura e idioma y les compartimos la Palabra de Dios por medio de narraciones b\u00edblicas, de manera que usamos el estilo de ense\u00f1anza de nuestro Maestro y Se\u00f1or. A esto me dedico en la actualidad, y agradezco al Se\u00f1or por el privilegio de ser usada para la extensi\u00f3n del Reino en esta hermosa selva donde a\u00fan hay muchos que pueden llegar a conocerle.<\/p>\n<p style=\"padding-left: 40px;\">En mayo de 2020 se publicaron en la p\u00e1gina de Tiber\u00edades (www.tiberiades.org) 7 de mis poemas, y el pasado 6 de mayo se public\u00f3 en la de Protestante Digital (www.protestantedigital.com) el poema titulado \u201cClamor por mi naci\u00f3n Colombia\u201d.<\/p>\n<p>Lo cierto es que el t\u00edtulo del poemario dejado m\u00e1s arriba me atrajo desde el primer momento, me hablaba muy directamente de alguien muy parecido a m\u00ed en ese sentido, el tema de la intimidad con Dios, es imprescindible para m\u00ed y entiendo que para cualquier creyente.<\/p>\n<p>Entre otras cosas soy poeta, siempre sirviendo al Se\u00f1or y hay algo de lo que me doy cuenta, cualquier persona que escribe, de modo especial en poes\u00eda, saca su alma y sus sentimientos al exterior sin poder evitarlo, he de confesar que no tengo el m\u00e1s m\u00ednimo problema con eso, \u00a1muy al contrario! Al leer a alguien lo vamos conociendo por dentro y con sinceridad, eso es un arma maravillosa para m\u00ed, y al comenzar a leer a esta preciosa colombiana, me atrajo al instante.<\/p>\n<p>Este poemario est\u00e1 dividido en cuatro partes\u2026<\/p>\n<ul>\n<li>Un instrumento vivo.<\/li>\n<li>Cuando he menguado y t\u00fa en m\u00ed has crecido.<\/li>\n<li>Tu amor es mi aliento cada ma\u00f1ana.<\/li>\n<li>Una mejor versi\u00f3n de m\u00ed.<\/li>\n<\/ul>\n<p>Cada parte lleva un n\u00famero determinado de poemas que en total hacen 36.<\/p>\n<p>Hay algo que me gusta mucho, bajo el t\u00edtulo de cada poes\u00eda est\u00e1n escritas citas b\u00edblicas, y esto nos sigue hablando del profundo sentimiento espiritual de su autora.<\/p>\n<p>Los poemas van de m\u00e1s a m\u00e1s, hablando de la relaci\u00f3n con Dios, luego pasa a su llamado al servicio, sigue entremezclando poemas de su sentimiento hecho realidad con el Dios de su vida\u2026 pero no olvida a su pa\u00eds y a los ind\u00edgenas entre los cuales desempe\u00f1a su ministerio, terminando con un precioso poema, \u201cMe asombro\u201d.<\/p>\n<p>Realmente he disfrutado con la lectura de cada poes\u00eda, el modo en que est\u00e1 estructurado, de ir conociendo a su autora cada vez un poquito m\u00e1s, una mujer con la que me puedo sentir muy identificada en diferentes aspectos.<\/p>\n<p>Ha sido para m\u00ed todo un honor escribir el pr\u00f3logo de algo muy hermoso, cuya lectura os invito a realizar desde este mismo momento.<\/p>\n<p>En Cristo,<\/p>\n<p>Beatriz Garrido<\/p>\n<p><img loading=\"lazy\" decoding=\"async\" class=\"alignnone size-medium wp-image-5867\" src=\"https:\/\/tiberiades.org\/wp-content\/uploads\/2021\/11\/beatriz-300x300.jpeg\" alt=\"\" width=\"300\" height=\"300\" srcset=\"https:\/\/tiberiades.org\/wp-content\/uploads\/2021\/11\/beatriz-300x300.jpeg 300w, https:\/\/tiberiades.org\/wp-content\/uploads\/2021\/11\/beatriz-1024x1024.jpeg 1024w, https:\/\/tiberiades.org\/wp-content\/uploads\/2021\/11\/beatriz-150x150.jpeg 150w, https:\/\/tiberiades.org\/wp-content\/uploads\/2021\/11\/beatriz-768x768.jpeg 768w, https:\/\/tiberiades.org\/wp-content\/uploads\/2021\/11\/beatriz-400x400.jpeg 400w, https:\/\/tiberiades.org\/wp-content\/uploads\/2021\/11\/beatriz.jpeg 1392w\" sizes=\"auto, (max-width: 300px) 100vw, 300px\" \/><\/p>\n<p><em>Beatriz Garrido (La Coru\u00f1a, Espa\u00f1a), poeta, conferenciante, locutora de radio y presentadora durante d\u00e9cadas, junto con Jaime Fern\u00e1ndez, del programa \u201cNacer de novo\u201d, auspiciado por todas las iglesias evang\u00e9licas de Galicia. Escribe los domingos en el peri\u00f3dico Protestante Digital, en su blog personal \u201cFollas Novas\u201d. Forma parte de la Junta nacional de la UDME (Uni\u00f3n de Mujeres Evang\u00e9licas de Espa\u00f1a) y del Consejo asesor espa\u00f1ol de TIBER\u00cdADES. Ha obtenido varios galardones por sus creaciones po\u00e9ticas.<\/em><\/p>\n","protected":false},"excerpt":{"rendered":"<p>Desde Tiber\u00edades, compartimos con alegr\u00eda la noticia del primer t\u00edtulo publicado a la colombiana Carolina Betancur, &#8216;De mi intimidad contigo&#8217;. Para darlo a conocer, agradecemos a la reconocida comunicadora Beatriz Garrido que nos permita reproducir aqu\u00ed su pr\u00f3logo a este libro, que aparece con los sellos de Tiber\u00edades y de la misi\u00f3n Misincol, donde desarrolla su labor misionera Carolina Betancur. [&hellip;]<\/p>\n","protected":false},"author":2,"featured_media":5878,"comment_status":"open","ping_status":"closed","sticky":false,"template":"","format":"standard","meta":{"footnotes":""},"categories":[492,3],"tags":[493,494],"class_list":["post-5872","post","type-post","status-publish","format-standard","has-post-thumbnail","hentry","category-beatriz-garrido-colaboraciones","category-colaboraciones","tag-beatriz-garrido","tag-carolina-betancur"],"_links":{"self":[{"href":"https:\/\/tiberiades.org\/index.php?rest_route=\/wp\/v2\/posts\/5872","targetHints":{"allow":["GET"]}}],"collection":[{"href":"https:\/\/tiberiades.org\/index.php?rest_route=\/wp\/v2\/posts"}],"about":[{"href":"https:\/\/tiberiades.org\/index.php?rest_route=\/wp\/v2\/types\/post"}],"author":[{"embeddable":true,"href":"https:\/\/tiberiades.org\/index.php?rest_route=\/wp\/v2\/users\/2"}],"replies":[{"embeddable":true,"href":"https:\/\/tiberiades.org\/index.php?rest_route=%2Fwp%2Fv2%2Fcomments&post=5872"}],"version-history":[{"count":5,"href":"https:\/\/tiberiades.org\/index.php?rest_route=\/wp\/v2\/posts\/5872\/revisions"}],"predecessor-version":[{"id":5885,"href":"https:\/\/tiberiades.org\/index.php?rest_route=\/wp\/v2\/posts\/5872\/revisions\/5885"}],"wp:featuredmedia":[{"embeddable":true,"href":"https:\/\/tiberiades.org\/index.php?rest_route=\/wp\/v2\/media\/5878"}],"wp:attachment":[{"href":"https:\/\/tiberiades.org\/index.php?rest_route=%2Fwp%2Fv2%2Fmedia&parent=5872"}],"wp:term":[{"taxonomy":"category","embeddable":true,"href":"https:\/\/tiberiades.org\/index.php?rest_route=%2Fwp%2Fv2%2Fcategories&post=5872"},{"taxonomy":"post_tag","embeddable":true,"href":"https:\/\/tiberiades.org\/index.php?rest_route=%2Fwp%2Fv2%2Ftags&post=5872"}],"curies":[{"name":"wp","href":"https:\/\/api.w.org\/{rel}","templated":true}]}}