{"id":5949,"date":"2021-12-06T11:51:09","date_gmt":"2021-12-06T09:51:09","guid":{"rendered":"https:\/\/tiberiades.org\/?p=5949"},"modified":"2021-12-06T11:56:12","modified_gmt":"2021-12-06T09:56:12","slug":"otono","status":"publish","type":"post","link":"https:\/\/tiberiades.org\/?p=5949","title":{"rendered":"Oto\u00f1o, un art\u00edculo de Stuart Park"},"content":{"rendered":"<p><em>Estaci\u00f3n de nieblas y fructificaciones suaves<\/em>\u2026 As\u00ed comenz\u00f3 John Keats su \u2018Oda al oto\u00f1o\u2019, considerado uno de los poemas m\u00e1s hermosos de la literatura inglesa. Dice la leyenda que el poeta fue a dar un paseo por la pradera que hay detr\u00e1s del Winchester College para escaparse de la lecci\u00f3n de viol\u00edn de la hija de su casera. Cuando regres\u00f3 la clase hab\u00eda terminado, felizmente, y anot\u00f3 en su cuaderno las 33 l\u00edneas de su poema.<\/p>\n<p>Cuando lo escribi\u00f3 sab\u00eda que padec\u00eda tuberculosis, la enfermedad que hab\u00eda llevado a la tumba a su madre y a su hermano, y la conciencia de las consecuencias de su condici\u00f3n ti\u00f1e de melancol\u00eda y mortalidad su poes\u00eda, y aumenta su belleza. Keats se march\u00f3 a Roma en busca de un clima m\u00e1s seco, pero muri\u00f3 all\u00ed a los 26 a\u00f1os 18 meses despu\u00e9s.<\/p>\n<p>El oto\u00f1o parece aunar estas tres emociones: melancol\u00eda por el final del est\u00edo y una sensaci\u00f3n de mortalidad en la ca\u00edda de las hojas secas. Pero tambi\u00e9n belleza, y hay quien celebra el oto\u00f1o m\u00e1s que cualquier otra estaci\u00f3n del a\u00f1o por el rojo y el oro que engalanan los \u00e1rboles en su majestuoso fulgor.<\/p>\n<p>El poeta de Moguer, Juan Ram\u00f3n Jim\u00e9nez, capt\u00f3 a la perfecci\u00f3n la emoci\u00f3n que produce esta estaci\u00f3n del a\u00f1o en \u2018Oto\u00f1o\u2019.<\/p>\n<p style=\"padding-left: 40px;\"><em>Esparce octubre, al blando movimiento<br \/>\n<\/em><em>del sur, las hojas \u00e1ureas y las rojas,<br \/>\n<\/em><em>y, en la ca\u00edda clara de sus hojas,<br \/>\n<\/em><em>se lleva al infinito el pensamiento<\/em><em>.<\/em><\/p>\n<p><img loading=\"lazy\" decoding=\"async\" class=\"aligncenter size-large wp-image-5951\" src=\"https:\/\/tiberiades.org\/wp-content\/uploads\/2021\/12\/forest-gf530742ce_1920-1024x683.jpg\" alt=\"\" width=\"640\" height=\"427\" srcset=\"https:\/\/tiberiades.org\/wp-content\/uploads\/2021\/12\/forest-gf530742ce_1920-1024x683.jpg 1024w, https:\/\/tiberiades.org\/wp-content\/uploads\/2021\/12\/forest-gf530742ce_1920-300x200.jpg 300w, https:\/\/tiberiades.org\/wp-content\/uploads\/2021\/12\/forest-gf530742ce_1920-768x512.jpg 768w, https:\/\/tiberiades.org\/wp-content\/uploads\/2021\/12\/forest-gf530742ce_1920-1536x1024.jpg 1536w, https:\/\/tiberiades.org\/wp-content\/uploads\/2021\/12\/forest-gf530742ce_1920-272x182.jpg 272w, https:\/\/tiberiades.org\/wp-content\/uploads\/2021\/12\/forest-gf530742ce_1920.jpg 1920w\" sizes=\"auto, (max-width: 640px) 100vw, 640px\" \/><\/p>\n<p>El comienzo del oto\u00f1o \u00abse lleva al infinito el pensamiento\u00bb porque todo lo que en el mundo hay es creaci\u00f3n de Dios y lleva su sello. El oto\u00f1o no solo se\u00f1ala la ca\u00edda de las hojas; es tiempo de la partida de las aves migratorias que nos dejan despu\u00e9s de pasar el verano entre nosotros. \u00bfQui\u00e9n no ha visto a las golondrinas prepar\u00e1ndose para su largo viaje a \u00c1frica, posadas en fila sobre el cable de la telefon\u00eda, y no ha sentido nostalgia por el fin de la \u00e9poca estival? Para el profeta antiguo el instinto de las aves migratorias dejaba en evidencia la desidia y la comodidad espiritual de su pueblo:<\/p>\n<blockquote>\n<p style=\"padding-left: 40px;\"><em>La cig\u00fce\u00f1a en el cielo conoce su tiempo, y la t\u00f3rtola y la grulla y la golondrina guardan el tiempo de su venida; pero mi pueblo no conoce el juicio de Jehov\u00e1<\/em> (Jerem\u00edas 8:7).<\/p>\n<\/blockquote>\n<p>En mis a\u00f1os mozos el oto\u00f1o significaba jugar a las casta\u00f1as, un juego que consist\u00eda en enhebrar en una cuerda una casta\u00f1a reci\u00e9n ca\u00edda del \u00e1rbol, para tratar de romper la del contrincante con un certero golpe.<\/p>\n<p>Ahora el oto\u00f1o evoca sensaciones m\u00e1s serias, menos infantiles. La ca\u00edda de las hojas invita a la reflexi\u00f3n, a disfrutar, a recordar, y a meditar en su significado profundo.<\/p>\n<figure id=\"attachment_3480\" aria-describedby=\"caption-attachment-3480\" style=\"width: 640px\" class=\"wp-caption aligncenter\"><img loading=\"lazy\" decoding=\"async\" class=\"size-large wp-image-3480\" src=\"https:\/\/tiberiades.org\/wp-content\/uploads\/2020\/07\/3-Stuart-Park-en-Tordesillas-foto-de-Jacqueline-Alencar-1024x591.jpg\" alt=\"\" width=\"640\" height=\"369\" srcset=\"https:\/\/tiberiades.org\/wp-content\/uploads\/2020\/07\/3-Stuart-Park-en-Tordesillas-foto-de-Jacqueline-Alencar-1024x591.jpg 1024w, https:\/\/tiberiades.org\/wp-content\/uploads\/2020\/07\/3-Stuart-Park-en-Tordesillas-foto-de-Jacqueline-Alencar-300x173.jpg 300w, https:\/\/tiberiades.org\/wp-content\/uploads\/2020\/07\/3-Stuart-Park-en-Tordesillas-foto-de-Jacqueline-Alencar-768x443.jpg 768w, https:\/\/tiberiades.org\/wp-content\/uploads\/2020\/07\/3-Stuart-Park-en-Tordesillas-foto-de-Jacqueline-Alencar-1536x887.jpg 1536w, https:\/\/tiberiades.org\/wp-content\/uploads\/2020\/07\/3-Stuart-Park-en-Tordesillas-foto-de-Jacqueline-Alencar-2048x1182.jpg 2048w\" sizes=\"auto, (max-width: 640px) 100vw, 640px\" \/><figcaption id=\"caption-attachment-3480\" class=\"wp-caption-text\">Stuart Park en Tordesillas (foto de Jacqueline Alencar)<\/figcaption><\/figure>\n<p><strong>Stuart Park<\/strong>\u00a0naci\u00f3 en la ciudad inglesa de Preston, condado de Lancashire, en 1946. Tras cursar estudios en el Preston Grammar School ingres\u00f3 en el Downing College de Cambridge, donde se licenci\u00f3 en Filolog\u00eda Rom\u00e1nica. Colabor\u00f3 intensamente con la <em>Christian Union<\/em>\u00a0de la Universidad, dedicando sus veranos en Espa\u00f1a a la misi\u00f3n internacional Operaci\u00f3n Movilizaci\u00f3n. Entre 1967 y 1971 particip\u00f3, junto con David F. Burt, en los comienzos de los Grupos B\u00edblicos Universitarios (GBU) en Madrid. En 1970 se cas\u00f3 con\u00a0Verna Reed,\u00a0oriunda de Castile en el Estado de Nueva York, que colaboraba en la misi\u00f3n universitaria. Entre 1971 y 1972 vivi\u00f3 en Castile, y de 1972 a 1976 en Philadelphia, donde obtuvo el doctorado en la Temple University con una tesis sobre\u00a0<em>Don Cristali\u00e1n de Espa\u00f1a<\/em>\u00a0(1545), novela in\u00e9dita de la escritora vallisoletana\u00a0Beatriz Bernal.\u00a0A partir de 1976 la familia traslada su residencia a Valladolid. Stuart se dedica a la ense\u00f1anza del ingl\u00e9s, en 1981 funda Warwick House, centro ling\u00fc\u00edstico-cultural, y en 1996 se incorpora como director del Colegio Internacional de Valladolid, hasta su jubilaci\u00f3n en 2012. Desde 1976 es miembro de la iglesia evang\u00e9lica sita en la calle Olmedo 38 de Valladolid. Tras volver a Espa\u00f1a reanuda su colaboraci\u00f3n con los GBU, dirigiendo estudios en campamentos estudiantiles y dando conferencias sobre temas b\u00edblicos en diversas universidades del pa\u00eds. Miembro de su Comit\u00e9 Ejecutivo durante m\u00e1s de veinte a\u00f1os, ejerce como presidente de GBU de 1987 a 1997. \u00a0Desde 1996 Stuart Park es director de\u00a0<em>Al\u00e9theia<\/em>, la revista teol\u00f3gica de la Alianza Evang\u00e9lica Espa\u00f1ola. En 1991, bajo el sello de Publicaciones Andamio, Stuart Park public\u00f3\u00a0<strong>\u2018<\/strong><em>Desde el torbellino. Job: m\u00e1s all\u00e1 del dolor humano\u2019<\/em><strong>.<\/strong>\u00a0Siguen otros t\u00edtulos publicados por la misma editorial:\u00a0<strong>\u2018<\/strong><em>Bajo sus alas. Rut: m\u00e1s all\u00e1 del amor humano\u2019<\/em><strong>,<\/strong>\u00a0en colaboraci\u00f3n con David F. Burt (1993). En 1995 publica \u2018<em>In mem\u00f3riam\u2019<\/em>; en 1996\u00a0<strong>\u2018<\/strong><em>La se\u00f1al. Jon\u00e1s: m\u00e1s all\u00e1 de la voluntad humana\u2019<\/em><strong>,<\/strong>\u00a0en colaboraci\u00f3n con David F. Burt. En 2000 publica\u00a0<strong>\u2018<\/strong><em>El cetro de oro. Ester: m\u00e1s all\u00e1 del poder humano\u2019<\/em><strong>,<\/strong>\u00a0en colaboraci\u00f3n con David F. Burt y David Pradales Cipr\u00e9s; y\u00a0<strong>\u2018<\/strong><em>Diez historias\u2019<\/em><strong>,<\/strong>\u00a0en 2004. Durante este tiempo publica, bajo el mismo sello editorial, varios estudios monogr\u00e1ficos:\u00a0<strong>\u2018<\/strong><em>La Biblia. Un libro para la postmodernidad\u2019<\/em><em>\u00a0<\/em>(1988),\u00a0<strong>\u2018<\/strong><em>Literatura y Biblia<\/em><strong>.<\/strong><em>El Se\u00f1or\u00edo de Cristo y las letras\u2019<\/em>\u00a0(2\u00aa ed. 1995);\u00a0<strong>\u2018<\/strong><em>\u00bfResucit\u00f3 Jes\u00fas?\u2019<\/em>\u00a0(2\u00aa ed. 1995);\u00a0<strong>\u2018<\/strong><em>\u00bfC\u00f3mo interpretar la Biblia?\u2019<\/em>\u00a0(2\u00aa ed. 1995); y\u00a0<strong>\u2018<\/strong><em>Jesucristo hoy<\/em><strong>\u2019<\/strong>\u00a0(1997). A partir de 2009 comienza una nueva y fruct\u00edfera etapa de intensa actividad literaria. Publica libros de tem\u00e1tica muy variada bajo el sello Ediciones Camino Viejo:\u00a0<strong>\u2018<\/strong><em>Las hijas del canto. Las aves del cielo en la tradici\u00f3n b\u00edblica y la poes\u00eda de Jos\u00e9 Jim\u00e9nez Lozano\u2019<\/em>\u00a0con Pr\u00f3logo del Premio cervantes Jos\u00e9 Jim\u00e9nez Lozano (2009);\u00a0<strong>\u2018<\/strong><em>En el valle de la sombra. Conversaciones con Sirio\u2019<\/em>\u00a0(2010) que relata las conversaciones con un amigo \u00edntimo durante los \u00faltimos d\u00edas de su vida. En el mismo a\u00f1o reedita \u2018<em>Diez historias\u2019<\/em><strong>.<\/strong>\u00a0En 2011 aparecen tres libros:\u00a0<strong>\u2018<\/strong><em>El lucero de la ma\u00f1ana. La tumba vac\u00eda de Jes\u00fas\u2019<\/em><strong>,<\/strong>que reexamina la evidencia de la Resurrecci\u00f3n;\u00a0<strong>\u2018<\/strong><em>El camino de Ema\u00fas. Par\u00e1bola y s\u00edmbolo en la narrativa b\u00edblica\u2019<\/em><strong>,<\/strong>\u00a0que explora la hermen\u00e9utica b\u00edblica desde el magisterio de Jes\u00fas; y\u00a0<strong>\u2018<\/strong><em>Doce nombres\u2019<\/em>\u00a0que recorre la historia b\u00edblica a trav\u00e9s de algunos de sus personaje m\u00e1s emblem\u00e1ticos. En 2012 publica\u00a0<strong>\u2018<\/strong><em>Magn\u00edficat. Mar\u00eda la madre del Se\u00f1or\u2019<\/em>\u00a0y reedita \u2018<em>Desde el torbellino\u2019.<\/em><em>\u00a0<\/em>En 2013 publica\u00a0<strong>\u2018<\/strong><em>Cartas a mis nietos\u2019<\/em><strong>,<\/strong>\u00a0un recorrido por la historia b\u00edblica de forma epistolar,\u00a0<strong>y \u2018<\/strong><em>El cord\u00f3n de grana<\/em><strong>.<\/strong>\u00a0<em>Historias de mujeres en la narrativa b\u00edblica\u2019<\/em><strong>.<\/strong>\u00a0En el mismo a\u00f1o aparece\u00a0<strong>\u2018<\/strong><em>Jard\u00edn cerrado. El Cantar sublime de Salom\u00f3n\u2019<\/em><strong>,<\/strong>\u00a0y en 2014 publica\u00a0<strong>\u2018<\/strong><em>La vida breve. El libro de Qoh\u00e9let\u2019,<\/em>\u00a0con pr\u00f3logo de Pablo Mart\u00ednez Vila, y\u00a0<strong>\u2018<\/strong><em>Siete Palabras\u2019<\/em><strong>,<\/strong>\u00a0una reflexi\u00f3n acerca de las \u00faltimas palabras de Cristo en la Cruz. M\u00e1s recientes son <em>La palabra suficiente<\/em>; <em>Conversaciones con Aurelio,<\/em> en torno a la fe; <em>Junto al mar de Tiberias,<\/em> Las se\u00f1ales que hizo Jes\u00fas; <em>In memoriam<\/em>, El dolor humano y la consolaci\u00f3n de Cristo; <em>Rut la moabita<\/em>; <em>De Egipto llam\u00e9 a mi hijo<\/em>, sobre la historia de Jos\u00e9 y, finalmente, <em>Mes\u00edas,<\/em> el texto de Jennens que inspir\u00f3 el Oratorio de H\u00e4ndel (2018). Es miembro del Consejo Asesor de TIBER\u00cdADES.<\/p>\n<p>Su m\u00e1s reciente publicaci\u00f3n es <a href=\"https:\/\/www.editorialconfluencias.com\/producto\/el-viaje-a-oxford-que-nunca-tuvo-lugar\/\"><strong><em>El viaje a Oxford que nunca tuvo lugar<\/em><\/strong><\/a>, un libro de conversaciones con Jos\u00e9 Jim\u00e9nez Lozano, mayormente en torno a la Biblia, la fe y la historia del cristianismo, que surgieron en el contexto de un viaje a Oxford planeado y nunca efectuado.<\/p>\n","protected":false},"excerpt":{"rendered":"<p>Estaci\u00f3n de nieblas y fructificaciones suaves\u2026 As\u00ed comenz\u00f3 John Keats su \u2018Oda al oto\u00f1o\u2019, considerado uno de los poemas m\u00e1s hermosos de la literatura inglesa. Dice la leyenda que el poeta fue a dar un paseo por la pradera que hay detr\u00e1s del Winchester College para escaparse de la lecci\u00f3n de viol\u00edn de la hija de su casera. Cuando regres\u00f3 [&hellip;]<\/p>\n","protected":false},"author":2,"featured_media":5950,"comment_status":"open","ping_status":"closed","sticky":false,"template":"","format":"standard","meta":{"footnotes":""},"categories":[3,39],"tags":[508,507,506,40],"class_list":["post-5949","post","type-post","status-publish","format-standard","has-post-thumbnail","hentry","category-colaboraciones","category-stuart-park","tag-juan-ramon-jimenez","tag-keats","tag-otono","tag-stuart-park"],"_links":{"self":[{"href":"https:\/\/tiberiades.org\/index.php?rest_route=\/wp\/v2\/posts\/5949","targetHints":{"allow":["GET"]}}],"collection":[{"href":"https:\/\/tiberiades.org\/index.php?rest_route=\/wp\/v2\/posts"}],"about":[{"href":"https:\/\/tiberiades.org\/index.php?rest_route=\/wp\/v2\/types\/post"}],"author":[{"embeddable":true,"href":"https:\/\/tiberiades.org\/index.php?rest_route=\/wp\/v2\/users\/2"}],"replies":[{"embeddable":true,"href":"https:\/\/tiberiades.org\/index.php?rest_route=%2Fwp%2Fv2%2Fcomments&post=5949"}],"version-history":[{"count":9,"href":"https:\/\/tiberiades.org\/index.php?rest_route=\/wp\/v2\/posts\/5949\/revisions"}],"predecessor-version":[{"id":5960,"href":"https:\/\/tiberiades.org\/index.php?rest_route=\/wp\/v2\/posts\/5949\/revisions\/5960"}],"wp:featuredmedia":[{"embeddable":true,"href":"https:\/\/tiberiades.org\/index.php?rest_route=\/wp\/v2\/media\/5950"}],"wp:attachment":[{"href":"https:\/\/tiberiades.org\/index.php?rest_route=%2Fwp%2Fv2%2Fmedia&parent=5949"}],"wp:term":[{"taxonomy":"category","embeddable":true,"href":"https:\/\/tiberiades.org\/index.php?rest_route=%2Fwp%2Fv2%2Fcategories&post=5949"},{"taxonomy":"post_tag","embeddable":true,"href":"https:\/\/tiberiades.org\/index.php?rest_route=%2Fwp%2Fv2%2Ftags&post=5949"}],"curies":[{"name":"wp","href":"https:\/\/api.w.org\/{rel}","templated":true}]}}