{"id":5993,"date":"2022-01-15T08:40:00","date_gmt":"2022-01-15T06:40:00","guid":{"rendered":"https:\/\/tiberiades.org\/?p=5993"},"modified":"2022-01-14T20:10:48","modified_gmt":"2022-01-14T18:10:48","slug":"invierno-un-articulo-de-stuart-park","status":"publish","type":"post","link":"https:\/\/tiberiades.org\/?p=5993","title":{"rendered":"Invierno, un art\u00edculo de Stuart Park."},"content":{"rendered":"<p style=\"padding-left: 40px;\"><em>\u00bfEntiendes por qu\u00e9 el crujido<br \/>\nde la madera encoge<br \/>\ntu coraz\u00f3n en la noche de invierno?<br \/>\nSabes de qu\u00e9 te avisa, al\u00e9grate entonces<br \/>\nde poder arroparte a\u00fan con la piel suave<br \/>\nde marta, y pide<br \/>\nque se te conceda esta alegr\u00eda<br \/>\na\u00fan muchos inviernos. M\u00e1s no pidas,<br \/>\nno exijas m\u00e1s, s\u00e9 modesto y realista:<br \/>\neres un hombre, s\u00f3lo esto.<\/em><\/p>\n<p style=\"padding-left: 40px;\">\u2018El crujido\u2019.<br \/>\nJos\u00e9 Jim\u00e9nez Lozano.<\/p>\n<p>\u00abEl invierno de nuestro descontento\u00bb. As\u00ed calific\u00f3 Ricardo III, en la ep\u00f3nima tragedia de William Shakespeare, el largo per\u00edodo de luchas y desaz\u00f3n que hab\u00eda padecido el reino, y la imagen cal\u00f3 en la cultura popular cuando la prensa bautiz\u00f3 con esta c\u00e9lebre frase la huelga de los mineros que fue aplastada por el gobierno de Margaret Thatcher en 1984-5.<\/p>\n<p>\u00abEl invierno de nuestro descontento\u00bb bien puede tipificar, tambi\u00e9n, las postrimer\u00edas de nuestras propias vidas con sus luchas y desaz\u00f3n, y el sabio Qoh\u00e9let advierte: \u00abAcu\u00e9rdate de tu Creador en los d\u00edas de tu juventud, antes de que vengan los d\u00edas malos, y lleguen los a\u00f1os de los cuales digas: No tengo en ellos contentamiento\u00bb (Ecl. 12:1).<\/p>\n<p>El crujido de la madera en invierno es un sonido que nos es familiar. Nuestra casa en Asturias tiene un techo de casta\u00f1o, sensible a los cambios de temperatura cuando encendemos la chimenea o cuando el sol entra cegador por la balconera de cristal. El casta\u00f1o, otrora rey del bosque, sirve ahora de techumbre, como el olmo centenario de Machado que el carpintero convertir\u00e1 en melena de campana, lanza de carro o yugo de carreta cuando sucumba al hacha del le\u00f1ador.<\/p>\n<p>La noche de invierno nos avisa, como dice el poeta, cuando la \u00abtierra est\u00e1 dura como el hierro, el agua como una piedra\u00bb, en palabras de Cristina Rossetti, y el viento gime alrededor. La piel suave de marta que ahora arropa al poeta correteaba anta\u00f1o por las ramas del bosque, y en lo profundo de la noche la memoria de estas cosas encoge el coraz\u00f3n. Pero no para infundir tristeza, sino alegr\u00eda, porque el Se\u00f1or nos ha concedido una noche m\u00e1s, y tal vez ma\u00f1ana nos regale un d\u00eda m\u00e1s para vivir, y a fin de cuentas, si somos modestos y realistas, m\u00e1s no podemos pedir.<\/p>\n<figure id=\"attachment_6011\" aria-describedby=\"caption-attachment-6011\" style=\"width: 640px\" class=\"wp-caption aligncenter\"><img loading=\"lazy\" decoding=\"async\" class=\"wp-image-6011 size-large\" src=\"https:\/\/tiberiades.org\/wp-content\/uploads\/2022\/01\/Stuart-con-JJl-y-768x1024.jpg\" alt=\"\" width=\"640\" height=\"853\" srcset=\"https:\/\/tiberiades.org\/wp-content\/uploads\/2022\/01\/Stuart-con-JJl-y-768x1024.jpg 768w, https:\/\/tiberiades.org\/wp-content\/uploads\/2022\/01\/Stuart-con-JJl-y-225x300.jpg 225w, https:\/\/tiberiades.org\/wp-content\/uploads\/2022\/01\/Stuart-con-JJl-y-1152x1536.jpg 1152w, https:\/\/tiberiades.org\/wp-content\/uploads\/2022\/01\/Stuart-con-JJl-y.jpg 1536w\" sizes=\"auto, (max-width: 640px) 100vw, 640px\" \/><figcaption id=\"caption-attachment-6011\" class=\"wp-caption-text\">Stuart Park con con Jos\u00e9 Jim\u00e9nez Lozano y Dora en Alcazar\u00e9n<\/figcaption><\/figure>\n<p><strong>Stuart Park<\/strong>\u00a0naci\u00f3 en la ciudad inglesa de Preston, condado de Lancashire, en 1946. Tras cursar estudios en el Preston Grammar School ingres\u00f3 en el Downing College de Cambridge, donde se licenci\u00f3 en Filolog\u00eda Rom\u00e1nica. Colabor\u00f3 intensamente con la <em>Christian Union<\/em>\u00a0de la Universidad, dedicando sus veranos en Espa\u00f1a a la misi\u00f3n internacional Operaci\u00f3n Movilizaci\u00f3n. Entre 1967 y 1971 particip\u00f3, junto con David F. Burt, en los comienzos de los Grupos B\u00edblicos Universitarios (GBU) en Madrid. En 1970 se cas\u00f3 con\u00a0Verna Reed,\u00a0oriunda de Castile en el Estado de Nueva York, que colaboraba en la misi\u00f3n universitaria. Entre 1971 y 1972 vivi\u00f3 en Castile, y de 1972 a 1976 en Philadelphia, donde obtuvo el doctorado en la Temple University con una tesis sobre\u00a0<em>Don Cristali\u00e1n de Espa\u00f1a<\/em> (1545), novela in\u00e9dita de la escritora vallisoletana\u00a0Beatriz Bernal.\u00a0A partir de 1976 la familia traslada su residencia a Valladolid. Stuart se dedica a la ense\u00f1anza del ingl\u00e9s, en 1981 funda Warwick House, centro ling\u00fc\u00edstico-cultural, y en 1996 se incorpora como director del Colegio Internacional de Valladolid, hasta su jubilaci\u00f3n en 2012.\u00a0 Desde 1996 Stuart Park es director de\u00a0<em>Al\u00e9theia<\/em>, la revista teol\u00f3gica de la Alianza Evang\u00e9lica Espa\u00f1ola. En 1991, bajo el sello de Publicaciones Andamio, Stuart Park public\u00f3\u00a0<strong>\u2018<\/strong><em>Desde el torbellino. Job: m\u00e1s all\u00e1 del dolor humano\u2019<\/em><strong>.<\/strong>\u00a0Siguen otros t\u00edtulos publicados por la misma editorial:\u00a0<strong>\u2018<\/strong><em>Bajo sus alas. Rut: m\u00e1s all\u00e1 del amor humano\u2019<\/em><strong>,<\/strong>\u00a0en colaboraci\u00f3n con David F. Burt (1993). En 1995 publica \u2018<em>In mem\u00f3riam\u2019<\/em>; en 1996\u00a0<strong>\u2018<\/strong><em>La se\u00f1al. Jon\u00e1s: m\u00e1s all\u00e1 de la voluntad humana\u2019<\/em><strong>,<\/strong>\u00a0en colaboraci\u00f3n con David F. Burt. En 2000 publica\u00a0<strong>\u2018<\/strong><em>El cetro de oro. Ester: m\u00e1s all\u00e1 del poder humano\u2019<\/em><strong>,<\/strong>\u00a0en colaboraci\u00f3n con David F. Burt y David Pradales Cipr\u00e9s; y\u00a0<strong>\u2018<\/strong><em>Diez historias\u2019<\/em><strong>,<\/strong>\u00a0en 2004. Durante este tiempo publica, bajo el mismo sello editorial, varios estudios monogr\u00e1ficos:\u00a0<strong>\u2018<\/strong><em>La Biblia. Un libro para la postmodernidad\u2019<\/em><em>\u00a0<\/em>(1988),\u00a0<strong>\u2018<\/strong><em>Literatura y Biblia<\/em><strong>.<\/strong><em>El Se\u00f1or\u00edo de Cristo y las letras\u2019<\/em>\u00a0(2\u00aa ed. 1995);\u00a0<strong>\u2018<\/strong><em>\u00bfResucit\u00f3 Jes\u00fas?\u2019<\/em>\u00a0(2\u00aa ed. 1995);\u00a0<strong>\u2018<\/strong><em>\u00bfC\u00f3mo interpretar la Biblia?\u2019<\/em>\u00a0(2\u00aa ed. 1995); y\u00a0<strong>\u2018<\/strong><em>Jesucristo hoy<\/em><strong>\u2019<\/strong>\u00a0(1997). A partir de 2009 comienza una nueva y fruct\u00edfera etapa de intensa actividad literaria. Publica libros de tem\u00e1tica muy variada bajo el sello Ediciones Camino Viejo:\u00a0<strong>\u2018<\/strong><em>Las hijas del canto. Las aves del cielo en la tradici\u00f3n b\u00edblica y la poes\u00eda de Jos\u00e9 Jim\u00e9nez Lozano\u2019<\/em>\u00a0con Pr\u00f3logo del Premio cervantes Jos\u00e9 Jim\u00e9nez Lozano (2009);\u00a0<strong>\u2018<\/strong><em>En el valle de la sombra. Conversaciones con Sirio\u2019<\/em>\u00a0(2010) que relata las conversaciones con un amigo \u00edntimo durante los \u00faltimos d\u00edas de su vida. En el mismo a\u00f1o reedita \u2018<em>Diez historias\u2019<\/em><strong>.<\/strong>\u00a0En 2011 aparecen tres libros:\u00a0<strong>\u2018<\/strong><em>El lucero de la ma\u00f1ana. La tumba vac\u00eda de Jes\u00fas\u2019<\/em><strong>,<\/strong>que reexamina la evidencia de la Resurrecci\u00f3n;\u00a0<strong>\u2018<\/strong><em>El camino de Ema\u00fas. Par\u00e1bola y s\u00edmbolo en la narrativa b\u00edblica\u2019<\/em><strong>,<\/strong>\u00a0que explora la hermen\u00e9utica b\u00edblica desde el magisterio de Jes\u00fas; y\u00a0<strong>\u2018<\/strong><em>Doce nombres\u2019<\/em>\u00a0que recorre la historia b\u00edblica a trav\u00e9s de algunos de sus personaje m\u00e1s emblem\u00e1ticos. En 2012 publica\u00a0<strong>\u2018<\/strong><em>Magn\u00edficat. Mar\u00eda la madre del Se\u00f1or\u2019<\/em>\u00a0y reedita \u2018<em>Desde el torbellino\u2019.<\/em><em>\u00a0<\/em>En 2013 publica\u00a0<strong>\u2018<\/strong><em>Cartas a mis nietos\u2019<\/em><strong>,<\/strong>\u00a0un recorrido por la historia b\u00edblica de forma epistolar,\u00a0<strong>y \u2018<\/strong><em>El cord\u00f3n de grana<\/em><strong>.<\/strong>\u00a0<em>Historias de mujeres en la narrativa b\u00edblica\u2019<\/em><strong>.<\/strong>\u00a0En el mismo a\u00f1o aparece\u00a0<strong>\u2018<\/strong><em>Jard\u00edn cerrado. El Cantar sublime de Salom\u00f3n\u2019<\/em><strong>,<\/strong>\u00a0y en 2014 publica\u00a0<strong>\u2018<\/strong><em>La vida breve. El libro de Qoh\u00e9let\u2019,<\/em>\u00a0con pr\u00f3logo de Pablo Mart\u00ednez Vila, y\u00a0<strong>\u2018<\/strong><em>Siete Palabras\u2019<\/em><strong>,<\/strong>\u00a0una reflexi\u00f3n acerca de las \u00faltimas palabras de Cristo en la Cruz. M\u00e1s recientes son <em>La palabra suficiente<\/em>; <em>Conversaciones con Aurelio,<\/em> en torno a la fe; <em>Junto al mar de Tiberias,<\/em> Las se\u00f1ales que hizo Jes\u00fas; <em>In memoriam<\/em>, El dolor humano y la consolaci\u00f3n de Cristo; <em>Rut la moabita<\/em>; <em>De Egipto llam\u00e9 a mi hijo<\/em>, sobre la historia de Jos\u00e9, <em>Mes\u00edas,<\/em> el texto de Jennens que inspir\u00f3 el Oratorio de H\u00e4ndel (2018), <em>La fe del carbonero<\/em> (2020) y <em>Contra viento y marea<\/em> (2022). Es miembro del Consejo Asesor de TIBER\u00cdADES.<\/p>\n<p>Su m\u00e1s reciente publicaci\u00f3n es <a href=\"https:\/\/www.editorialconfluencias.com\/producto\/el-viaje-a-oxford-que-nunca-tuvo-lugar\/\"><strong><em>El viaje a Oxford que nunca tuvo lugar<\/em><\/strong><\/a>, un libro de conversaciones con Jos\u00e9 Jim\u00e9nez Lozano, mayormente en torno a la Biblia, la fe y la historia del cristianismo, que surgieron en el contexto de un viaje a Oxford planeado y nunca efectuado.<\/p>\n","protected":false},"excerpt":{"rendered":"<p>\u00bfEntiendes por qu\u00e9 el crujido de la madera encoge tu coraz\u00f3n en la noche de invierno? Sabes de qu\u00e9 te avisa, al\u00e9grate entonces de poder arroparte a\u00fan con la piel suave de marta, y pide que se te conceda esta alegr\u00eda a\u00fan muchos inviernos. M\u00e1s no pidas, no exijas m\u00e1s, s\u00e9 modesto y realista: eres un hombre, s\u00f3lo esto. \u2018El [&hellip;]<\/p>\n","protected":false},"author":2,"featured_media":6004,"comment_status":"open","ping_status":"closed","sticky":false,"template":"","format":"standard","meta":{"footnotes":""},"categories":[39],"tags":[146,40],"class_list":["post-5993","post","type-post","status-publish","format-standard","has-post-thumbnail","hentry","category-stuart-park","tag-jimenez-lozano","tag-stuart-park"],"_links":{"self":[{"href":"https:\/\/tiberiades.org\/index.php?rest_route=\/wp\/v2\/posts\/5993","targetHints":{"allow":["GET"]}}],"collection":[{"href":"https:\/\/tiberiades.org\/index.php?rest_route=\/wp\/v2\/posts"}],"about":[{"href":"https:\/\/tiberiades.org\/index.php?rest_route=\/wp\/v2\/types\/post"}],"author":[{"embeddable":true,"href":"https:\/\/tiberiades.org\/index.php?rest_route=\/wp\/v2\/users\/2"}],"replies":[{"embeddable":true,"href":"https:\/\/tiberiades.org\/index.php?rest_route=%2Fwp%2Fv2%2Fcomments&post=5993"}],"version-history":[{"count":4,"href":"https:\/\/tiberiades.org\/index.php?rest_route=\/wp\/v2\/posts\/5993\/revisions"}],"predecessor-version":[{"id":6012,"href":"https:\/\/tiberiades.org\/index.php?rest_route=\/wp\/v2\/posts\/5993\/revisions\/6012"}],"wp:featuredmedia":[{"embeddable":true,"href":"https:\/\/tiberiades.org\/index.php?rest_route=\/wp\/v2\/media\/6004"}],"wp:attachment":[{"href":"https:\/\/tiberiades.org\/index.php?rest_route=%2Fwp%2Fv2%2Fmedia&parent=5993"}],"wp:term":[{"taxonomy":"category","embeddable":true,"href":"https:\/\/tiberiades.org\/index.php?rest_route=%2Fwp%2Fv2%2Fcategories&post=5993"},{"taxonomy":"post_tag","embeddable":true,"href":"https:\/\/tiberiades.org\/index.php?rest_route=%2Fwp%2Fv2%2Ftags&post=5993"}],"curies":[{"name":"wp","href":"https:\/\/api.w.org\/{rel}","templated":true}]}}