{"id":6342,"date":"2022-02-18T13:34:12","date_gmt":"2022-02-18T12:34:12","guid":{"rendered":"https:\/\/tiberiades.org\/?p=6342"},"modified":"2022-02-18T13:35:08","modified_gmt":"2022-02-18T12:35:08","slug":"cain-y-abel-sin-voz-y-otros-poemas-de-george-reyes","status":"publish","type":"post","link":"https:\/\/tiberiades.org\/?p=6342","title":{"rendered":"\u2018Ca\u00edn y Abel sin voz\u2019 y otros poemas de George Reyes"},"content":{"rendered":"<h3><\/h3>\n<h3 style=\"padding-left: 40px;\"><strong>CA\u00cdN Y ABEL SIN VOZ<\/strong><\/h3>\n<p style=\"padding-left: 40px;\">\u00a1Ay Abel sin voz!<br \/>\nLa tierra abre hoy sus fauces,<br \/>\nmi sangre saborea<br \/>\ny le sabe a elocuente grito.<\/p>\n<p style=\"padding-left: 40px;\">Ca\u00edn, tres te miran con dolor tu mano alzada<br \/>\nque con prisa de un brutal oleaje<br \/>\noyen el maullido de esta sangre en tu mano no lavada;<br \/>\nse cae tu semblante y no lo recoges;<\/p>\n<p style=\"padding-left: 40px;\">\u00a1anuda tu equipaje!<br \/>\nLa carne de tu frente la han marcado y tiembla,<br \/>\nporque t\u00fa, Ca\u00edn, a un viaje de temor te han embarcado;<br \/>\na m\u00ed, en cambio, me han dejado en esta \u00f3rbita que espanta,<br \/>\npero vivir\u00e9, vivir\u00e9 y vivir\u00e9.<\/p>\n<h3 style=\"padding-left: 40px;\"><strong>MEMORIA DEL CORAZ\u00d3N<\/strong><\/h3>\n<p style=\"padding-left: 40px;\">De esperanza la memoria se ha hinchado,<br \/>\nla vaciaste de da\u00f1ina dulzura,<br \/>\nde congojas que pinchan sus pies.<\/p>\n<p style=\"padding-left: 40px;\">La comez\u00f3n de tocar<br \/>\nla altura del \u00e1rbol<br \/>\ndel coraz\u00f3n me arranc\u00f3 la memoria.<\/p>\n<p style=\"padding-left: 40px;\">En la frescura del tiempo<br \/>\npaseas en mi vesperal domicilio,<br \/>\nel bullicio del pie me abre los p\u00e1rpados<\/p>\n<p style=\"padding-left: 40px;\">al mal<\/p>\n<p style=\"padding-left: 40px;\">que ca\u00eda<\/p>\n<p style=\"padding-left: 40px;\">al bien que alcanc\u00e9.<\/p>\n<p style=\"padding-left: 40px;\">Y ya no paseas en esas horas<br \/>\nporque el astro mayor me relumbra,<br \/>\nse enreda en los repliegues de mis laberintos.<\/p>\n<figure id=\"attachment_6338\" aria-describedby=\"caption-attachment-6338\" style=\"width: 684px\" class=\"wp-caption aligncenter\"><img loading=\"lazy\" decoding=\"async\" class=\"size-full wp-image-6338\" src=\"https:\/\/tiberiades.org\/wp-content\/uploads\/2022\/02\/2-Cain-y-Abel-de-Tiziano.jpg\" alt=\"\" width=\"684\" height=\"720\" srcset=\"https:\/\/tiberiades.org\/wp-content\/uploads\/2022\/02\/2-Cain-y-Abel-de-Tiziano.jpg 684w, https:\/\/tiberiades.org\/wp-content\/uploads\/2022\/02\/2-Cain-y-Abel-de-Tiziano-285x300.jpg 285w\" sizes=\"auto, (max-width: 684px) 100vw, 684px\" \/><figcaption id=\"caption-attachment-6338\" class=\"wp-caption-text\">Ca\u00edn y Abel, de Tiziano<\/figcaption><\/figure>\n<h3 style=\"padding-left: 40px;\">OCTAVO D\u00cdA Y EL PARAJE DEL ESPEJO<\/h3>\n<p style=\"text-align: right;\"><em><br \/>\nLa poes\u00eda se\u00f1ala de manera ambigua y con recovecos al ser<br \/>\nhumano encarnado en su historia. gr<\/em><\/p>\n<h4 style=\"padding-left: 40px;\">1<\/h4>\n<p style=\"padding-left: 40px;\">\u00bfSecar\u00e1 la tinta que chorrea del buen \u00e1rbol<br \/>\nla mortaja que a\u00fan me envuelve el coraz\u00f3n?<br \/>\nLo que hoy el labio aprieta,<br \/>\nson los tantos sorbos de una voz hartada que se sueltan<br \/>\nsobre el orbe derramado en el d\u00eda octavo.<\/p>\n<h4 style=\"padding-left: 40px;\">2<\/h4>\n<p style=\"padding-left: 40px;\">En el pico de la hora no hay descanso:<br \/>\nla muerte que a\u00fan me ladra a la raz\u00f3n<br \/>\nsalta un ventanal rabioso<br \/>\ndel t\u00f3rrido paraje que cae del espejo y se destroza,<br \/>\nal cual no he de volver en el octavo d\u00eda.<\/p>\n<figure id=\"attachment_6339\" aria-describedby=\"caption-attachment-6339\" style=\"width: 607px\" class=\"wp-caption aligncenter\"><img loading=\"lazy\" decoding=\"async\" class=\"size-large wp-image-6339\" src=\"https:\/\/tiberiades.org\/wp-content\/uploads\/2022\/02\/3-Corazon-de-Miguel-Elias-607x1024.jpg\" alt=\"\" width=\"607\" height=\"1024\" srcset=\"https:\/\/tiberiades.org\/wp-content\/uploads\/2022\/02\/3-Corazon-de-Miguel-Elias-607x1024.jpg 607w, https:\/\/tiberiades.org\/wp-content\/uploads\/2022\/02\/3-Corazon-de-Miguel-Elias-178x300.jpg 178w, https:\/\/tiberiades.org\/wp-content\/uploads\/2022\/02\/3-Corazon-de-Miguel-Elias-768x1296.jpg 768w, https:\/\/tiberiades.org\/wp-content\/uploads\/2022\/02\/3-Corazon-de-Miguel-Elias-910x1536.jpg 910w, https:\/\/tiberiades.org\/wp-content\/uploads\/2022\/02\/3-Corazon-de-Miguel-Elias.jpg 1106w\" sizes=\"auto, (max-width: 607px) 100vw, 607px\" \/><figcaption id=\"caption-attachment-6339\" class=\"wp-caption-text\">Coraz\u00f3n, de Miguel El\u00edas<\/figcaption><\/figure>\n<p><em>George Reyes. Poeta, ensayista, cr\u00edtico literario y editor ecuatoriano-mexicano; fundador de la Asociaci\u00f3n Actuales Voces de la Poes\u00eda Latinoamericana (AVPL) y de AVPLA-Revista de Poes\u00eda. Los poemas proceden de su reciente poemario El \u00c1rbol del Bien y del mal (2021).<\/em><\/p>\n<figure id=\"attachment_6340\" aria-describedby=\"caption-attachment-6340\" style=\"width: 640px\" class=\"wp-caption aligncenter\"><img loading=\"lazy\" decoding=\"async\" class=\"size-large wp-image-6340\" src=\"https:\/\/tiberiades.org\/wp-content\/uploads\/2022\/02\/4-Creacion-de-los-animales-de-Pietro-Facchetti-755x1024.jpg\" alt=\"\" width=\"640\" height=\"868\" srcset=\"https:\/\/tiberiades.org\/wp-content\/uploads\/2022\/02\/4-Creacion-de-los-animales-de-Pietro-Facchetti-755x1024.jpg 755w, https:\/\/tiberiades.org\/wp-content\/uploads\/2022\/02\/4-Creacion-de-los-animales-de-Pietro-Facchetti-221x300.jpg 221w, https:\/\/tiberiades.org\/wp-content\/uploads\/2022\/02\/4-Creacion-de-los-animales-de-Pietro-Facchetti-768x1041.jpg 768w, https:\/\/tiberiades.org\/wp-content\/uploads\/2022\/02\/4-Creacion-de-los-animales-de-Pietro-Facchetti-1133x1536.jpg 1133w, https:\/\/tiberiades.org\/wp-content\/uploads\/2022\/02\/4-Creacion-de-los-animales-de-Pietro-Facchetti.jpg 1416w\" sizes=\"auto, (max-width: 640px) 100vw, 640px\" \/><figcaption id=\"caption-attachment-6340\" class=\"wp-caption-text\">Creaci\u00f3n de los animales, de Pietro Facchetti<\/figcaption><\/figure>\n<p><em>\u00a0<\/em><\/p>\n","protected":false},"excerpt":{"rendered":"<p>CA\u00cdN Y ABEL SIN VOZ \u00a1Ay Abel sin voz! La tierra abre hoy sus fauces, mi sangre saborea y le sabe a elocuente grito. Ca\u00edn, tres te miran con dolor tu mano alzada que con prisa de un brutal oleaje oyen el maullido de esta sangre en tu mano no lavada; se cae tu semblante y no lo recoges; \u00a1anuda [&hellip;]<\/p>\n","protected":false},"author":2,"featured_media":6341,"comment_status":"open","ping_status":"closed","sticky":false,"template":"","format":"standard","meta":{"footnotes":""},"categories":[80],"tags":[79],"class_list":["post-6342","post","type-post","status-publish","format-standard","has-post-thumbnail","hentry","category-g-reyes","tag-george-reyes"],"_links":{"self":[{"href":"https:\/\/tiberiades.org\/index.php?rest_route=\/wp\/v2\/posts\/6342","targetHints":{"allow":["GET"]}}],"collection":[{"href":"https:\/\/tiberiades.org\/index.php?rest_route=\/wp\/v2\/posts"}],"about":[{"href":"https:\/\/tiberiades.org\/index.php?rest_route=\/wp\/v2\/types\/post"}],"author":[{"embeddable":true,"href":"https:\/\/tiberiades.org\/index.php?rest_route=\/wp\/v2\/users\/2"}],"replies":[{"embeddable":true,"href":"https:\/\/tiberiades.org\/index.php?rest_route=%2Fwp%2Fv2%2Fcomments&post=6342"}],"version-history":[{"count":2,"href":"https:\/\/tiberiades.org\/index.php?rest_route=\/wp\/v2\/posts\/6342\/revisions"}],"predecessor-version":[{"id":6344,"href":"https:\/\/tiberiades.org\/index.php?rest_route=\/wp\/v2\/posts\/6342\/revisions\/6344"}],"wp:featuredmedia":[{"embeddable":true,"href":"https:\/\/tiberiades.org\/index.php?rest_route=\/wp\/v2\/media\/6341"}],"wp:attachment":[{"href":"https:\/\/tiberiades.org\/index.php?rest_route=%2Fwp%2Fv2%2Fmedia&parent=6342"}],"wp:term":[{"taxonomy":"category","embeddable":true,"href":"https:\/\/tiberiades.org\/index.php?rest_route=%2Fwp%2Fv2%2Fcategories&post=6342"},{"taxonomy":"post_tag","embeddable":true,"href":"https:\/\/tiberiades.org\/index.php?rest_route=%2Fwp%2Fv2%2Ftags&post=6342"}],"curies":[{"name":"wp","href":"https:\/\/api.w.org\/{rel}","templated":true}]}}