{"id":6405,"date":"2022-03-05T10:42:14","date_gmt":"2022-03-05T09:42:14","guid":{"rendered":"https:\/\/tiberiades.org\/?p=6405"},"modified":"2022-03-05T10:42:14","modified_gmt":"2022-03-05T09:42:14","slug":"erasto-a-espino-y-nuria-rodriguez-vargas-presentacion-del-libro-interseccion-del-costarricense-alexander-anchia","status":"publish","type":"post","link":"https:\/\/tiberiades.org\/?p=6405","title":{"rendered":"Erasto A. Espino y Nuria Rodr\u00edguez Vargas: Presentaci\u00f3n del libro \u2018Intersecci\u00f3n\u2019 del costarricense Alexander Anch\u00eda"},"content":{"rendered":"<p>&nbsp;<\/p>\n<p><em>El pasado 11 de febrero se present\u00f3 el libro \u2018Intersecci\u00f3n\u2019, de poeta y escritor costarricense Alexander Anch\u00eda. TIBER\u00cdADES deja conocer a sus lectores dos comentarios sobre el mismo.<\/em><\/p>\n<h3 style=\"text-align: center;\">\n<strong>Apuestas literarias y respuesta lectora<br \/>\nen torno a \u2018Intersecci\u00f3n\u2019, de Alexander Anch\u00eda<\/strong><\/h3>\n<p style=\"text-align: center;\">Erasto Antonio Espino Barahona, M.A.<\/p>\n<h4>I.<\/h4>\n<p>Mediante un lenguaje po\u00e9tico y narrativo, fresco y contempor\u00e1neo -en su fondo y en su forma-, Alexander nos ofrece un dise\u00f1o literario mixto que abarca un espectro que va desde las interrogantes insondables por la propia identidad, atravesando las tensiones de la relaci\u00f3n con la otredad y los \u00e1mbitos de la Naturaleza y de lo Divino, hasta llegar a los dramas contempor\u00e1neos de la migraci\u00f3n y de la miseria. As\u00ed, mediante los veintid\u00f3s textos que arman el libro <strong>Intersecci\u00f3n<\/strong>, la pluma de Anch\u00eda cruza (intersecta) lenguajes y g\u00e9neros para dar cuenta -mediante la enunciaci\u00f3n po\u00e9tica y el contar propio del relato- de hondas visiones sobre la persona humana, su devenir en el tiempo, su relaci\u00f3n no exenta de conflictos con otros sujetos sociales, como la familia y la Sociedad de pertenencia, as\u00ed como la contemplaci\u00f3n casi religiosa de la fauna y flora que la naturaleza nos prodiga y la expresi\u00f3n latente de la Trascendencia que la habita y que en ella, se hace accesible.<\/p>\n<h4>II.<\/h4>\n<p>Continuar la exploraci\u00f3n de <strong>Intersecci\u00f3n<\/strong>, plantea su vez el reto de qu\u00e9 es lo podr\u00eda ofrecerse al p\u00fablico como presentaci\u00f3n para su debida, gozosa y profunda lectura. Una opci\u00f3n era la de avanzar un estudio literario, una introducci\u00f3n que analizara el entero libro de Alexander. Tentaci\u00f3n plausible sino fuera por el ya sesudo y bien logrado pr\u00f3logo escrito por \u00c1lvaro M. Torres-Calder\u00f3n, profesor y poeta peruano vinculado a la Universidad de North Georgia, texto que antecede en la versi\u00f3n impresa o digital a las p\u00e1ginas de <strong>Intersecci\u00f3n<\/strong><\/p>\n<p>El primer texto que reclama mi atenci\u00f3n y que, por cierto, encabeza el libro es un buen logrado poema titulado \u201cLa pir\u00e1mide de la iguana\u201d en el que, con una precisi\u00f3n casi conceptista de una ret\u00f3rica casi surreal, el poeta parece indagar a trav\u00e9s de la imagen de esta pir\u00e1mide\/iguana por el sentido de lo Real, planteando lo senso-perceptible como testimonio del devenir humano.<\/p>\n<p>M\u00e1s adelante, la voz del hablante nos dice de \u201cLa otra miseria\u201d. Esa que supone la anulaci\u00f3n o la disoluci\u00f3n del ser, cuando la expresi\u00f3n de lo que somos o la creaci\u00f3n de una realidad distinta se hace imposible. He aqu\u00ed algunos de estos versos, donde se expresa sin decir un Arte po\u00e9tica impecable:<\/p>\n<p style=\"padding-left: 40px;\">El peor d\u00eda<br \/>\nser\u00e1:<br \/>\nAqu\u00e9l en que<br \/>\nninguna imagen<br \/>\nquede f\u00e9rtil.<\/p>\n<p style=\"padding-left: 40px;\">La peor mudez<br \/>\nser\u00e1:<br \/>\nAquella<br \/>\nen que mis palabras<br \/>\nno detonen<br \/>\nm\u00e1s all\u00e1 de una salva.<\/p>\n<p style=\"padding-left: 40px;\">(\u2026)<\/p>\n<p style=\"padding-left: 40px;\">Si me perdiera\u2026<br \/>\nEl absurdo<br \/>\nya no ser\u00eda ambiguo.<br \/>\nLa paz la avasallar\u00edan<br \/>\nlas ecuaciones.<\/p>\n<p style=\"padding-left: 40px;\">La escala de la miseria,<br \/>\nla definir\u00eda mi sombra<br \/>\nentre una sopa de letras.<\/p>\n<p>(\u2026)<\/p>\n<p style=\"padding-left: 40px;\">Cuando [\u2026]<br \/>\nel rayo no reviente<br \/>\nen mi imaginaci\u00f3n,<br \/>\nser\u00e1 hora de apagar mi antorcha<\/p>\n<p>&nbsp;<\/p>\n<p><img loading=\"lazy\" decoding=\"async\" class=\"aligncenter size-large wp-image-6398\" src=\"https:\/\/tiberiades.org\/wp-content\/uploads\/2022\/03\/2-1-1024x698.jpg\" alt=\"\" width=\"640\" height=\"436\" srcset=\"https:\/\/tiberiades.org\/wp-content\/uploads\/2022\/03\/2-1-1024x698.jpg 1024w, https:\/\/tiberiades.org\/wp-content\/uploads\/2022\/03\/2-1-300x204.jpg 300w, https:\/\/tiberiades.org\/wp-content\/uploads\/2022\/03\/2-1-768x523.jpg 768w, https:\/\/tiberiades.org\/wp-content\/uploads\/2022\/03\/2-1-1536x1047.jpg 1536w, https:\/\/tiberiades.org\/wp-content\/uploads\/2022\/03\/2-1-2048x1396.jpg 2048w\" sizes=\"auto, (max-width: 640px) 100vw, 640px\" \/><\/p>\n<p>Seguidamente, en \u201cCuentas que se me escapan\u201d, Alex parece sugerir que cualquier intento humano de entender, calibrar o expresar la Realidad es f\u00fatil y que \u00e9sta es inconmensurable, por lo que solo puede atisbarse y encontrarse en lo absoluto, en Dios. Y el poeta lo hace mediante audaces y hermosas im\u00e1genes;<\/p>\n<p style=\"padding-left: 40px;\">Estrellas<br \/>\nque se abren en<br \/>\npreguntas.<\/p>\n<p>Sin embargo, el poeta sabe que hay a\u00fan un espacio l\u00edmpido, una regi\u00f3n m\u00e1s transparente que permite el encuentro con lo Absoluto. Nos lo revela en el cuarto poema del libro, un texto en cierto modo pante\u00edsta, titulado \u201cEst\u00e1 siempre ah\u00ed\u201d:<\/p>\n<p style=\"padding-left: 40px;\">Est\u00e1 siempre ah\u00ed&#8230;<br \/>\nY d\u00eda con d\u00eda<br \/>\nsus colores hablan con otro acento,<br \/>\nlas comas, signos de pregunta,<br \/>\nadmiraci\u00f3n,<br \/>\nlos ver\u00e1n acentuados<br \/>\nentre ramas, hojas, lianas, bejucos\u2026<\/p>\n<p>Sin embargo, la urdimbre po\u00e9tica de <strong>Intersecci\u00f3n<\/strong> no se limita a una b\u00fasqueda metaf\u00edsica, sino que aborda tambi\u00e9n la concreci\u00f3n de la amistad. Y platea los valores y los retos que agencian esta inestimable realidad humana que anuda a las m\u00e1s distintas personas en una historia com\u00fan.<\/p>\n<p style=\"padding-left: 40px;\">Deja que los ecos<br \/>\nsangren en la nada<\/p>\n<p style=\"padding-left: 40px;\">(\u2026)<\/p>\n<p style=\"padding-left: 40px;\">Y si debe caer<br \/>\nmi cabeza,<br \/>\nlas veces que el infinito<br \/>\nsentencie,<br \/>\nno me defiendas<br \/>\npor lo que no fui<br \/>\ncapaz de demostrar.<\/p>\n<p style=\"padding-left: 40px;\">No te pido<br \/>\nque me creas<br \/>\ns\u00f3lo<br \/>\n\u00a1esc\u00fachame!<\/p>\n<p style=\"padding-left: 40px;\">No pretendo<br \/>\nconvertirte,<br \/>\ns\u00f3lo<br \/>\n\u00a1enti\u00e9ndeme!<br \/>\nNo impongas,<br \/>\n\u00a1se\u00f1ala!\u2026<br \/>\nNo aconsejes,<br \/>\n\u00a1acompa\u00f1a!.<\/p>\n<p style=\"padding-left: 40px;\">Mira coraz\u00f3n<br \/>\nadentro,<br \/>\nhasta que las miradas<br \/>\ncoincidan en la palabra..<\/p>\n<p>En el poema titulado \u201cMi propia bestia\u201d, el hablante vuelve la mirada hac\u00eda s\u00ed mismo y ausculta las entra\u00f1as oscuras de la propia subjetividad. Aqu\u00ed el poeta a trav\u00e9s de un feroz diagn\u00f3stico l\u00edrico, conjuga autenticidad y palabra, se desnuda y reconoce los l\u00edmites que lo habitan y permean su persona y su escritura:<\/p>\n<p style=\"padding-left: 40px;\">La bestia que camina conmigo,<br \/>\nse escurre por las venas<br \/>\ndel poema.<\/p>\n<p style=\"padding-left: 40px;\">(\u2026)<\/p>\n<p style=\"padding-left: 40px;\">Mi voz intenta perpetuar al sol;<br \/>\nsin que sea capaz siquiera<br \/>\nde encender este pedazo de papel.<\/p>\n<p>Ahora bien, si tuviera que hablar desde est\u00e9tica del gusto, de esa semi\u00f3tica del placer que postul\u00f3 y practic\u00f3 Roland Barthes, probablemente elegir\u00eda \u201cLos castillos de arena no mueren\u201d para mi propio archivo personal. El poema, a mi juicio de lo m\u00e1s logrado de entre la veintena de textos po\u00e9tico\/narrativos que componen <strong>Intersecci\u00f3n<\/strong>, exhibe una contenida belleza que me recuerda la versolog\u00eda de muchos poemas de Borges, junto a una sonoridad y hondura existencial propia de la poes\u00eda infantil donde se integran musicalidad, belleza y profundidad. Pero para no quedarme con la fruici\u00f3n encerrada en el recinto de mi propio goce, me atrevo a leer el poema casi por entero:<\/p>\n<p style=\"padding-left: 40px;\">Los castillos duermen en el d\u00eda,<br \/>\nsue\u00f1an que ser\u00e1n grandes<br \/>\nmientras otros los descubren.<\/p>\n<p style=\"padding-left: 40px;\">El mar los abandon\u00f3<br \/>\ny una mano los adopta,<br \/>\nmarchan por la playa<br \/>\nreanimando los fantasmas.<\/p>\n<p style=\"padding-left: 40px;\">Los castillos de arena<br \/>\nest\u00e1n hechos con ingredientes<br \/>\nque desbordan el barril<br \/>\ndel inconsciente<\/p>\n<p style=\"padding-left: 40px;\">(\u2026)<\/p>\n<p style=\"padding-left: 40px;\">En la noche los castillos<br \/>\nabren de par en par<br \/>\nsu p\u00f3lvora,<br \/>\nque detona<br \/>\nen el gemido<br \/>\nde la brisa.<\/p>\n<p style=\"padding-left: 40px;\">Exhiben sus calabozos<br \/>\ndonde alg\u00fan atlante<br \/>\nha de haber quedado preso.<br \/>\nEn sus puentes<br \/>\nlos caracoles y cangrejos<br \/>\nadquieren el<br \/>\nvalor de Lancelot,<br \/>\nel Cid o de Guillermo Tell.<br \/>\nChaucer vaci\u00f3 sus historias<br \/>\nque dieron origen a un T\u00edo vivo.<\/p>\n<p style=\"padding-left: 40px;\">Sirven de m\u00e9diums<br \/>\nentre el licor del mar<br \/>\ny el ajedrez<br \/>\nde las conchas.<\/p>\n<p style=\"padding-left: 40px;\">En navidad<br \/>\nel pesebre<br \/>\nesparce la sal de las naciones,<br \/>\ny el mu\u00f1eco de arena<br \/>\nse transforma en angelito negro.<\/p>\n<p style=\"padding-left: 40px;\">Los castillos de arena<br \/>\nno mueren,<br \/>\nsi la materia<br \/>\ns\u00f3lo se transforma,<br \/>\nlos granitos van de sue\u00f1o en sue\u00f1o,<br \/>\nhasta donde<br \/>\ncualquier idea germine.<\/p>\n<p><img loading=\"lazy\" decoding=\"async\" class=\"aligncenter size-large wp-image-6399\" src=\"https:\/\/tiberiades.org\/wp-content\/uploads\/2022\/03\/3-1024x591.jpg\" alt=\"\" width=\"640\" height=\"369\" srcset=\"https:\/\/tiberiades.org\/wp-content\/uploads\/2022\/03\/3-1024x591.jpg 1024w, https:\/\/tiberiades.org\/wp-content\/uploads\/2022\/03\/3-300x173.jpg 300w, https:\/\/tiberiades.org\/wp-content\/uploads\/2022\/03\/3-768x443.jpg 768w, https:\/\/tiberiades.org\/wp-content\/uploads\/2022\/03\/3.jpg 1366w\" sizes=\"auto, (max-width: 640px) 100vw, 640px\" \/><\/p>\n<p>Avanzando en la lectura del libro, se abre paso a partir del texto 12, la irrupci\u00f3n de lo narrativo. Casi siempre en un tono monologal que convoca luego a otras voces y personajes (particularmente en los dos relatos sobre \u201clos pobres de Aguantafilo\u201d y \u201cde las Gradas\u201d), Alexander nos proporciona una inmersi\u00f3n sostenida en lo dif\u00edcil, lo oscuro y lo abyecto de la vida humana especialmente de esta parte de la Historia contempor\u00e1nea (\u00bfposmoderna?) que hoy transitamos y que nos enfrenta a m\u00faltiples injusticias y desaf\u00edos.<\/p>\n<p>En este sentido, son m\u00faltiples los aspectos de la realidad hodierna que Anch\u00eda retrata y denuncia. Y lo va haciendo a trav\u00e9s de una narrativizaci\u00f3n que recuerda la serie de las pinturas negras de Goya; as\u00ed se demuestra una vez m\u00e1s que la experiencia est\u00e9tica y su puesta en forma en el arte y en la literatura no est\u00e1 casada, inevitablemente, con lo bueno, lo bello y lo verdadero, como postula la tradici\u00f3n cl\u00e1sica, sino que \u201clo feo puede ser tambi\u00e9n bello\u201d en su dramaticidad, dentro de la totalidad de la experiencia humana. Esto es tangible en la denuncia de la ignorancia mantenida por la superstici\u00f3n del ocultismo en sus diversas formas; en la mostraci\u00f3n de la humillaci\u00f3n, maltrato y angustia que pasan los migrantes ilegales en norte\u00f1as latitudes; en el retrato naturalista de la miseria urbana o en la enajenaci\u00f3n y el aislamiento que la vida posmoderna del capitalismo contempor\u00e1neo puede provocar en el individuo, en los lazos familiares y en la entera sociedad.<\/p>\n<p>Para ilustrar puntualmente lo anterior, me detendr\u00e9 en el texto \u201cOtro yo\u201d donde se muestra en su complejidad el problema de la construcci\u00f3n de la identidad personal, esa <em>subjetividad<\/em> que se juzga \u00fanica, irrepetible e id\u00e9ntica a uno mismo. El relato ficcionalmente autobiogr\u00e1fico hace un gui\u00f1o a preocupaciones similares que poblaron ya la obra de Unamuno, record\u00e1ndonos que el Yo es plural; que no es ajeno a presiones y manipulaciones ex\u00f3genas y que incluso la propia familia y la creencia en supersticiones ocultistas pueden condicionarlo, pues nos desnaturalizan y confunden en la indeclinable b\u00fasqueda del rostro personal. Similar tem\u00e1tica aparecer\u00e1 despu\u00e9s en \u201cLa versi\u00f3n de uno mismo\u201d mediante las interrogantes de c\u00f3mo se construye el <em>yo<\/em> y c\u00f3mo sea posible descubrirse.<\/p>\n<p>Quiero finalizar reflexionando en el car\u00e1cter doble de la escritura de <strong>Intersecci\u00f3n<\/strong>. Libro decididamente contempor\u00e1neo, integra dentro de un mismo discurso dos modos literarios de decir. Poes\u00eda y narraci\u00f3n. Lirismo y relato son dos caras de una \u00fanica moneda que acopla, a su vez, tambi\u00e9n tonos diversos: la contemplaci\u00f3n est\u00e9tica del poema y la develaci\u00f3n cruda del narrar la realidad. La fascinaci\u00f3n por lo Creado, el cultivo de la palabra po\u00e9tica en su esteticidad, el rechazo de la violaci\u00f3n y el desprecio a la dignidad humana, el rescate de la individualidad de la persona son, de alguna manera, las canteras tem\u00e1ticas con las que se fragua el libro. Verso y prosa que sirven de puesta en forma de una toma de posici\u00f3n que parte del asombro ante lo Real. El poeta mira el mundo, a los dem\u00e1s y a s\u00ed mismo y se maravilla. El estupor lo invade y lo conecta tambi\u00e9n con lo Absoluto. De ah\u00ed surge este \u201cD\u00edptico del asombro\u201d, t\u00edtulo anterior y provisional del libro antes de su definici\u00f3n editorial con el t\u00edtulo de <strong>Intersecci\u00f3n<\/strong>.<\/p>\n<p>Dicen que cuando uno llega a una intersecci\u00f3n, lo crucial es saber cu\u00e1l rumbo tomar para no enrutarnos en la direcci\u00f3n equivocada. Con la <strong>Intersecci\u00f3n <\/strong>de Alexander Anch\u00eda no hay tal preocupaci\u00f3n, cualquiera de sus senderos que tomemos, sea el po\u00e9tico o el narrativo o su entera totalidad textual, nos har\u00e1n confluir en el territorio de la profundidad, del asombro y de la belleza.<\/p>\n<figure id=\"attachment_6400\" aria-describedby=\"caption-attachment-6400\" style=\"width: 841px\" class=\"wp-caption aligncenter\"><img loading=\"lazy\" decoding=\"async\" class=\" wp-image-6400\" src=\"https:\/\/tiberiades.org\/wp-content\/uploads\/2022\/03\/4-Nuria-Rodriguez-Vargas.jpg\" alt=\"\" width=\"841\" height=\"599\" srcset=\"https:\/\/tiberiades.org\/wp-content\/uploads\/2022\/03\/4-Nuria-Rodriguez-Vargas.jpg 1007w, https:\/\/tiberiades.org\/wp-content\/uploads\/2022\/03\/4-Nuria-Rodriguez-Vargas-300x213.jpg 300w, https:\/\/tiberiades.org\/wp-content\/uploads\/2022\/03\/4-Nuria-Rodriguez-Vargas-768x546.jpg 768w\" sizes=\"auto, (max-width: 841px) 100vw, 841px\" \/><figcaption id=\"caption-attachment-6400\" class=\"wp-caption-text\">Nuria Rodr\u00edguez Vargas<\/figcaption><\/figure>\n<h3 style=\"text-align: center;\"><strong>Intersecci\u00f3n: el arte escribir<br \/>\n<\/strong>Presentaci\u00f3n libro Intersecci\u00f3n (2022) de Alexander Anch\u00eda<\/h3>\n<p style=\"text-align: center;\">\nNuria Rodr\u00edguez Vargas<\/p>\n<p>La regi\u00f3n de Centroam\u00e9rica ha servido de confluencia, de uni\u00f3n, entre el Norte y el Sur de Am\u00e9rica. Ha sido un puente, un lugar de cruce, receptor de influencias, istmo creador de renovaciones literarias desde el siglo XIX. Una intersecci\u00f3n. \u00bfQu\u00e9 es una intersecci\u00f3n? Es una encrucijada, una bifurcaci\u00f3n, un encuentro, en t\u00e9rminos matem\u00e1ticos, es el cruce de dos l\u00edneas, planos o cuerpos que se cortan entre s\u00ed.<\/p>\n<p>El libro Intersecci\u00f3n (2022) del escritor costarricense Alexander Anch\u00eda es un empalme entre verso y narrativa, 11 poemas, 11 narraciones, 22 textos en total. En la numerolog\u00eda el 11 nos conecta con el misterio, con los motivos literarios universales: la vida, el amor y la muerte. Con la luz y la oscuridad al mismo tiempo. Y el n\u00famero 22, es un n\u00famero maestro, pues se asocia al humanismo y a la espiritualidad. Al inicio de la lectura, me fui encontrando con poemas y claroscuros. Textos que fui leyendo a poco a poco y disfrutando en momentos y horas diferentes.<\/p>\n<p>Quisiera compartir con ustedes unas breves palabras sobre mi experiencia como lectora. Los poemas, me hicieron reflexionar sobre el proceso de creaci\u00f3n y el valor de la imaginaci\u00f3n en nuestras vidas. Me top\u00e9 con un lenguaje conocido, localizado, que dice mucho de la geograf\u00eda del tr\u00f3pico centroamericano: iguana, palmera, pir\u00e1mide, \u00e1rbol de por\u00f3, yig\u00fcirro, bejuco. Estas palabras cotidianas se hermanan con otros conceptos; \u00e1ngeles, para\u00edso, sabidur\u00eda, mito, Dios. De manera que, el conjunto de todos los 11 poemas me transport\u00f3 al origen de la humanidad y desde entonces, la necesidad de crear representaciones hermosas del entorno, por medio del sonido, de las sensaciones, de los olores, los sabores, los dibujos en las cuevas hasta llegar a las palabras y posteriormente a la escritura. En el principio fue el verbo, \u201cDios es palabra, nosotros letras\u201d. As\u00ed rezan unos versos del anterior poema:<\/p>\n<p style=\"padding-left: 40px;\">Y Dios se goz\u00f3<br \/>\nen la diversidad de formas, o seres<br \/>\nque emergieron del agua<br \/>\ny volaron por el aire.<br \/>\nEl hombre esparci\u00f3<br \/>\nlas f\u00f3rmulas, laberintos y los libros.<\/p>\n<p>Tambi\u00e9n me hizo preguntarme por el valor de la imaginaci\u00f3n antes y durante el proceso de creaci\u00f3n. Dec\u00eda Jos\u00e9 Mart\u00ed que \u201cla imaginaci\u00f3n salva y pierde a los pueblos; pero, as\u00ed como los pierde, as\u00ed los salva. Lleva al exceso de las artes, a la corrupci\u00f3n, a la molicie; pero tambi\u00e9n lleva a la lleva a la inmortalidad, a la universal admiraci\u00f3n\u201d, al perpetuo imperio.\u00a0\u00a0 Es decir, la imaginaci\u00f3n nos salva de la ruina y de la miseria espiritual y material.<\/p>\n<p>En la segunda parte de la intersecci\u00f3n, se pasa de los or\u00edgenes, plasmados en poemas, a la actualidad a trav\u00e9s de fuertes, po\u00e9ticas, crudas o sat\u00edricas narraciones; o profundas reflexiones, que en ocasiones se salen de la estructura t\u00edpica del relato y por momentos se convierten en ensayos breves de ideas filos\u00f3ficas y que, de alguna manera, denuncian problem\u00e1ticas sociales, pol\u00edticas y econ\u00f3micas.\u00a0 Entonces, a nivel formal y estil\u00edstico, asoma lo h\u00edbrido. En la narraci\u00f3n, \u201cNosotros los pobres de Aguantafilo\u201d:<\/p>\n<p>\u201cAl final todo es casi lo mismo, los pobres aceptan los oficios riesgosos, se comprometen a enfrentarse con la polic\u00eda, est\u00e1n condenados a escoger lo peor de este mundo, a rescatar art\u00edculos e historias de los basureros, a comer carne prohibida de vez en cuando; o, vegetales que brotan de plantas que yacen en basureros o en cementerios, que t\u00edmidamente irrumpen bellas en espacios que nadie se atreve a reclamar\u201d.<\/p>\n<p>Adem\u00e1s de la cr\u00edtica social que plantea el discurso, al mismo tiempo, contin\u00faa pregunt\u00e1ndose, desde la narraci\u00f3n, sobre el proceso creativo. Las diferentes etapas que conllevan a la producci\u00f3n, el proceso de creaci\u00f3n y la recepci\u00f3n de las obras. En la narraci\u00f3n \u201cLa construcci\u00f3n del relato\u201d se dice:<\/p>\n<p>\u201cSi te adentras en esta lectura, toma una vela, ya que es la primera que permite que se propague el conocimiento entre los iniciados, no lo tomes a mal, pero no te sorprendas de las tonalidades, entre la luz me sentir\u00e9 como m\u00e9dium y te toca a vos, construir el supralenguaje que se halla tras el intento\u201d.<\/p>\n<p>\u00bfD\u00f3nde queda nuestro papel como lectores? Intent\u00e9 contestarme esta pregunta durante este viaje. Pues, nosotros como lectores, tenemos una funci\u00f3n, o si se quiere una responsabilidad. En relaci\u00f3n con la experiencia de la lectura y la escritura, es importante apuntar que, son dos acciones que no tienen una diferencia demasiado extrema, ya que, el lector cede sus propias emociones y sentimientos a los personajes mientras est\u00e1 leyendo. Sin una lectura, la escritura carece de sentido.<\/p>\n<p><img loading=\"lazy\" decoding=\"async\" class=\"aligncenter size-full wp-image-6401\" src=\"https:\/\/tiberiades.org\/wp-content\/uploads\/2022\/03\/5.jpg\" alt=\"\" width=\"643\" height=\"541\" srcset=\"https:\/\/tiberiades.org\/wp-content\/uploads\/2022\/03\/5.jpg 643w, https:\/\/tiberiades.org\/wp-content\/uploads\/2022\/03\/5-300x252.jpg 300w\" sizes=\"auto, (max-width: 643px) 100vw, 643px\" \/><\/p>\n<p>Cuando se lee, se arrastran las experiencias de vida, las lecturas y las influencias de otros sujetos y textos, as\u00ed que no es un acto individual, sino colectivo. No le\u00eda sola, me acompa\u00f1aron las vivencias, las voces de otras personas y los intertextos. As\u00ed, leer y escribir requieren una responsabilidad \u00e9tica, sobre estos aspectos Sartre reflexionaba:<\/p>\n<p>Escribir es, pues, a la vez, revelar el mundo (\u2026) Y todo el arte del autor es para obligarme a crear lo que \u00e9l revela y, por lo tanto, para comprometerme. Entre los dos asumimos la responsabilidad del universo (\u2026) Y, si me dan este mundo con sus injusticias, no es para que las contemple con frialdad. De esta manera, el universo del escritor se revelar\u00e1 en toda su profundidad \u00fanicamente con el examen, la admiraci\u00f3n y la indignaci\u00f3n del lector.<\/p>\n<p>Tambi\u00e9n Eduardo Galeano, reflexionando sobre la funci\u00f3n del lector, cont\u00f3 la historia de Luc\u00eda Pel\u00e1ez quien se ley\u00f3 a pedacitos una novela, a escondidas, noches tras noche.\u00a0 Con el transcurrir del tiempo, de los a\u00f1os, termin\u00f3 apropi\u00e1ndose el texto, lo hizo suyo. Me ha pasado lo mismo con esta obra de Alexander Anch\u00eda, pues me quedo en el punto de la intersecci\u00f3n que une las dos partes del libro: la reflexi\u00f3n sobre el arte de escribir.<\/p>\n<p>En el poema \u201cLos castillos de arena\u201d se hace un recorrido por el proceso de la creaci\u00f3n y, la imaginaci\u00f3n como el motor de esta. Algunos versos:<\/p>\n<p style=\"padding-left: 40px;\">Los castillos de arena<br \/>\nest\u00e1n hechos con ingredientes<br \/>\nque desbordan el barril<br \/>\ndel inconsciente<\/p>\n<p style=\"padding-left: 40px;\">Contienen ilusiones<br \/>\nque dar\u00e1n fruto<br \/>\nen los libros,<br \/>\ncada granito<br \/>\nmuestra el ADN<br \/>\nde cualquier estrella abortada<\/p>\n<p>La lectura del libro en su totalidad toca profundamente la curiosidad por la escritura y acaricia la imaginaci\u00f3n, \u201cun gui\u00f1o centr\u00edfugo&#8230; y una embriaguez ligera\u201d. Arrastra la necesidad de aventurarse alg\u00fan d\u00eda en esas aguas; eso genera duda y miedo; pero tambi\u00e9n una profunda emoci\u00f3n. Y termino con estos versos:<\/p>\n<p style=\"padding-left: 40px;\">La mitolog\u00eda<br \/>\nse construye,<br \/>\npor medio<br \/>\nde su caja de m\u00fasica.<\/p>\n<p style=\"padding-left: 40px;\">Se enciende,<br \/>\nconcede deseos,<br \/>\nrevitaliza \u00e1ngeles<br \/>\nentre corales\u2026<\/p>\n<p>Mientras tanto me quedo con la caja de m\u00fasica y alg\u00fan d\u00eda, finalmente poder abrirla.<\/p>\n<p>&nbsp;<\/p>\n<figure id=\"attachment_6402\" aria-describedby=\"caption-attachment-6402\" style=\"width: 640px\" class=\"wp-caption aligncenter\"><img loading=\"lazy\" decoding=\"async\" class=\"size-large wp-image-6402\" src=\"https:\/\/tiberiades.org\/wp-content\/uploads\/2022\/03\/6-Presentacion-en-el-XXI-Encuentro-de-Poetas-Iberoamericanos-de-Salamanca-816x1024.jpg\" alt=\"\" width=\"640\" height=\"803\" srcset=\"https:\/\/tiberiades.org\/wp-content\/uploads\/2022\/03\/6-Presentacion-en-el-XXI-Encuentro-de-Poetas-Iberoamericanos-de-Salamanca-816x1024.jpg 816w, https:\/\/tiberiades.org\/wp-content\/uploads\/2022\/03\/6-Presentacion-en-el-XXI-Encuentro-de-Poetas-Iberoamericanos-de-Salamanca-239x300.jpg 239w, https:\/\/tiberiades.org\/wp-content\/uploads\/2022\/03\/6-Presentacion-en-el-XXI-Encuentro-de-Poetas-Iberoamericanos-de-Salamanca-768x964.jpg 768w, https:\/\/tiberiades.org\/wp-content\/uploads\/2022\/03\/6-Presentacion-en-el-XXI-Encuentro-de-Poetas-Iberoamericanos-de-Salamanca.jpg 1057w\" sizes=\"auto, (max-width: 640px) 100vw, 640px\" \/><figcaption id=\"caption-attachment-6402\" class=\"wp-caption-text\">Presentaci\u00f3n en el XXI Encuentro de Poetas Iberoamericanos de Salamanca<\/figcaption><\/figure>\n<p><em>Alexander Anch\u00eda (San Jos\u00e9, 1974). Docente y escritor. Comenz\u00f3 publicando en revistas literarias de su pa\u00eds como la Revista de lenguas Modernas y el Repertorio Americano. Ha cultivado los g\u00e9neros de cuento, poes\u00eda y ensayo, principalmente, y ha publicado en antolog\u00edas literarias diversas y publicaciones en l\u00ednea de diez pa\u00edses. Muestras de sus versos han sido traducidos al rumano, ingl\u00e9s y mandar\u00edn.\u00a0 En 2013 publica su primer libro de relatos, Puentes Inconexos. En el 2014 su primer poemario, Relatos Elementales y el Hombre Mundano. Ha recibido menciones en Italia, Estados Unidos, Argentina y Espa\u00f1a. Cuenta con publicaciones acad\u00e9micas. En el marco del XXI Encuentro de Poetas Iberoamericanos (2018), dedicado a celebrar los ocho siglos de la Usal, present\u00f3 su poemario m\u00edstico El Misterio en Ti Despert\u00f3. Ahora acaba de publicar \u2018Intersecci\u00f3n\u2019 (Madrid, 2022).<\/em><\/p>\n<p><em>Libro \u2018Intersecci\u00f3n\u2019 disponible en:<\/em><\/p>\n<p><a href=\"https:\/\/www.diversidadliteraria.com\/tienda\/Intersecci%C3%B3n-Alexander-Anch%C3%ADa-Libro-Electr%C3%B3nico-p431876064\" target=\"_blank\" rel=\"noopener\"><em>https:\/\/www.diversidadliteraria.com\/tienda\/Intersecci%C3%B3n-Alexander-Anch%C3%ADa-Libro-Electr%C3%B3nico-p431876064 <\/em><\/a><\/p>\n<p><em>Presentaci\u00f3n del Libro:<\/em><\/p>\n<p><iframe loading=\"lazy\" title=\"Alex Anchia: Presentaci\u00f3n Virtual del Libro &quot;Intersecci\u00f3n&quot;\" width=\"640\" height=\"360\" src=\"https:\/\/www.youtube.com\/embed\/NgcNc77o7ao?feature=oembed\" frameborder=\"0\" allow=\"accelerometer; autoplay; clipboard-write; encrypted-media; gyroscope; picture-in-picture; web-share\" referrerpolicy=\"strict-origin-when-cross-origin\" allowfullscreen><\/iframe><\/p>\n<p><em> \u00a0<\/em><\/p>\n<p>&nbsp;<\/p>\n<figure id=\"attachment_6404\" aria-describedby=\"caption-attachment-6404\" style=\"width: 640px\" class=\"wp-caption aligncenter\"><img loading=\"lazy\" decoding=\"async\" class=\"size-large wp-image-6404\" src=\"https:\/\/tiberiades.org\/wp-content\/uploads\/2022\/03\/8-Alfredo-Perez-Alencart-Alexander-Anchia-y-Eva-Guerrero-durante-la-presentacion-Salmantina-foto-de-Jacqueline-Alencar-1024x585.jpg\" alt=\"\" width=\"640\" height=\"366\" srcset=\"https:\/\/tiberiades.org\/wp-content\/uploads\/2022\/03\/8-Alfredo-Perez-Alencart-Alexander-Anchia-y-Eva-Guerrero-durante-la-presentacion-Salmantina-foto-de-Jacqueline-Alencar-1024x585.jpg 1024w, https:\/\/tiberiades.org\/wp-content\/uploads\/2022\/03\/8-Alfredo-Perez-Alencart-Alexander-Anchia-y-Eva-Guerrero-durante-la-presentacion-Salmantina-foto-de-Jacqueline-Alencar-300x171.jpg 300w, https:\/\/tiberiades.org\/wp-content\/uploads\/2022\/03\/8-Alfredo-Perez-Alencart-Alexander-Anchia-y-Eva-Guerrero-durante-la-presentacion-Salmantina-foto-de-Jacqueline-Alencar-768x439.jpg 768w, https:\/\/tiberiades.org\/wp-content\/uploads\/2022\/03\/8-Alfredo-Perez-Alencart-Alexander-Anchia-y-Eva-Guerrero-durante-la-presentacion-Salmantina-foto-de-Jacqueline-Alencar-1536x877.jpg 1536w, https:\/\/tiberiades.org\/wp-content\/uploads\/2022\/03\/8-Alfredo-Perez-Alencart-Alexander-Anchia-y-Eva-Guerrero-durante-la-presentacion-Salmantina-foto-de-Jacqueline-Alencar-2048x1170.jpg 2048w\" sizes=\"auto, (max-width: 640px) 100vw, 640px\" \/><figcaption id=\"caption-attachment-6404\" class=\"wp-caption-text\">Alfredo P\u00e9rez Alencart, Alexander Anch\u00eda y Eva Guerrero, durante la presentaci\u00f3n Salmantina (foto de Jacqueline Alencar)<\/figcaption><\/figure>\n<p><em><br \/>\n<\/em>Foto de cabecera: Alexander Anch\u00eda, en el Instituto Fray Luis de Le\u00f3n (Salamanca 2018. Foto de Jacqueline Alencar)<\/p>\n","protected":false},"excerpt":{"rendered":"<p>&nbsp; El pasado 11 de febrero se present\u00f3 el libro \u2018Intersecci\u00f3n\u2019, de poeta y escritor costarricense Alexander Anch\u00eda. TIBER\u00cdADES deja conocer a sus lectores dos comentarios sobre el mismo. Apuestas literarias y respuesta lectora en torno a \u2018Intersecci\u00f3n\u2019, de Alexander Anch\u00eda Erasto Antonio Espino Barahona, M.A. I. Mediante un lenguaje po\u00e9tico y narrativo, fresco y contempor\u00e1neo -en su fondo y [&hellip;]<\/p>\n","protected":false},"author":2,"featured_media":6397,"comment_status":"open","ping_status":"closed","sticky":false,"template":"","format":"standard","meta":{"footnotes":""},"categories":[3],"tags":[568,566,567],"class_list":["post-6405","post","type-post","status-publish","format-standard","has-post-thumbnail","hentry","category-colaboraciones","tag-alexander-anchia","tag-erasto-a-espino","tag-nuria-rodriguez-vargas"],"_links":{"self":[{"href":"https:\/\/tiberiades.org\/index.php?rest_route=\/wp\/v2\/posts\/6405","targetHints":{"allow":["GET"]}}],"collection":[{"href":"https:\/\/tiberiades.org\/index.php?rest_route=\/wp\/v2\/posts"}],"about":[{"href":"https:\/\/tiberiades.org\/index.php?rest_route=\/wp\/v2\/types\/post"}],"author":[{"embeddable":true,"href":"https:\/\/tiberiades.org\/index.php?rest_route=\/wp\/v2\/users\/2"}],"replies":[{"embeddable":true,"href":"https:\/\/tiberiades.org\/index.php?rest_route=%2Fwp%2Fv2%2Fcomments&post=6405"}],"version-history":[{"count":1,"href":"https:\/\/tiberiades.org\/index.php?rest_route=\/wp\/v2\/posts\/6405\/revisions"}],"predecessor-version":[{"id":6406,"href":"https:\/\/tiberiades.org\/index.php?rest_route=\/wp\/v2\/posts\/6405\/revisions\/6406"}],"wp:featuredmedia":[{"embeddable":true,"href":"https:\/\/tiberiades.org\/index.php?rest_route=\/wp\/v2\/media\/6397"}],"wp:attachment":[{"href":"https:\/\/tiberiades.org\/index.php?rest_route=%2Fwp%2Fv2%2Fmedia&parent=6405"}],"wp:term":[{"taxonomy":"category","embeddable":true,"href":"https:\/\/tiberiades.org\/index.php?rest_route=%2Fwp%2Fv2%2Fcategories&post=6405"},{"taxonomy":"post_tag","embeddable":true,"href":"https:\/\/tiberiades.org\/index.php?rest_route=%2Fwp%2Fv2%2Ftags&post=6405"}],"curies":[{"name":"wp","href":"https:\/\/api.w.org\/{rel}","templated":true}]}}