{"id":6426,"date":"2022-03-09T19:03:42","date_gmt":"2022-03-09T18:03:42","guid":{"rendered":"https:\/\/tiberiades.org\/?p=6426"},"modified":"2022-03-09T19:13:34","modified_gmt":"2022-03-09T18:13:34","slug":"primavera-un-articulo-de-stuart-park","status":"publish","type":"post","link":"https:\/\/tiberiades.org\/?p=6426","title":{"rendered":"Primavera, un art\u00edculo de Stuart Park"},"content":{"rendered":"<h4 style=\"padding-left: 120px;\"><em>ORILLAS DEL DUERO.<\/em><\/h4>\n<p style=\"padding-left: 120px;\"><em>Se ha asomado una cig\u00fce\u00f1a a lo alto del campanario.<br \/>\nGirando en torno a la torre y al caser\u00f3n solitario,<br \/>\nya las golondrinas chillan. Pasaron del blanco invierno,<br \/>\nde nevascas y ventiscas los crudos soplos de infierno.<br \/>\nEs una tibia ma\u00f1ana.<br \/>\nEl sol calienta un poquito la pobre tierra soriana.<br \/>\nPasados los verdes pinos,<br \/>\ncasi azules, primavera<br \/>\nse ve brotar en los finos<br \/>\nchopos de la carretera<br \/>\ny del r\u00edo. El Duero corre, terso y mudo, mansamente.<br \/>\nEl campo parece, m\u00e1s que joven, adolescente.<br \/>\nEntre las hierbas alguna humilde flor ha nacido,<br \/>\nazul o blanca. \u00a1Belleza del campo apenas florido,<br \/>\ny m\u00edstica primavera!<br \/>\n\u00a1Chopos del camino blanco, \u00e1lamos de la ribera,<br \/>\nespuma de la monta\u00f1a<br \/>\nante la azul lejan\u00eda,<br \/>\nsol del d\u00eda, claro d\u00eda!<br \/>\n\u00a1Hermosa tierra de Espa\u00f1a!<br \/>\n<\/em>(Antonio Machado).<\/p>\n<p>\u00a1Hermosa tierra de Espa\u00f1a! Al subir hacia Asturias por la carretera de Le\u00f3n bendicen la vista los sembrados que tapizan de verde los otrora parduscos terrenos, y los \u00e1rboles muestran la frescura de sus hojas nuevas al saludar la estaci\u00f3n primaveral.<\/p>\n<p>Los milanos reales realizan piruetas acrob\u00e1ticas entregadas a sus paradas nupciales, y todos los p\u00e1jaros buscan pareja. Entre los chopos del r\u00edo el canto de ruise\u00f1ores, zorzales, petirrojos y currucas llena el aire de m\u00fasica: es la \u00e9poca de emparejamiento y territorialidad. Pronto vendr\u00e1n los vencejos y las golondrinas, aves que recorren miles de kil\u00f3metros desde sus cuarteles de invierno en \u00c1frica.<br \/>\nSeg\u00fan todos los indicios, en tiempos recientes la llegada de la primavera se est\u00e1 adelantando, y este a\u00f1o, ciertamente, los narcisos comienzan a asomarse antes de lo habitual, y peque\u00f1as flores como la campanilla y el crocus se dejan ver en todo su diminuto esplendor.<br \/>\nUna de las evocaciones m\u00e1s hermosas de la llegada de la primavera se encuentra en el <em>Cantar de los Cantares<\/em>, y tomaremos la licencia de recordar aqu\u00ed la higuera y las vides de Salom\u00f3n:<\/p>\n<p style=\"padding-left: 120px;\"><em>Porque he aqu\u00ed ha pasado el invierno,<br \/>\nSe ha mudado, la lluvia se fue;<br \/>\nSe han mostrado las flores en la tierra,<br \/>\nEl tiempo de la canci\u00f3n ha venido,<br \/>\nY en nuestro pa\u00eds se ha o\u00eddo la voz de la t\u00f3rtola.<br \/>\nLa higuera ha echado sus higos,<br \/>\nY las vides en cierne dieron olor.<\/em><\/p>\n<p>En los parques y jardines los carboneros y los herrerillos, los petirrojos y las currucas ya forman pareja, y pronto comenzar\u00e1 la fren\u00e9tica actividad de nidificaci\u00f3n, puesta de huevos, y alimentaci\u00f3n de nuevas familias por doquier.<\/p>\n<p>Al observar la Naturaleza empleamos inevitablemente t\u00e9rminos antropom\u00f3rficos para describir su comportamiento: atribuimos paciencia a la garza que pasa horas inm\u00f3vil en las aguas del r\u00edo, nerviosismo a los gorriones cuando ven asomarse el gavil\u00e1n, y frenetismo en su incesante actividad. Un poema titulado <em>Las razones del mirlo<\/em>, de Reinaldo Jim\u00e9nez, pone las cosas en su sitio. Describe el hermoso canto de uno de mis p\u00e1jaros favoritos, como \u00abpura caducidad\u00bb:<\/p>\n<p style=\"padding-left: 120px;\"><em>Lo que quiera decir se desvanece,<br \/>\npues no ocupa lugar, solo el instante,<br \/>\nni siquiera el vac\u00edo ni el silencio<br \/>\ntras el eco propagan<br \/>\nsobre la piel del aire sus razones. (\u2026)<br \/>\n<\/em><\/p>\n<p style=\"padding-left: 120px;\"><em>Vive cerca de m\u00ed, pero no asume<br \/>\nlo que mis ojos ven como una estancia,<br \/>\ncomo ese af\u00e1n de hacerse sucesivos;<br \/>\nhabita en un lugar llamado<br \/>\nAhora.<\/em><\/p>\n<p>Pura caducidad: mas \u00a1qu\u00e9 placer o\u00edrlo, tras meses de silencio e inactividad! \u00abAve inmortal\u00bb llam\u00f3 Keats a su Ruise\u00f1or, y aunque el fugaz canto de los p\u00e1jaros se lo lleva el aire, \u00a1cu\u00e1nta belleza y, para nosotros, cu\u00e1n poderosas son sus intimaciones de inmortalidad!<\/p>\n<p>El cambio de estaci\u00f3n marca el paso inexorable de los a\u00f1os, pero en su nuevo ciclo trae esperanza y revitaliza el mundo tras su largo letargo invernal. Es como si la Naturaleza dormida despertase de repente, como si resucitase a nueva vida. Las estaciones se suceden y la Naturaleza se renueva una primavera m\u00e1s, pero la Resurrecci\u00f3n de Cristo abri\u00f3 de par en par las puertas de la eternidad.<\/p>\n<p style=\"text-align: center;\">***<\/p>\n<p><em><strong><img loading=\"lazy\" decoding=\"async\" class=\" wp-image-6010 aligncenter\" src=\"https:\/\/tiberiades.org\/wp-content\/uploads\/2022\/01\/StuartP-1.jpg\" alt=\"\" width=\"791\" height=\"447\" srcset=\"https:\/\/tiberiades.org\/wp-content\/uploads\/2022\/01\/StuartP-1.jpg 800w, https:\/\/tiberiades.org\/wp-content\/uploads\/2022\/01\/StuartP-1-300x170.jpg 300w, https:\/\/tiberiades.org\/wp-content\/uploads\/2022\/01\/StuartP-1-768x434.jpg 768w\" sizes=\"auto, (max-width: 791px) 100vw, 791px\" \/><\/strong><\/em><\/p>\n<p><em><strong>Stuart Park<\/strong>\u00a0naci\u00f3 en la ciudad inglesa de Preston, condado de Lancashire, en 1946. Tras cursar estudios en el Preston Grammar School ingres\u00f3 en el Downing College de Cambridge, donde se licenci\u00f3 en Filolog\u00eda Rom\u00e1nica. Colabor\u00f3 intensamente con la Christian Union\u00a0de la Universidad, dedicando sus veranos en Espa\u00f1a a la misi\u00f3n internacional Operaci\u00f3n Movilizaci\u00f3n. Entre 1967 y 1971 particip\u00f3, junto con David F. Burt, en los comienzos de los Grupos B\u00edblicos Universitarios (GBU) en Madrid. En 1970 se cas\u00f3 con\u00a0Verna Reed,\u00a0oriunda de Castile en el Estado de Nueva York, que colaboraba en la misi\u00f3n universitaria. Entre 1971 y 1972 vivi\u00f3 en Castile, y de 1972 a 1976 en Philadelphia, donde obtuvo el doctorado en la Temple University con una tesis sobre\u00a0Don Cristali\u00e1n de Espa\u00f1a (1545), novela in\u00e9dita de la escritora vallisoletana\u00a0Beatriz Bernal.\u00a0A partir de 1976 la familia traslada su residencia a Valladolid. Stuart se dedica a la ense\u00f1anza del ingl\u00e9s, en 1981 funda Warwick House, centro ling\u00fc\u00edstico-cultural, y en 1996 se incorpora como director del Colegio Internacional de Valladolid, hasta su jubilaci\u00f3n en 2012.\u00a0 Desde 1996 Stuart Park es director de\u00a0Al\u00e9theia, la revista teol\u00f3gica de la Alianza Evang\u00e9lica Espa\u00f1ola. En 1991, bajo el sello de Publicaciones Andamio, Stuart Park public\u00f3\u00a0<strong>\u2018<\/strong>Desde el torbellino. Job: m\u00e1s all\u00e1 del dolor humano\u2019<strong>.<\/strong>\u00a0Siguen otros t\u00edtulos publicados por la misma editorial:\u00a0<strong>\u2018<\/strong>Bajo sus alas. Rut: m\u00e1s all\u00e1 del amor humano\u2019<strong>,<\/strong>\u00a0en colaboraci\u00f3n con David F. Burt (1993). En 1995 publica \u2018In mem\u00f3riam\u2019; en 1996\u00a0<strong>\u2018<\/strong>La se\u00f1al. Jon\u00e1s: m\u00e1s all\u00e1 de la voluntad humana\u2019<strong>,<\/strong>\u00a0en colaboraci\u00f3n con David F. Burt. En 2000 publica\u00a0<strong>\u2018<\/strong>El cetro de oro. Ester: m\u00e1s all\u00e1 del poder humano\u2019<strong>,<\/strong>\u00a0en colaboraci\u00f3n con David F. Burt y David Pradales Cipr\u00e9s; y\u00a0<strong>\u2018<\/strong>Diez historias\u2019<strong>,<\/strong>\u00a0en 2004. Durante este tiempo publica, bajo el mismo sello editorial, varios estudios monogr\u00e1ficos:\u00a0<strong>\u2018<\/strong>La Biblia. Un libro para la postmodernidad\u2019\u00a0(1988),\u00a0<strong>\u2018<\/strong>Literatura y Biblia<strong>. <\/strong>El Se\u00f1or\u00edo de Cristo y las letras\u2019\u00a0(2\u00aa ed. 1995);\u00a0<strong>\u2018<\/strong>\u00bfResucit\u00f3 Jes\u00fas?\u2019\u00a0(2\u00aa ed. 1995);\u00a0<strong>\u2018<\/strong>\u00bfC\u00f3mo interpretar la Biblia?\u2019\u00a0(2\u00aa ed. 1995); y\u00a0<strong>\u2018<\/strong>Jesucristo hoy<strong>\u2019<\/strong>\u00a0(1997). A partir de 2009 comienza una nueva y fruct\u00edfera etapa de intensa actividad literaria. Publica libros de tem\u00e1tica muy variada bajo el sello Ediciones Camino Viejo:\u00a0<strong>\u2018<\/strong>Las hijas del canto. Las aves del cielo en la tradici\u00f3n b\u00edblica y la poes\u00eda de Jos\u00e9 Jim\u00e9nez Lozano\u2019\u00a0con Pr\u00f3logo del Premio cervantes Jos\u00e9 Jim\u00e9nez Lozano (2009);\u00a0<strong>\u2018<\/strong>En el valle de la sombra. Conversaciones con Sirio\u2019\u00a0(2010) que relata las conversaciones con un amigo \u00edntimo durante los \u00faltimos d\u00edas de su vida. En el mismo a\u00f1o reedita \u2018Diez historias\u2019<strong>.<\/strong>\u00a0En 2011 aparecen tres libros:\u00a0<strong>\u2018<\/strong>El lucero de la ma\u00f1ana. La tumba vac\u00eda de Jes\u00fas\u2019<strong>,<\/strong>que reexamina la evidencia de la Resurrecci\u00f3n;\u00a0<strong>\u2018<\/strong>El camino de Ema\u00fas. Par\u00e1bola y s\u00edmbolo en la narrativa b\u00edblica\u2019<strong>,<\/strong>\u00a0que explora la hermen\u00e9utica b\u00edblica desde el magisterio de Jes\u00fas; y\u00a0<strong>\u2018<\/strong>Doce nombres\u2019\u00a0que recorre la historia b\u00edblica a trav\u00e9s de algunos de sus personaje m\u00e1s emblem\u00e1ticos. En 2012 publica\u00a0<strong>\u2018<\/strong>Magn\u00edficat. Mar\u00eda la madre del Se\u00f1or\u2019\u00a0y reedita \u2018Desde el torbellino\u2019.\u00a0En 2013 publica\u00a0<strong>\u2018<\/strong>Cartas a mis nietos\u2019<strong>,<\/strong>\u00a0un recorrido por la historia b\u00edblica de forma epistolar,\u00a0<strong>y \u2018<\/strong>El cord\u00f3n de grana<strong>.<\/strong>\u00a0Historias de mujeres en la narrativa b\u00edblica\u2019<strong>.<\/strong>\u00a0En el mismo a\u00f1o aparece\u00a0<strong>\u2018<\/strong>Jard\u00edn cerrado. El Cantar sublime de Salom\u00f3n\u2019<strong>,<\/strong>\u00a0y en 2014 publica\u00a0<strong>\u2018<\/strong>La vida breve. El libro de Qoh\u00e9let\u2019,\u00a0con pr\u00f3logo de Pablo Mart\u00ednez Vila, y\u00a0<strong>\u2018<\/strong>Siete Palabras\u2019<strong>,<\/strong>\u00a0una reflexi\u00f3n acerca de las \u00faltimas palabras de Cristo en la Cruz. M\u00e1s recientes son La palabra suficiente; Conversaciones con Aurelio, en torno a la fe; Junto al mar de Tiberias, Las se\u00f1ales que hizo Jes\u00fas; In memoriam, El dolor humano y la consolaci\u00f3n de Cristo; Rut la moabita; De Egipto llam\u00e9 a mi hijo, sobre la historia de Jos\u00e9, Mes\u00edas, el texto de Jennens que inspir\u00f3 el Oratorio de H\u00e4ndel (2018), La fe del carbonero (2020) y Contra viento y marea (2022). Es miembro del Consejo Asesor de TIBER\u00cdADES.<\/em><\/p>\n<p><em>Su m\u00e1s reciente publicaci\u00f3n es <a href=\"https:\/\/www.editorialconfluencias.com\/producto\/el-viaje-a-oxford-que-nunca-tuvo-lugar\/\"><strong>El viaje a Oxford que nunca tuvo lugar<\/strong><\/a>, un libro de conversaciones con Jos\u00e9 Jim\u00e9nez Lozano, mayormente en torno a la Biblia, la fe y la historia del cristianismo, que surgieron en el contexto de un viaje a Oxford planeado y nunca efectuado.<\/em><\/p>\n","protected":false},"excerpt":{"rendered":"<p>ORILLAS DEL DUERO. Se ha asomado una cig\u00fce\u00f1a a lo alto del campanario. Girando en torno a la torre y al caser\u00f3n solitario, ya las golondrinas chillan. Pasaron del blanco invierno, de nevascas y ventiscas los crudos soplos de infierno. Es una tibia ma\u00f1ana. El sol calienta un poquito la pobre tierra soriana. Pasados los verdes pinos, casi azules, primavera [&hellip;]<\/p>\n","protected":false},"author":2,"featured_media":6427,"comment_status":"open","ping_status":"closed","sticky":false,"template":"","format":"standard","meta":{"footnotes":""},"categories":[39],"tags":[],"class_list":["post-6426","post","type-post","status-publish","format-standard","has-post-thumbnail","hentry","category-stuart-park"],"_links":{"self":[{"href":"https:\/\/tiberiades.org\/index.php?rest_route=\/wp\/v2\/posts\/6426","targetHints":{"allow":["GET"]}}],"collection":[{"href":"https:\/\/tiberiades.org\/index.php?rest_route=\/wp\/v2\/posts"}],"about":[{"href":"https:\/\/tiberiades.org\/index.php?rest_route=\/wp\/v2\/types\/post"}],"author":[{"embeddable":true,"href":"https:\/\/tiberiades.org\/index.php?rest_route=\/wp\/v2\/users\/2"}],"replies":[{"embeddable":true,"href":"https:\/\/tiberiades.org\/index.php?rest_route=%2Fwp%2Fv2%2Fcomments&post=6426"}],"version-history":[{"count":4,"href":"https:\/\/tiberiades.org\/index.php?rest_route=\/wp\/v2\/posts\/6426\/revisions"}],"predecessor-version":[{"id":6431,"href":"https:\/\/tiberiades.org\/index.php?rest_route=\/wp\/v2\/posts\/6426\/revisions\/6431"}],"wp:featuredmedia":[{"embeddable":true,"href":"https:\/\/tiberiades.org\/index.php?rest_route=\/wp\/v2\/media\/6427"}],"wp:attachment":[{"href":"https:\/\/tiberiades.org\/index.php?rest_route=%2Fwp%2Fv2%2Fmedia&parent=6426"}],"wp:term":[{"taxonomy":"category","embeddable":true,"href":"https:\/\/tiberiades.org\/index.php?rest_route=%2Fwp%2Fv2%2Fcategories&post=6426"},{"taxonomy":"post_tag","embeddable":true,"href":"https:\/\/tiberiades.org\/index.php?rest_route=%2Fwp%2Fv2%2Ftags&post=6426"}],"curies":[{"name":"wp","href":"https:\/\/api.w.org\/{rel}","templated":true}]}}