{"id":6539,"date":"2022-04-15T09:01:01","date_gmt":"2022-04-15T08:01:01","guid":{"rendered":"https:\/\/tiberiades.org\/?p=6539"},"modified":"2022-04-15T09:01:01","modified_gmt":"2022-04-15T08:01:01","slug":"luis-cabrera-y-a-p-alencart-aproximaciones-a-la-ultima-cena","status":"publish","type":"post","link":"https:\/\/tiberiades.org\/?p=6539","title":{"rendered":"Luis Cabrera y A. P. Alencart: Aproximaciones a \u2018La \u00faltima Cena\u2019"},"content":{"rendered":"<p><em>Tiber\u00edades agradece al artista cubano-espa\u00f1ol por dejarnos difundir su instalaci\u00f3n hecha en 2008, el cual acompa\u00f1amos con un poema in\u00e9dito de Alfredo P\u00e9rez Alencart, escrito en 2013.<\/em><\/p>\n<h4 style=\"padding-left: 40px;\">\nLA \u00daLTIMA CENA<\/h4>\n<p style=\"padding-left: 40px;\">Un hombre propaga<br \/>\nel c\u00e1ncer del beso f\u00f3sil<br \/>\nde la traici\u00f3n.<\/p>\n<p style=\"padding-left: 40px;\">Mientras,<br \/>\nintroduce su cuchillo<br \/>\nen el coraz\u00f3n de Aqu\u00e9l<br \/>\nque cumple la Palabra<br \/>\nal pie de la letra,<\/p>\n<p style=\"padding-left: 40px;\">de Aqu\u00e9l que escancia<br \/>\nel vino del perd\u00f3n junto al<br \/>\ns\u00edmbolo de su carne.<\/p>\n<p style=\"padding-left: 40px;\">Y entre tantos milenios<br \/>\ndel mundo, su adi\u00f3s<br \/>\nes por breve tiempo,<\/p>\n<p style=\"padding-left: 40px;\">hasta la cena del Reino.<\/p>\n<p style=\"padding-left: 40px;\"><em><br \/>\n(A Luis Cabrera Hern\u00e1ndez)<\/em><\/p>\n<p>&nbsp;<\/p>\n<h4>`LA \u00daLTIMA CENA&#8217;, DE LUIS CABRERA<\/h4>\n<p>El Evangelio en especial, y la Biblia al completo, ha sido fuente de inspiraci\u00f3n para artistas de todos los tiempos. Dicho abordaje ha dejado un legado de magn\u00edficas piezas para el deleite visual de generaciones. Pero tambi\u00e9n alguno que otro bodrio o esperpento, particularmente en \u00e9pocas m\u00e1s recientes, realizados por \u2018artistosos\u2019 anhelantes de fama intentando zaherir la creencia de los seguidores de Cristo: causar esc\u00e1ndalo, desde posturas incr\u00e9dulas, dice bien poco de la calidad art\u00edstica del presunto pintor, escultor o instalador.<\/p>\n<p>A\u00f1os atr\u00e1s recib\u00ed un correo de Luis Cabrera Hern\u00e1ndez, grande amigo, donde me enviaba un trabajo suyo que no conoc\u00eda: \u201cLa \u00faltima cena\u201d. Me impact\u00f3 por su originalidad, es decir, por su vuelta a los or\u00edgenes, a la esencialidad, a la propuesta de quitar todo aquello que recarga y atosiga de formas y colores: lo suyo es dif\u00edcil porque es sencillo (sencillez que pocos logran alcanzar): lo suyo es un Poema visual que dice mucho solo sugiriendo, solo quitando una pieza del plato de Judas, solo actualizando el menaje a lo que hoy usan los que menos tienen (de barat\u00edsimo pl\u00e1stico desechable); solo mojando de vino retinto el pan de molde que el Rab\u00ed repartir\u00e1 entre los Doce\u2026 Esa austeridad (tan en las ant\u00edpodas de las ceremonias que usualmente se ofician) est\u00e1 muy acorde con ese Amado galileo que no ten\u00eda ni d\u00f3nde recostar su cabeza.<\/p>\n<p>El trabajo propuesto por Luis Cabrera dar\u00eda para amplias reflexiones, que supongo podr\u00e1n hacen gentes m\u00e1s entendidas. Yo, mero aprendiz de poeta, lo \u00fanico que pude ofrecerle a cambio de su d\u00e1diva, fue un poemita que \u00e9l no tard\u00f3 en acomodar junto a su preciosa propuesta. Sea esta una renovada muestra del afecto que le tengo como persona y de la admiraci\u00f3n que me genera su pintura al \u00f3leo y por esos grabados magistrales que supo perfeccionar en sus a\u00f1os alemanes, en los talleres de Leipzig y pre\u00f1\u00e1ndose para siempre del arte de Durero.<\/p>\n<p>Esta es una creaci\u00f3n que responde si le llamas: te ofrece lo pr\u00edstino de un tiempo maravilloso (porque Jes\u00fas cambi\u00f3 la Historia del mundo) y confirma que el arte no ha perdido su capacidad de generar asombro en el propio imaginario del que aprecia.<\/p>\n<p style=\"text-align: right;\">A. P. Alencart<\/p>\n<p>&nbsp;<\/p>\n<p><img loading=\"lazy\" decoding=\"async\" class=\"wp-image-6535 size-full\" src=\"https:\/\/tiberiades.org\/wp-content\/uploads\/2022\/04\/2-La-ultima-cena-Fragmento.jpg\" alt=\"\" width=\"2339\" height=\"1653\" srcset=\"https:\/\/tiberiades.org\/wp-content\/uploads\/2022\/04\/2-La-ultima-cena-Fragmento.jpg 2339w, https:\/\/tiberiades.org\/wp-content\/uploads\/2022\/04\/2-La-ultima-cena-Fragmento-300x212.jpg 300w, https:\/\/tiberiades.org\/wp-content\/uploads\/2022\/04\/2-La-ultima-cena-Fragmento-1024x724.jpg 1024w, https:\/\/tiberiades.org\/wp-content\/uploads\/2022\/04\/2-La-ultima-cena-Fragmento-768x543.jpg 768w, https:\/\/tiberiades.org\/wp-content\/uploads\/2022\/04\/2-La-ultima-cena-Fragmento-1536x1086.jpg 1536w, https:\/\/tiberiades.org\/wp-content\/uploads\/2022\/04\/2-La-ultima-cena-Fragmento-2048x1447.jpg 2048w\" sizes=\"auto, (max-width: 2339px) 100vw, 2339px\" \/><\/p>\n<p><em>Luis Cabrera Hern\u00e1ndez (La Habana, 1956), es un magn\u00edfico artista pl\u00e1stico cubano-espa\u00f1ol. Es pintor, grabador y dibujante. En 1970 ingresa en la Escuela de Artes Pl\u00e1sticas de San Alejandro y m\u00e1s tarde en la Escuela Nacional de Arte. Entre 1977 y 1982 termina su formaci\u00f3n universitaria en el Instituto Superior de Arte de Cuba. En 1985 realiz\u00f3 estudios de postgrado en el Instituto Superior para la Gr\u00e1fica y el Arte del Libro de Leipzig (Alemania). Desde 1993 vive en Madrid. Actualmente es profesor de litograf\u00eda y xilograf\u00eda de la Escuela de Grabado y Dise\u00f1o Gr\u00e1fico en la Real Casa de la Moneda. Tiene reconocidos premios y numerosas exposiciones individuales y colectivas realizadas en el mundo entero.<\/em><\/p>\n<p><em><br \/>\nAlfredo P\u00e9rez Alencart (Puerto Maldonado, Per\u00fa, 1962). Poeta y ensayista peruano-espa\u00f1ol, profesor de la Universidad de Salamanca desde 1987. Es miembro de la Academia Castellana y Leonesa de la Poes\u00eda y de Academia de Juglares de San Juan de la Cruz de Fontiveros. Fue secretario de la C\u00e1tedra de Po\u00e9tica Fray Luis de Le\u00f3n de la Universidad Pontificia (entre 1992 y 1998), y es director, desde 1998, de los Encuentros de Poetas Iberoamericanos, que se celebran en Salamanca. Su poes\u00eda ha sido parcialmente traducida a 50 idiomas y ha recibido, por el conjunto de su obra, el Premio de Poes\u00eda Medalla Vicente Gerbasi (Venezuela, 2009), el Premio Jorge Guill\u00e9n de Poes\u00eda (Espa\u00f1a, 2012), el Premio Umberto Peregrino (Brasil, 2015) y la Medalla Mihai Eminescu (Ruman\u00eda, 2017), entre otros. Tambi\u00e9n es presidente del jurado del Premio Internacional de Poes\u00eda Ant\u00f3nio Salvado-Ciudad de Castelo Branco (Portugal) y Premio Rey David de Poes\u00eda B\u00edblica Iberoamericana (Espa\u00f1a). Tambi\u00e9n es miembro del jurado y responsable literario del Premio Internacional de Poes\u00eda Pilar Fern\u00e1ndez Labrador (Salamanca, Espa\u00f1a).<\/em><\/p>\n<figure id=\"attachment_6536\" aria-describedby=\"caption-attachment-6536\" style=\"width: 950px\" class=\"wp-caption aligncenter\"><img loading=\"lazy\" decoding=\"async\" class=\"size-full wp-image-6536\" src=\"https:\/\/tiberiades.org\/wp-content\/uploads\/2022\/04\/3-A.-P.-Alencart-y-Luis-Cabrera-en-el-Patio-de-Escuelas-Menores-Fotografia-de-Jose-Amador-Martin.jpg\" alt=\"\" width=\"950\" height=\"636\" srcset=\"https:\/\/tiberiades.org\/wp-content\/uploads\/2022\/04\/3-A.-P.-Alencart-y-Luis-Cabrera-en-el-Patio-de-Escuelas-Menores-Fotografia-de-Jose-Amador-Martin.jpg 950w, https:\/\/tiberiades.org\/wp-content\/uploads\/2022\/04\/3-A.-P.-Alencart-y-Luis-Cabrera-en-el-Patio-de-Escuelas-Menores-Fotografia-de-Jose-Amador-Martin-300x201.jpg 300w, https:\/\/tiberiades.org\/wp-content\/uploads\/2022\/04\/3-A.-P.-Alencart-y-Luis-Cabrera-en-el-Patio-de-Escuelas-Menores-Fotografia-de-Jose-Amador-Martin-768x514.jpg 768w, https:\/\/tiberiades.org\/wp-content\/uploads\/2022\/04\/3-A.-P.-Alencart-y-Luis-Cabrera-en-el-Patio-de-Escuelas-Menores-Fotografia-de-Jose-Amador-Martin-272x182.jpg 272w\" sizes=\"auto, (max-width: 950px) 100vw, 950px\" \/><figcaption id=\"caption-attachment-6536\" class=\"wp-caption-text\">A. P. Alencart y Luis Cabrera en el Patio de Escuelas Menores (Fotograf\u00eda de Jos\u00e9 Amador Mart\u00edn)<\/figcaption><\/figure>\n<p><em>Imagen de cabecera: &#8216;La \u00faltima cena&#8217;, instalaci\u00f3n de Luis Cabrera<\/em><\/p>\n","protected":false},"excerpt":{"rendered":"<p>Tiber\u00edades agradece al artista cubano-espa\u00f1ol por dejarnos difundir su instalaci\u00f3n hecha en 2008, el cual acompa\u00f1amos con un poema in\u00e9dito de Alfredo P\u00e9rez Alencart, escrito en 2013. LA \u00daLTIMA CENA Un hombre propaga el c\u00e1ncer del beso f\u00f3sil de la traici\u00f3n. Mientras, introduce su cuchillo en el coraz\u00f3n de Aqu\u00e9l que cumple la Palabra al pie de la letra, de [&hellip;]<\/p>\n","protected":false},"author":2,"featured_media":6534,"comment_status":"open","ping_status":"closed","sticky":false,"template":"","format":"standard","meta":{"footnotes":""},"categories":[4],"tags":[148,578],"class_list":["post-6539","post","type-post","status-publish","format-standard","has-post-thumbnail","hentry","category-alfredo-perez-alencart","tag-alfredo-perez-alencart","tag-luis-cabrera"],"_links":{"self":[{"href":"https:\/\/tiberiades.org\/index.php?rest_route=\/wp\/v2\/posts\/6539","targetHints":{"allow":["GET"]}}],"collection":[{"href":"https:\/\/tiberiades.org\/index.php?rest_route=\/wp\/v2\/posts"}],"about":[{"href":"https:\/\/tiberiades.org\/index.php?rest_route=\/wp\/v2\/types\/post"}],"author":[{"embeddable":true,"href":"https:\/\/tiberiades.org\/index.php?rest_route=\/wp\/v2\/users\/2"}],"replies":[{"embeddable":true,"href":"https:\/\/tiberiades.org\/index.php?rest_route=%2Fwp%2Fv2%2Fcomments&post=6539"}],"version-history":[{"count":1,"href":"https:\/\/tiberiades.org\/index.php?rest_route=\/wp\/v2\/posts\/6539\/revisions"}],"predecessor-version":[{"id":6540,"href":"https:\/\/tiberiades.org\/index.php?rest_route=\/wp\/v2\/posts\/6539\/revisions\/6540"}],"wp:featuredmedia":[{"embeddable":true,"href":"https:\/\/tiberiades.org\/index.php?rest_route=\/wp\/v2\/media\/6534"}],"wp:attachment":[{"href":"https:\/\/tiberiades.org\/index.php?rest_route=%2Fwp%2Fv2%2Fmedia&parent=6539"}],"wp:term":[{"taxonomy":"category","embeddable":true,"href":"https:\/\/tiberiades.org\/index.php?rest_route=%2Fwp%2Fv2%2Fcategories&post=6539"},{"taxonomy":"post_tag","embeddable":true,"href":"https:\/\/tiberiades.org\/index.php?rest_route=%2Fwp%2Fv2%2Ftags&post=6539"}],"curies":[{"name":"wp","href":"https:\/\/api.w.org\/{rel}","templated":true}]}}