{"id":6566,"date":"2022-05-04T10:23:19","date_gmt":"2022-05-04T09:23:19","guid":{"rendered":"https:\/\/tiberiades.org\/?p=6566"},"modified":"2022-05-06T08:12:10","modified_gmt":"2022-05-06T07:12:10","slug":"el-coro-del-amanecer-por-stuart-park","status":"publish","type":"post","link":"https:\/\/tiberiades.org\/?p=6566","title":{"rendered":"El coro del amanecer"},"content":{"rendered":"<h2><strong>El coro del amanecer<\/strong><\/h2>\n<p>La primavera despierta en el mundo aviar un deseo irreprimible de cantar a pleno pulm\u00f3n desde altas horas de la madrugada, como sabe todo hijo de vecino que es despertado por el poderoso canto del mirlo a las cuatro de ma\u00f1ana. No s\u00e9 lo que piensan los p\u00e1jaros que quieren seguir durmiendo: (<em>\u00a1Por qu\u00e9 no te callas!\u00a0 \u0336<\/em> les oigo decir para sus adentros), pero a m\u00ed el canto del mirlo me llena de placer, antes de volver a entregarme al sue\u00f1o reparador.<\/p>\n<p>El fen\u00f3meno se llama \u2018el coro del amanecer\u2019, cuando los p\u00e1jaros cantan al comienzo de un nuevo d\u00eda. En los pa\u00edses templados es m\u00e1s evidente en primavera, cuando los p\u00e1jaros defienden un territorio de cr\u00eda, intentan atraer a su pareja o llaman a la bandada. Las distintas especies realizan sus cantos al amanecer en momentos diferentes.<\/p>\n<p>El D\u00eda Internacional del Coro del Amanecer (International Dawn Chorus Day) tiene lugar cada a\u00f1o el primer domingo de mayo desde su inauguraci\u00f3n en Reino Unido en 1987, y es seguido por millones de amantes de los p\u00e1jaros en todo el mundo. Desde entonces se han producido estudios cient\u00edficos para tratar de entender (sin \u00e9xito) por qu\u00e9 los p\u00e1jaros saludan el amanecer, y se han catalogado el orden de su intervenci\u00f3n en la gran sinfon\u00eda aviar. En Inglaterra (por si les pudiera interesar) el orden es el siguiente: primero el mirlo (faltaba m\u00e1s), seguido del petirrojo, choch\u00edn, c\u00e1rabo, pinz\u00f3n, fais\u00e1n, currucas y mosquiteros, zorzal, verder\u00f3n y jilguero.<\/p>\n<p>El pintor valenciano Jos\u00e9 Saborit en su libro <em>Perspectiva a\u00e9rea<\/em> ha descrito el fen\u00f3meno a la perfecci\u00f3n: \u00abAl amanecer, las aves pronuncian el misterio del mundo, que es la luz. Y lo pronuncian con j\u00fabilo\u00bb.<\/p>\n<p>En el lenguaje po\u00e9tico del libro de Job se celebra el d\u00eda de la Creaci\u00f3n \u00abCuando alababan todas las estrellas del alba, \/ Y se regocijaban todos los hijos de Dios\u00bb (38:7). El autor de G\u00e9nesis es m\u00e1s sobrio, pero nos imaginamos que formul\u00f3 estas palabras inmortales con la respiraci\u00f3n contenida y una emoci\u00f3n profunda:<\/p>\n<p style=\"padding-left: 40px;\"><em>En el principio cre\u00f3 Dios los cielos y la tierra. Y la tierra estaba desordenada y vac\u00eda, y las tinieblas estaban sobre la faz del abismo, y el Esp\u00edritu de Dios se mov\u00eda sobre la faz de las aguas. Y dijo Dios: Sea la luz; y fue la luz. Y vio Dios que la luz era buena; y separ\u00f3 Dios la luz de las tinieblas. Y llam\u00f3 Dios a la luz D\u00eda, y a las tinieblas llam\u00f3 Noche. Y fue la tarde y la ma\u00f1ana un d\u00eda<\/em> (G\u00e9nesis 1:1-5).<\/p>\n<p>Estos versos, y los siguientes, fueron le\u00eddos (en versi\u00f3n de la Biblia del Rey Jacobo) por la tripulaci\u00f3n del Apolos 8 en la Nochebuena de 1968 mientras orbitaban la luna, y se calcula que mil millones de habitantes de la Tierra los escucharon, es decir, uno de cuatro habitantes de nuestro planeta.<\/p>\n<p>\u00bfPor qu\u00e9 canta el coro del amanecer? \u00bfQui\u00e9n sabe si el mirlo y la curruca, el c\u00e1rabo y el pinz\u00f3n, el petirrojo y el jilguero, no reconocen aquella Voz, y con las estrellas del alba saludan con j\u00fabilo el misterio del mundo, que es la luz?<\/p>\n<p>&nbsp;<\/p>\n<p><img loading=\"lazy\" decoding=\"async\" class=\"aligncenter wp-image-6010 size-full\" src=\"https:\/\/tiberiades.org\/wp-content\/uploads\/2022\/01\/StuartP-1.jpg\" alt=\"\" width=\"800\" height=\"452\" srcset=\"https:\/\/tiberiades.org\/wp-content\/uploads\/2022\/01\/StuartP-1.jpg 800w, https:\/\/tiberiades.org\/wp-content\/uploads\/2022\/01\/StuartP-1-300x170.jpg 300w, https:\/\/tiberiades.org\/wp-content\/uploads\/2022\/01\/StuartP-1-768x434.jpg 768w\" sizes=\"auto, (max-width: 800px) 100vw, 800px\" \/><\/p>\n<p><em><strong>Stuart Park<\/strong>\u00a0naci\u00f3 en la ciudad inglesa de Preston, condado de Lancashire, en 1946. Tras cursar estudios en el Preston Grammar School ingres\u00f3 en el Downing College de Cambridge, donde se licenci\u00f3 en Filolog\u00eda Rom\u00e1nica. Colabor\u00f3 intensamente con la Christian Union\u00a0de la Universidad, dedicando sus veranos en Espa\u00f1a a la misi\u00f3n internacional Operaci\u00f3n Movilizaci\u00f3n. Entre 1967 y 1971 particip\u00f3, junto con David F. Burt, en los comienzos de los Grupos B\u00edblicos Universitarios (GBU) en Madrid. En 1970 se cas\u00f3 con\u00a0Verna Reed,\u00a0oriunda de Castile en el Estado de Nueva York, que colaboraba en la misi\u00f3n universitaria. Entre 1971 y 1972 vivi\u00f3 en Castile, y de 1972 a 1976 en Philadelphia, donde obtuvo el doctorado en la Temple University con una tesis sobre\u00a0Don Cristali\u00e1n de Espa\u00f1a (1545), novela in\u00e9dita de la escritora vallisoletana\u00a0Beatriz Bernal.\u00a0A partir de 1976 la familia traslada su residencia a Valladolid. Stuart se dedica a la ense\u00f1anza del ingl\u00e9s, en 1981 funda Warwick House, centro ling\u00fc\u00edstico-cultural, y en 1996 se incorpora como director del Colegio Internacional de Valladolid, hasta su jubilaci\u00f3n en 2012.\u00a0 Desde 1996 Stuart Park es director de\u00a0Al\u00e9theia, la revista teol\u00f3gica de la Alianza Evang\u00e9lica Espa\u00f1ola. En 1991, bajo el sello de Publicaciones Andamio, Stuart Park public\u00f3\u00a0<strong>\u2018<\/strong>Desde el torbellino. Job: m\u00e1s all\u00e1 del dolor humano\u2019<strong>.<\/strong>\u00a0Siguen otros t\u00edtulos publicados por la misma editorial:\u00a0<strong>\u2018<\/strong>Bajo sus alas. Rut: m\u00e1s all\u00e1 del amor humano\u2019<strong>,<\/strong>\u00a0en colaboraci\u00f3n con David F. Burt (1993). En 1995 publica \u2018In mem\u00f3riam\u2019; en 1996\u00a0<strong>\u2018<\/strong>La se\u00f1al. Jon\u00e1s: m\u00e1s all\u00e1 de la voluntad humana\u2019<strong>,<\/strong>\u00a0en colaboraci\u00f3n con David F. Burt. En 2000 publica\u00a0<strong>\u2018<\/strong>El cetro de oro. Ester: m\u00e1s all\u00e1 del poder humano\u2019<strong>,<\/strong>\u00a0en colaboraci\u00f3n con David F. Burt y David Pradales Cipr\u00e9s; y\u00a0<strong>\u2018<\/strong>Diez historias\u2019<strong>,<\/strong>\u00a0en 2004. Durante este tiempo publica, bajo el mismo sello editorial, varios estudios monogr\u00e1ficos:\u00a0<strong>\u2018<\/strong>La Biblia. Un libro para la postmodernidad\u2019\u00a0(1988),\u00a0<strong>\u2018<\/strong>Literatura y Biblia<strong>. <\/strong>El Se\u00f1or\u00edo de Cristo y las letras\u2019\u00a0(2\u00aa ed. 1995);\u00a0<strong>\u2018<\/strong>\u00bfResucit\u00f3 Jes\u00fas?\u2019\u00a0(2\u00aa ed. 1995);\u00a0<strong>\u2018<\/strong>\u00bfC\u00f3mo interpretar la Biblia?\u2019\u00a0(2\u00aa ed. 1995); y\u00a0<strong>\u2018<\/strong>Jesucristo hoy<strong>\u2019<\/strong>\u00a0(1997). A partir de 2009 comienza una nueva y fruct\u00edfera etapa de intensa actividad literaria. Publica libros de tem\u00e1tica muy variada bajo el sello Ediciones Camino Viejo:\u00a0<strong>\u2018<\/strong>Las hijas del canto. Las aves del cielo en la tradici\u00f3n b\u00edblica y la poes\u00eda de Jos\u00e9 Jim\u00e9nez Lozano\u2019\u00a0con Pr\u00f3logo del Premio cervantes Jos\u00e9 Jim\u00e9nez Lozano (2009);\u00a0<strong>\u2018<\/strong>En el valle de la sombra. Conversaciones con Sirio\u2019\u00a0(2010) que relata las conversaciones con un amigo \u00edntimo durante los \u00faltimos d\u00edas de su vida. En el mismo a\u00f1o reedita \u2018Diez historias\u2019<strong>.<\/strong>\u00a0En 2011 aparecen tres libros:\u00a0<strong>\u2018<\/strong>El lucero de la ma\u00f1ana. La tumba vac\u00eda de Jes\u00fas\u2019<strong>,<\/strong>que reexamina la evidencia de la Resurrecci\u00f3n;\u00a0<strong>\u2018<\/strong>El camino de Ema\u00fas. Par\u00e1bola y s\u00edmbolo en la narrativa b\u00edblica\u2019<strong>,<\/strong>\u00a0que explora la hermen\u00e9utica b\u00edblica desde el magisterio de Jes\u00fas; y\u00a0<strong>\u2018<\/strong>Doce nombres\u2019\u00a0que recorre la historia b\u00edblica a trav\u00e9s de algunos de sus personaje m\u00e1s emblem\u00e1ticos. En 2012 publica\u00a0<strong>\u2018<\/strong>Magn\u00edficat. Mar\u00eda la madre del Se\u00f1or\u2019\u00a0y reedita \u2018Desde el torbellino\u2019.\u00a0En 2013 publica\u00a0<strong>\u2018<\/strong>Cartas a mis nietos\u2019<strong>,<\/strong>\u00a0un recorrido por la historia b\u00edblica de forma epistolar,\u00a0y<strong> \u2018<\/strong>El cord\u00f3n de grana<strong>.<\/strong>\u00a0Historias de mujeres en la narrativa b\u00edblica\u2019<strong>.<\/strong>\u00a0En el mismo a\u00f1o aparece\u00a0<strong>\u2018<\/strong>Jard\u00edn cerrado. El Cantar sublime de Salom\u00f3n\u2019<strong>,<\/strong>\u00a0y en 2014 publica\u00a0<strong>\u2018<\/strong>La vida breve. El libro de Qoh\u00e9let\u2019,\u00a0con pr\u00f3logo de Pablo Mart\u00ednez Vila, y\u00a0<strong>\u2018<\/strong>Siete Palabras\u2019<strong>,<\/strong>\u00a0una reflexi\u00f3n acerca de las \u00faltimas palabras de Cristo en la Cruz. M\u00e1s recientes son La palabra suficiente; Conversaciones con Aurelio, en torno a la fe; Junto al mar de Tiberias, Las se\u00f1ales que hizo Jes\u00fas; In memoriam, El dolor humano y la consolaci\u00f3n de Cristo; Rut la moabita; De Egipto llam\u00e9 a mi hijo, sobre la historia de Jos\u00e9, Mes\u00edas, el texto de Jennens que inspir\u00f3 el Oratorio de H\u00e4ndel (2018), La fe del carbonero (2020) y Contra viento y marea (2022). Es miembro del Consejo Asesor de TIBER\u00cdADES.<\/em><\/p>\n<p><em>Una de sus m\u00e1s recientes publicaciones es <a href=\"https:\/\/www.editorialconfluencias.com\/producto\/el-viaje-a-oxford-que-nunca-tuvo-lugar\/\"><strong>El viaje a Oxford que nunca tuvo lugar<\/strong><\/a>, un libro de conversaciones con Jos\u00e9 Jim\u00e9nez Lozano, mayormente en torno a la Biblia, la fe y la historia del cristianismo, que surgieron en el contexto de un viaje a Oxford planeado y nunca efectuado.<\/em><\/p>\n<p>&nbsp;<\/p>\n<p>Imagen de cabecera: Foto de Marco Midmore en Unsplash.<\/p>\n","protected":false},"excerpt":{"rendered":"<p>El coro del amanecer La primavera despierta en el mundo aviar un deseo irreprimible de cantar a pleno pulm\u00f3n desde altas horas de la madrugada, como sabe todo hijo de vecino que es despertado por el poderoso canto del mirlo a las cuatro de ma\u00f1ana. No s\u00e9 lo que piensan los p\u00e1jaros que quieren seguir durmiendo: (\u00a1Por qu\u00e9 no te [&hellip;]<\/p>\n","protected":false},"author":2,"featured_media":6567,"comment_status":"open","ping_status":"closed","sticky":false,"template":"","format":"standard","meta":{"footnotes":""},"categories":[39],"tags":[584,40],"class_list":["post-6566","post","type-post","status-publish","format-standard","has-post-thumbnail","hentry","category-stuart-park","tag-international-dawn-chorus-da","tag-stuart-park"],"_links":{"self":[{"href":"https:\/\/tiberiades.org\/index.php?rest_route=\/wp\/v2\/posts\/6566","targetHints":{"allow":["GET"]}}],"collection":[{"href":"https:\/\/tiberiades.org\/index.php?rest_route=\/wp\/v2\/posts"}],"about":[{"href":"https:\/\/tiberiades.org\/index.php?rest_route=\/wp\/v2\/types\/post"}],"author":[{"embeddable":true,"href":"https:\/\/tiberiades.org\/index.php?rest_route=\/wp\/v2\/users\/2"}],"replies":[{"embeddable":true,"href":"https:\/\/tiberiades.org\/index.php?rest_route=%2Fwp%2Fv2%2Fcomments&post=6566"}],"version-history":[{"count":2,"href":"https:\/\/tiberiades.org\/index.php?rest_route=\/wp\/v2\/posts\/6566\/revisions"}],"predecessor-version":[{"id":6572,"href":"https:\/\/tiberiades.org\/index.php?rest_route=\/wp\/v2\/posts\/6566\/revisions\/6572"}],"wp:featuredmedia":[{"embeddable":true,"href":"https:\/\/tiberiades.org\/index.php?rest_route=\/wp\/v2\/media\/6567"}],"wp:attachment":[{"href":"https:\/\/tiberiades.org\/index.php?rest_route=%2Fwp%2Fv2%2Fmedia&parent=6566"}],"wp:term":[{"taxonomy":"category","embeddable":true,"href":"https:\/\/tiberiades.org\/index.php?rest_route=%2Fwp%2Fv2%2Fcategories&post=6566"},{"taxonomy":"post_tag","embeddable":true,"href":"https:\/\/tiberiades.org\/index.php?rest_route=%2Fwp%2Fv2%2Ftags&post=6566"}],"curies":[{"name":"wp","href":"https:\/\/api.w.org\/{rel}","templated":true}]}}