{"id":6658,"date":"2022-05-30T08:26:30","date_gmt":"2022-05-30T07:26:30","guid":{"rendered":"https:\/\/tiberiades.org\/?p=6658"},"modified":"2022-06-01T09:30:43","modified_gmt":"2022-06-01T08:30:43","slug":"oro-puro-por-stuart-park","status":"publish","type":"post","link":"https:\/\/tiberiades.org\/?p=6658","title":{"rendered":"Oro puro"},"content":{"rendered":"<p>Escribo estas l\u00edneas a finales del hermoso mes de mayo, que parece pasar m\u00e1s r\u00e1pidamente que cualquier otro mes del a\u00f1o, con sus bellas flores silvestres y la actividad de los p\u00e1jaros en la \u00e9poca de nidificaci\u00f3n y cr\u00eda.<\/p>\n<p>La primavera inspira a la poes\u00eda como ninguna otra estaci\u00f3n, y la maravilla del mundo natural en su \u00e9poca de pleno crecimiento, con las lluvias de abril y el sol de mayo, infunde pensamientos placenteros, aunque no exentos, a veces, de perplejidad y pena.<\/p>\n<p>William Shakespeare, que escribi\u00f3 versos memorables sobre el \u00abalegre mes de mayo\u00bb, sinti\u00f3 la mezcla de emociones que suscitan los momentos de felicidad. Sentado en una arboleda escuchando el canto de las aves, contrast\u00f3 la armon\u00eda de la Naturaleza con la conflictividad del coraz\u00f3n humano, y habl\u00f3 de \u00abese dulce estado de \u00e1nimo cuando los pensamientos placenteros \/ traen a la mente pensamientos tristes\u00bb, y a\u00f1adi\u00f3: \u00aby mucho me doli\u00f3 el coraz\u00f3n al pensar lo que el hombre ha hecho del hombre\u00bb. De estos versos me acord\u00e9 esta misma ma\u00f1ana al abrir la ventana de nuestra habitaci\u00f3n.<\/p>\n<p>En uno de los jardines que lindan con el nuestro en Valladolid hay un inmenso \u00e1rbol frondoso que todos los a\u00f1os en esta \u00e9poca es visitado por una pareja de p\u00e1jaros que migran desde zonas tropicales del sur de \u00c1frica, y anuncian su presencia con un inconfundible canto aflautado de gran belleza.<\/p>\n<p>Se trata de la orop\u00e9ndola, <em>Oriolus oriolus<\/em>, que como su propio nombre indica exhibe una librea de oro puro, con las alas y la cola negras. Cuelga su nido en lo alto del \u00e1rbol vecino, y raras veces se deja ver. La hembra es de un colorido verdoso m\u00e1s discreto, y cuando el sol brilla entre las hojas es pr\u00e1cticamente imposible detectar su presencia.<\/p>\n<p>Lo traigo a colaci\u00f3n porque hace unos meses nuestros vecinos decidieron realizar una poda dr\u00e1stica que ha dejado el \u00e1rbol sin ramaje, y los peque\u00f1os brotes que ahora aparecen son insuficientes para cobijar a nuestro visitante dorado. La orop\u00e9ndola es un p\u00e1jaro mon\u00f3gamo que vuelve siempre a su lugar de cr\u00eda y, \u00bfqu\u00e9 har\u00e1? pensamos, cuando encuentre devastado su hogar.<\/p>\n<p>Pues esta misma ma\u00f1ana hemos o\u00eddo su bello canto lanzado desde otro \u00e1rbol, un poco m\u00e1s lejano, que le servir\u00e1 hasta que el a\u00f1o que viene pueda volver a su lugar preferido. Su m\u00fasica nos ha llenado de asombro, no exento de cierta pena, con esos pensamientos placenteros que traen a la mente pensamientos tristes, y la suerte del inmenso \u00e1rbol frondoso nos ha hecho recordar lo que el hombre ha hecho del hombre, con su brutalidad y ansia de poder.<\/p>\n<p>As\u00ed es c\u00f3mo la primavera nos ha servido de lecci\u00f3n, con su hermosura y encanto, pero siempre con un fondo gris, que a veces se torna muy oscuro. La Naturaleza se regenerar\u00e1 y volver\u00e1 a florecer, y nuestras bellas orop\u00e9ndolas sobrevivir\u00e1n a su viaje a \u00c1frica, esperamos, y volver\u00e1n, presencia aurea en medio de un mundo cuyo oro se ennegrece, como lament\u00f3, con l\u00e1grimas, el profeta y poeta antiguo.<\/p>\n<p><img loading=\"lazy\" decoding=\"async\" class=\"aligncenter size-full wp-image-6010\" src=\"https:\/\/tiberiades.org\/wp-content\/uploads\/2022\/01\/StuartP-1.jpg\" alt=\"\" width=\"800\" height=\"452\" srcset=\"https:\/\/tiberiades.org\/wp-content\/uploads\/2022\/01\/StuartP-1.jpg 800w, https:\/\/tiberiades.org\/wp-content\/uploads\/2022\/01\/StuartP-1-300x170.jpg 300w, https:\/\/tiberiades.org\/wp-content\/uploads\/2022\/01\/StuartP-1-768x434.jpg 768w\" sizes=\"auto, (max-width: 800px) 100vw, 800px\" \/><\/p>\n<p><em><strong>Stuart Park<\/strong>\u00a0naci\u00f3 en la ciudad inglesa de Preston, condado de Lancashire, en 1946. Tras cursar estudios en el Preston Grammar School ingres\u00f3 en el Downing College de Cambridge, donde se licenci\u00f3 en Filolog\u00eda Rom\u00e1nica. Colabor\u00f3 intensamente con la Christian Union\u00a0de la Universidad, dedicando sus veranos en Espa\u00f1a a la misi\u00f3n internacional Operaci\u00f3n Movilizaci\u00f3n. Entre 1967 y 1971 particip\u00f3, junto con David F. Burt, en los comienzos de los Grupos B\u00edblicos Universitarios (GBU) en Madrid. En 1970 se cas\u00f3 con\u00a0Verna Reed,\u00a0oriunda de Castile en el Estado de Nueva York, que colaboraba en la misi\u00f3n universitaria. Entre 1971 y 1972 vivi\u00f3 en Castile, y de 1972 a 1976 en Philadelphia, donde obtuvo el doctorado en la Temple University con una tesis sobre\u00a0Don Cristali\u00e1n de Espa\u00f1a (1545), novela in\u00e9dita de la escritora vallisoletana\u00a0Beatriz Bernal.\u00a0A partir de 1976 la familia traslada su residencia a Valladolid. Stuart se dedica a la ense\u00f1anza del ingl\u00e9s, en 1981 funda Warwick House, centro ling\u00fc\u00edstico-cultural, y en 1996 se incorpora como director del Colegio Internacional de Valladolid, hasta su jubilaci\u00f3n en 2012.\u00a0 Desde 1996 Stuart Park es director de\u00a0Al\u00e9theia, la revista teol\u00f3gica de la Alianza Evang\u00e9lica Espa\u00f1ola. En 1991, bajo el sello de Publicaciones Andamio, Stuart Park public\u00f3\u00a0<strong>\u2018<\/strong>Desde el torbellino. Job: m\u00e1s all\u00e1 del dolor humano\u2019<strong>.<\/strong>\u00a0Siguen otros t\u00edtulos publicados por la misma editorial:\u00a0<strong>\u2018<\/strong>Bajo sus alas. Rut: m\u00e1s all\u00e1 del amor humano\u2019<strong>,<\/strong>\u00a0en colaboraci\u00f3n con David F. Burt (1993). En 1995 publica \u2018In mem\u00f3riam\u2019; en 1996\u00a0<strong>\u2018<\/strong>La se\u00f1al. Jon\u00e1s: m\u00e1s all\u00e1 de la voluntad humana\u2019<strong>,<\/strong>\u00a0en colaboraci\u00f3n con David F. Burt. En 2000 publica\u00a0<strong>\u2018<\/strong>El cetro de oro. Ester: m\u00e1s all\u00e1 del poder humano\u2019<strong>,<\/strong>\u00a0en colaboraci\u00f3n con David F. Burt y David Pradales Cipr\u00e9s; y\u00a0<strong>\u2018<\/strong>Diez historias\u2019<strong>,<\/strong>\u00a0en 2004. Durante este tiempo publica, bajo el mismo sello editorial, varios estudios monogr\u00e1ficos:\u00a0<strong>\u2018<\/strong>La Biblia. Un libro para la postmodernidad\u2019\u00a0(1988),\u00a0<strong>\u2018<\/strong>Literatura y Biblia<strong>. <\/strong>El Se\u00f1or\u00edo de Cristo y las letras\u2019\u00a0(2\u00aa ed. 1995);\u00a0<strong>\u2018<\/strong>\u00bfResucit\u00f3 Jes\u00fas?\u2019\u00a0(2\u00aa ed. 1995);\u00a0<strong>\u2018<\/strong>\u00bfC\u00f3mo interpretar la Biblia?\u2019\u00a0(2\u00aa ed. 1995); y\u00a0<strong>\u2018<\/strong>Jesucristo hoy<strong>\u2019<\/strong>\u00a0(1997). A partir de 2009 comienza una nueva y fruct\u00edfera etapa de intensa actividad literaria. Publica libros de tem\u00e1tica muy variada bajo el sello Ediciones Camino Viejo:\u00a0<strong>\u2018<\/strong>Las hijas del canto. Las aves del cielo en la tradici\u00f3n b\u00edblica y la poes\u00eda de Jos\u00e9 Jim\u00e9nez Lozano\u2019\u00a0con Pr\u00f3logo del Premio cervantes Jos\u00e9 Jim\u00e9nez Lozano (2009);\u00a0<strong>\u2018<\/strong>En el valle de la sombra. Conversaciones con Sirio\u2019\u00a0(2010) que relata las conversaciones con un amigo \u00edntimo durante los \u00faltimos d\u00edas de su vida. En el mismo a\u00f1o reedita \u2018Diez historias\u2019<strong>.<\/strong>\u00a0En 2011 aparecen tres libros:\u00a0<strong>\u2018<\/strong>El lucero de la ma\u00f1ana. La tumba vac\u00eda de Jes\u00fas\u2019<strong>,<\/strong>que reexamina la evidencia de la Resurrecci\u00f3n;\u00a0<strong>\u2018<\/strong>El camino de Ema\u00fas. Par\u00e1bola y s\u00edmbolo en la narrativa b\u00edblica\u2019<strong>,<\/strong>\u00a0que explora la hermen\u00e9utica b\u00edblica desde el magisterio de Jes\u00fas; y\u00a0<strong>\u2018<\/strong>Doce nombres\u2019\u00a0que recorre la historia b\u00edblica a trav\u00e9s de algunos de sus personaje m\u00e1s emblem\u00e1ticos. En 2012 publica\u00a0<strong>\u2018<\/strong>Magn\u00edficat. Mar\u00eda la madre del Se\u00f1or\u2019\u00a0y reedita \u2018Desde el torbellino\u2019.\u00a0En 2013 publica\u00a0<strong>\u2018<\/strong>Cartas a mis nietos\u2019<strong>,<\/strong>\u00a0un recorrido por la historia b\u00edblica de forma epistolar,\u00a0y<strong> \u2018<\/strong>El cord\u00f3n de grana<strong>.<\/strong>\u00a0Historias de mujeres en la narrativa b\u00edblica\u2019<strong>.<\/strong>\u00a0En el mismo a\u00f1o aparece\u00a0<strong>\u2018<\/strong>Jard\u00edn cerrado. El Cantar sublime de Salom\u00f3n\u2019<strong>,<\/strong>\u00a0y en 2014 publica\u00a0<strong>\u2018<\/strong>La vida breve. El libro de Qoh\u00e9let\u2019,\u00a0con pr\u00f3logo de Pablo Mart\u00ednez Vila, y\u00a0<strong>\u2018<\/strong>Siete Palabras\u2019<strong>,<\/strong>\u00a0una reflexi\u00f3n acerca de las \u00faltimas palabras de Cristo en la Cruz. M\u00e1s recientes son La palabra suficiente; Conversaciones con Aurelio, en torno a la fe; Junto al mar de Tiberias, Las se\u00f1ales que hizo Jes\u00fas; In memoriam, El dolor humano y la consolaci\u00f3n de Cristo; Rut la moabita; De Egipto llam\u00e9 a mi hijo, sobre la historia de Jos\u00e9, Mes\u00edas, el texto de Jennens que inspir\u00f3 el Oratorio de H\u00e4ndel (2018), La fe del carbonero (2020) y Contra viento y marea (2022). Es miembro del Consejo Asesor de TIBER\u00cdADES.<\/em><\/p>\n<p><em>Una de sus m\u00e1s recientes publicaciones es <a href=\"https:\/\/www.editorialconfluencias.com\/producto\/el-viaje-a-oxford-que-nunca-tuvo-lugar\/\"><strong>El viaje a Oxford que nunca tuvo lugar<\/strong><\/a>, un libro de conversaciones con Jos\u00e9 Jim\u00e9nez Lozano, mayormente en torno a la Biblia, la fe y la historia del cristianismo, que surgieron en el contexto de un viaje a Oxford planeado y nunca efectuado.<\/em><\/p>\n<p>Fotograf\u00eda de cabecera:\u00a0Imran Shah from Islamabad, Pakistan &#8211; Golden Oriole (Oriolus oriolus), CC BY-SA 2.0, https:\/\/commons.wikimedia.org\/w\/index.php?curid=110181964<\/p>\n","protected":false},"excerpt":{"rendered":"<p>Escribo estas l\u00edneas a finales del hermoso mes de mayo, que parece pasar m\u00e1s r\u00e1pidamente que cualquier otro mes del a\u00f1o, con sus bellas flores silvestres y la actividad de los p\u00e1jaros en la \u00e9poca de nidificaci\u00f3n y cr\u00eda. La primavera inspira a la poes\u00eda como ninguna otra estaci\u00f3n, y la maravilla del mundo natural en su \u00e9poca de pleno [&hellip;]<\/p>\n","protected":false},"author":2,"featured_media":6659,"comment_status":"open","ping_status":"closed","sticky":false,"template":"","format":"standard","meta":{"footnotes":""},"categories":[39],"tags":[40],"class_list":["post-6658","post","type-post","status-publish","format-standard","has-post-thumbnail","hentry","category-stuart-park","tag-stuart-park"],"_links":{"self":[{"href":"https:\/\/tiberiades.org\/index.php?rest_route=\/wp\/v2\/posts\/6658","targetHints":{"allow":["GET"]}}],"collection":[{"href":"https:\/\/tiberiades.org\/index.php?rest_route=\/wp\/v2\/posts"}],"about":[{"href":"https:\/\/tiberiades.org\/index.php?rest_route=\/wp\/v2\/types\/post"}],"author":[{"embeddable":true,"href":"https:\/\/tiberiades.org\/index.php?rest_route=\/wp\/v2\/users\/2"}],"replies":[{"embeddable":true,"href":"https:\/\/tiberiades.org\/index.php?rest_route=%2Fwp%2Fv2%2Fcomments&post=6658"}],"version-history":[{"count":3,"href":"https:\/\/tiberiades.org\/index.php?rest_route=\/wp\/v2\/posts\/6658\/revisions"}],"predecessor-version":[{"id":6691,"href":"https:\/\/tiberiades.org\/index.php?rest_route=\/wp\/v2\/posts\/6658\/revisions\/6691"}],"wp:featuredmedia":[{"embeddable":true,"href":"https:\/\/tiberiades.org\/index.php?rest_route=\/wp\/v2\/media\/6659"}],"wp:attachment":[{"href":"https:\/\/tiberiades.org\/index.php?rest_route=%2Fwp%2Fv2%2Fmedia&parent=6658"}],"wp:term":[{"taxonomy":"category","embeddable":true,"href":"https:\/\/tiberiades.org\/index.php?rest_route=%2Fwp%2Fv2%2Fcategories&post=6658"},{"taxonomy":"post_tag","embeddable":true,"href":"https:\/\/tiberiades.org\/index.php?rest_route=%2Fwp%2Fv2%2Ftags&post=6658"}],"curies":[{"name":"wp","href":"https:\/\/api.w.org\/{rel}","templated":true}]}}