{"id":6661,"date":"2022-08-01T08:32:20","date_gmt":"2022-08-01T07:32:20","guid":{"rendered":"https:\/\/tiberiades.org\/?p=6661"},"modified":"2022-08-02T07:52:53","modified_gmt":"2022-08-02T06:52:53","slug":"verano-por-stuart-park","status":"publish","type":"post","link":"https:\/\/tiberiades.org\/?p=6661","title":{"rendered":"Verano"},"content":{"rendered":"<p style=\"padding-left: 40px;\"><em>Frutales<br \/>\ncargados.<br \/>\nDorados<br \/>\ntrigales.<\/em><\/p>\n<p style=\"padding-left: 40px;\"><em>Cristales<br \/>\nahumados.<br \/>\nQuemados<br \/>\njarales\u2026<\/em><\/p>\n<p style=\"padding-left: 40px;\"><em>Umbr\u00eda<br \/>\nsequ\u00eda<br \/>\nsolano.<\/em><\/p>\n<p style=\"padding-left: 40px;\"><em>Paleta<br \/>\ncompleta:<br \/>\nverano.<\/em><\/p>\n<p style=\"padding-left: 40px;\">(Manuel Machado, \u2018Verano\u2019).<\/p>\n<p>Este peque\u00f1o \u2018soneto\u2019, compuesto solo de sustantivos y adjetivos, describe a la perfecci\u00f3n el verano en Espa\u00f1a, y parece unir los frutales de Andaluc\u00eda con los trigales de la meseta castellana.<\/p>\n<p>Las vacaciones de verano de mi propia infancia y adolescencia se pasaron en los hermosos lagos al norte de Inglaterra que tanta poes\u00eda rom\u00e1ntica inspiraron\u00a0 \u0336 frecuentemente pasadas por agua, todo hay que decirlo \u0336, y para recordar \u00e9pocas de verdadero calor mi mente vuela a la Sevilla de Manuel Machado, la Granada de Federico Garc\u00eda Lorca, o la C\u00e1diz de Rafael Alberti.<\/p>\n<p>Conoc\u00ed todos aquellos lugares tan emblem\u00e1ticos durante los meses de julio y agosto entre 1965 y 1969, dedicado a una labor de colportor al estilo de Jorge Borrow, no en solitario como aquel ilustre aventurero, ni a lomos de mula o caballo, sino con un grupo de j\u00f3venes internacionales que viaj\u00e1bamos de pueblo en pueblo para repartir Biblias en una VW t\u00edpica de los a\u00f1os sesenta.<\/p>\n<p>Recuerdo una c\u00e1lida ma\u00f1ana de agosto tomando caf\u00e9 en una terraza en la orilla del Guadalquivir en Sevilla; una noche tumbado sobre la piedra fresca de una cocina en M\u00e1laga incapaz de dormir por la calor asfixiante (creo recordar que en Andaluc\u00eda calor es una voz femenina); y un anochecer bajo la luna en Ja\u00e9n escuchando el canto de las aves nocturnas y el incesante <em>cri-cri-cri<\/em> de los grillos.<\/p>\n<p>En calores la meseta castellana no se queda atr\u00e1s, pero aquellos veranos de juventud son los que para m\u00ed tipifican el verano en mi pa\u00eds de adopci\u00f3n, Espa\u00f1a.<\/p>\n<figure id=\"attachment_3480\" aria-describedby=\"caption-attachment-3480\" style=\"width: 640px\" class=\"wp-caption aligncenter\"><img loading=\"lazy\" decoding=\"async\" class=\"size-large wp-image-3480\" src=\"https:\/\/tiberiades.org\/wp-content\/uploads\/2020\/07\/3-Stuart-Park-en-Tordesillas-foto-de-Jacqueline-Alencar-1024x591.jpg\" alt=\"\" width=\"640\" height=\"369\" srcset=\"https:\/\/tiberiades.org\/wp-content\/uploads\/2020\/07\/3-Stuart-Park-en-Tordesillas-foto-de-Jacqueline-Alencar-1024x591.jpg 1024w, https:\/\/tiberiades.org\/wp-content\/uploads\/2020\/07\/3-Stuart-Park-en-Tordesillas-foto-de-Jacqueline-Alencar-300x173.jpg 300w, https:\/\/tiberiades.org\/wp-content\/uploads\/2020\/07\/3-Stuart-Park-en-Tordesillas-foto-de-Jacqueline-Alencar-768x443.jpg 768w, https:\/\/tiberiades.org\/wp-content\/uploads\/2020\/07\/3-Stuart-Park-en-Tordesillas-foto-de-Jacqueline-Alencar-1536x887.jpg 1536w, https:\/\/tiberiades.org\/wp-content\/uploads\/2020\/07\/3-Stuart-Park-en-Tordesillas-foto-de-Jacqueline-Alencar-2048x1182.jpg 2048w\" sizes=\"auto, (max-width: 640px) 100vw, 640px\" \/><figcaption id=\"caption-attachment-3480\" class=\"wp-caption-text\">Stuart Park en Tordesillas (foto de Jacqueline Alencar)<\/figcaption><\/figure>\n<p><em><strong>Stuart Park<\/strong>\u00a0naci\u00f3 en la ciudad inglesa de Preston, condado de Lancashire, en 1946. Tras cursar estudios en el Preston Grammar School ingres\u00f3 en el Downing College de Cambridge, donde se licenci\u00f3 en Filolog\u00eda Rom\u00e1nica. Colabor\u00f3 intensamente con la Christian Union\u00a0de la Universidad, dedicando sus veranos en Espa\u00f1a a la misi\u00f3n internacional Operaci\u00f3n Movilizaci\u00f3n. Entre 1967 y 1971 particip\u00f3, junto con David F. Burt, en los comienzos de los Grupos B\u00edblicos Universitarios (GBU) en Madrid. En 1970 se cas\u00f3 con\u00a0Verna Reed,\u00a0oriunda de Castile en el Estado de Nueva York, que colaboraba en la misi\u00f3n universitaria. Entre 1971 y 1972 vivi\u00f3 en Castile, y de 1972 a 1976 en Philadelphia, donde obtuvo el doctorado en la Temple University con una tesis sobre\u00a0Don Cristali\u00e1n de Espa\u00f1a (1545), novela in\u00e9dita de la escritora vallisoletana\u00a0Beatriz Bernal.\u00a0A partir de 1976 la familia traslada su residencia a Valladolid. Stuart se dedica a la ense\u00f1anza del ingl\u00e9s, en 1981 funda Warwick House, centro ling\u00fc\u00edstico-cultural, y en 1996 se incorpora como director del Colegio Internacional de Valladolid, hasta su jubilaci\u00f3n en 2012.\u00a0 Desde 1996 Stuart Park es director de\u00a0Al\u00e9theia, la revista teol\u00f3gica de la Alianza Evang\u00e9lica Espa\u00f1ola. En 1991, bajo el sello de Publicaciones Andamio, Stuart Park public\u00f3\u00a0<strong>\u2018<\/strong>Desde el torbellino. Job: m\u00e1s all\u00e1 del dolor humano\u2019<strong>.<\/strong>\u00a0Siguen otros t\u00edtulos publicados por la misma editorial:\u00a0<strong>\u2018<\/strong>Bajo sus alas. Rut: m\u00e1s all\u00e1 del amor humano\u2019<strong>,<\/strong>\u00a0en colaboraci\u00f3n con David F. Burt (1993). En 1995 publica \u2018In mem\u00f3riam\u2019; en 1996\u00a0<strong>\u2018<\/strong>La se\u00f1al. Jon\u00e1s: m\u00e1s all\u00e1 de la voluntad humana\u2019<strong>,<\/strong>\u00a0en colaboraci\u00f3n con David F. Burt. En 2000 publica\u00a0<strong>\u2018<\/strong>El cetro de oro. Ester: m\u00e1s all\u00e1 del poder humano\u2019<strong>,<\/strong>\u00a0en colaboraci\u00f3n con David F. Burt y David Pradales Cipr\u00e9s; y\u00a0<strong>\u2018<\/strong>Diez historias\u2019<strong>,<\/strong>\u00a0en 2004. Durante este tiempo publica, bajo el mismo sello editorial, varios estudios monogr\u00e1ficos:\u00a0<strong>\u2018<\/strong>La Biblia. Un libro para la postmodernidad\u2019\u00a0(1988),\u00a0<strong>\u2018<\/strong>Literatura y Biblia<strong>. <\/strong>El Se\u00f1or\u00edo de Cristo y las letras\u2019\u00a0(2\u00aa ed. 1995);\u00a0<strong>\u2018<\/strong>\u00bfResucit\u00f3 Jes\u00fas?\u2019\u00a0(2\u00aa ed. 1995);\u00a0<strong>\u2018<\/strong>\u00bfC\u00f3mo interpretar la Biblia?\u2019\u00a0(2\u00aa ed. 1995); y\u00a0<strong>\u2018<\/strong>Jesucristo hoy<strong>\u2019<\/strong>\u00a0(1997). A partir de 2009 comienza una nueva y fruct\u00edfera etapa de intensa actividad literaria. Publica libros de tem\u00e1tica muy variada bajo el sello Ediciones Camino Viejo:\u00a0<strong>\u2018<\/strong>Las hijas del canto. Las aves del cielo en la tradici\u00f3n b\u00edblica y la poes\u00eda de Jos\u00e9 Jim\u00e9nez Lozano\u2019\u00a0con Pr\u00f3logo del Premio cervantes Jos\u00e9 Jim\u00e9nez Lozano (2009);\u00a0<strong>\u2018<\/strong>En el valle de la sombra. Conversaciones con Sirio\u2019\u00a0(2010) que relata las conversaciones con un amigo \u00edntimo durante los \u00faltimos d\u00edas de su vida. En el mismo a\u00f1o reedita \u2018Diez historias\u2019<strong>.<\/strong>\u00a0En 2011 aparecen tres libros:\u00a0<strong>\u2018<\/strong>El lucero de la ma\u00f1ana. La tumba vac\u00eda de Jes\u00fas\u2019<strong>,<\/strong>que reexamina la evidencia de la Resurrecci\u00f3n;\u00a0<strong>\u2018<\/strong>El camino de Ema\u00fas. Par\u00e1bola y s\u00edmbolo en la narrativa b\u00edblica\u2019<strong>,<\/strong>\u00a0que explora la hermen\u00e9utica b\u00edblica desde el magisterio de Jes\u00fas; y\u00a0<strong>\u2018<\/strong>Doce nombres\u2019\u00a0que recorre la historia b\u00edblica a trav\u00e9s de algunos de sus personaje m\u00e1s emblem\u00e1ticos. En 2012 publica\u00a0<strong>\u2018<\/strong>Magn\u00edficat. Mar\u00eda la madre del Se\u00f1or\u2019\u00a0y reedita \u2018Desde el torbellino\u2019.\u00a0En 2013 publica\u00a0<strong>\u2018<\/strong>Cartas a mis nietos\u2019<strong>,<\/strong>\u00a0un recorrido por la historia b\u00edblica de forma epistolar,\u00a0y<strong> \u2018<\/strong>El cord\u00f3n de grana<strong>.<\/strong>\u00a0Historias de mujeres en la narrativa b\u00edblica\u2019<strong>.<\/strong>\u00a0En el mismo a\u00f1o aparece\u00a0<strong>\u2018<\/strong>Jard\u00edn cerrado. El Cantar sublime de Salom\u00f3n\u2019<strong>,<\/strong>\u00a0y en 2014 publica\u00a0<strong>\u2018<\/strong>La vida breve. El libro de Qoh\u00e9let\u2019,\u00a0con pr\u00f3logo de Pablo Mart\u00ednez Vila, y\u00a0<strong>\u2018<\/strong>Siete Palabras\u2019<strong>,<\/strong>\u00a0una reflexi\u00f3n acerca de las \u00faltimas palabras de Cristo en la Cruz. M\u00e1s recientes son La palabra suficiente; Conversaciones con Aurelio, en torno a la fe; Junto al mar de Tiberias, Las se\u00f1ales que hizo Jes\u00fas; In memoriam, El dolor humano y la consolaci\u00f3n de Cristo; Rut la moabita; De Egipto llam\u00e9 a mi hijo, sobre la historia de Jos\u00e9, Mes\u00edas, el texto de Jennens que inspir\u00f3 el Oratorio de H\u00e4ndel (2018), La fe del carbonero (2020) y Contra viento y marea (2022). Es miembro del Consejo Asesor de TIBER\u00cdADES.<\/em><\/p>\n<p><em>Una de sus m\u00e1s recientes publicaciones es <a href=\"https:\/\/www.editorialconfluencias.com\/producto\/el-viaje-a-oxford-que-nunca-tuvo-lugar\/\"><strong>El viaje a Oxford que nunca tuvo lugar<\/strong><\/a>, un libro de conversaciones con Jos\u00e9 Jim\u00e9nez Lozano, mayormente en torno a la Biblia, la fe y la historia del cristianismo, que surgieron en el contexto de un viaje a Oxford planeado y nunca efectuado.<\/em><\/p>\n<p>Fotograf\u00eda de cabecera: Imagen de\u00a0<a href=\"https:\/\/pixabay.com\/es\/users\/remazteredstudio-1714780\/?utm_source=link-attribution&amp;utm_medium=referral&amp;utm_campaign=image&amp;utm_content=1312503\">Remaztered Studio<\/a>\u00a0en\u00a0<a href=\"https:\/\/pixabay.com\/es\/?utm_source=link-attribution&amp;utm_medium=referral&amp;utm_campaign=image&amp;utm_content=1312503\">Pixabay<\/a><\/p>\n","protected":false},"excerpt":{"rendered":"<p>Frutales cargados. Dorados trigales. Cristales ahumados. Quemados jarales\u2026 Umbr\u00eda sequ\u00eda solano. Paleta completa: verano. (Manuel Machado, \u2018Verano\u2019). Este peque\u00f1o \u2018soneto\u2019, compuesto solo de sustantivos y adjetivos, describe a la perfecci\u00f3n el verano en Espa\u00f1a, y parece unir los frutales de Andaluc\u00eda con los trigales de la meseta castellana. Las vacaciones de verano de mi propia infancia y adolescencia se pasaron [&hellip;]<\/p>\n","protected":false},"author":2,"featured_media":6662,"comment_status":"open","ping_status":"closed","sticky":false,"template":"","format":"standard","meta":{"footnotes":""},"categories":[39],"tags":[40],"class_list":["post-6661","post","type-post","status-publish","format-standard","has-post-thumbnail","hentry","category-stuart-park","tag-stuart-park"],"_links":{"self":[{"href":"https:\/\/tiberiades.org\/index.php?rest_route=\/wp\/v2\/posts\/6661","targetHints":{"allow":["GET"]}}],"collection":[{"href":"https:\/\/tiberiades.org\/index.php?rest_route=\/wp\/v2\/posts"}],"about":[{"href":"https:\/\/tiberiades.org\/index.php?rest_route=\/wp\/v2\/types\/post"}],"author":[{"embeddable":true,"href":"https:\/\/tiberiades.org\/index.php?rest_route=\/wp\/v2\/users\/2"}],"replies":[{"embeddable":true,"href":"https:\/\/tiberiades.org\/index.php?rest_route=%2Fwp%2Fv2%2Fcomments&post=6661"}],"version-history":[{"count":4,"href":"https:\/\/tiberiades.org\/index.php?rest_route=\/wp\/v2\/posts\/6661\/revisions"}],"predecessor-version":[{"id":6881,"href":"https:\/\/tiberiades.org\/index.php?rest_route=\/wp\/v2\/posts\/6661\/revisions\/6881"}],"wp:featuredmedia":[{"embeddable":true,"href":"https:\/\/tiberiades.org\/index.php?rest_route=\/wp\/v2\/media\/6662"}],"wp:attachment":[{"href":"https:\/\/tiberiades.org\/index.php?rest_route=%2Fwp%2Fv2%2Fmedia&parent=6661"}],"wp:term":[{"taxonomy":"category","embeddable":true,"href":"https:\/\/tiberiades.org\/index.php?rest_route=%2Fwp%2Fv2%2Fcategories&post=6661"},{"taxonomy":"post_tag","embeddable":true,"href":"https:\/\/tiberiades.org\/index.php?rest_route=%2Fwp%2Fv2%2Ftags&post=6661"}],"curies":[{"name":"wp","href":"https:\/\/api.w.org\/{rel}","templated":true}]}}