{"id":6795,"date":"2022-06-19T09:56:34","date_gmt":"2022-06-19T08:56:34","guid":{"rendered":"https:\/\/tiberiades.org\/?p=6795"},"modified":"2022-06-19T09:57:39","modified_gmt":"2022-06-19T08:57:39","slug":"alfredo-perez-alencart-y-jose-alfredo-perez-alencar-cuatro-poemas-para-recordar-a-alfredo-perez-troncoso","status":"publish","type":"post","link":"https:\/\/tiberiades.org\/?p=6795","title":{"rendered":"Alfredo P\u00e9rez Alencart y Jos\u00e9 Alfredo P\u00e9rez Alencar: Cuatro poemas para recordar a Alfredo P\u00e9rez Troncoso"},"content":{"rendered":"<p><em>Tiber\u00edades se complace en publicar estos poemas atendiendo que en Per\u00fa y en otros pa\u00edses de la Am\u00e9rica Hispana se celebra el D\u00eda del Padre. La traducci\u00f3n al portugu\u00e9s la hicieron los destacados poetas Albano Martins y Leoc\u00e1dia Regalo.<\/em><\/p>\n<h3 style=\"padding-left: 40px;\">UN ABRAZO M\u00c1S<\/h3>\n<p style=\"padding-left: 40px;\">Si tu padre te pide un abrazo m\u00e1s<br \/>\n&#8211;un \u00faltimo abrazo interminable&#8211;<br \/>\nacude deprisa donde \u00e9l espera<br \/>\nmientras siente flaquear su vida.<\/p>\n<p style=\"padding-left: 40px;\">Abrazo cual raz\u00f3n de ser del hijo<br \/>\nbuscando fusionarse con su ancestro;<br \/>\nabrazo que transmita gratitudes<br \/>\npor todo lo pasado y lo futuro.<\/p>\n<p style=\"padding-left: 40px;\">Y aunque la garganta se te anude<br \/>\ny los ojos se muestren inundados,<br \/>\nacude con el coraz\u00f3n consolado<br \/>\npor el inmenso amor que nunca falla.<\/p>\n<p style=\"padding-left: 40px;\">Todos tenemos un padre encarnado<br \/>\ncuyo mayor deseo es un abrazo m\u00e1s<br \/>\ncon el hijo que est\u00e1 por otras tierras.<\/p>\n<p style=\"padding-left: 40px;\">Un abrazo m\u00e1s y no tantas haza\u00f1as.<br \/>\nUn abrazo que guarde la memoria.<br \/>\nUn abrazo de hoy, pero indeleble.<\/p>\n<p style=\"padding-left: 40px;\">Padre e hijo, torre y fortaleza:<br \/>\nun abrazo m\u00e1s que ya les sobreviva<br \/>\nvolvi\u00e9ndolos uno solo en Dios.<\/p>\n<figure id=\"attachment_6786\" aria-describedby=\"caption-attachment-6786\" style=\"width: 839px\" class=\"wp-caption aligncenter\"><img loading=\"lazy\" decoding=\"async\" class=\"wp-image-6786 \" src=\"https:\/\/tiberiades.org\/wp-content\/uploads\/2022\/06\/2-Encuentro-de-padre-e-hijo-con-la-hermana-lagrimeando-foto-de-Jacqueline-Alencar.jpg\" alt=\"\" width=\"839\" height=\"623\" srcset=\"https:\/\/tiberiades.org\/wp-content\/uploads\/2022\/06\/2-Encuentro-de-padre-e-hijo-con-la-hermana-lagrimeando-foto-de-Jacqueline-Alencar.jpg 1024w, https:\/\/tiberiades.org\/wp-content\/uploads\/2022\/06\/2-Encuentro-de-padre-e-hijo-con-la-hermana-lagrimeando-foto-de-Jacqueline-Alencar-300x223.jpg 300w, https:\/\/tiberiades.org\/wp-content\/uploads\/2022\/06\/2-Encuentro-de-padre-e-hijo-con-la-hermana-lagrimeando-foto-de-Jacqueline-Alencar-768x570.jpg 768w\" sizes=\"auto, (max-width: 839px) 100vw, 839px\" \/><figcaption id=\"caption-attachment-6786\" class=\"wp-caption-text\">Encuentro de padre e hijo, con la hermana lagrimeando (foto de Jacqueline Alencar)<\/figcaption><\/figure>\n<h3 style=\"padding-left: 40px;\">MAIS UM ABRA\u00c7O<\/h3>\n<p style=\"padding-left: 40px;\">Se o teu pai te pedir mais um abra\u00e7o<br \/>\n&#8211; um \u00faltimo abra\u00e7o intermin\u00e1vel &#8211; ,<br \/>\nvai, corre depressa aonde ele espera<br \/>\nenquanto sente fraquejar a vida.<\/p>\n<p style=\"padding-left: 40px;\">Abra\u00e7o como raz\u00e3o de ser do filho<br \/>\nprocurando fundir-se com o seu progenitor;<br \/>\nabra\u00e7o que transmita gratid\u00e3o<br \/>\npor todo o passado e todo o futuro.<\/p>\n<p style=\"padding-left: 40px;\">E, embora a garganta se te embargue<br \/>\ne os olhos se mostrem alagados,<br \/>\nvai, corre para ele de cora\u00e7\u00e3o consolado<br \/>\npelo imenso amor que nunca falta.<\/p>\n<p style=\"padding-left: 40px;\">Todos temos um pai de carne e osso<br \/>\ncujo maior desejo \u00e9 abra\u00e7ar de novo<br \/>\no filho que vive em outras terras.<\/p>\n<p style=\"padding-left: 40px;\">Dar-lhe mais um abra\u00e7o e n\u00e3o grandes fa\u00e7anhas.<br \/>\nUm abra\u00e7o que preserve a mem\u00f3ria.<br \/>\nUm abra\u00e7o de hoje, mas indel\u00e9vel.<\/p>\n<p style=\"padding-left: 40px;\">Pai e filho, torre e fortaleza:<br \/>\nmais um abra\u00e7o que lhes sobreviva<br \/>\ntornando-os um s\u00f3 em Deus.<\/p>\n<p style=\"padding-left: 40px;\"><em>(Traducci\u00f3n de Albano Martins)<\/em><\/p>\n<figure id=\"attachment_6787\" aria-describedby=\"caption-attachment-6787\" style=\"width: 840px\" class=\"wp-caption aligncenter\"><img loading=\"lazy\" decoding=\"async\" class=\" wp-image-6787\" src=\"https:\/\/tiberiades.org\/wp-content\/uploads\/2022\/06\/3-Abrazo-de-padre-e-hijo-con-la-hermana-lagrimeando-foto-de-Jacqueline-Alencar.jpg\" alt=\"\" width=\"840\" height=\"627\" srcset=\"https:\/\/tiberiades.org\/wp-content\/uploads\/2022\/06\/3-Abrazo-de-padre-e-hijo-con-la-hermana-lagrimeando-foto-de-Jacqueline-Alencar.jpg 1024w, https:\/\/tiberiades.org\/wp-content\/uploads\/2022\/06\/3-Abrazo-de-padre-e-hijo-con-la-hermana-lagrimeando-foto-de-Jacqueline-Alencar-300x224.jpg 300w, https:\/\/tiberiades.org\/wp-content\/uploads\/2022\/06\/3-Abrazo-de-padre-e-hijo-con-la-hermana-lagrimeando-foto-de-Jacqueline-Alencar-768x573.jpg 768w\" sizes=\"auto, (max-width: 840px) 100vw, 840px\" \/><figcaption id=\"caption-attachment-6787\" class=\"wp-caption-text\">Abrazo de padre e hijo, con la hermana lagrimeando (foto de Jacqueline Alencar)<\/figcaption><\/figure>\n<h3 style=\"padding-left: 40px;\">LAS VOCES O\u00cdDAS<\/h3>\n<p style=\"padding-left: 40px;\">\u201cNo sabes cu\u00e1nto me ayuda o\u00edr tu voz\u201d,<br \/>\ndice el padre, lejos, muy lejos del hijo<br \/>\nque llama para estar en comuni\u00f3n<br \/>\nbajo sus conmovedoras existencias,<br \/>\nrozando el espacio del mundo, el aire<br \/>\nde las ondas que trasladan sus voces,<br \/>\nel minuto del intercambio de palabras.<\/p>\n<p style=\"padding-left: 40px;\">No puede ser indecible esta verdad<br \/>\nque oyen y sienten los dos, al tel\u00e9fono,<br \/>\nesperando el turno de sencillas frases<br \/>\nque evadan geograf\u00edas o transmitan<br \/>\nparcos testimonios de los dos confines,<br \/>\nfelices partituras del milagro de vivir,<br \/>\nesfuerzos van, intuiciones vienen\u2026<\/p>\n<p style=\"padding-left: 40px;\">Las voces se oyen en las entra\u00f1as,<br \/>\nen la m\u00e9dula \u00f3sea de cada cual, rastro<br \/>\no melod\u00eda familiar e intransferible<br \/>\nen la cavidad auditiva mientras habla<br \/>\nel padre y escucha el hijo que tapona<br \/>\nlos huecos inevitables de toda lejan\u00eda.<\/p>\n<p style=\"padding-left: 40px;\">\u201cNo sabes cu\u00e1nto me ayuda o\u00edr tu voz\u201d,<br \/>\nrepite el padre, y el hijo lo siente cerca<br \/>\ncuando va acabando, mientras promete:<br \/>\n\u201cCada semana te estar\u00e9 llamando\u201d.<\/p>\n<figure id=\"attachment_6788\" aria-describedby=\"caption-attachment-6788\" style=\"width: 838px\" class=\"wp-caption aligncenter\"><img loading=\"lazy\" decoding=\"async\" class=\" wp-image-6788\" src=\"https:\/\/tiberiades.org\/wp-content\/uploads\/2022\/06\/4-Familia-casi-en-pleno.jpg\" alt=\"\" width=\"838\" height=\"527\" srcset=\"https:\/\/tiberiades.org\/wp-content\/uploads\/2022\/06\/4-Familia-casi-en-pleno.jpg 825w, https:\/\/tiberiades.org\/wp-content\/uploads\/2022\/06\/4-Familia-casi-en-pleno-300x189.jpg 300w, https:\/\/tiberiades.org\/wp-content\/uploads\/2022\/06\/4-Familia-casi-en-pleno-768x483.jpg 768w\" sizes=\"auto, (max-width: 838px) 100vw, 838px\" \/><figcaption id=\"caption-attachment-6788\" class=\"wp-caption-text\">Familia casi en pleno<\/figcaption><\/figure>\n<h3 style=\"padding-left: 40px;\">AS VOZES OUVIDAS<\/h3>\n<p style=\"padding-left: 40px;\">\u201cN\u00e3o sabes como ouvir a tua voz me ajuda\u201d,<br \/>\ndiz o pai, l\u00e1 longe, muito longe do filho,<br \/>\nque telefona para estar em comunh\u00e3o<br \/>\nsob as suas comovedoras exist\u00eancias,<br \/>\nro\u00e7ando o espa\u00e7o do mundo, o ar<br \/>\ndas ondas que transmitem suas vozes,<br \/>\no minuto da troca de palavras.<\/p>\n<p style=\"padding-left: 40px;\">N\u00e3o pode ser indiz\u00edvel esta verdade<br \/>\nque ambos ouvem e sentem, ao telefone,<br \/>\nesperando a\u00a0 vez de simples frases<br \/>\nque iludam geografias ou transmitam<br \/>\nparcos testemunhos dos dois extremos,<br \/>\nfelizes partituras do milagre de existir,<br \/>\nesfor\u00e7os que v\u00e3o, intui\u00e7\u00f5es que v\u00eam\u2026<\/p>\n<p style=\"padding-left: 40px;\">Ouvem-se as vozes nas entranhas,<br \/>\nna medula \u00f3ssea de cada um, rasto<br \/>\nou melodia familiar e intransfer\u00edvel<br \/>\nna cavidade auditiva enquanto o pai<br \/>\nfala e o filho, que anula<br \/>\nos inevit\u00e1veis vazios da exist\u00eancia, escuta.<\/p>\n<p style=\"padding-left: 40px;\">\u201cN\u00e3o sabes como ouvir a tua voz me ajuda\u201d,<br \/>\nrepete o pai, e o filho sente-o pr\u00f3ximo<br \/>\nquando vai terminar, enquanto promete:<br \/>\n\u201cVou telefonar-te todas as semanas\u201d.<\/p>\n<p style=\"padding-left: 40px;\"><em>(Traducci\u00f3n de Albano Martins)<\/em><\/p>\n<figure id=\"attachment_6789\" aria-describedby=\"caption-attachment-6789\" style=\"width: 640px\" class=\"wp-caption aligncenter\"><img loading=\"lazy\" decoding=\"async\" class=\"size-large wp-image-6789\" src=\"https:\/\/tiberiades.org\/wp-content\/uploads\/2022\/06\/5-Los-tres-Alfredos-Puerto-Maldonado-2011-1024x541.jpg\" alt=\"\" width=\"640\" height=\"338\" srcset=\"https:\/\/tiberiades.org\/wp-content\/uploads\/2022\/06\/5-Los-tres-Alfredos-Puerto-Maldonado-2011-1024x541.jpg 1024w, https:\/\/tiberiades.org\/wp-content\/uploads\/2022\/06\/5-Los-tres-Alfredos-Puerto-Maldonado-2011-300x158.jpg 300w, https:\/\/tiberiades.org\/wp-content\/uploads\/2022\/06\/5-Los-tres-Alfredos-Puerto-Maldonado-2011-768x405.jpg 768w, https:\/\/tiberiades.org\/wp-content\/uploads\/2022\/06\/5-Los-tres-Alfredos-Puerto-Maldonado-2011-1536x811.jpg 1536w, https:\/\/tiberiades.org\/wp-content\/uploads\/2022\/06\/5-Los-tres-Alfredos-Puerto-Maldonado-2011-2048x1081.jpg 2048w\" sizes=\"auto, (max-width: 640px) 100vw, 640px\" \/><figcaption id=\"caption-attachment-6789\" class=\"wp-caption-text\">Los tres Alfredos (Puerto Maldonado 2011)<\/figcaption><\/figure>\n<h2><em>Poemas de Jos\u00e9 Alfredo P\u00e9rez Alencar<\/em><\/h2>\n<h3><\/h3>\n<h3 style=\"padding-left: 40px;\">AQUELLA VENTANA EN LA QUE SOMOS UNO<br \/>\n<em>(Con el abuelo)<\/em><\/h3>\n<p style=\"padding-left: 40px;\">Tu mirada la sent\u00eda, vibraba en m\u00ed,<br \/>\nenardecida por el invierno,<br \/>\nabriendo un abanico de posibilidades<br \/>\nrehechas en el ocaso de las horas inexactas.<\/p>\n<p style=\"padding-left: 40px;\">Tu mirada la palp\u00e9 en el subconsciente,<br \/>\ncomo si descubriera el virginal aroma<br \/>\ndel amor adolescente.<br \/>\nEs algo fulgurante que s\u00f3lo yo siento.<\/p>\n<p style=\"padding-left: 40px;\">Por eso recojo los papeles, Alfredo Troncoso,<br \/>\nesos papeles en los que pretendo hallar el paroxismo<br \/>\nde esta sobrevenida nostalgia.<\/p>\n<p style=\"padding-left: 40px;\">En tu ausencia me escudo en elucubraciones<br \/>\ny soy part\u00edcipe de tu incandescente deseo,<br \/>\nque resuena en m\u00ed como una atemporalidad<br \/>\nde la que no puedo ni deseo escapar.<\/p>\n<p style=\"padding-left: 40px;\">En la surgida lejan\u00eda te observ\u00e9, lo recuerdo,<br \/>\nmientras tu silueta se dilu\u00eda<br \/>\nen la distancia insalvable de un oc\u00e9ano<br \/>\ny durante el interludio que nunca acordamos.<\/p>\n<p style=\"padding-left: 40px;\">Nos despedimos sin un reconfortante abrazo.<br \/>\ncada uno a su manera,<br \/>\ncada uno en su momento.<br \/>\nEra m\u00e1s f\u00e1cil as\u00ed.<\/p>\n<p style=\"padding-left: 40px;\">No nos agarramos la mano<br \/>\nporque lo perpetuo no se alimenta de rituales.<\/p>\n<p style=\"padding-left: 40px;\">El vaticinio,<br \/>\nque con una simple mirada me dabas,<br \/>\nno fue instant\u00e1neo.<br \/>\nMe diste regocijo en el silencio.<\/p>\n<p style=\"padding-left: 40px;\">Hago una catarsis de los momentos que nos faltaron.<br \/>\nEn esas ocasiones escrib\u00eda a las telara\u00f1as,<br \/>\naquellas que recogen el polvo<br \/>\nde mis pensamientos pasajeros:<br \/>\nt\u00fa estabas arraigado en mi esencia.<\/p>\n<p style=\"padding-left: 40px;\">Nunca desde\u00f1\u00e9 el aliciente de una mente apresurada,<br \/>\npues es testigo del despertar tard\u00edo<br \/>\nen un paraje hastiado por las cicatrices,<br \/>\ndonde todo se presenta como nuevo.<\/p>\n<p style=\"padding-left: 40px;\">Olvid\u00e9 el sosiego de una ense\u00f1anza<br \/>\nque forjaste con la resonancia de tus pasos.<br \/>\nMientras, yo embelesaba a mi juventud,<br \/>\naquella que me otorgaste,<br \/>\ncon los espasmos de la inconsciencia.<\/p>\n<p style=\"padding-left: 40px;\">D\u00e9jame decirte que acaricio aquellos momentos<br \/>\ncomo si fueran mariposas.<br \/>\nEscapo de las desavenencias,<br \/>\npues s\u00f3lo son pasado.<\/p>\n<p style=\"padding-left: 40px;\">Te hago part\u00edcipe del todo<br \/>\ncuando ya eres un recuerdo insoslayable,<br \/>\npero te siento presente, abuelo.<\/p>\n<p style=\"padding-left: 40px;\">Vives y mueres en m\u00ed,<br \/>\nsomos el \u00e9xtasis del sentimiento.<br \/>\nYa no est\u00e1s, me repito a\u00f1os despu\u00e9s,<br \/>\npero yo, tendido en el alf\u00e9izar de lo inmaterial,<br \/>\nresurjo en tus ideas.<br \/>\nYa nunca m\u00e1s te llamar\u00e9 por tu nombre,<br \/>\nabuelo.<\/p>\n<p style=\"padding-left: 40px;\">Ahora los halagos an\u00f3nimos se topan con mi puerta<br \/>\ny s\u00f3lo dejo entrar a la asonancia.<\/p>\n<p style=\"padding-left: 40px;\">Mientras, t\u00fa respiras conmigo<br \/>\nen aquella ventana en la que somos uno.<\/p>\n<figure id=\"attachment_6790\" aria-describedby=\"caption-attachment-6790\" style=\"width: 638px\" class=\"wp-caption aligncenter\"><img loading=\"lazy\" decoding=\"async\" class=\" wp-image-6790\" src=\"https:\/\/tiberiades.org\/wp-content\/uploads\/2022\/06\/6-Abuelo-y-nieto-foto-de-Jacqueline-Alencar.jpg\" alt=\"\" width=\"638\" height=\"837\" srcset=\"https:\/\/tiberiades.org\/wp-content\/uploads\/2022\/06\/6-Abuelo-y-nieto-foto-de-Jacqueline-Alencar.jpg 768w, https:\/\/tiberiades.org\/wp-content\/uploads\/2022\/06\/6-Abuelo-y-nieto-foto-de-Jacqueline-Alencar-229x300.jpg 229w\" sizes=\"auto, (max-width: 638px) 100vw, 638px\" \/><figcaption id=\"caption-attachment-6790\" class=\"wp-caption-text\">Abuelo y nieto (foto de Jacqueline Alencar)<\/figcaption><\/figure>\n<h3 style=\"padding-left: 40px;\">AQUELA JANELA EM QUE SOMOS UM<br \/>\n<em>(Com o av\u00f4)<\/em><\/h3>\n<p style=\"padding-left: 40px;\">Sentia o teu olhar, que vibrava em mim,<br \/>\nincitado pelo inverno,<br \/>\nabrindo um leque de possibilidades<br \/>\nrefeitas no outono das horas pouco exactas.<\/p>\n<p style=\"padding-left: 40px;\">Apreendi o teu olhar com o subconsciente,<br \/>\ncomo se descobrisse o virginal aroma<br \/>\ndo amor adolescente.<br \/>\n\u00c9 algo fulgurante que s\u00f3 eu sinto.<\/p>\n<p style=\"padding-left: 40px;\">Por isso re\u00fano os pap\u00e9is, Alfredo Troncoso,<br \/>\nestes pap\u00e9is onde vou encontrar o paroxismo<br \/>\ndesta repentina nostalgia.<\/p>\n<p style=\"padding-left: 40px;\">Na tua aus\u00eancia escudo-me em elucubra\u00e7\u00f5es<br \/>\ne participo do teu incandescente desejo,<br \/>\nque ressoa em mim como uma atemporalidade<br \/>\na que n\u00e3o posso nem quero escapar.<\/p>\n<p style=\"padding-left: 40px;\">Observava-te na lonjura, lembro-me,<br \/>\nenquanto a tua silhueta se esbatia<br \/>\nna dist\u00e2ncia irremedi\u00e1vel de um oceano<br \/>\ne durante o interl\u00fadio que nunca acord\u00e1mos.<\/p>\n<p style=\"padding-left: 40px;\">Despedimo-nos sem um abra\u00e7o de conforto,<br \/>\ncada um \u00e0 sua maneira,<br \/>\ncada um no seu momento.<br \/>\nEra mais f\u00e1cil assim.<\/p>\n<p style=\"padding-left: 40px;\">N\u00e3o demos um aperto de m\u00e3o,<br \/>\npois a perenidade n\u00e3o se alimenta com rituais.<\/p>\n<p style=\"padding-left: 40px;\">O vatic\u00ednio,<br \/>\nque me fazias com um simples olhar,<br \/>\nn\u00e3o foi instant\u00e2neo.<br \/>\nAgradou-me o teu sil\u00eancio.<br \/>\nFa\u00e7o a catarse dos momentos que nos faltaram.<\/p>\n<p style=\"padding-left: 40px;\">Nessas ocasi\u00f5es escrevia \u00e0s teias de aranha,<br \/>\nque recolhem o p\u00f3<br \/>\ndos meus pensamentos passageiros:<br \/>\ntu estavas enraizado na minha ess\u00eancia.<\/p>\n<p style=\"padding-left: 40px;\">Sempre dei valor ao influxo de uma mente apressada,<br \/>\npois \u00e9 reflexo do despertar tardio<br \/>\nnuma paragem farta de cicatrizes,<br \/>\nonde tudo se apresenta como novo.<\/p>\n<p style=\"padding-left: 40px;\">Esqueci a calma do ensinamento<br \/>\nque forjaste com a resson\u00e2ncia dos teus passos.<br \/>\nEntretanto, eu gozava a minha juventude,<br \/>\na que me outorgaste,<br \/>\ncom os espasmos da insconsci\u00eancia.<\/p>\n<p style=\"padding-left: 40px;\">Deixa-me dizer-te que acaricio aqueles momentos<br \/>\ncomo se fossem mariposas.<br \/>\nFujo das desaven\u00e7as<br \/>\npois ficaram no passado.<\/p>\n<p style=\"padding-left: 40px;\">Fa\u00e7o-te participar em tudo<br \/>\nquando j\u00e1 \u00e9s uma lembran\u00e7a insuspeita,<br \/>\nmas sinto a tua presen\u00e7a, av\u00f4.<br \/>\nVives e morres em mim,<br \/>\nsomos o \u00eaxtase do sentimento.<\/p>\n<p style=\"padding-left: 40px;\">J\u00e1 c\u00e1 n\u00e3o est\u00e1s, repito a mim mesmo anos depois,<br \/>\nmas eu, estendido no parapeito do imaterial,<br \/>\nressurjo nas tuas ideias.<br \/>\nJ\u00e1 nunca mais te chamarei pelo teu nome,<br \/>\nav\u00f4.<\/p>\n<p style=\"padding-left: 40px;\">Agora os enc\u00f3mios an\u00f3nimos encontram a minha porta<br \/>\ne s\u00f3 deixo entrar a asson\u00e2ncia.<\/p>\n<p style=\"padding-left: 40px;\">Entretanto, tu respiras comigo<br \/>\nnaquela janela em que somos um.<\/p>\n<p style=\"padding-left: 40px;\"><em>(Traducci\u00f3n de Leoc\u00e1dia Regalo)<\/em><\/p>\n<figure id=\"attachment_6791\" aria-describedby=\"caption-attachment-6791\" style=\"width: 640px\" class=\"wp-caption aligncenter\"><img loading=\"lazy\" decoding=\"async\" class=\"size-large wp-image-6791\" src=\"https:\/\/tiberiades.org\/wp-content\/uploads\/2022\/06\/7-Retrato-de-Alfredo-Perez-Troncoso-de-Miguel-Elias-800x1024.jpg\" alt=\"\" width=\"640\" height=\"819\" srcset=\"https:\/\/tiberiades.org\/wp-content\/uploads\/2022\/06\/7-Retrato-de-Alfredo-Perez-Troncoso-de-Miguel-Elias-800x1024.jpg 800w, https:\/\/tiberiades.org\/wp-content\/uploads\/2022\/06\/7-Retrato-de-Alfredo-Perez-Troncoso-de-Miguel-Elias-234x300.jpg 234w, https:\/\/tiberiades.org\/wp-content\/uploads\/2022\/06\/7-Retrato-de-Alfredo-Perez-Troncoso-de-Miguel-Elias-768x983.jpg 768w, https:\/\/tiberiades.org\/wp-content\/uploads\/2022\/06\/7-Retrato-de-Alfredo-Perez-Troncoso-de-Miguel-Elias-1200x1536.jpg 1200w, https:\/\/tiberiades.org\/wp-content\/uploads\/2022\/06\/7-Retrato-de-Alfredo-Perez-Troncoso-de-Miguel-Elias-1600x2048.jpg 1600w, https:\/\/tiberiades.org\/wp-content\/uploads\/2022\/06\/7-Retrato-de-Alfredo-Perez-Troncoso-de-Miguel-Elias-scaled.jpg 2000w\" sizes=\"auto, (max-width: 640px) 100vw, 640px\" \/><figcaption id=\"caption-attachment-6791\" class=\"wp-caption-text\">Retrato de Alfredo P\u00e9rez Troncoso, de Miguel El\u00edas<\/figcaption><\/figure>\n<h3 style=\"padding-left: 40px;\">EL ABUELO<\/h3>\n<p style=\"padding-left: 40px;\">Tu mirada me recuerda mi existir.<\/p>\n<p style=\"padding-left: 40px;\">Nombro tu presencia como asombro<br \/>\ny, tras buscar tu admiraci\u00f3n,<br \/>\nafianzo nuestro nexo.<\/p>\n<p style=\"padding-left: 40px;\">Rompemos el tiempo,<br \/>\nmientras conviertes nuestro pasado<br \/>\nen una constante infinita.<\/p>\n<p style=\"padding-left: 40px;\">As\u00ed olvido el abrazo que nos falt\u00f3.<\/p>\n<p style=\"padding-left: 40px;\">Crezco junto a tu semilla,<br \/>\nmientras las l\u00e1grimas recorren mi cara,<br \/>\ndeseando que desaparezca un despu\u00e9s<br \/>\no acariciando nuestros recuerdos.<\/p>\n<p style=\"padding-left: 40px;\">Acuso tu ausencia, veo tu rostro,<br \/>\nsiento tus deseos y juntos recorremos<br \/>\ntantos silencios.<\/p>\n<p style=\"padding-left: 40px;\">As\u00ed evito el fuego de tu palabra<br \/>\nsellando la rebeld\u00eda de mi ser.<\/p>\n<p style=\"padding-left: 40px;\">En un p\u00e1ramo de sentimientos,<br \/>\nt\u00fa y yo nos reencontramos.<\/p>\n<figure id=\"attachment_6792\" aria-describedby=\"caption-attachment-6792\" style=\"width: 643px\" class=\"wp-caption aligncenter\"><img loading=\"lazy\" decoding=\"async\" class=\"size-full wp-image-6792\" src=\"https:\/\/tiberiades.org\/wp-content\/uploads\/2022\/06\/8-Abuelo-y-nieto-foto-de-Jacqueline-Alencar.jpg\" alt=\"\" width=\"643\" height=\"471\" srcset=\"https:\/\/tiberiades.org\/wp-content\/uploads\/2022\/06\/8-Abuelo-y-nieto-foto-de-Jacqueline-Alencar.jpg 643w, https:\/\/tiberiades.org\/wp-content\/uploads\/2022\/06\/8-Abuelo-y-nieto-foto-de-Jacqueline-Alencar-300x220.jpg 300w\" sizes=\"auto, (max-width: 643px) 100vw, 643px\" \/><figcaption id=\"caption-attachment-6792\" class=\"wp-caption-text\">Abuelo y nieto (foto de Jacqueline Alencar)<\/figcaption><\/figure>\n<h3 style=\"padding-left: 40px;\">O AV\u00d4<\/h3>\n<p style=\"padding-left: 40px;\">O teu olhar lembra-me o meu viver.<\/p>\n<p style=\"padding-left: 40px;\">Nomeio a tua presen\u00e7a com espanto<br \/>\ne, para al\u00e9m de buscar a tua admira\u00e7\u00e3o,<br \/>\ngaranto a nossa liga\u00e7\u00e3o.<\/p>\n<p style=\"padding-left: 40px;\">Atravessamos o tempo,<br \/>\nenquanto convertes o nosso passado<br \/>\nnuma constante infinita.<\/p>\n<p style=\"padding-left: 40px;\">Assim esque\u00e7o o abra\u00e7o que nos faltou.<\/p>\n<p style=\"padding-left: 40px;\">Cres\u00e7o junto \u00e0 tua semente,<br \/>\nenquanto as l\u00e1grimas me sulcam a cara,<br \/>\ndesejando que desapare\u00e7a o depois<br \/>\nou acariciando as nossas lembran\u00e7as.<\/p>\n<p style=\"padding-left: 40px;\">Sofro a tua aus\u00eancia, vejo o teu rosto,<br \/>\nsinto\u00a0 os teus desejos e juntos guardamos<br \/>\ntantos sil\u00eancios.<\/p>\n<p style=\"padding-left: 40px;\">Assim evito o fogo da tua palavra<br \/>\na selar a rebeldia do meu ser.<\/p>\n<p style=\"padding-left: 40px;\">Num planalto de sentimentos,<br \/>\nreencontramo-nos, tu e eu.<\/p>\n<p style=\"padding-left: 40px;\"><em>(Traducci\u00f3n de Leoc\u00e1dia Regalo)<\/em><\/p>\n<figure id=\"attachment_6793\" aria-describedby=\"caption-attachment-6793\" style=\"width: 594px\" class=\"wp-caption aligncenter\"><img loading=\"lazy\" decoding=\"async\" class=\" wp-image-6793\" src=\"https:\/\/tiberiades.org\/wp-content\/uploads\/2022\/06\/9-Portada-del-libro-de-Jose-Alfredo-Perez-Alencart-donde-se-acaban-de-publicar-los-dos-poemas-dedicados-a-su-abuelo.png\" alt=\"\" width=\"594\" height=\"840\" srcset=\"https:\/\/tiberiades.org\/wp-content\/uploads\/2022\/06\/9-Portada-del-libro-de-Jose-Alfredo-Perez-Alencart-donde-se-acaban-de-publicar-los-dos-poemas-dedicados-a-su-abuelo.png 603w, https:\/\/tiberiades.org\/wp-content\/uploads\/2022\/06\/9-Portada-del-libro-de-Jose-Alfredo-Perez-Alencart-donde-se-acaban-de-publicar-los-dos-poemas-dedicados-a-su-abuelo-212x300.png 212w\" sizes=\"auto, (max-width: 594px) 100vw, 594px\" \/><figcaption id=\"caption-attachment-6793\" class=\"wp-caption-text\">Portada del libro de Jos\u00e9 Alfredo P\u00e9rez Alencart, donde se acaban de publicar los dos poemas dedicados a su abuelo<\/figcaption><\/figure>\n<p>Imagen de cabecera: Los tres Alfredos (Puerto Maldonado 2014)<\/p>\n","protected":false},"excerpt":{"rendered":"<p>Tiber\u00edades se complace en publicar estos poemas atendiendo que en Per\u00fa y en otros pa\u00edses de la Am\u00e9rica Hispana se celebra el D\u00eda del Padre. La traducci\u00f3n al portugu\u00e9s la hicieron los destacados poetas Albano Martins y Leoc\u00e1dia Regalo. UN ABRAZO M\u00c1S Si tu padre te pide un abrazo m\u00e1s &#8211;un \u00faltimo abrazo interminable&#8211; acude deprisa donde \u00e9l espera mientras [&hellip;]<\/p>\n","protected":false},"author":2,"featured_media":6785,"comment_status":"open","ping_status":"closed","sticky":false,"template":"","format":"standard","meta":{"footnotes":""},"categories":[175,189,19],"tags":[432,609,148,312,133,389],"class_list":["post-6795","post","type-post","status-publish","format-standard","has-post-thumbnail","hentry","category-alfredo-p-alencart","category-jose-a-perez-alencar","category-poemas-de","tag-a-p-alencart","tag-albano-martins","tag-alfredo-perez-alencart","tag-jose-alfredo-alencar","tag-jose-alfredo-perez-alencar","tag-leocadia-regalo"],"_links":{"self":[{"href":"https:\/\/tiberiades.org\/index.php?rest_route=\/wp\/v2\/posts\/6795","targetHints":{"allow":["GET"]}}],"collection":[{"href":"https:\/\/tiberiades.org\/index.php?rest_route=\/wp\/v2\/posts"}],"about":[{"href":"https:\/\/tiberiades.org\/index.php?rest_route=\/wp\/v2\/types\/post"}],"author":[{"embeddable":true,"href":"https:\/\/tiberiades.org\/index.php?rest_route=\/wp\/v2\/users\/2"}],"replies":[{"embeddable":true,"href":"https:\/\/tiberiades.org\/index.php?rest_route=%2Fwp%2Fv2%2Fcomments&post=6795"}],"version-history":[{"count":3,"href":"https:\/\/tiberiades.org\/index.php?rest_route=\/wp\/v2\/posts\/6795\/revisions"}],"predecessor-version":[{"id":6798,"href":"https:\/\/tiberiades.org\/index.php?rest_route=\/wp\/v2\/posts\/6795\/revisions\/6798"}],"wp:featuredmedia":[{"embeddable":true,"href":"https:\/\/tiberiades.org\/index.php?rest_route=\/wp\/v2\/media\/6785"}],"wp:attachment":[{"href":"https:\/\/tiberiades.org\/index.php?rest_route=%2Fwp%2Fv2%2Fmedia&parent=6795"}],"wp:term":[{"taxonomy":"category","embeddable":true,"href":"https:\/\/tiberiades.org\/index.php?rest_route=%2Fwp%2Fv2%2Fcategories&post=6795"},{"taxonomy":"post_tag","embeddable":true,"href":"https:\/\/tiberiades.org\/index.php?rest_route=%2Fwp%2Fv2%2Ftags&post=6795"}],"curies":[{"name":"wp","href":"https:\/\/api.w.org\/{rel}","templated":true}]}}