{"id":6896,"date":"2022-09-05T06:51:51","date_gmt":"2022-09-05T05:51:51","guid":{"rendered":"https:\/\/tiberiades.org\/?p=6896"},"modified":"2022-09-08T09:35:48","modified_gmt":"2022-09-08T08:35:48","slug":"salmo-139-interpretacion-de-david-cortes-caban","status":"publish","type":"post","link":"https:\/\/tiberiades.org\/?p=6896","title":{"rendered":"Salmo 139"},"content":{"rendered":"<h2>El Salmo 139<\/h2>\n<h3>Omnipresencia y omnisciencia de Dios<\/h3>\n<h3>(<em>Al m\u00fasico principal. Salmo de David<\/em>)<\/h3>\n<h4>Interpretaci\u00f3n: David Cort\u00e9s Cab\u00e1n<\/h4>\n<p style=\"text-align: left; padding-left: 80px;\"><em>Oh Jehov\u00e1, t\u00fa me has<\/em><br \/>\n<em>examinado y conocido. <\/em><br \/>\n<em><strong>2<\/strong>\u00a0 T\u00fa has conocido mi sentarme<\/em><br \/>\n<em>y mi levantarme;<\/em><br \/>\n<em>Has entendido desde lejos<\/em><br \/>\n<em>mis pensamientos.<\/em><br \/>\n<em><strong>3<\/strong>\u00a0 Has escudri\u00f1ado mi andar <\/em><br \/>\n<em>y mi reposo,<\/em><br \/>\n<em>Y todos mis caminos <\/em><br \/>\n<em>te son conocidos.<\/em><br \/>\n<em><strong>4 <\/strong>\u00a0Pues a\u00fan no est\u00e1 la palabra<\/em><br \/>\n<em>en mi lengua,<\/em><br \/>\n<em>Y he aqu\u00ed, oh Jehov\u00e1,<\/em><br \/>\n<em>t\u00fa la sabes toda.<\/em><br \/>\n<em><strong>5<\/strong>\u00a0 Detr\u00e1s y delante me rodeaste,<\/em><br \/>\n<em>Y sobre m\u00ed pusiste tu mano.<\/em><br \/>\n<em><strong>6<\/strong>\u00a0 Tal conocimiento es demasiado<\/em><br \/>\n<em>maravilloso para m\u00ed;<\/em><br \/>\n<em>Alto es, no lo puedo <\/em><br \/>\n<em>comprender.<\/em><\/p>\n<p style=\"text-align: left; padding-left: 80px;\"><em><strong>7<\/strong>\u00a0 \u00bfA d\u00f3nde me ir\u00e9 de tu Esp\u00edritu?<\/em><br \/>\n<em>\u00bfY a d\u00f3nde huir\u00e9 <\/em><br \/>\n<em>de tu presencia?<\/em><br \/>\n<em><strong>8<\/strong>\u00a0 Si subiere a los cielos,<\/em><br \/>\n<em>all\u00ed est\u00e1s t\u00fa;<\/em><br \/>\n<em>Y si en el Seol hiciere<\/em><br \/>\n<em>\u00a0mi estrado, he aqu\u00ed, all\u00ed t\u00fa est\u00e1s.<\/em><br \/>\n<em><strong>9 <\/strong>\u00a0Si tomare las alas del alba<\/em><br \/>\n<em>Y habitare en el extremo <\/em><br \/>\n<em>del mar,<\/em><br \/>\n<em><strong>10<\/strong>\u00a0 A\u00fan all\u00ed me guiar\u00e1 tu mano,<\/em><br \/>\n<em>Y me asir\u00e1 tu diestra.<\/em><br \/>\n<em><strong>11<\/strong>\u00a0 Si dijere: Ciertamente <\/em><br \/>\n<em>las tinieblas me encubrir\u00e1n;<\/em><br \/>\n<em>Aun la noche resplandecer\u00e1<\/em><br \/>\n<em>alrededor de m\u00ed.<\/em><br \/>\n<em><strong>12<\/strong>\u00a0 Aun las tinieblas<\/em><br \/>\n<em>no encubren de ti,<\/em><br \/>\n<em>Y la noche resplandece<\/em><br \/>\n<em>como el d\u00eda;<\/em><br \/>\n<em>Lo mismo te son<\/em><br \/>\n<em>\u00a0\u00a0\u00a0\u00a0\u00a0\u00a0\u00a0\u00a0\u00a0\u00a0\u00a0 las tinieblas que la luz.<\/em><br \/>\n<em><strong>13<\/strong>\u00a0 Porque t\u00fa formaste<\/em><br \/>\n<em>mis entra\u00f1as;<\/em><br \/>\n<em>T\u00fa me hiciste en el vientre<\/em><br \/>\n<em>de mi madre.<\/em><br \/>\n<em><strong>14<\/strong>\u00a0 Te alabar\u00e9; porque formidables,<\/em><br \/>\n<em>maravillosas son tus obras;<\/em><br \/>\n<em>Estoy maravillado,<\/em><br \/>\n<em>Y mi alma lo sabe muy bien.<\/em><br \/>\n<em><strong>15<\/strong>\u00a0 No fue encubierto <\/em><br \/>\n<em>de ti mi cuerpo,<\/em><br \/>\n<em>Bien que en oculto fui formado,<\/em><br \/>\n<em>Y entretejido en lo m\u00e1s<\/em><br \/>\n<em>profundo de la tierra.<\/em><br \/>\n<em><strong>16\u00a0 <\/strong>Mi embri\u00f3n vieron tus ojos,<\/em><br \/>\n<em>Y en tu libro estaban escritas<\/em><br \/>\n<em>todas aquellas cosas<\/em><br \/>\n<em>Que fueron luego formadas,<\/em><br \/>\n<em>Sin faltar una de ellas.<\/em><br \/>\n<em><strong>17\u00a0 <\/strong>\u00a1Cu\u00e1n preciosos me son,<\/em><br \/>\n<em>oh Dios, tus pensamientos!<\/em><br \/>\n<em>\u00a1Cu\u00e1n grande es la suma de ellos!<\/em><br \/>\n<em><strong>18\u00a0 <\/strong>Si los enumero, se multiplican <\/em><br \/>\n<em>m\u00e1s que la arena;<\/em><br \/>\n<em>Despierto, y a\u00fan estoy contigo.<\/em><\/p>\n<p style=\"text-align: left; padding-left: 80px;\"><em><strong>19\u00a0 <\/strong>De cierto, oh Dios,<\/em><br \/>\n<em>\u00a0\u00a0\u00a0\u00a0\u00a0 har\u00e1s morir al imp\u00edo;<\/em><br \/>\n<em>Apartaos, pues, de m\u00ed,<\/em><br \/>\n<em>hombres sanguinarios.<\/em><br \/>\n<em><strong>20\u00a0 <\/strong>Porque blasfemias<\/em><br \/>\n<em>\u00a0\u00a0\u00a0\u00a0\u00a0\u00a0\u00a0\u00a0\u00a0\u00a0 dicen ellos contra ti;<\/em><br \/>\n<em>Tus enemigos toman<\/em><br \/>\n<em>\u00a0 en vano tu nombre.<\/em><br \/>\n<em><strong>21\u00a0 <\/strong>\u00bfNo odio, oh Jehov\u00e1,<\/em><br \/>\n<em>a los que te aborrecen,<\/em><br \/>\n<em>Y me enardezco <\/em><br \/>\n<em>contra tus enemigos?<\/em><br \/>\n<em><strong>22<\/strong>\u00a0 Los aborrezco por completo;<\/em><br \/>\n<em>Los tengo por enemigos.<\/em><br \/>\n<em><strong>23\u00a0 <\/strong>Exam\u00edname, oh Dios,<\/em><br \/>\n<em>\u00a0\u00a0\u00a0\u00a0\u00a0\u00a0\u00a0\u00a0 y conoce mi coraz\u00f3n;<\/em><br \/>\n<em>Pru\u00e9bame y conoce<\/em><br \/>\n<em>\u00a0mis pensamientos;<\/em><br \/>\n<em><strong>24\u00a0 <\/strong>Y ve si hay en m\u00ed camino<\/em><br \/>\n<em>de perversidad,<\/em><br \/>\n<em>\u00a0\u00a0\u00a0\u00a0\u00a0\u00a0\u00a0\u00a0\u00a0\u00a0\u00a0\u00a0 Y gu\u00edame en el camino eterno. [<a href=\"#_ftn1\" name=\"_ftnref1\"><sup>[1]<\/sup><\/a>]<\/em><\/p>\n<h5><strong>BOSQUEJO:<\/strong><\/h5>\n<p>I. El conocimiento como indagaci\u00f3n y reflexi\u00f3n moral.<\/p>\n<p style=\"padding-left: 40px;\">A. Terminolog\u00eda y reconocimiento espiritual:<\/p>\n<p style=\"padding-left: 80px;\">a. Examinar y entender<br \/>\nb. Escudri\u00f1ar y comprender<br \/>\nc. La insensatez de ocultarse de Dios.<br \/>\nd. La intensi\u00f3n fallida de huir<\/p>\n<p>II. El concepto de altura y profundidad<br \/>\nIII. El concepto de tiniebla y luz<br \/>\nIV. El cuerpo como santuario y expresi\u00f3n de alabanza:<\/p>\n<p style=\"padding-left: 40px;\">1. Madre<br \/>\n2. Vientre<br \/>\n3. Embri\u00f3n<br \/>\n4. Entra\u00f1as<br \/>\n5. Ojos<\/p>\n<p>V. Pensamientos inescrutables de Dios<\/p>\n<p style=\"padding-left: 40px;\">A . Maravillas de la creaci\u00f3n<\/p>\n<p style=\"padding-left: 80px;\">a . Presencia perpetua<br \/>\nb . Admiraci\u00f3n<br \/>\nc . Los imp\u00edos<br \/>\nd. La blasfemia<br \/>\ne . Los enemigos<\/p>\n<p>Vl. Examen:<\/p>\n<p style=\"padding-left: 40px;\">1. El coraz\u00f3n como centro de todo<br \/>\n2. Mis pensamientos<br \/>\n3. La gu\u00eda en el camino<\/p>\n<p>M\u00e1s all\u00e1 de toda comprensi\u00f3n humana \u00bfqu\u00e9 esperamos encontrar cuando leemos un salmo?, \u00bfqu\u00e9 inter\u00e9s nos gu\u00eda y qu\u00e9 ense\u00f1anza deseamos recoger de la lectura? Como es sabido por aquellos que estudian la Biblia, los salmos se clasifican seg\u00fan sus temas [<a href=\"#_ftn2\" name=\"_ftnref2\"><sup>[2]<\/sup><\/a>]. No es lo mismo un salmo que trata, por ejemplo, de la seguridad y confianza en Jehov\u00e1 (Sal. 23) como uno que presenta la majestad de Dios y la grandeza de su creaci\u00f3n (Sal. 19). Por eso, la diversidad de sus motivos y contextos nos permiten \u00ab\u2026encontrar todos los estados emocionales del hombre en los salmos, (pero) Dios sigue siendo el centro\u00bb [<a href=\"#_ftn3\" name=\"_ftnref3\"><sup>[3]<\/sup><\/a> ]. En la m\u00e1s clara expresi\u00f3n de la palabra, un salmo es un poema, un himno con las caracter\u00edsticas y tonalidades que le imprimi\u00f3 el salmista inspirado por el Esp\u00edritu. Lo que siente el salmista, y lo que existe en \u00e9l como revelaci\u00f3n contenida, se hace eco en las palabras para establecer una comunicaci\u00f3n directa con el Creador. De este modo, los salmos trascienden su contexto cultural e hist\u00f3rico. Se convierten en la expresi\u00f3n atemporal de un lenguaje que comunica un mensaje esperanzador, en ellos la verdad divina permanece intacta a trav\u00e9s del tiempo:<\/p>\n<p style=\"padding-left: 40px;\">\u2026fueron preservados para guiar al pueblo de Dios en \u00e9pocas posteriores en cuanto a la forma de acercarse a \u00c9l (\u2026). Por lo tanto, hay c\u00e1nticos de j\u00fabilo y alabanza de exaltaci\u00f3n, c\u00e1nticos de respeto a la Palabra de Dios, c\u00e1nticos de confianza cuando el mal prevalece, c\u00e1nticos de confesi\u00f3n y otras expresiones de verdadera religi\u00f3n. Aunque los salmos contienen doctrina, profec\u00eda y ense\u00f1anza, su prop\u00f3sito principal era ser cantados a Dios como expresiones de deleite en \u00c9l. [ <a href=\"#_ftn4\" name=\"_ftnref4\"><sup>[4]<\/sup><\/a>].<\/p>\n<p>En este contexto el salmo 139 presenta una inquietud que nace del salmista para revelar su realidad humana [<a href=\"#_ftn5\" name=\"_ftnref5\"><sup>[5]<\/sup><\/a>], y buscar en su interioridad el conocimiento trascendental de su yo. En otras palabras, una espiritualidad que no puede sostenerse sobre las cosas que lo rodean, sino en el centro del<em> conocimiento <\/em>de Dios como la verdadera fuente de vida. Por eso, al contemplarse a s\u00ed mismo, el salmista revelar\u00e1 su condici\u00f3n al dirigirse a Dios. Comprende que su existencia temporal est\u00e1 hecha de instantes fugaces, es decir, de un <em>vivir <\/em>que se desvanece en el tiempo como la luz del crep\u00fasculo sobre el horizonte [<a href=\"#_ftn6\" name=\"_ftnref6\"><sup>[6]<\/sup><\/a>]. De ah\u00ed que en la hondura de su coraz\u00f3n pueda exclamar como Job: \u00abYo conozco que todo lo puedes, \/ Y que no hay pensamiento \/ que se esconda de ti\u00bb. (Job 42: 2).<br \/>\nDe entrada, desde el primer verso, dice lo que piensa y siente: \u00abOh Jehov\u00e1, t\u00fa me has examinado y conocido\u2026\u00bb Este <em>examinar<\/em> y <em>conocer<\/em> son formas de una acci\u00f3n verbal que se intercala paralelamente para reflejar su intimidad [<a href=\"#_ftn7\" name=\"_ftnref7\"><sup>[7]<\/sup><\/a>], y la visi\u00f3n distintiva de su vida en conformidad con su car\u00e1cter. Desde esta perspectiva unir\u00e1 y destacar\u00e1 lo <em>conocido<\/em> de s\u00ed mismo en una \u00f3ptica unida a la omnisciencia y omnipresencia de Dios. Por consiguiente, su pensamiento ir\u00e1 fijando las distintas etapas de ese conocimiento a medida que nos adentramos en el salmo. Los tres primeros tiempos verbales (examinado, conocido, escudri\u00f1ado) enfatizar\u00e1n la dimensi\u00f3n humana del salmista y su modo de vivir, pero a la misma vez, su temor a extraviarse del camino. Por otro lado, estas formas verbales presentar\u00e1n su vida como un cuadro observado desde afuera, desde el \u00e1mbito mismo de la cotidianidad.<br \/>\nLa composici\u00f3n y anatom\u00eda del cuerpo humano, la vida material y las acciones del salmista las hallamos registradas en el libro sagrado ( \u00abY en tu libro estaban escritas \/ todas aquellas cosas \/ que fueron luego formadas, \/ sin faltar una de ellas\u00bb). Nada escapa a los ojos de Dios. Toda la historia personal del rey David, sus intenciones, lo que har\u00e1 o no har\u00e1, la emoci\u00f3n y el \u00e9nfasis de cada\u00a0 palabra, el ir de un lado a otro como quien llega y prosigue su rumbo, son momentos perfectamente conocidos por el Creador de la vida. As\u00ed tambi\u00e9n cada detalle: el principio y el final del camino, el desviarse de la senda o el empe\u00f1o en seguir adelante; lo visto y deseado, lo ganado y perdido, todo queda apuntado en el libro sagrado. Y es que nada sucede por accidente a los que ponen su confianza en Dios. No importa el lugar en que se encuentren, recibir\u00e1n su abundante misericordia: \u00abDetr\u00e1s y delante me rodeaste, \/ y sobre m\u00ed pusiste tu mano\u00bb. He aqu\u00ed su infinito amor. El supremo cuidado de Dios estar\u00e1 siempre atento al clamor de quienes le honran. \u00c9l considera el camino de quienes le obedecen [<a href=\"#_ftn8\" name=\"_ftnref8\"><sup>[8]<\/sup><\/a> ]. Nada escapar\u00e1 de su mirada: las palabras cercan\u00eda y lejan\u00eda, altura y profundidad, pasado y presente no existen en la eternidad del gran Rey. \u00bfC\u00f3mo comprender su infinita bondad? He aqu\u00ed lo que dice el salmista: \u00abTal conocimiento es demasiado maravilloso para m\u00ed \/ alto es, no lo puedo \/ comprender\u00bb. Maravillado, reconoce que es ilusorio esconderse de un Dios soberano:<\/p>\n<p style=\"padding-left: 80px;\">\u00bfA d\u00f3nde me ir\u00e9 de tu Esp\u00edritu?<br \/>\n\u00bfY a d\u00f3nde huir\u00e9<br \/>\nde tu presencia? [ <a href=\"#_ftn9\" name=\"_ftnref9\"><sup>[9]<\/sup><\/a>]<\/p>\n<p><img loading=\"lazy\" decoding=\"async\" class=\"wp-image-6889 size-large\" src=\"https:\/\/tiberiades.org\/wp-content\/uploads\/2022\/09\/pexels-cottonbro-10678357-683x1024.jpg\" alt=\"\" width=\"640\" height=\"960\" srcset=\"https:\/\/tiberiades.org\/wp-content\/uploads\/2022\/09\/pexels-cottonbro-10678357-683x1024.jpg 683w, https:\/\/tiberiades.org\/wp-content\/uploads\/2022\/09\/pexels-cottonbro-10678357-200x300.jpg 200w, https:\/\/tiberiades.org\/wp-content\/uploads\/2022\/09\/pexels-cottonbro-10678357-768x1152.jpg 768w, https:\/\/tiberiades.org\/wp-content\/uploads\/2022\/09\/pexels-cottonbro-10678357-1024x1536.jpg 1024w, https:\/\/tiberiades.org\/wp-content\/uploads\/2022\/09\/pexels-cottonbro-10678357-1366x2048.jpg 1366w, https:\/\/tiberiades.org\/wp-content\/uploads\/2022\/09\/pexels-cottonbro-10678357-scaled.jpg 1707w\" sizes=\"auto, (max-width: 640px) 100vw, 640px\" \/><\/p>\n<p>Para el salmista, hurgar en su vida implica su dependencia de Dios al saberse completamente conocido. Reconoce que no existe lugar para esconderse de su presencia. Tampoco tendr\u00eda sentido intentarlo. En todo caso, no podr\u00eda huir de s\u00ed mismo. [ <a href=\"#_ftn10\" name=\"_ftnref10\"><sup>[10]<\/sup><\/a>]. No obstante se sugiere una idea fallida en los versos del 8 al 12. En ellos, el modo subjuntivo marcar\u00e1 las acciones como ideas imposibles: \u00abSi subiere\u2026Si tomare\u2026Si dijere\u2026Si habitare\u00bb. Esto por un lado; y por otro, los contextos imaginarios de esa\u00a0 <em>huida <\/em>atravesar\u00e1n el salmo como entidades opuestas:<\/p>\n<p style=\"padding-left: 80px;\">cielo\u2014Seol<br \/>\nalba\u2014extremo del mar<br \/>\ntinieblas\u2014resplandor<br \/>\nnoche\u2014d\u00eda<br \/>\ntiniebla\u2014luz.<\/p>\n<p>Ciertamente estos contextos de espacio y tiempo no pueden unirse, no pueden sostenerse como actos realizables. En ellos, el tono que predomina es la relaci\u00f3n de Dios celebrado en la grandeza de su magnificencia. Ni la altura, ni la lejan\u00eda, ni los elementos de la naturaleza en su expresi\u00f3n m\u00e1s deslumbrante del d\u00eda y la noche pueden encubrir la omnipresencia del Creador del universo [ <a href=\"#_ftn11\" name=\"_ftnref11\"><sup>[11]<\/sup><\/a>]. Ni aun, como sugieren los versos siguientes, podr\u00edan ocultar el proceso embrionario del salmista:<\/p>\n<p style=\"padding-left: 80px;\"><strong>13<\/strong>\u00a0 Porque t\u00fa formaste<br \/>\nmis entra\u00f1as;<br \/>\nT\u00fa me hiciste en el vientre<br \/>\nde mi madre.<\/p>\n<p>En la estrofa anterior, el pronombre \u00abt\u00fa\u00bb actuar\u00e1 como un referente familiar de su historia embrionaria (t\u00fa formaste \/ t\u00fa hiciste). Ahora, a la altura de los a\u00f1os, el salmista recuerda su gestaci\u00f3n milagrosa [<a href=\"#_ftn12\" name=\"_ftnref12\"><sup>[12]<\/sup><\/a>] y enfatiza, en ese marco de referencias, la absoluta supervisi\u00f3n de Dios. Los versos 13, 15, 16 contienen la imagen de ese per\u00edodo de formaci\u00f3n [ <a href=\"#_ftn13\" name=\"_ftnref13\"><sup>[13]<\/sup><\/a>]:<\/p>\n<p style=\"padding-left: 80px;\"><strong>15\u00a0 <\/strong>No fue encubierto<br \/>\nde ti mi cuerpo,<br \/>\nBien que en oculto fui formado,<br \/>\nY entretejido en lo m\u00e1s<br \/>\nprofundo de la tierra. [ <a href=\"#_ftn14\" name=\"_ftnref14\"><sup>[14]<\/sup><\/a>]<br \/>\n<strong>16\u00a0 <\/strong>Mi embri\u00f3n vieron tus ojos<br \/>\ny en tu libro estaban escritas<br \/>\ntodas aquellas cosas<br \/>\nQue fueron luego formadas,<br \/>\nSin faltar una de ellas.<\/p>\n<p>Ciertamente estos versos fijan su nacimiento intervenido amorosamente por el poder divino. Dios\u00a0 ve y conoce. Dios escudri\u00f1a los corazones y est\u00e1 atento a cada detalle de la vida. Por consiguiente, su existencia es conocida por Dios desde antes de su nacimiento. Nada es insignificante, todo tiene una gran importancia para el creador del universo. Por eso la historia individual del salmista, y de cada uno de nosotros, est\u00e1 fielmente documentada: \u00aben tu libro estaban escritas \/ todas aquellas cosas\u2026\u00bb [ <a href=\"#_ftn15\" name=\"_ftnref15\"><sup>[15]<\/sup><\/a>]. Formulada esta realidad, el salmista se regocija en anunciar c\u00f3mo fue concebido en el vientre de su madre. Sus palabras se revisten de gratitud y alabanza:<\/p>\n<p style=\"padding-left: 80px;\"><strong>17\u00a0 <\/strong>\u00a1Cu\u00e1n preciosos me son,<br \/>\noh Dios, tus pensamientos!<br \/>\n\u00a1Cu\u00e1n grande es la suma de ellos!<\/p>\n<p>Al expresar su gozo, exclama jubilosamente: \u00abDespierto, y a\u00fan estoy contigo\u00bb. Reconoce en ese <em>despertar<\/em> su absoluta seguridad [<a href=\"#_ftn16\" name=\"_ftnref16\"><sup>[16]<\/sup><\/a>] pues depende de Dios y el Se\u00f1or mismo dise\u00f1ar\u00e1 su camino. De hecho, los pr\u00f3ximos versos (19 al 23) trazar\u00e1n una l\u00ednea divisoria entre su vida y el mal:<\/p>\n<p style=\"padding-left: 80px;\"><strong>19\u00a0 <\/strong>De cierto, oh Dios,<br \/>\nhar\u00e1s morir al imp\u00edo;<br \/>\nApartaos, pues, de m\u00ed,<br \/>\nhombres sanguinarios.<\/p>\n<p>Se menciona aqu\u00ed la muerte del imp\u00edo no por la justicia humana, sino por la justicia de Dios [ <a href=\"#_ftn17\" name=\"_ftnref17\"><sup>[17]<\/sup><\/a>]. Tanto el <em>imp\u00edo<\/em> como el <em>sanguinario<\/em> tendr\u00e1n un mismo fin. Su rechazo queda expl\u00edcitamente documentado: (1) son blasfemos, (2) toman el nombre de Jehov\u00e1 en vano. Pero en ambos casos este rechazo tiene que ver con el modo de vivir que caracteriza la conducta pecadora [<a href=\"#_ftn18\" name=\"_ftnref18\"><sup>[18]<\/sup><\/a> ]:<\/p>\n<p style=\"padding-left: 80px;\"><strong>21 <\/strong>\u00bfNo odio, oh Jehov\u00e1,<br \/>\na los que te aborrecen,<br \/>\nY me enardezco<br \/>\ncontra tus enemigos?<\/p>\n<p>El tono de la pregunta insin\u00faa tambi\u00e9n una afirmaci\u00f3n, pues solo Dios conoce a los que guardan su Palabra. De hecho, la insistencia en ser examinado le asegura enterarse de cualquier acci\u00f3n que afecte su vida y necesite correcci\u00f3n:<\/p>\n<p style=\"padding-left: 80px;\"><strong>23 <\/strong>Exam\u00edname, oh Dios,<br \/>\ny conoce mi coraz\u00f3n;<br \/>\nPru\u00e9bame y conoce<br \/>\nmis pensamientos;<br \/>\n<strong>24 <\/strong>Y ve si hay en m\u00ed camino<br \/>\nde perversidad,<br \/>\nY gu\u00edame en el camino eterno.<\/p>\n<p>En este reclamo los verbos <em>examinar<\/em> y <em>probar<\/em> reiteran el deseo m\u00e1s \u00edntimo del salmista. Por eso escuchamos su voz clamando \u00a1gu\u00edame en el camino eterno! [<a href=\"#_ftn19\" name=\"_ftnref19\"><sup>[19]<\/sup><\/a>]. Y es que en el fondo de ese clamor hallamos el autoconocimiento espiritual del rey David. Un conocimiento enraizado no en los afanes del mundo, sino en la palabra redentora de la <em>gracia<\/em>. Ahora, en el \u00e1mbito del camino, volvemos a escuchar su exaltada petici\u00f3n: <em>examina, conoce, ve, gu\u00eda. <\/em>Son las anhelantes palabras del salmista como ecos en la senda m\u00e1s hermosa. Sus palabras suenan una y otra vez en el silencio de la tarde, mientras seguimos sus pasos guiados por la fe de los que avizoran el camino eterno.\u00a0\u00a0\u00a0 <em>\u00a0<\/em><\/p>\n<p style=\"text-align: right;\">Nueva York<br \/>\nverano, 2022<\/p>\n<p><strong>Notas\u00a0 \u00a0 \u00a0 \u00a0 \u00a0\u00a0<\/strong><\/p>\n<p><a href=\"#_ftnref1\" name=\"_ftn1\"><sup>[1]<\/sup><\/a> Reina-Valera, 1960.<\/p>\n<p><a href=\"#_ftnref2\" name=\"_ftn2\"><sup>[2]<\/sup><\/a> Sobre la clasificaci\u00f3n y estructura po\u00e9tica de los salmos ver, \u00abIntroducci\u00f3n\u00bb a <em>Comentario B\u00edblico Mundo Hisp\u00e1nico, Salmos, <\/em>Tomo 8, 7ta Ed., Texas, Editorial Mundo Hispano, 2018. Autores: Mervin Breneman, Eduardo G. Nelson y Ricardo Souto Copeiro.<\/p>\n<p><a href=\"#_ftnref3\" name=\"_ftn3\"><sup>[3]<\/sup><\/a> <em>Ibid., <\/em>p. 32. El par\u00e9ntesis lo he insertado.<\/p>\n<p><a href=\"#_ftnref4\" name=\"_ftn4\"><sup>[4]<\/sup><\/a> <em>Gu\u00eda esencial de la Biblia, <\/em>Nashville, B&amp;H Publishers Group, 2017, p. 168. Traducido al espa\u00f1ol por Grupo Scribere.<\/p>\n<p><a href=\"#_ftnref5\" name=\"_ftn5\"><sup>[5]<\/sup><\/a> \u00abUno de los salmos m\u00e1s notables. Canta la omnisciencia y la omnipresencia de Dios, infiriendo de ellas el derrocamiento de los poderes de la maldad, puesto que El ve y oye los hechos y palabras abominables de los rebeldes y, sin duda, los tratar\u00e1 en conformidad con su justicia\u00bb. V\u00e9ase, <em>El tesoro de David <\/em>por C. H. Spurgeon. (T\u00edtulo original: <em>The Treasury of <\/em>David). Consultado: 10 de agosto de 2022). <a href=\"https:\/\/clie.es\">https:\/\/clie.es<\/a>.wp-content.uploads.9788\u2026<\/p>\n<p><a href=\"#_ftnref6\" name=\"_ftn6\"><sup>[6]<\/sup><\/a> La Ep\u00edstola de Santiago tambi\u00e9n contiene una imagen de la brevedad de la vida en el cap\u00edtulo 4 y verso 14: \u00abPorque \u00bfqu\u00e9 es vuestra vida?\u00a0 Ciertamente es neblina que se aparece por un poco de tiempo, y luego se desvanece\u00bb.<\/p>\n<p><a href=\"#_ftnref7\" name=\"_ftn7\"><sup>[7]<\/sup><\/a> David expresa su completa dependencia de Dios, y se siente maravillado ante su amor y misericordia.<\/p>\n<p><a href=\"#_ftnref8\" name=\"_ftn8\"><sup>[8]<\/sup><\/a> Recordemos el verso: \u00abLampara es a mis pies tu palabra \/ y lumbrera a mi camino\u00bb, Salmo 119: 105.<\/p>\n<p><a href=\"#_ftnref9\" name=\"_ftn9\"><sup>[9]<\/sup><\/a> Uno de los ejemplos m\u00e1s sorprendentes del Antiguo Testamento lo hallamos en el libro de Jon\u00e1s. El profeta Jon\u00e1s queriendo huir de la presencia de Dios termin\u00f3 en el vientre de un gran pez: \u00abInvoqu\u00e9 en mi angustia a Jehov\u00e1, y \u00e9l me oy\u00f3 \/ Desde el seno del Seol clam\u00e9, \/ Y mi voz o\u00edste\u00bb. (Jon. 2: 2) En su clamor angustioso, y despu\u00e9s de orar, pudo entonces comprender que Dios es misericordioso y soberano, y que demuestra su amor y compasi\u00f3n a todos los que se humillan y arrepienten sin importar su condici\u00f3n pecaminosa o lugar de origen.<\/p>\n<p><a href=\"#_ftnref10\" name=\"_ftn10\"><sup>[10]<\/sup><\/a> David mismo fue consciente de esta realidad cuando aconsejaba al futuro rey Salom\u00f3n: \u00abY t\u00fa, Salom\u00f3n, hijo m\u00edo, reconoce al Dios de tu padre, y s\u00edrvele con coraz\u00f3n perfecto y \u00e1nimo voluntario; porque Jehov\u00e1 escudri\u00f1a los corazones de todos, y entiende todo intento de los pensamientos\u00bb. II Cr\u00f3nicas 28: 9.<\/p>\n<p><a href=\"#_ftnref11\" name=\"_ftn11\"><sup>[11]<\/sup><\/a> Aunque se podr\u00eda se\u00f1alar otra connotaci\u00f3n para el sentido de \u00abtinieblas\u00bb y \u00abluz\u00bb, prefiero ver ambos conceptos dentro de su contenido habitual para marcar dos realidades antag\u00f3nicas descritas aqu\u00ed para enfatizar el poder y omnisciencia de Dios.<\/p>\n<p><a href=\"#_ftnref12\" name=\"_ftn12\"><sup>[12]<\/sup><\/a> \u00abPor virtud del per\u00edodo divinamente dispuesto del embarazo, Dios supervisa providencialmente el desarrollo del ni\u00f1o mientras est\u00e1 en el vientre de su madre\u00bb. Ver, John MacArthur, <em>Biblia de estudio MacArthur, <\/em>(<em>The MacArthur Study Bible, <\/em>Nashville, Tennessee,\u00a0 Editorial Vida, 2015, p. 810.<\/p>\n<p><a href=\"#_ftnref13\" name=\"_ftn13\"><sup>[13]<\/sup><\/a> \u00abAntes de los dos meses (52 d\u00edas) se desarrollan la retina, la nariz y los dedos. Durante el per\u00edodo de gestaci\u00f3n se mantiene una conversaci\u00f3n hormonal entre el embri\u00f3n y la madre. Mediante sustancias como la progesterona el embri\u00f3n dice: \u00a1estoy aqu\u00ed para quedarme!\u00bb. Por Alexander Tsiaras, en \u00abDe la concepci\u00f3n al nacimiento\u00bb (abril 7, 2014). Consultado: 15 de agosto de 2022. <a href=\"https:\/\/wwww.arguments.es\/culturadevida\/.2014\/04\/07\/de-la-concepcion-al-nacimiento-2\/\">https:\/\/wwww.arguments.es\/culturadevida\/.2014\/04\/07\/de-la-concepcion-al-nacimiento-2\/<\/a>.<\/p>\n<p><a href=\"#_ftnref14\" name=\"_ftn14\"><sup>[14]<\/sup><\/a> El verso: \u00abEntretejido en lo m\u00e1s profundo de la tierra\u00bb debe interpretarse como una imagen po\u00e9tica para referirse al \u00fatero materno, tambi\u00e9n descrito como la matriz.<\/p>\n<p><a href=\"#_ftnref15\" name=\"_ftn15\"><sup>[15]<\/sup><\/a> Varias veces aparece mencionada la palabra \u00ablibro\u00bb en las Escrituras. Se\u00f1alar\u00e9 aqu\u00ed solo algunas: Is. 30: 8; Dn. 7: 10; Dn. 12: 1; Fil. 4: 3; Ap. 3: 5 y 22: 19. \u00abEsta figura de lenguaje asemeja la mente de Dios a un libro de memorias\u00bb. V\u00e9ase <em>Biblia de estudio MacArthur,<\/em> p. 811.<\/p>\n<p><a href=\"#_ftnref16\" name=\"_ftn16\"><sup>[16]<\/sup><\/a> En el texto \u00abHe Knows Me\u00bb el escritor W. Phillip Keller destaca el siguiente comentario: \u00abAs He [God] begins to share life with us, we really are astonished to discover how well he already knows all about us. He and only he, is totally familiar with all the intimate intricacies of my genetic makeup. He understands all the unique characteristics which have been inherited from my parents and grandparents. He knows my distinctive and special personality. Because such incredible insight he understands my behavior far better than any human being. So he deals with me fairly\u00bb. Ver, <em>Men\u00b4s Devotional Bible, New International Version, <\/em>Michigan, Zondervan Publishing House, 1993.<\/p>\n<p><a href=\"#_ftnref17\" name=\"_ftn17\"><sup>[17]<\/sup><\/a> Podemos recordar aqu\u00ed los versos de 2da de Pedro (3: 13): Pero nosotros esperamos, seg\u00fan sus promesas, cielos nuevos y tierra nueva, en los cuales mora la justicia\u00bb.<\/p>\n<p><a href=\"#_ftnref18\" name=\"_ftn18\"><sup>[18]<\/sup><\/a> En el sentido b\u00edblico \u00ababorrecer\u00bb implica apartarse o alejarse del mal, sin embargo su significado puede variar seg\u00fan el contexto, el contenido y enfoque de la palabra. En el salmo 26: 7 leemos: \u00abAborrec\u00ed la reuni\u00f3n \/ de los malignos, \/ Y con los imp\u00edos nunca me sent\u00e9\u00bb; y en Proverbios 13: 5, \u00abEl justo aborrece la palabra de mentira\u00bb; y en Am\u00f3s 5: 15, \u00abAborreced el mal, y amad el bien\u00bb. En el caso del verbo \u00abenardecer\u00bb podr\u00edamos asociarlo con \u00abuna pugna\u00bb, o \u00abdisputa\u00bb, es decir, entrar en pugna contra los que te rechazan, disputar con los que blasfeman tu nombre.<\/p>\n<p><a href=\"#_ftnref19\" name=\"_ftn19\"><sup>[19]<\/sup><\/a> El \u00abcamino\u00bb adquiere distintas connotaciones y \/o significados a trav\u00e9s de la Biblia, todo depende del contexto y el marco de referencias de la palabra. La concordancia de la Biblia\u00a0 (RV, 1960) que consulto contiene 93 referencias del camino. Se\u00f1alar\u00e9, como muestra, tan solo tres de ellas: 1) \u00abEl cual preparar\u00e1 tu camino \/ delante de ti\u00bb. (Mal. 3: 1 y Mar. 1: 2). Se utiliza aqu\u00ed en sentido figurado para preparar el coraz\u00f3n de los hombres, los destinatarios del mensaje de Juan el Bautista el cual preparar\u00eda el ambiente para el Evangelio de Cristo. Nada tiene que ver con un camino real;\u00a0 2) \u00ab\u2026y espacioso el camino que lleva a la perdici\u00f3n\u00bb (Mt. 7: 13). Aqu\u00ed el camino adquiere una imagen simb\u00f3lica de las atracciones y placeres del mundo pagano. Un camino amplio, lleno de deleites, atractivo, agradable a la vista y f\u00e1cil de caminar; 3) \u00abYo soy el camino, y la verdad, y la vida; nadie viene al Padre, sino por m\u00ed.\u00bb Este \u00faltimo ejemplo sintetiza todo lo que representa la vida eterna. Cristo pronunci\u00f3 estas palabras refiri\u00e9ndose a s\u00ed mismo. Aqu\u00ed vemos el camino como una met\u00e1fora de la vida. Cristo mismo es el camino, no est\u00e1 hablando de un camino hecho por manos de hombres. El sentido es muy simple, pero mucha gente lo pasa por alto. En otras palabras, Cristo nos dice: camina por m\u00ed, pon tu ser dentro de m\u00ed, yo soy este nuevo camino, te llevar\u00e9 a un mundo maravilloso, a un reino eterno.<\/p>\n<figure id=\"attachment_6098\" aria-describedby=\"caption-attachment-6098\" style=\"width: 2560px\" class=\"wp-caption aligncenter\"><img loading=\"lazy\" decoding=\"async\" class=\"size-full wp-image-6098\" src=\"https:\/\/tiberiades.org\/wp-content\/uploads\/2022\/01\/1-David-Cortes-Caban-en-Castelo-Branco-Portugal-foto-de-Jose-Alfredo-Perez-Alencar-scaled.jpg\" alt=\"\" width=\"2560\" height=\"1781\" srcset=\"https:\/\/tiberiades.org\/wp-content\/uploads\/2022\/01\/1-David-Cortes-Caban-en-Castelo-Branco-Portugal-foto-de-Jose-Alfredo-Perez-Alencar-scaled.jpg 2560w, https:\/\/tiberiades.org\/wp-content\/uploads\/2022\/01\/1-David-Cortes-Caban-en-Castelo-Branco-Portugal-foto-de-Jose-Alfredo-Perez-Alencar-300x209.jpg 300w, https:\/\/tiberiades.org\/wp-content\/uploads\/2022\/01\/1-David-Cortes-Caban-en-Castelo-Branco-Portugal-foto-de-Jose-Alfredo-Perez-Alencar-1024x712.jpg 1024w, https:\/\/tiberiades.org\/wp-content\/uploads\/2022\/01\/1-David-Cortes-Caban-en-Castelo-Branco-Portugal-foto-de-Jose-Alfredo-Perez-Alencar-768x534.jpg 768w, https:\/\/tiberiades.org\/wp-content\/uploads\/2022\/01\/1-David-Cortes-Caban-en-Castelo-Branco-Portugal-foto-de-Jose-Alfredo-Perez-Alencar-1536x1068.jpg 1536w, https:\/\/tiberiades.org\/wp-content\/uploads\/2022\/01\/1-David-Cortes-Caban-en-Castelo-Branco-Portugal-foto-de-Jose-Alfredo-Perez-Alencar-2048x1425.jpg 2048w\" sizes=\"auto, (max-width: 2560px) 100vw, 2560px\" \/><figcaption id=\"caption-attachment-6098\" class=\"wp-caption-text\">David Cort\u00e9s Cab\u00e1n en Castelo Branco, Portugal (foto de Jos\u00e9 Alfredo P\u00e9rez Alencar)<\/figcaption><\/figure>\n<p><em>David Cort\u00e9s Cab\u00e1n (Arecibo, Puerto Rico, 1952). Cort\u00e9s Cab\u00e1n posee una Maestr\u00eda en Literatura Espa\u00f1ola e Hispanoamericana de The City College (CUNY). Fue maestro en las Escuelas Primarias de Nueva York y profesor adjunto del Departamento de Lenguas Modernas de Hostos Community College of the City University of New York. Ha publicado los siguientes libros de poes\u00eda: Poemas y otros silencios (1981), Al final de las palabras (1985), Una hora antes (1991), El libro de los regresos (1999), Ritual de p\u00e1jaros: antolog\u00eda personal (2004) e Islas (2011). Sus poemas y rese\u00f1as literarias han aparecido en revistas de Puerto Rico, Estados Unidos, Latinoam\u00e9rica y Espa\u00f1a. En 2006 fue invitado al III Festival Mundial de Poes\u00eda de Venezuela, y en 2015 a la Feria Internacional del Libro de Venezuela (FILVEN), dedicada a Puerto Rico. Ha participado en los Festivales Internacionales de Poes\u00eda de Cali, Colombia (2013), de Managua, Nicaragua (2014) y de Salamanca (2019). En 2014 fue invitado a presentar \u201cNoche de Juglar\u00eda, cinco poetas venezolanos\u201d, en Berna y Ginebra, Suiza. Ese mismo a\u00f1o la Universidad de Carabobo, en Valencia, Venezuela, le otorg\u00f3 la Orden Alejo Zuloaga Egusquiza en el Festival Internacional de Poes\u00eda. Reside en la ciudad de Nueva York desde 1973.<\/em><\/p>\n<p>Im\u00e1genes: <a href=\"https:\/\/www.pexels.com\/es-es\/@cottonbro\/\" target=\"_blank\" rel=\"noopener\">cottonbro<\/a><\/p>\n","protected":false},"excerpt":{"rendered":"<p>El Salmo 139 Omnipresencia y omnisciencia de Dios (Al m\u00fasico principal. Salmo de David) Interpretaci\u00f3n: David Cort\u00e9s Cab\u00e1n Oh Jehov\u00e1, t\u00fa me has examinado y conocido. 2\u00a0 T\u00fa has conocido mi sentarme y mi levantarme; Has entendido desde lejos mis pensamientos. 3\u00a0 Has escudri\u00f1ado mi andar y mi reposo, Y todos mis caminos te son conocidos. 4 \u00a0Pues a\u00fan no [&hellip;]<\/p>\n","protected":false},"author":2,"featured_media":6894,"comment_status":"open","ping_status":"closed","sticky":false,"template":"","format":"standard","meta":{"footnotes":""},"categories":[57],"tags":[535,624,613],"class_list":["post-6896","post","type-post","status-publish","format-standard","has-post-thumbnail","hentry","category-d-cortes-caban-colaboraciones","tag-david-cortes-caban","tag-salmo-139","tag-salmos"],"_links":{"self":[{"href":"https:\/\/tiberiades.org\/index.php?rest_route=\/wp\/v2\/posts\/6896","targetHints":{"allow":["GET"]}}],"collection":[{"href":"https:\/\/tiberiades.org\/index.php?rest_route=\/wp\/v2\/posts"}],"about":[{"href":"https:\/\/tiberiades.org\/index.php?rest_route=\/wp\/v2\/types\/post"}],"author":[{"embeddable":true,"href":"https:\/\/tiberiades.org\/index.php?rest_route=\/wp\/v2\/users\/2"}],"replies":[{"embeddable":true,"href":"https:\/\/tiberiades.org\/index.php?rest_route=%2Fwp%2Fv2%2Fcomments&post=6896"}],"version-history":[{"count":7,"href":"https:\/\/tiberiades.org\/index.php?rest_route=\/wp\/v2\/posts\/6896\/revisions"}],"predecessor-version":[{"id":6913,"href":"https:\/\/tiberiades.org\/index.php?rest_route=\/wp\/v2\/posts\/6896\/revisions\/6913"}],"wp:featuredmedia":[{"embeddable":true,"href":"https:\/\/tiberiades.org\/index.php?rest_route=\/wp\/v2\/media\/6894"}],"wp:attachment":[{"href":"https:\/\/tiberiades.org\/index.php?rest_route=%2Fwp%2Fv2%2Fmedia&parent=6896"}],"wp:term":[{"taxonomy":"category","embeddable":true,"href":"https:\/\/tiberiades.org\/index.php?rest_route=%2Fwp%2Fv2%2Fcategories&post=6896"},{"taxonomy":"post_tag","embeddable":true,"href":"https:\/\/tiberiades.org\/index.php?rest_route=%2Fwp%2Fv2%2Ftags&post=6896"}],"curies":[{"name":"wp","href":"https:\/\/api.w.org\/{rel}","templated":true}]}}