{"id":6924,"date":"2022-09-23T09:43:30","date_gmt":"2022-09-23T08:43:30","guid":{"rendered":"https:\/\/tiberiades.org\/?p=6924"},"modified":"2022-09-23T09:48:22","modified_gmt":"2022-09-23T08:48:22","slug":"lauren-mendinueta-encallar-en-el-egeo-y-otros-poemas-xxv-encuentro-de-poetas-iberoamericanos","status":"publish","type":"post","link":"https:\/\/tiberiades.org\/?p=6924","title":{"rendered":"Lauren Mendinueta: \u2018Encallar en el Egeo\u2019 y otros poemas. XXV Encuentro de Poetas Iberoamericanos"},"content":{"rendered":"<p><em>Agradecemos a la destacada poeta colombiana por permitirnos publicar estos poemas enviados para su participaci\u00f3n en el XXV Encuentro de Poetas Iberoamericanos que se celebrar\u00e1 en Salamanca los d\u00edas 13 a 15 de octubre.<\/em><\/p>\n<h4 style=\"padding-left: 40px;\"><strong>Encallar en el Egeo<\/strong><\/h4>\n<p style=\"padding-left: 40px;\">Vi mi rostro reflejado en las aguas del Egeo.<br \/>\nCada rasgo con su trazo \u00fanico, apenas m\u00edo,<br \/>\nla imagen de una exactitud inquietante.<br \/>\nEsos eran por fin mis ojos. Mi boca. Mi nariz.<br \/>\nMis p\u00f3mulos. La inclinaci\u00f3n exacta de mi barbilla.<br \/>\nAs\u00ed estuve atenta d\u00edas y noches:<br \/>\ndeseosa de que el reflejo intentara hablarme.<br \/>\nDesde entonces no importa a d\u00f3nde vaya,<br \/>\nen ese mar me qued\u00e9 yo, temblando entre rocas y olas:<br \/>\nmuda, id\u00e9ntica a la felicidad que nunca tuve.<\/p>\n<h4 style=\"padding-left: 40px;\"><strong>Sin entender nada<\/strong><\/h4>\n<p style=\"padding-left: 40px;\">La tarde se agotaba en Rodas,<br \/>\nabril, como toda promesa cumplida, perd\u00eda inter\u00e9s<br \/>\ny yo vi correr tus l\u00e1grimas hasta el mar.<br \/>\nSin entender nada<br \/>\nni tu melancol\u00eda ni la migraci\u00f3n de las aves<br \/>\nni el silbido de los barcos ni el rostro envejecido de los capitanes,<br \/>\ncerr\u00e9 los ojos.<br \/>\nAl volver a abrirlos, no s\u00e9 si yo era distinta<br \/>\no si el puerto hab\u00eda cambiado<br \/>\npero los barcos anclados embellecieron con la noche.<br \/>\nT\u00fa que mirabas hacia las colinas<br \/>\nno viste mis l\u00e1grimas encendiendo las primeras l\u00e1mparas.<\/p>\n<figure id=\"attachment_6922\" aria-describedby=\"caption-attachment-6922\" style=\"width: 640px\" class=\"wp-caption aligncenter\"><img loading=\"lazy\" decoding=\"async\" class=\"wp-image-6922 size-large\" src=\"https:\/\/tiberiades.org\/wp-content\/uploads\/2022\/09\/2-Los-poetas-Alfredo-Perez-Alencart-y-Lauren-Mendinueta-1024x768.jpg\" alt=\"\" width=\"640\" height=\"480\" srcset=\"https:\/\/tiberiades.org\/wp-content\/uploads\/2022\/09\/2-Los-poetas-Alfredo-Perez-Alencart-y-Lauren-Mendinueta-1024x768.jpg 1024w, https:\/\/tiberiades.org\/wp-content\/uploads\/2022\/09\/2-Los-poetas-Alfredo-Perez-Alencart-y-Lauren-Mendinueta-300x225.jpg 300w, https:\/\/tiberiades.org\/wp-content\/uploads\/2022\/09\/2-Los-poetas-Alfredo-Perez-Alencart-y-Lauren-Mendinueta-768x576.jpg 768w, https:\/\/tiberiades.org\/wp-content\/uploads\/2022\/09\/2-Los-poetas-Alfredo-Perez-Alencart-y-Lauren-Mendinueta-1536x1152.jpg 1536w, https:\/\/tiberiades.org\/wp-content\/uploads\/2022\/09\/2-Los-poetas-Alfredo-Perez-Alencart-y-Lauren-Mendinueta-2048x1536.jpg 2048w\" sizes=\"auto, (max-width: 640px) 100vw, 640px\" \/><figcaption id=\"caption-attachment-6922\" class=\"wp-caption-text\">Los poetas Alfredo P\u00e9rez Alencart y Lauren Mendinueta<\/figcaption><\/figure>\n<h4 style=\"padding-left: 40px;\"><strong>Recuerdos de un pasado nada remoto<\/strong><\/h4>\n<p style=\"padding-left: 40px;\">En el Egeo las islas relucen como escupitajos de dioses<br \/>\ny al caer la noche<br \/>\nchapotean como tortugas jubilosas en su Para\u00edso.<br \/>\nToda la mala memoria no alcanzar\u00eda<br \/>\npara desvanecer las im\u00e1genes de aquellas islas deshabitadas<br \/>\nen las que s\u00f3lo nosotros parec\u00edamos interesarnos.<br \/>\nAs\u00ed ocurri\u00f3 aquel abril:<br \/>\nen Rodas festejamos mi cumplea\u00f1os<br \/>\ny yo sent\u00eda que el cuerpo me quedaba estrecho<br \/>\npara mis treinta a\u00f1os de vida.<br \/>\n\u00bfRecuerdas?<br \/>\nEn el Egeo el tiempo muere despacio<br \/>\ny la poes\u00eda como una virgen nos visitaba en su caballito de mar.<\/p>\n<p><strong><em>\u00a0<\/em><\/strong><\/p>\n<h4 style=\"padding-left: 40px;\"><strong>Una ventana al Egeo<\/strong><\/h4>\n<p style=\"padding-left: 40px;\">Me asomo a la ventana<br \/>\nque dej\u00f3 entreabierta el poema.<br \/>\nEs triste mirar hacia atr\u00e1s<br \/>\ny sentir sobre los hombros<br \/>\nel peso de lo irrepetible.<br \/>\nNo volver\u00e9 a cumplir treinta<br \/>\nen la isla griega de roca desnuda,<br \/>\nni volver\u00e9 a tararear<br \/>\n\u00abNunca en domingo\u00bb<br \/>\naquella tarde de abril<br \/>\nen la que me cegaba<br \/>\nla <em>rara avis <\/em>de la luz egea.<br \/>\nLa ventana terminar\u00e1 por clausurarse<br \/>\ny los d\u00edas inolvidables de mi vida<br \/>\nquedar\u00e1n otra vez<br \/>\ndel lado que me excluye.<\/p>\n<p><em>\u00a0<\/em><\/p>\n<p><em>Lauren Mendinueta<\/em><em> naci\u00f3 en <\/em><em>Colombia <\/em><em>en 1977. Su poes\u00eda aborda, con rigor expresivo y profundidad conceptual, los temas de la muerte, el dolor, la soledad<\/em><em> y el tiempo. <\/em><em>Ha publicado once libros de poes<\/em><em>\u00ed<\/em><em>a editados en Colombia, M<\/em><em>\u00e9<\/em><em>xico, Espa\u00f1a, <\/em><em>Per\u00fa <\/em><em>y Portugal. En Colombia g<\/em><em>an\u00f3 <\/em><em>tres<\/em><em> premios nacionales de poes\u00eda<\/em><em>, el Premio del Festival de Poes\u00eda de Medell\u00edn, y el Premio Nacional de Ensayo y Cr<\/em><em>\u00ed<\/em><em>tica de Arte del Ministerio de Cultura. Adem<\/em><em>\u00e1<\/em><em>s, <\/em><em>obtuvo<\/em> <em>en Espa\u00f1a los premios internacionales Mart<\/em><em>\u00ed<\/em><em>n Garc<\/em><em>\u00ed<\/em><em>a Ramos por La vocaci\u00f3n suspendida y el Premio C<\/em><em>\u00e9<\/em><em>sar Sim<\/em><em>\u00f3n por Del tiempo, un paso<\/em><em>. <\/em><em>Tambi\u00e9n recibi\u00f3<\/em><em> el Premio Barranquilla Capital Americana de la Cultura en 2013 por Una visita al museo de historia natural<\/em><em>. <\/em><em>Actualmente reside en Lisboa, donde a la par de su escritura desarrolla una intensa labor de <\/em><em>traducci\u00f3n y <\/em><em>divulgaci\u00f3n de la poes\u00eda <\/em><em>portuguesa y latinoamericana<\/em><em>.<\/em><\/p>\n<p><em><br \/>\n<\/em><em><img loading=\"lazy\" decoding=\"async\" class=\"aligncenter wp-image-6923 size-large\" src=\"https:\/\/tiberiades.org\/wp-content\/uploads\/2022\/09\/3-658x1024.jpg\" alt=\"\" width=\"640\" height=\"996\" srcset=\"https:\/\/tiberiades.org\/wp-content\/uploads\/2022\/09\/3-658x1024.jpg 658w, https:\/\/tiberiades.org\/wp-content\/uploads\/2022\/09\/3-193x300.jpg 193w, https:\/\/tiberiades.org\/wp-content\/uploads\/2022\/09\/3-768x1195.jpg 768w, https:\/\/tiberiades.org\/wp-content\/uploads\/2022\/09\/3-987x1536.jpg 987w, https:\/\/tiberiades.org\/wp-content\/uploads\/2022\/09\/3-1317x2048.jpg 1317w, https:\/\/tiberiades.org\/wp-content\/uploads\/2022\/09\/3-scaled.jpg 1646w\" sizes=\"auto, (max-width: 640px) 100vw, 640px\" \/><\/em><\/p>\n","protected":false},"excerpt":{"rendered":"<p>Agradecemos a la destacada poeta colombiana por permitirnos publicar estos poemas enviados para su participaci\u00f3n en el XXV Encuentro de Poetas Iberoamericanos que se celebrar\u00e1 en Salamanca los d\u00edas 13 a 15 de octubre. Encallar en el Egeo Vi mi rostro reflejado en las aguas del Egeo. Cada rasgo con su trazo \u00fanico, apenas m\u00edo, la imagen de una exactitud [&hellip;]<\/p>\n","protected":false},"author":2,"featured_media":6925,"comment_status":"open","ping_status":"closed","sticky":false,"template":"","format":"standard","meta":{"footnotes":""},"categories":[19],"tags":[629,422,628],"class_list":["post-6924","post","type-post","status-publish","format-standard","has-post-thumbnail","hentry","category-poemas-de","tag-encallar-en-el-egeo","tag-encuentro-de-poetas-iberoamericanos","tag-lauren-mendinueta"],"_links":{"self":[{"href":"https:\/\/tiberiades.org\/index.php?rest_route=\/wp\/v2\/posts\/6924","targetHints":{"allow":["GET"]}}],"collection":[{"href":"https:\/\/tiberiades.org\/index.php?rest_route=\/wp\/v2\/posts"}],"about":[{"href":"https:\/\/tiberiades.org\/index.php?rest_route=\/wp\/v2\/types\/post"}],"author":[{"embeddable":true,"href":"https:\/\/tiberiades.org\/index.php?rest_route=\/wp\/v2\/users\/2"}],"replies":[{"embeddable":true,"href":"https:\/\/tiberiades.org\/index.php?rest_route=%2Fwp%2Fv2%2Fcomments&post=6924"}],"version-history":[{"count":2,"href":"https:\/\/tiberiades.org\/index.php?rest_route=\/wp\/v2\/posts\/6924\/revisions"}],"predecessor-version":[{"id":6927,"href":"https:\/\/tiberiades.org\/index.php?rest_route=\/wp\/v2\/posts\/6924\/revisions\/6927"}],"wp:featuredmedia":[{"embeddable":true,"href":"https:\/\/tiberiades.org\/index.php?rest_route=\/wp\/v2\/media\/6925"}],"wp:attachment":[{"href":"https:\/\/tiberiades.org\/index.php?rest_route=%2Fwp%2Fv2%2Fmedia&parent=6924"}],"wp:term":[{"taxonomy":"category","embeddable":true,"href":"https:\/\/tiberiades.org\/index.php?rest_route=%2Fwp%2Fv2%2Fcategories&post=6924"},{"taxonomy":"post_tag","embeddable":true,"href":"https:\/\/tiberiades.org\/index.php?rest_route=%2Fwp%2Fv2%2Ftags&post=6924"}],"curies":[{"name":"wp","href":"https:\/\/api.w.org\/{rel}","templated":true}]}}