{"id":693,"date":"2019-03-02T09:33:46","date_gmt":"2019-03-02T09:33:46","guid":{"rendered":"http:\/\/tiberiades.org\/?p=693"},"modified":"2019-03-02T12:56:27","modified_gmt":"2019-03-02T12:56:27","slug":"como-el-salmista-y-otros-poemas","status":"publish","type":"post","link":"https:\/\/tiberiades.org\/?p=693","title":{"rendered":"Como el salmista y otros poemas"},"content":{"rendered":"\n<p class=\"wp-block-paragraph\">Poemas de Lucas Magnin<\/p>\n\n\n\n<h3 class=\"wp-block-heading\"><strong>Como el salmista<\/strong><\/h3>\n\n\n\n<p class=\"wp-block-paragraph\">\n\n\n\n\n\n\n\n\n\n\n\n\n\n\n\n\nQuisiera\nllorar como el salmista <br>\npero\nlos a\u00f1os me escurrieron los ojos <br>\ny\nahora la angustia <br>\nse\nparece a la aridez <br>\nde\nfrotar un trozo de tiza en el paladar. <br><br>\nQuisiera\ngritar como el salmista <br>\npero\ntengo la conciencia disf\u00f3nica, <br>\nllena\nde palabras vac\u00edas, <br>\ny\nni siquiera mis chillidos logran <br>\npenetrar\nel silencio. <br><br>\nQuisiera\nenojarme como el salmista <br>\npero\ntoda la furia ahora se llama <br>\nbuen\ntrato, amabilidad y adultez, <br>\nporque\ntreinta a\u00f1os de domesticar la rabia <br>\nson\nuna piedra pesada. <br><br>\nQuisiera\nalabar como el salmista, <br>\ncontra\ntodo pron\u00f3stico, <br>\na\npesar de cualquier vicisitud, <br>\npero\nla adoraci\u00f3n es un fen\u00f3meno vital, <br>\nun\nprivilegio de los libres, y a veces <br>\nesa\nexpectativa se siente como una arrogancia. <br><br>\nQuiz\u00e1s\nno pueda sentir hoy como el salmista, <br>\nquiz\u00e1s\nmi canto no logre romper el techo. <br>\nQuiz\u00e1s\nen este d\u00eda de penumbras <br>\nel\n\u00fanico sustantivo que siga soportando el vendaval sea <br><em>Jesucristo<\/em><br>\ny\nmi esperanza <br>\nsolo\ndeba consistir <br>\nen\naferrarme a ese madero.\n\n\n\n<\/p>\n\n\n\n<div class=\"wp-block-image\"><figure class=\"aligncenter is-resized\"><img loading=\"lazy\" decoding=\"async\" src=\"https:\/\/tiberiades.org\/wp-content\/uploads\/2019\/03\/a31-1024x847.jpg\" alt=\"\" class=\"wp-image-694\" width=\"768\" height=\"635\" srcset=\"https:\/\/tiberiades.org\/wp-content\/uploads\/2019\/03\/a31-1024x847.jpg 1024w, https:\/\/tiberiades.org\/wp-content\/uploads\/2019\/03\/a31-300x248.jpg 300w, https:\/\/tiberiades.org\/wp-content\/uploads\/2019\/03\/a31-768x635.jpg 768w, https:\/\/tiberiades.org\/wp-content\/uploads\/2019\/03\/a31.jpg 1668w\" sizes=\"auto, (max-width: 768px) 100vw, 768px\" \/><figcaption>FOTO: www.lucasmagnin.com<\/figcaption><\/figure><\/div>\n\n\n\n<h3 class=\"wp-block-heading\"><strong>Contra todos <g class=\"gr_ gr_3 gr-alert gr_spell gr_inline_cards gr_run_anim ContextualSpelling ins-del multiReplace\" id=\"3\" data-gr-id=\"3\">los<\/g> pron\u00f3sticos<\/strong> <\/h3>\n\n\n\n<p class=\"wp-block-paragraph\">\n\n\n\n\n\n\n\n\n\n\n\n\n\n\n\n\nYo<br>\n&nbsp;&nbsp;&nbsp;&nbsp;&nbsp;&nbsp;&nbsp;&nbsp;&nbsp;&nbsp;&nbsp;\nnac\u00ed,<br>\n&nbsp;&nbsp;&nbsp;&nbsp;&nbsp;&nbsp;&nbsp;&nbsp;&nbsp;&nbsp;&nbsp;\ncrec\u00ed,<br>\n&nbsp;&nbsp;&nbsp;&nbsp;&nbsp;&nbsp;&nbsp;&nbsp;&nbsp;&nbsp;&nbsp;\nme hice,<br>\n&nbsp;&nbsp;&nbsp;&nbsp;&nbsp;&nbsp;&nbsp;&nbsp;&nbsp;&nbsp;&nbsp;\nsoy:<br><br>\nego\u00edsta, vanidoso, falso, <br>\ninconstante, traicionero, <br>\nmentiroso, irresponsable,\ncruel, <br>\nfalto de misericordia,<br>\nobtuso, pasivo, hiriente, <br>\ninteresado, desinteresado,<br>\ntendencioso, lujurioso,\nprejuicioso,<br>\nmalvado, terco, celoso,<br>\ncobarde, ambiguo,\ncalculador,<br>\ncambiante,\n&nbsp;&nbsp;&nbsp;&nbsp;&nbsp;&nbsp;&nbsp;&nbsp;&nbsp;&nbsp;&nbsp;&nbsp;&nbsp;&nbsp;&nbsp;&nbsp;&nbsp;&nbsp;&nbsp;&nbsp;&nbsp;&nbsp;&nbsp;&nbsp;&nbsp;&nbsp;&nbsp;&nbsp;\ninaccesible,<br>\nfr\u00edo, necio, orgulloso,<br>\narrebatado, desagradecido,\ninmaduro, <br>\nlascivo, pedante,<br>\nrencoroso, desubicado.<br>\nCulpable.<br><br>\nCada d\u00eda le doy motivos <br>\nm\u00e1s que sobrados <br>\na Dios <br>\npara que suprima <br>\nmi vida miserable <br>\nde este planeta,<br>\npara que me arranque <br>\nde su presencia pura.<br><br>\nCada d\u00eda, <br>\ncontra todos los\npron\u00f3sticos, <br>\nmi Dios realiza el milagro <br>\nde renovar su apuesta.<br><br><\/p>\n\n\n\n<div class=\"wp-block-image\"><figure class=\"aligncenter is-resized\"><img loading=\"lazy\" decoding=\"async\" src=\"https:\/\/tiberiades.org\/wp-content\/uploads\/2019\/03\/MG_53841-1024x892.jpg\" alt=\"\" class=\"wp-image-695\" width=\"768\" height=\"669\" srcset=\"https:\/\/tiberiades.org\/wp-content\/uploads\/2019\/03\/MG_53841-1024x892.jpg 1024w, https:\/\/tiberiades.org\/wp-content\/uploads\/2019\/03\/MG_53841-300x261.jpg 300w, https:\/\/tiberiades.org\/wp-content\/uploads\/2019\/03\/MG_53841-768x669.jpg 768w\" sizes=\"auto, (max-width: 768px) 100vw, 768px\" \/><figcaption>FOTO: www.lucasmagnin.com<\/figcaption><\/figure><\/div>\n\n\n\n<h2 class=\"wp-block-heading\"><strong>Oraci\u00f3n desnuda<\/strong><\/h2>\n\n\n\n<p class=\"wp-block-paragraph\">PADRE NUESTRO QUE EST\u00c1S EN LOS CIELOS, art\u00edfice constante de cada p\u00e1lpito nuestro, Dios cari\u00f1oso y tambi\u00e9n sublime hasta el derrumbe de nuestra pasividad. <br> &nbsp;<br> SANTIFICADO SEA TU NOMBRE, al menos en teor\u00eda, ya que nuestros pasos se encargan de convertir tu dulce Nombre en un campo de batalla.<br> &nbsp;<br> VENGA A NOSOTROS TU REINO, aunque lo digamos sin la m\u00e1s m\u00ednima conciencia de todo lo que implica: abrirte cada puerta, tomar tu voluntad como \u00fanico ladrillo, tener todas las banderas de nuestro reino como meras pancartas m\u00e1s o menos divertidas.<br> &nbsp;<br> H\u00c1GASE TU VOLUNTAD inclusive cuando eso signifique, por definici\u00f3n, dejar de hacer la nuestra, abdicar a las certezas m\u00e1s hondas, elegir tu voz cascada por encima del canto de las sirenas.<br> &nbsp;<br> EN LA TIERRA COMO EN EL CIELO aunque practicar todos los d\u00edas la trascendencia sea mucho m\u00e1s arduo que presenciar sermones dominicales, aunque la existencia de otra vida deje en jaque a la presente y nuestros huesos epic\u00fareos se resistan al inmenso placer de vivir como si la muerte realmente existiera.<br> &nbsp;<br> DANOS HOY NUESTRO PAN DE CADA D\u00cdA, record\u00e1ndonos as\u00ed cuatro verdades infames: que el tuyo es el \u00fanico pan que sacia; que somos seres forjados por la carencia; que no somos las \u00fanicas almas con hambre en la tierra; que podemos usar nuestros d\u00edas para paliar la angustia de otros.<br> &nbsp;<br> PERDONA NUESTRAS OFENSAS, y no prestes demasiada atenci\u00f3n a la irresponsable forma en la cual, despu\u00e9s de haber solicitado tu perd\u00f3n, seguimos utilizando cada respiraci\u00f3n para encadenarnos a la condena.<br> &nbsp;<br> COMO TAMBI\u00c9N NOSOTROS PERDONAMOS A LOS QUE NOS OFENDEN, cosa que intentaremos con mayor o menor \u00edmpetu seg\u00fan el color del cielo, no dejando nunca de recordar que el pecado de los dem\u00e1s tiene espinas que duelen diferente, que nuestra maldad tiene much\u00edsimos atenuantes y que nos aterra tener que entregarte el hacha con la que nos gusta hacer justicia.<br> &nbsp;<br> NO NOS DEJES CAER EN TENTACI\u00d3N pero cuando eso pase, te rogamos que nos permitas difamarte, maldecirte a toda voz por habernos abandonado, esperando que no guardes rencor por todas las veces en las que a\u00fan nos ensa\u00f1aremos contra tu Nombre para no ver el desierto que crece en nuestro pecho.<br> &nbsp;<br> Y L\u00cdBRANOS DEL MAL, de ese mal que nada en nuestra sangre, de esas tentaciones que nos enamoran, de esa indiferencia que nos permite mirar el mundo sin sentir sus heridas.<br> &nbsp;<br> Porque decido creer que TUYO ES EL REINO, EL PODER Y LA GLORIA POR SIEMPRE, y que en tu inmensa sabidur\u00eda no permitir\u00e1s que triunfe la miseria, sino que nos llevar\u00e1s, entre los escombros del proyecto humano, por encima de las crisis hist\u00f3ricas, los dramas individuales y la ret\u00f3rica del absurdo, m\u00e1s all\u00e1 del valle de sombra de muerte.<br> &nbsp;<br> AM\u00c9N.<\/p>\n\n\n\n<div class=\"wp-block-image\"><figure class=\"aligncenter is-resized\"><img loading=\"lazy\" decoding=\"async\" src=\"https:\/\/tiberiades.org\/wp-content\/uploads\/2019\/03\/a221-1024x680.jpg\" alt=\"\" class=\"wp-image-696\" width=\"768\" height=\"510\" srcset=\"https:\/\/tiberiades.org\/wp-content\/uploads\/2019\/03\/a221-1024x680.jpg 1024w, https:\/\/tiberiades.org\/wp-content\/uploads\/2019\/03\/a221-300x199.jpg 300w, https:\/\/tiberiades.org\/wp-content\/uploads\/2019\/03\/a221-768x510.jpg 768w, https:\/\/tiberiades.org\/wp-content\/uploads\/2019\/03\/a221.jpg 1844w\" sizes=\"auto, (max-width: 768px) 100vw, 768px\" \/><figcaption>FOTO: www.lucasmagnin.com<\/figcaption><\/figure><\/div>\n\n\n\n<p class=\"wp-block-paragraph\"><em> Lucas Magnin naci\u00f3 en 1985 en el interior de la provincia de C\u00f3rdoba, Argentina. Es compositor, escritor, conferencista y gestor cultural. Es, adem\u00e1s, Licenciado en Letras Modernas (Universidad Nacional de C\u00f3rdoba, Argentina), Laureado en Ciencias de la Comunicaci\u00f3n (Universidad de Siena, Italia) y Maestrando en Estudios Teol\u00f3gicos (Universidad Nacional de Costa Rica).<br> Despu\u00e9s de haber liderado varios proyectos musicales, emprendi\u00f3 una carrera solista en el a\u00f1o 2010. Abri\u00f3 conciertos de artistas internacionales como Eros Ramazzotti, Il Divo, Ricardo Montaner, Luis Fonsi, David Bisbal, Las Pelotas, Vanesa Mart\u00edn y Am\u00e9rico. Como solista, ha publicado dos discos: <\/em><a href=\"https:\/\/l.facebook.com\/l.php?u=https%3A%2F%2Fyoutu.be%2FtIjqHRo4BhY%3Ffbclid%3DIwAR0ErmDmlwsAqeb0GoxCu8PPtYKf1HaoFrtatkdrctfKZKZJKHiszY7xn3E&amp;h=AT3LAutBCG4fkcWBFov1r7DJWl_GunupQjhEM_6XL_BR6JU6uN-vhYla4vifRy01sMwrlSnJeoSLfTX_pltZexDM19m_uItY2fgpPnDU9QEN1mEVkax2rIhfrFSP0XJjXQ\" target=\"_blank\" rel=\"noreferrer noopener\"><strong><em><em>Inocencia<\/em><\/em><\/strong><\/a><em> (2012) y <\/em><a href=\"https:\/\/l.facebook.com\/l.php?u=https%3A%2F%2Fyoutu.be%2FE8GenIpAnWs%3Ffbclid%3DIwAR0ehOuLFbeSJCMzLWexISVVmURdKidG9zjlyj1O2z5OREnvwnqQpl1-irA&amp;h=AT3fD7PjXDZGBwMz9swOBRICpURCQiMjQxigdP6vOFWAojUvj1u5GvFS48kNgK3QI13EY8zGCirlgSXcb0UpYjxujceApEEYF3GfiV1B9Hww9sUdcxrsw3NZPJulnr22DQ\" target=\"_blank\" rel=\"noreferrer noopener\"><strong><em><em>Experiencia<\/em><\/em><\/strong><\/a><em> (2015). <br> Como escritor, ha publicado art\u00edculos, ensayos, poemas y cuentos en antolog\u00edas y revistas acad\u00e9micas. Su primer libro, el poemario <\/em><strong><em><em>Fervores y vestigios <\/em><\/em><\/strong><em>fue publicado en el a\u00f1o 2012. A fines del 2016, public\u00f3 el libro <\/em><strong><em><em>Arte y fe. Un camino de reconciliaci\u00f3n<\/em><\/em><\/strong><em>. En marzo de 2019, sale a la venta su tercer libro: <\/em><strong><em><em>Cristianismo y posmodernidad. La rebeli\u00f3n de los santos<\/em><\/em><\/strong><em>.<\/em><\/p>\n\n\n\n<figure class=\"wp-block-embed-youtube aligncenter wp-block-embed is-type-video is-provider-youtube wp-embed-aspect-16-9 wp-has-aspect-ratio\"><div class=\"wp-block-embed__wrapper\">\n<iframe loading=\"lazy\" title=\"Canci\u00f3n a Dios \u2022 \ud835\udc0b\ud835\udc2e\ud835\udc1c\ud835\udc1a\ud835\udc2c \ud835\udc0c\ud835\udc1a\ud835\udc20\ud835\udc27\ud835\udc22\ud835\udc27\" width=\"640\" height=\"360\" src=\"https:\/\/www.youtube.com\/embed\/Kv8qBLusuk8?feature=oembed\" frameborder=\"0\" allow=\"accelerometer; autoplay; clipboard-write; encrypted-media; gyroscope; picture-in-picture; web-share\" referrerpolicy=\"strict-origin-when-cross-origin\" allowfullscreen><\/iframe>\n<\/div><\/figure>\n","protected":false},"excerpt":{"rendered":"<p>Poemas de Lucas Magnin Como el salmista Quisiera llorar como el salmista pero los a\u00f1os me escurrieron los ojos y ahora la angustia se parece a la aridez de frotar un trozo de tiza en el paladar. Quisiera gritar como el salmista pero tengo la conciencia disf\u00f3nica, llena de palabras vac\u00edas, y ni siquiera mis chillidos logran penetrar el silencio. [&hellip;]<\/p>\n","protected":false},"author":2,"featured_media":700,"comment_status":"open","ping_status":"closed","sticky":false,"template":"","format":"standard","meta":{"footnotes":""},"categories":[35,19],"tags":[],"class_list":["post-693","post","type-post","status-publish","format-standard","has-post-thumbnail","hentry","category-lucas-magnin","category-poemas-de"],"_links":{"self":[{"href":"https:\/\/tiberiades.org\/index.php?rest_route=\/wp\/v2\/posts\/693","targetHints":{"allow":["GET"]}}],"collection":[{"href":"https:\/\/tiberiades.org\/index.php?rest_route=\/wp\/v2\/posts"}],"about":[{"href":"https:\/\/tiberiades.org\/index.php?rest_route=\/wp\/v2\/types\/post"}],"author":[{"embeddable":true,"href":"https:\/\/tiberiades.org\/index.php?rest_route=\/wp\/v2\/users\/2"}],"replies":[{"embeddable":true,"href":"https:\/\/tiberiades.org\/index.php?rest_route=%2Fwp%2Fv2%2Fcomments&post=693"}],"version-history":[{"count":11,"href":"https:\/\/tiberiades.org\/index.php?rest_route=\/wp\/v2\/posts\/693\/revisions"}],"predecessor-version":[{"id":711,"href":"https:\/\/tiberiades.org\/index.php?rest_route=\/wp\/v2\/posts\/693\/revisions\/711"}],"wp:featuredmedia":[{"embeddable":true,"href":"https:\/\/tiberiades.org\/index.php?rest_route=\/wp\/v2\/media\/700"}],"wp:attachment":[{"href":"https:\/\/tiberiades.org\/index.php?rest_route=%2Fwp%2Fv2%2Fmedia&parent=693"}],"wp:term":[{"taxonomy":"category","embeddable":true,"href":"https:\/\/tiberiades.org\/index.php?rest_route=%2Fwp%2Fv2%2Fcategories&post=693"},{"taxonomy":"post_tag","embeddable":true,"href":"https:\/\/tiberiades.org\/index.php?rest_route=%2Fwp%2Fv2%2Ftags&post=693"}],"curies":[{"name":"wp","href":"https:\/\/api.w.org\/{rel}","templated":true}]}}